{"id":115153,"date":"2015-02-04T10:22:39","date_gmt":"2015-02-04T13:22:39","guid":{"rendered":"http:\/\/www.quersaberpolitica.com.br\/?p=115153"},"modified":"2015-02-04T07:53:05","modified_gmt":"2015-02-04T10:53:05","slug":"prefeitura-de-petrolina-convoca-ambulantes-para-o-carnaval","status":"publish","type":"post","link":"https:\/\/blogdofarnesio.com.br\/?p=115153","title":{"rendered":"PREFEITURA DE PETROLINA CONVOCA AMBULANTES PARA O CARNAVAL"},"content":{"rendered":"<p><a href=\"http:\/\/www.quersaberpolitica.com.br\/2016\/wp-content\/uploads\/2015\/02\/blogqsp.ambulantes-carnaval.jpg\"><img loading=\"lazy\" decoding=\"async\" class=\"size-medium wp-image-115154 alignleft\" alt=\"blogqsp.ambulantes carnaval\" src=\"http:\/\/www.quersaberpolitica.com.br\/2016\/wp-content\/uploads\/2015\/02\/blogqsp.ambulantes-carnaval-300x200.jpg\" width=\"300\" height=\"200\" srcset=\"https:\/\/blogdofarnesio.com.br\/wp-content\/uploads\/2015\/02\/blogqsp.ambulantes-carnaval-300x200.jpg 300w, https:\/\/blogdofarnesio.com.br\/wp-content\/uploads\/2015\/02\/blogqsp.ambulantes-carnaval.jpg 448w\" sizes=\"auto, (max-width: 300px) 100vw, 300px\" \/><\/a><\/p>\n<p style=\"text-align: justify\">Com a consolida\u00e7\u00e3o do Carnaval em Petrolina, a Prefeitura Municipal, atrav\u00e9s da Secretaria de Desenvolvimento Econ\u00f4mico e Agr\u00e1rio, abre inscri\u00e7\u00f5es para o cadastro dos vendedores ambulantes que desejam comercializar produtos no polo principal da festa, da Pra\u00e7a 21 de Setembro.<\/p>\n<p style=\"text-align: justify\">Os interessados devem se dirigir \u00e0 Sedesa, no Centro de Conven\u00e7\u00f5es Nilo Coelho, no per\u00edodo de 04 a 06 de fevereiro, no hor\u00e1rio de 8h as 13h. Para fazer a inscri\u00e7\u00e3o, s\u00e3o necess\u00e1rios os seguintes documentos: RG, CPF, comprovante de resid\u00eancia, certificado de capacita\u00e7\u00e3o emitido pela Prefeitura de Petrolina.<\/p>\n<p style=\"text-align: justify\">Como acontece todos os anos, o requisito principal para que o ambulante possa se cadastrar \u00e9 que este tenha participado do curso de Manipula\u00e7\u00e3o de Alimentos e Bebidas, ministrado pela prefeitura atrav\u00e9s da Sedesa, em parceria com o Sebrae.<\/p>\n<p style=\"text-align: justify\">Os vendedores ambulantes que tiverem interesse em comercializar nos outros polos do Carnaval &#8211; nos bairros Rio Corrente e Areia Branca \u2013 devem procurar as Associa\u00e7\u00f5es dos respectivos bairros, bem como ter uma autoriza\u00e7\u00e3o expedida pela Vigil\u00e2ncia Sanit\u00e1ria e Ordem P\u00fablica.<\/p>\n<p style=\"text-align: justify\">Mais informa\u00e7\u00f5es podem ser concedidas atrav\u00e9s do telefone (87) 3862 9259.<\/p>\n","protected":false},"excerpt":{"rendered":"<p>Com a consolida\u00e7\u00e3o do Carnaval em Petrolina, a Prefeitura Municipal, atrav\u00e9s da Secretaria de Desenvolvimento Econ\u00f4mico e Agr\u00e1rio, abre inscri\u00e7\u00f5es para o cadastro dos vendedores ambulantes que desejam comercializar produtos no polo principal da festa, da Pra\u00e7a 21 de Setembro. Os interessados devem se dirigir \u00e0 Sedesa, no Centro de Conven\u00e7\u00f5es Nilo Coelho, no per\u00edodo de 04 a 06 de fevereiro, no hor\u00e1rio de 8h as 13h. Para fazer a inscri\u00e7\u00e3o, s\u00e3o necess\u00e1rios os seguintes documentos: RG, CPF, comprovante de resid\u00eancia, certificado de capacita\u00e7\u00e3o emitido pela Prefeitura de Petrolina. Como acontece todos os anos, o requisito principal para que o ambulante possa se cadastrar \u00e9 que este tenha participado do curso de Manipula\u00e7\u00e3o de Alimentos e Bebidas, ministrado pela prefeitura&hellip; <\/p>\n","protected":false},"author":7,"featured_media":0,"comment_status":"open","ping_status":"open","sticky":false,"template":"","format":"standard","meta":{"_acf_changed":false,"footnotes":""},"categories":[1],"tags":[],"class_list":["post-115153","post","type-post","status-publish","format-standard","hentry","category-politica"],"acf":[],"yoast_head":"<!-- This site is optimized with the Yoast SEO plugin v27.4 - https:\/\/yoast.com\/product\/yoast-seo-wordpress\/ -->\n<title>PREFEITURA DE PETROLINA CONVOCA AMBULANTES PARA O CARNAVAL - Blog do Farn\u00e9sio<\/title>\n<meta name=\"robots\" content=\"index, follow, max-snippet:-1, max-image-preview:large, max-video-preview:-1\" \/>\n<link rel=\"canonical\" href=\"https:\/\/blogdofarnesio.com.br\/?p=115153\" \/>\n<meta property=\"og:locale\" content=\"pt_BR\" \/>\n<meta property=\"og:type\" content=\"article\" \/>\n<meta property=\"og:title\" content=\"PREFEITURA DE PETROLINA CONVOCA AMBULANTES PARA O CARNAVAL - Blog do Farn\u00e9sio\" \/>\n<meta property=\"og:description\" content=\"Com a consolida\u00e7\u00e3o do Carnaval em Petrolina, a Prefeitura Municipal, atrav\u00e9s da Secretaria de Desenvolvimento Econ\u00f4mico e Agr\u00e1rio, abre inscri\u00e7\u00f5es para o cadastro dos vendedores ambulantes que desejam comercializar produtos no polo principal da festa, da Pra\u00e7a 21 de Setembro. Os interessados devem se dirigir \u00e0 Sedesa, no Centro de Conven\u00e7\u00f5es Nilo Coelho, no per\u00edodo de 04 a 06 de fevereiro, no hor\u00e1rio de 8h as 13h. Para fazer a inscri\u00e7\u00e3o, s\u00e3o necess\u00e1rios os seguintes documentos: RG, CPF, comprovante de resid\u00eancia, certificado de capacita\u00e7\u00e3o emitido pela Prefeitura de Petrolina. Como acontece todos os anos, o requisito principal para que o ambulante possa se cadastrar \u00e9 que este tenha participado do curso de Manipula\u00e7\u00e3o de Alimentos e Bebidas, ministrado pela prefeitura&hellip;\" \/>\n<meta property=\"og:url\" content=\"https:\/\/blogdofarnesio.com.br\/?p=115153\" \/>\n<meta property=\"og:site_name\" content=\"Blog do Farn\u00e9sio\" \/>\n<meta property=\"article:publisher\" content=\"https:\/\/www.facebook.com\/BlogQuerSaberPolitica\/\" \/>\n<meta property=\"article:published_time\" content=\"2015-02-04T13:22:39+00:00\" \/>\n<meta property=\"og:image\" content=\"http:\/\/www.quersaberpolitica.com.br\/2016\/wp-content\/uploads\/2015\/02\/blogqsp.ambulantes-carnaval-300x200.jpg\" \/>\n<meta name=\"twitter:card\" content=\"summary_large_image\" \/>\n<meta name=\"twitter:label1\" content=\"Escrito por\" \/>\n\t<meta name=\"twitter:data1\" content=\"\" \/>\n\t<meta name=\"twitter:label2\" content=\"Est. tempo de leitura\" \/>\n\t<meta name=\"twitter:data2\" content=\"1 minuto\" \/>\n<script type=\"application\/ld+json\" class=\"yoast-schema-graph\">{\"@context\":\"https:\\\/\\\/schema.org\",\"@graph\":[{\"@type\":\"Article\",\"@id\":\"https:\\\/\\\/blogdofarnesio.com.br\\\/?p=115153#article\",\"isPartOf\":{\"@id\":\"https:\\\/\\\/blogdofarnesio.com.br\\\/?p=115153\"},\"author\":{\"name\":\"\",\"@id\":\"\"},\"headline\":\"PREFEITURA DE PETROLINA CONVOCA AMBULANTES PARA O CARNAVAL\",\"datePublished\":\"2015-02-04T13:22:39+00:00\",\"mainEntityOfPage\":{\"@id\":\"https:\\\/\\\/blogdofarnesio.com.br\\\/?p=115153\"},\"wordCount\":202,\"commentCount\":0,\"publisher\":{\"@id\":\"https:\\\/\\\/blogdofarnesio.com.br\\\/#organization\"},\"image\":{\"@id\":\"https:\\\/\\\/blogdofarnesio.com.br\\\/?p=115153#primaryimage\"},\"thumbnailUrl\":\"http:\\\/\\\/www.quersaberpolitica.com.br\\\/2016\\\/wp-content\\\/uploads\\\/2015\\\/02\\\/blogqsp.ambulantes-carnaval-300x200.jpg\",\"articleSection\":[\"Pol\u00edtica\"],\"inLanguage\":\"pt-BR\",\"potentialAction\":[{\"@type\":\"CommentAction\",\"name\":\"Comment\",\"target\":[\"https:\\\/\\\/blogdofarnesio.com.br\\\/?p=115153#respond\"]}]},{\"@type\":\"WebPage\",\"@id\":\"https:\\\/\\\/blogdofarnesio.com.br\\\/?p=115153\",\"url\":\"https:\\\/\\\/blogdofarnesio.com.br\\\/?p=115153\",\"name\":\"PREFEITURA DE PETROLINA CONVOCA AMBULANTES PARA O CARNAVAL - Blog do Farn\u00e9sio\",\"isPartOf\":{\"@id\":\"https:\\\/\\\/blogdofarnesio.com.br\\\/#website\"},\"primaryImageOfPage\":{\"@id\":\"https:\\\/\\\/blogdofarnesio.com.br\\\/?p=115153#primaryimage\"},\"image\":{\"@id\":\"https:\\\/\\\/blogdofarnesio.com.br\\\/?p=115153#primaryimage\"},\"thumbnailUrl\":\"http:\\\/\\\/www.quersaberpolitica.com.br\\\/2016\\\/wp-content\\\/uploads\\\/2015\\\/02\\\/blogqsp.ambulantes-carnaval-300x200.jpg\",\"datePublished\":\"2015-02-04T13:22:39+00:00\",\"breadcrumb\":{\"@id\":\"https:\\\/\\\/blogdofarnesio.com.br\\\/?p=115153#breadcrumb\"},\"inLanguage\":\"pt-BR\",\"potentialAction\":[{\"@type\":\"ReadAction\",\"target\":[\"https:\\\/\\\/blogdofarnesio.com.br\\\/?p=115153\"]}]},{\"@type\":\"ImageObject\",\"inLanguage\":\"pt-BR\",\"@id\":\"https:\\\/\\\/blogdofarnesio.com.br\\\/?p=115153#primaryimage\",\"url\":\"http:\\\/\\\/www.quersaberpolitica.com.br\\\/2016\\\/wp-content\\\/uploads\\\/2015\\\/02\\\/blogqsp.ambulantes-carnaval-300x200.jpg\",\"contentUrl\":\"http:\\\/\\\/www.quersaberpolitica.com.br\\\/2016\\\/wp-content\\\/uploads\\\/2015\\\/02\\\/blogqsp.ambulantes-carnaval-300x200.jpg\"},{\"@type\":\"BreadcrumbList\",\"@id\":\"https:\\\/\\\/blogdofarnesio.com.br\\\/?p=115153#breadcrumb\",\"itemListElement\":[{\"@type\":\"ListItem\",\"position\":1,\"name\":\"In\u00edcio\",\"item\":\"https:\\\/\\\/blogdofarnesio.com.br\\\/\"},{\"@type\":\"ListItem\",\"position\":2,\"name\":\"PREFEITURA DE PETROLINA CONVOCA AMBULANTES PARA O CARNAVAL\"}]},{\"@type\":\"WebSite\",\"@id\":\"https:\\\/\\\/blogdofarnesio.com.br\\\/#website\",\"url\":\"https:\\\/\\\/blogdofarnesio.com.br\\\/\",\"name\":\"Blog do Farn\u00e9sio\",\"description\":\"Quer Saber Pol\u00edtica?\",\"publisher\":{\"@id\":\"https:\\\/\\\/blogdofarnesio.com.br\\\/#organization\"},\"potentialAction\":[{\"@type\":\"SearchAction\",\"target\":{\"@type\":\"EntryPoint\",\"urlTemplate\":\"https:\\\/\\\/blogdofarnesio.com.br\\\/?s={search_term_string}\"},\"query-input\":{\"@type\":\"PropertyValueSpecification\",\"valueRequired\":true,\"valueName\":\"search_term_string\"}}],\"inLanguage\":\"pt-BR\"},{\"@type\":\"Organization\",\"@id\":\"https:\\\/\\\/blogdofarnesio.com.br\\\/#organization\",\"name\":\"Blog do Farn\u00e9sio\",\"url\":\"https:\\\/\\\/blogdofarnesio.com.br\\\/\",\"logo\":{\"@type\":\"ImageObject\",\"inLanguage\":\"pt-BR\",\"@id\":\"https:\\\/\\\/blogdofarnesio.com.br\\\/#\\\/schema\\\/logo\\\/image\\\/\",\"url\":\"https:\\\/\\\/blogdofarnesio.com.br\\\/wp-content\\\/uploads\\\/2026\\\/03\\\/cropped-logo_new-1.png\",\"contentUrl\":\"https:\\\/\\\/blogdofarnesio.com.br\\\/wp-content\\\/uploads\\\/2026\\\/03\\\/cropped-logo_new-1.png\",\"width\":881,\"height\":685,\"caption\":\"Blog do Farn\u00e9sio\"},\"image\":{\"@id\":\"https:\\\/\\\/blogdofarnesio.com.br\\\/#\\\/schema\\\/logo\\\/image\\\/\"},\"sameAs\":[\"https:\\\/\\\/www.facebook.com\\\/BlogQuerSaberPolitica\\\/\"]},{\"@type\":\"Person\",\"@id\":\"\",\"url\":\"https:\\\/\\\/blogdofarnesio.com.br\\\/?author=7\"}]}<\/script>\n<!-- \/ Yoast SEO plugin. -->","yoast_head_json":{"title":"PREFEITURA DE PETROLINA CONVOCA AMBULANTES PARA O CARNAVAL - Blog do Farn\u00e9sio","robots":{"index":"index","follow":"follow","max-snippet":"max-snippet:-1","max-image-preview":"max-image-preview:large","max-video-preview":"max-video-preview:-1"},"canonical":"https:\/\/blogdofarnesio.com.br\/?p=115153","og_locale":"pt_BR","og_type":"article","og_title":"PREFEITURA DE PETROLINA CONVOCA AMBULANTES PARA O CARNAVAL - Blog do Farn\u00e9sio","og_description":"Com a consolida\u00e7\u00e3o do Carnaval em Petrolina, a Prefeitura Municipal, atrav\u00e9s da Secretaria de Desenvolvimento Econ\u00f4mico e Agr\u00e1rio, abre inscri\u00e7\u00f5es para o cadastro dos vendedores ambulantes que desejam comercializar produtos no polo principal da festa, da Pra\u00e7a 21 de Setembro. Os interessados devem se dirigir \u00e0 Sedesa, no Centro de Conven\u00e7\u00f5es Nilo Coelho, no per\u00edodo de 04 a 06 de fevereiro, no hor\u00e1rio de 8h as 13h. Para fazer a inscri\u00e7\u00e3o, s\u00e3o necess\u00e1rios os seguintes documentos: RG, CPF, comprovante de resid\u00eancia, certificado de capacita\u00e7\u00e3o emitido pela Prefeitura de Petrolina. Como acontece todos os anos, o requisito principal para que o ambulante possa se cadastrar \u00e9 que este tenha participado do curso de Manipula\u00e7\u00e3o de Alimentos e Bebidas, ministrado pela prefeitura&hellip;","og_url":"https:\/\/blogdofarnesio.com.br\/?p=115153","og_site_name":"Blog do Farn\u00e9sio","article_publisher":"https:\/\/www.facebook.com\/BlogQuerSaberPolitica\/","article_published_time":"2015-02-04T13:22:39+00:00","og_image":[{"url":"http:\/\/www.quersaberpolitica.com.br\/2016\/wp-content\/uploads\/2015\/02\/blogqsp.ambulantes-carnaval-300x200.jpg","type":"","width":"","height":""}],"twitter_card":"summary_large_image","twitter_misc":{"Escrito por":"","Est. tempo de leitura":"1 minuto"},"schema":{"@context":"https:\/\/schema.org","@graph":[{"@type":"Article","@id":"https:\/\/blogdofarnesio.com.br\/?p=115153#article","isPartOf":{"@id":"https:\/\/blogdofarnesio.com.br\/?p=115153"},"author":{"name":"","@id":""},"headline":"PREFEITURA DE PETROLINA CONVOCA AMBULANTES PARA O CARNAVAL","datePublished":"2015-02-04T13:22:39+00:00","mainEntityOfPage":{"@id":"https:\/\/blogdofarnesio.com.br\/?p=115153"},"wordCount":202,"commentCount":0,"publisher":{"@id":"https:\/\/blogdofarnesio.com.br\/#organization"},"image":{"@id":"https:\/\/blogdofarnesio.com.br\/?p=115153#primaryimage"},"thumbnailUrl":"http:\/\/www.quersaberpolitica.com.br\/2016\/wp-content\/uploads\/2015\/02\/blogqsp.ambulantes-carnaval-300x200.jpg","articleSection":["Pol\u00edtica"],"inLanguage":"pt-BR","potentialAction":[{"@type":"CommentAction","name":"Comment","target":["https:\/\/blogdofarnesio.com.br\/?p=115153#respond"]}]},{"@type":"WebPage","@id":"https:\/\/blogdofarnesio.com.br\/?p=115153","url":"https:\/\/blogdofarnesio.com.br\/?p=115153","name":"PREFEITURA DE PETROLINA CONVOCA AMBULANTES PARA O CARNAVAL - Blog do Farn\u00e9sio","isPartOf":{"@id":"https:\/\/blogdofarnesio.com.br\/#website"},"primaryImageOfPage":{"@id":"https:\/\/blogdofarnesio.com.br\/?p=115153#primaryimage"},"image":{"@id":"https:\/\/blogdofarnesio.com.br\/?p=115153#primaryimage"},"thumbnailUrl":"http:\/\/www.quersaberpolitica.com.br\/2016\/wp-content\/uploads\/2015\/02\/blogqsp.ambulantes-carnaval-300x200.jpg","datePublished":"2015-02-04T13:22:39+00:00","breadcrumb":{"@id":"https:\/\/blogdofarnesio.com.br\/?p=115153#breadcrumb"},"inLanguage":"pt-BR","potentialAction":[{"@type":"ReadAction","target":["https:\/\/blogdofarnesio.com.br\/?p=115153"]}]},{"@type":"ImageObject","inLanguage":"pt-BR","@id":"https:\/\/blogdofarnesio.com.br\/?p=115153#primaryimage","url":"http:\/\/www.quersaberpolitica.com.br\/2016\/wp-content\/uploads\/2015\/02\/blogqsp.ambulantes-carnaval-300x200.jpg","contentUrl":"http:\/\/www.quersaberpolitica.com.br\/2016\/wp-content\/uploads\/2015\/02\/blogqsp.ambulantes-carnaval-300x200.jpg"},{"@type":"BreadcrumbList","@id":"https:\/\/blogdofarnesio.com.br\/?p=115153#breadcrumb","itemListElement":[{"@type":"ListItem","position":1,"name":"In\u00edcio","item":"https:\/\/blogdofarnesio.com.br\/"},{"@type":"ListItem","position":2,"name":"PREFEITURA DE PETROLINA CONVOCA AMBULANTES PARA O CARNAVAL"}]},{"@type":"WebSite","@id":"https:\/\/blogdofarnesio.com.br\/#website","url":"https:\/\/blogdofarnesio.com.br\/","name":"Blog do Farn\u00e9sio","description":"Quer Saber Pol\u00edtica?","publisher":{"@id":"https:\/\/blogdofarnesio.com.br\/#organization"},"potentialAction":[{"@type":"SearchAction","target":{"@type":"EntryPoint","urlTemplate":"https:\/\/blogdofarnesio.com.br\/?s={search_term_string}"},"query-input":{"@type":"PropertyValueSpecification","valueRequired":true,"valueName":"search_term_string"}}],"inLanguage":"pt-BR"},{"@type":"Organization","@id":"https:\/\/blogdofarnesio.com.br\/#organization","name":"Blog do Farn\u00e9sio","url":"https:\/\/blogdofarnesio.com.br\/","logo":{"@type":"ImageObject","inLanguage":"pt-BR","@id":"https:\/\/blogdofarnesio.com.br\/#\/schema\/logo\/image\/","url":"https:\/\/blogdofarnesio.com.br\/wp-content\/uploads\/2026\/03\/cropped-logo_new-1.png","contentUrl":"https:\/\/blogdofarnesio.com.br\/wp-content\/uploads\/2026\/03\/cropped-logo_new-1.png","width":881,"height":685,"caption":"Blog do Farn\u00e9sio"},"image":{"@id":"https:\/\/blogdofarnesio.com.br\/#\/schema\/logo\/image\/"},"sameAs":["https:\/\/www.facebook.com\/BlogQuerSaberPolitica\/"]},{"@type":"Person","@id":"","url":"https:\/\/blogdofarnesio.com.br\/?author=7"}]}},"_links":{"self":[{"href":"https:\/\/blogdofarnesio.com.br\/index.php?rest_route=\/wp\/v2\/posts\/115153","targetHints":{"allow":["GET"]}}],"collection":[{"href":"https:\/\/blogdofarnesio.com.br\/index.php?rest_route=\/wp\/v2\/posts"}],"about":[{"href":"https:\/\/blogdofarnesio.com.br\/index.php?rest_route=\/wp\/v2\/types\/post"}],"author":[{"embeddable":true,"href":"https:\/\/blogdofarnesio.com.br\/index.php?rest_route=\/wp\/v2\/users\/7"}],"replies":[{"embeddable":true,"href":"https:\/\/blogdofarnesio.com.br\/index.php?rest_route=%2Fwp%2Fv2%2Fcomments&post=115153"}],"version-history":[{"count":0,"href":"https:\/\/blogdofarnesio.com.br\/index.php?rest_route=\/wp\/v2\/posts\/115153\/revisions"}],"wp:attachment":[{"href":"https:\/\/blogdofarnesio.com.br\/index.php?rest_route=%2Fwp%2Fv2%2Fmedia&parent=115153"}],"wp:term":[{"taxonomy":"category","embeddable":true,"href":"https:\/\/blogdofarnesio.com.br\/index.php?rest_route=%2Fwp%2Fv2%2Fcategories&post=115153"},{"taxonomy":"post_tag","embeddable":true,"href":"https:\/\/blogdofarnesio.com.br\/index.php?rest_route=%2Fwp%2Fv2%2Ftags&post=115153"}],"curies":[{"name":"wp","href":"https:\/\/api.w.org\/{rel}","templated":true}]}}