{"id":11513,"date":"2012-02-28T16:00:09","date_gmt":"2012-02-28T16:00:09","guid":{"rendered":"http:\/\/www.quersaberpolitica.com.br?p=11513"},"modified":"2012-02-28T16:01:38","modified_gmt":"2012-02-28T16:01:38","slug":"petrolina-firma-parceria-com-a-caixa-atraves-de-assinatura-para-cooperacao-do-primeiro-ponto-de-microcredito","status":"publish","type":"post","link":"https:\/\/blogdofarnesio.com.br\/?p=11513","title":{"rendered":"Petrolina firma parceria com a Caixa atrav\u00e9s de assinatura para coopera\u00e7\u00e3o do primeiro ponto de Microcr\u00e9dito"},"content":{"rendered":"<p style=\"text-align: justify;\"><span style=\"font-size: small;\"><a rel=\"lightbox\" href=\"http:\/\/www.quersaberpolitica.com.br\/2016\/wp-content\/uploads\/2012\/12\/blogqspjlparceriacaixaprefeiturapet1.jpg\"><img loading=\"lazy\" decoding=\"async\" style=\"margin-top: 5px; margin-bottom: 5px; margin-left: 10px; margin-right: 10px; float: right;\" title=\"Imagem Divulga&ccedil;&atilde;o\" src=\"http:\/\/www.quersaberpolitica.com.br\/2016\/wp-content\/uploads\/2012\/12\/blogqspjlparceriacaixaprefeiturapet1.jpg\" alt=\"\" width=\"200\" height=\"143\" \/><\/a>Na manh&atilde; dessa segunda-feira (27), o prefeito Julio Lossio assinou o Termo de Ajuste de Cess&atilde;o e o Termo de Coopera&ccedil;&atilde;o e parceria para a abertura do primeiro Ponto de Atendimento ao Microcr&eacute;dito (PAM) da Caixa Econ&ocirc;mica Federal. A cerim&ocirc;nia que ocorreu no Canteiro de Obras do Conjunto Nova Vida, no bairro Jo&atilde;o de Deus, visa facilitar o desenvolvimento de pequenos e m&eacute;dios empres&aacute;rios locais. Na ocasi&atilde;o, tamb&eacute;m estiveram presentes o vice-prefeito Domingos S&aacute;vio Guimar&atilde;es, secretariado municipal, al&eacute;m do superintendente regional da Caixa Econ&ocirc;mica Federal, Alex Norat e demais representantes da institui&ccedil;&atilde;o.<\/span><\/p>\n<p style=\"text-align: justify;\"><span style=\"font-size: small;\">O Programa Nacional de Microcr&eacute;dito Produtivo Orientado foi lan&ccedil;ado pelo Governo Federal em agosto de 2011 para atender &agrave;s necessidades dos cidad&atilde;os que possuem um pequeno neg&oacute;cio. O Programa tem como metodologia o relacionamento direto com empreendedores nas suas localidades, assist&ecirc;ncia e orienta&ccedil;&atilde;o t&eacute;cnica no planejamento do neg&oacute;cio.<\/span><\/p>\n<p style=\"text-align: justify;\"><span style=\"font-size: small;\">Direcionado a empreendedores, formais ou informais, com faturamento de at&eacute; R$ 120 mil anual, a a&ccedil;&atilde;o facilitar&aacute; a operacionaliza&ccedil;&atilde;o, proporcionando maior comodidade para os clientes.<\/span><\/p>\n<p style=\"text-align: justify;\"><span style=\"font-size: small;\">&#8220;Desde o ano passado, lan&ccedil;amos o Programa Banco do Empreendedor no munic&iacute;pio, que J&aacute; contabiliza mais de 500 empr&eacute;stimos, garantindo mas desenvolvimento e possibilidades para os micro e m&eacute;dios empreendedores da regi&atilde;o. Com a assinatura desse termo hoje, firmamos uma parceria com a Caixa Econ&ocirc;mica Federal para ampliar ainda mais as oportunidades para quem pretende come&ccedil;ar a vida atrav&eacute;s de seu pr&oacute;prio neg&oacute;cio&#8221;, enfatiza o prefeito Julio Lossio.<\/span><\/p>\n<p style=\"text-align: justify;\"><span style=\"font-size: small;\">Para realiza&ccedil;&atilde;o do empr&eacute;stimo s&atilde;o necess&aacute;rios os seguintes documentos: Do tomador: Documento de Identifica&ccedil;&atilde;o com foto; Comprovante de regularidade do CPF; Comprovante de resid&ecirc;ncia; Comprovante de renda, se houver e Comprovante de emancipa&ccedil;&atilde;o, se for o caso. J&aacute; para o avalista s&atilde;o: Documento de Identifica&ccedil;&atilde;o com foto; Comprovante de regularidade do CPF; Comprovante de resid&ecirc;ncia; Comprovante de renda e Dados pessoais e Assinatura do C&ocirc;njuge. <\/span><\/p>\n<p style=\"text-align: justify;\"><span style=\"font-size: small;\">Os empreendedores interessados poder&atilde;o obter cr&eacute;ditos nas modalidades Capital de Giro e Investimento e o microcr&eacute;dito pode chegar at&eacute; R$ 15 mil, com prazo de no m&aacute;ximo 24 meses, e taxas de juros de 0,64% ao m&ecirc;s. A Taxa de Abertura do Cr&eacute;dito(TAC) &eacute; de 1%.<\/span><\/p>\n<p style=\"text-align: justify;\"><span style=\"font-size: small;\">(&Eacute;lida Maria &#8211; Ascom Petrolina)<\/span><\/p>\n","protected":false},"excerpt":{"rendered":"<p>Na manh&atilde; dessa segunda-feira (27), o prefeito Julio Lossio assinou o Termo de Ajuste de Cess&atilde;o e o Termo de Coopera&ccedil;&atilde;o e parceria para a abertura do primeiro Ponto de Atendimento ao Microcr&eacute;dito (PAM) da Caixa Econ&ocirc;mica Federal. A cerim&ocirc;nia que ocorreu no Canteiro de Obras do Conjunto Nova Vida, no bairro Jo&atilde;o de Deus, visa facilitar o desenvolvimento de pequenos e m&eacute;dios empres&aacute;rios locais. Na ocasi&atilde;o, tamb&eacute;m estiveram presentes o vice-prefeito Domingos S&aacute;vio Guimar&atilde;es, secretariado municipal, al&eacute;m do superintendente regional da Caixa Econ&ocirc;mica Federal, Alex Norat e demais representantes da institui&ccedil;&atilde;o. O Programa Nacional de Microcr&eacute;dito Produtivo Orientado foi lan&ccedil;ado pelo Governo Federal em agosto de 2011 para atender &agrave;s necessidades dos cidad&atilde;os que possuem um pequeno neg&oacute;cio. O&hellip; <\/p>\n","protected":false},"author":0,"featured_media":0,"comment_status":"open","ping_status":"open","sticky":false,"template":"","format":"standard","meta":{"_acf_changed":false,"footnotes":""},"categories":[20],"tags":[],"class_list":["post-11513","post","type-post","status-publish","format-standard","hentry","category-economia"],"acf":[],"yoast_head":"<!-- This site is optimized with the Yoast SEO plugin v27.4 - https:\/\/yoast.com\/product\/yoast-seo-wordpress\/ -->\n<title>Petrolina firma parceria com a Caixa atrav\u00e9s de assinatura para coopera\u00e7\u00e3o do primeiro ponto de Microcr\u00e9dito - Blog do Farn\u00e9sio<\/title>\n<meta name=\"robots\" content=\"index, follow, max-snippet:-1, max-image-preview:large, max-video-preview:-1\" \/>\n<link rel=\"canonical\" href=\"https:\/\/blogdofarnesio.com.br\/?p=11513\" \/>\n<meta property=\"og:locale\" content=\"pt_BR\" \/>\n<meta property=\"og:type\" content=\"article\" \/>\n<meta property=\"og:title\" content=\"Petrolina firma parceria com a Caixa atrav\u00e9s de assinatura para coopera\u00e7\u00e3o do primeiro ponto de Microcr\u00e9dito - Blog do Farn\u00e9sio\" \/>\n<meta property=\"og:description\" content=\"Na manh&atilde; dessa segunda-feira (27), o prefeito Julio Lossio assinou o Termo de Ajuste de Cess&atilde;o e o Termo de Coopera&ccedil;&atilde;o e parceria para a abertura do primeiro Ponto de Atendimento ao Microcr&eacute;dito (PAM) da Caixa Econ&ocirc;mica Federal. A cerim&ocirc;nia que ocorreu no Canteiro de Obras do Conjunto Nova Vida, no bairro Jo&atilde;o de Deus, visa facilitar o desenvolvimento de pequenos e m&eacute;dios empres&aacute;rios locais. Na ocasi&atilde;o, tamb&eacute;m estiveram presentes o vice-prefeito Domingos S&aacute;vio Guimar&atilde;es, secretariado municipal, al&eacute;m do superintendente regional da Caixa Econ&ocirc;mica Federal, Alex Norat e demais representantes da institui&ccedil;&atilde;o. O Programa Nacional de Microcr&eacute;dito Produtivo Orientado foi lan&ccedil;ado pelo Governo Federal em agosto de 2011 para atender &agrave;s necessidades dos cidad&atilde;os que possuem um pequeno neg&oacute;cio. O&hellip;\" \/>\n<meta property=\"og:url\" content=\"https:\/\/blogdofarnesio.com.br\/?p=11513\" \/>\n<meta property=\"og:site_name\" content=\"Blog do Farn\u00e9sio\" \/>\n<meta property=\"article:publisher\" content=\"https:\/\/www.facebook.com\/BlogQuerSaberPolitica\/\" \/>\n<meta property=\"article:published_time\" content=\"2012-02-28T16:00:09+00:00\" \/>\n<meta property=\"article:modified_time\" content=\"2012-02-28T16:01:38+00:00\" \/>\n<meta property=\"og:image\" content=\"http:\/\/www.quersaberpolitica.com.br\/2016\/wp-content\/uploads\/2012\/12\/blogqspjlparceriacaixaprefeiturapet1.jpg\" \/>\n<meta name=\"twitter:card\" content=\"summary_large_image\" \/>\n<meta name=\"twitter:label1\" content=\"Est. tempo de leitura\" \/>\n\t<meta name=\"twitter:data1\" content=\"2 minutos\" \/>\n<script type=\"application\/ld+json\" class=\"yoast-schema-graph\">{\"@context\":\"https:\\\/\\\/schema.org\",\"@graph\":[{\"@type\":\"Article\",\"@id\":\"https:\\\/\\\/blogdofarnesio.com.br\\\/?p=11513#article\",\"isPartOf\":{\"@id\":\"https:\\\/\\\/blogdofarnesio.com.br\\\/?p=11513\"},\"author\":{\"name\":\"\",\"@id\":\"\"},\"headline\":\"Petrolina firma parceria com a Caixa atrav\u00e9s de assinatura para coopera\u00e7\u00e3o do primeiro ponto de Microcr\u00e9dito\",\"datePublished\":\"2012-02-28T16:00:09+00:00\",\"dateModified\":\"2012-02-28T16:01:38+00:00\",\"mainEntityOfPage\":{\"@id\":\"https:\\\/\\\/blogdofarnesio.com.br\\\/?p=11513\"},\"wordCount\":482,\"commentCount\":0,\"publisher\":{\"@id\":\"https:\\\/\\\/blogdofarnesio.com.br\\\/#organization\"},\"image\":{\"@id\":\"https:\\\/\\\/blogdofarnesio.com.br\\\/?p=11513#primaryimage\"},\"thumbnailUrl\":\"http:\\\/\\\/www.quersaberpolitica.com.br\\\/2016\\\/wp-content\\\/uploads\\\/2012\\\/12\\\/blogqspjlparceriacaixaprefeiturapet1.jpg\",\"articleSection\":[\"Economia\"],\"inLanguage\":\"pt-BR\",\"potentialAction\":[{\"@type\":\"CommentAction\",\"name\":\"Comment\",\"target\":[\"https:\\\/\\\/blogdofarnesio.com.br\\\/?p=11513#respond\"]}]},{\"@type\":\"WebPage\",\"@id\":\"https:\\\/\\\/blogdofarnesio.com.br\\\/?p=11513\",\"url\":\"https:\\\/\\\/blogdofarnesio.com.br\\\/?p=11513\",\"name\":\"Petrolina firma parceria com a Caixa atrav\u00e9s de assinatura para coopera\u00e7\u00e3o do primeiro ponto de Microcr\u00e9dito - Blog do Farn\u00e9sio\",\"isPartOf\":{\"@id\":\"https:\\\/\\\/blogdofarnesio.com.br\\\/#website\"},\"primaryImageOfPage\":{\"@id\":\"https:\\\/\\\/blogdofarnesio.com.br\\\/?p=11513#primaryimage\"},\"image\":{\"@id\":\"https:\\\/\\\/blogdofarnesio.com.br\\\/?p=11513#primaryimage\"},\"thumbnailUrl\":\"http:\\\/\\\/www.quersaberpolitica.com.br\\\/2016\\\/wp-content\\\/uploads\\\/2012\\\/12\\\/blogqspjlparceriacaixaprefeiturapet1.jpg\",\"datePublished\":\"2012-02-28T16:00:09+00:00\",\"dateModified\":\"2012-02-28T16:01:38+00:00\",\"breadcrumb\":{\"@id\":\"https:\\\/\\\/blogdofarnesio.com.br\\\/?p=11513#breadcrumb\"},\"inLanguage\":\"pt-BR\",\"potentialAction\":[{\"@type\":\"ReadAction\",\"target\":[\"https:\\\/\\\/blogdofarnesio.com.br\\\/?p=11513\"]}]},{\"@type\":\"ImageObject\",\"inLanguage\":\"pt-BR\",\"@id\":\"https:\\\/\\\/blogdofarnesio.com.br\\\/?p=11513#primaryimage\",\"url\":\"http:\\\/\\\/www.quersaberpolitica.com.br\\\/2016\\\/wp-content\\\/uploads\\\/2012\\\/12\\\/blogqspjlparceriacaixaprefeiturapet1.jpg\",\"contentUrl\":\"http:\\\/\\\/www.quersaberpolitica.com.br\\\/2016\\\/wp-content\\\/uploads\\\/2012\\\/12\\\/blogqspjlparceriacaixaprefeiturapet1.jpg\"},{\"@type\":\"BreadcrumbList\",\"@id\":\"https:\\\/\\\/blogdofarnesio.com.br\\\/?p=11513#breadcrumb\",\"itemListElement\":[{\"@type\":\"ListItem\",\"position\":1,\"name\":\"In\u00edcio\",\"item\":\"https:\\\/\\\/blogdofarnesio.com.br\\\/\"},{\"@type\":\"ListItem\",\"position\":2,\"name\":\"Petrolina firma parceria com a Caixa atrav\u00e9s de assinatura para coopera\u00e7\u00e3o do primeiro ponto de Microcr\u00e9dito\"}]},{\"@type\":\"WebSite\",\"@id\":\"https:\\\/\\\/blogdofarnesio.com.br\\\/#website\",\"url\":\"https:\\\/\\\/blogdofarnesio.com.br\\\/\",\"name\":\"Blog do Farn\u00e9sio\",\"description\":\"Quer Saber Pol\u00edtica?\",\"publisher\":{\"@id\":\"https:\\\/\\\/blogdofarnesio.com.br\\\/#organization\"},\"potentialAction\":[{\"@type\":\"SearchAction\",\"target\":{\"@type\":\"EntryPoint\",\"urlTemplate\":\"https:\\\/\\\/blogdofarnesio.com.br\\\/?s={search_term_string}\"},\"query-input\":{\"@type\":\"PropertyValueSpecification\",\"valueRequired\":true,\"valueName\":\"search_term_string\"}}],\"inLanguage\":\"pt-BR\"},{\"@type\":\"Organization\",\"@id\":\"https:\\\/\\\/blogdofarnesio.com.br\\\/#organization\",\"name\":\"Blog do Farn\u00e9sio\",\"url\":\"https:\\\/\\\/blogdofarnesio.com.br\\\/\",\"logo\":{\"@type\":\"ImageObject\",\"inLanguage\":\"pt-BR\",\"@id\":\"https:\\\/\\\/blogdofarnesio.com.br\\\/#\\\/schema\\\/logo\\\/image\\\/\",\"url\":\"https:\\\/\\\/blogdofarnesio.com.br\\\/wp-content\\\/uploads\\\/2026\\\/03\\\/cropped-logo_new-1.png\",\"contentUrl\":\"https:\\\/\\\/blogdofarnesio.com.br\\\/wp-content\\\/uploads\\\/2026\\\/03\\\/cropped-logo_new-1.png\",\"width\":881,\"height\":685,\"caption\":\"Blog do Farn\u00e9sio\"},\"image\":{\"@id\":\"https:\\\/\\\/blogdofarnesio.com.br\\\/#\\\/schema\\\/logo\\\/image\\\/\"},\"sameAs\":[\"https:\\\/\\\/www.facebook.com\\\/BlogQuerSaberPolitica\\\/\"]}]}<\/script>\n<!-- \/ Yoast SEO plugin. -->","yoast_head_json":{"title":"Petrolina firma parceria com a Caixa atrav\u00e9s de assinatura para coopera\u00e7\u00e3o do primeiro ponto de Microcr\u00e9dito - Blog do Farn\u00e9sio","robots":{"index":"index","follow":"follow","max-snippet":"max-snippet:-1","max-image-preview":"max-image-preview:large","max-video-preview":"max-video-preview:-1"},"canonical":"https:\/\/blogdofarnesio.com.br\/?p=11513","og_locale":"pt_BR","og_type":"article","og_title":"Petrolina firma parceria com a Caixa atrav\u00e9s de assinatura para coopera\u00e7\u00e3o do primeiro ponto de Microcr\u00e9dito - Blog do Farn\u00e9sio","og_description":"Na manh&atilde; dessa segunda-feira (27), o prefeito Julio Lossio assinou o Termo de Ajuste de Cess&atilde;o e o Termo de Coopera&ccedil;&atilde;o e parceria para a abertura do primeiro Ponto de Atendimento ao Microcr&eacute;dito (PAM) da Caixa Econ&ocirc;mica Federal. A cerim&ocirc;nia que ocorreu no Canteiro de Obras do Conjunto Nova Vida, no bairro Jo&atilde;o de Deus, visa facilitar o desenvolvimento de pequenos e m&eacute;dios empres&aacute;rios locais. Na ocasi&atilde;o, tamb&eacute;m estiveram presentes o vice-prefeito Domingos S&aacute;vio Guimar&atilde;es, secretariado municipal, al&eacute;m do superintendente regional da Caixa Econ&ocirc;mica Federal, Alex Norat e demais representantes da institui&ccedil;&atilde;o. O Programa Nacional de Microcr&eacute;dito Produtivo Orientado foi lan&ccedil;ado pelo Governo Federal em agosto de 2011 para atender &agrave;s necessidades dos cidad&atilde;os que possuem um pequeno neg&oacute;cio. O&hellip;","og_url":"https:\/\/blogdofarnesio.com.br\/?p=11513","og_site_name":"Blog do Farn\u00e9sio","article_publisher":"https:\/\/www.facebook.com\/BlogQuerSaberPolitica\/","article_published_time":"2012-02-28T16:00:09+00:00","article_modified_time":"2012-02-28T16:01:38+00:00","og_image":[{"url":"http:\/\/www.quersaberpolitica.com.br\/2016\/wp-content\/uploads\/2012\/12\/blogqspjlparceriacaixaprefeiturapet1.jpg","type":"","width":"","height":""}],"twitter_card":"summary_large_image","twitter_misc":{"Est. tempo de leitura":"2 minutos"},"schema":{"@context":"https:\/\/schema.org","@graph":[{"@type":"Article","@id":"https:\/\/blogdofarnesio.com.br\/?p=11513#article","isPartOf":{"@id":"https:\/\/blogdofarnesio.com.br\/?p=11513"},"author":{"name":"","@id":""},"headline":"Petrolina firma parceria com a Caixa atrav\u00e9s de assinatura para coopera\u00e7\u00e3o do primeiro ponto de Microcr\u00e9dito","datePublished":"2012-02-28T16:00:09+00:00","dateModified":"2012-02-28T16:01:38+00:00","mainEntityOfPage":{"@id":"https:\/\/blogdofarnesio.com.br\/?p=11513"},"wordCount":482,"commentCount":0,"publisher":{"@id":"https:\/\/blogdofarnesio.com.br\/#organization"},"image":{"@id":"https:\/\/blogdofarnesio.com.br\/?p=11513#primaryimage"},"thumbnailUrl":"http:\/\/www.quersaberpolitica.com.br\/2016\/wp-content\/uploads\/2012\/12\/blogqspjlparceriacaixaprefeiturapet1.jpg","articleSection":["Economia"],"inLanguage":"pt-BR","potentialAction":[{"@type":"CommentAction","name":"Comment","target":["https:\/\/blogdofarnesio.com.br\/?p=11513#respond"]}]},{"@type":"WebPage","@id":"https:\/\/blogdofarnesio.com.br\/?p=11513","url":"https:\/\/blogdofarnesio.com.br\/?p=11513","name":"Petrolina firma parceria com a Caixa atrav\u00e9s de assinatura para coopera\u00e7\u00e3o do primeiro ponto de Microcr\u00e9dito - Blog do Farn\u00e9sio","isPartOf":{"@id":"https:\/\/blogdofarnesio.com.br\/#website"},"primaryImageOfPage":{"@id":"https:\/\/blogdofarnesio.com.br\/?p=11513#primaryimage"},"image":{"@id":"https:\/\/blogdofarnesio.com.br\/?p=11513#primaryimage"},"thumbnailUrl":"http:\/\/www.quersaberpolitica.com.br\/2016\/wp-content\/uploads\/2012\/12\/blogqspjlparceriacaixaprefeiturapet1.jpg","datePublished":"2012-02-28T16:00:09+00:00","dateModified":"2012-02-28T16:01:38+00:00","breadcrumb":{"@id":"https:\/\/blogdofarnesio.com.br\/?p=11513#breadcrumb"},"inLanguage":"pt-BR","potentialAction":[{"@type":"ReadAction","target":["https:\/\/blogdofarnesio.com.br\/?p=11513"]}]},{"@type":"ImageObject","inLanguage":"pt-BR","@id":"https:\/\/blogdofarnesio.com.br\/?p=11513#primaryimage","url":"http:\/\/www.quersaberpolitica.com.br\/2016\/wp-content\/uploads\/2012\/12\/blogqspjlparceriacaixaprefeiturapet1.jpg","contentUrl":"http:\/\/www.quersaberpolitica.com.br\/2016\/wp-content\/uploads\/2012\/12\/blogqspjlparceriacaixaprefeiturapet1.jpg"},{"@type":"BreadcrumbList","@id":"https:\/\/blogdofarnesio.com.br\/?p=11513#breadcrumb","itemListElement":[{"@type":"ListItem","position":1,"name":"In\u00edcio","item":"https:\/\/blogdofarnesio.com.br\/"},{"@type":"ListItem","position":2,"name":"Petrolina firma parceria com a Caixa atrav\u00e9s de assinatura para coopera\u00e7\u00e3o do primeiro ponto de Microcr\u00e9dito"}]},{"@type":"WebSite","@id":"https:\/\/blogdofarnesio.com.br\/#website","url":"https:\/\/blogdofarnesio.com.br\/","name":"Blog do Farn\u00e9sio","description":"Quer Saber Pol\u00edtica?","publisher":{"@id":"https:\/\/blogdofarnesio.com.br\/#organization"},"potentialAction":[{"@type":"SearchAction","target":{"@type":"EntryPoint","urlTemplate":"https:\/\/blogdofarnesio.com.br\/?s={search_term_string}"},"query-input":{"@type":"PropertyValueSpecification","valueRequired":true,"valueName":"search_term_string"}}],"inLanguage":"pt-BR"},{"@type":"Organization","@id":"https:\/\/blogdofarnesio.com.br\/#organization","name":"Blog do Farn\u00e9sio","url":"https:\/\/blogdofarnesio.com.br\/","logo":{"@type":"ImageObject","inLanguage":"pt-BR","@id":"https:\/\/blogdofarnesio.com.br\/#\/schema\/logo\/image\/","url":"https:\/\/blogdofarnesio.com.br\/wp-content\/uploads\/2026\/03\/cropped-logo_new-1.png","contentUrl":"https:\/\/blogdofarnesio.com.br\/wp-content\/uploads\/2026\/03\/cropped-logo_new-1.png","width":881,"height":685,"caption":"Blog do Farn\u00e9sio"},"image":{"@id":"https:\/\/blogdofarnesio.com.br\/#\/schema\/logo\/image\/"},"sameAs":["https:\/\/www.facebook.com\/BlogQuerSaberPolitica\/"]}]}},"_links":{"self":[{"href":"https:\/\/blogdofarnesio.com.br\/index.php?rest_route=\/wp\/v2\/posts\/11513","targetHints":{"allow":["GET"]}}],"collection":[{"href":"https:\/\/blogdofarnesio.com.br\/index.php?rest_route=\/wp\/v2\/posts"}],"about":[{"href":"https:\/\/blogdofarnesio.com.br\/index.php?rest_route=\/wp\/v2\/types\/post"}],"replies":[{"embeddable":true,"href":"https:\/\/blogdofarnesio.com.br\/index.php?rest_route=%2Fwp%2Fv2%2Fcomments&post=11513"}],"version-history":[{"count":0,"href":"https:\/\/blogdofarnesio.com.br\/index.php?rest_route=\/wp\/v2\/posts\/11513\/revisions"}],"wp:attachment":[{"href":"https:\/\/blogdofarnesio.com.br\/index.php?rest_route=%2Fwp%2Fv2%2Fmedia&parent=11513"}],"wp:term":[{"taxonomy":"category","embeddable":true,"href":"https:\/\/blogdofarnesio.com.br\/index.php?rest_route=%2Fwp%2Fv2%2Fcategories&post=11513"},{"taxonomy":"post_tag","embeddable":true,"href":"https:\/\/blogdofarnesio.com.br\/index.php?rest_route=%2Fwp%2Fv2%2Ftags&post=11513"}],"curies":[{"name":"wp","href":"https:\/\/api.w.org\/{rel}","templated":true}]}}