{"id":114588,"date":"2015-01-29T14:00:54","date_gmt":"2015-01-29T17:00:54","guid":{"rendered":"http:\/\/www.quersaberpolitica.com.br\/?p=114588"},"modified":"2015-01-29T10:42:40","modified_gmt":"2015-01-29T13:42:40","slug":"prefeito-julio-lossio-concretiza-o-sonho-da-casa-propria-de-mais-de-mil-familias","status":"publish","type":"post","link":"https:\/\/blogdofarnesio.com.br\/?p=114588","title":{"rendered":"PREFEITO JULIO LOSSIO CONCRETIZA O SONHO DA CASA PR\u00d3PRIA DE MAIS DE MIL FAM\u00cdLIAS"},"content":{"rendered":"<p><a href=\"http:\/\/www.quersaberpolitica.com.br\/2016\/wp-content\/uploads\/2015\/01\/blogqsp.casa_.lossio.jpg\"><img loading=\"lazy\" decoding=\"async\" class=\"size-medium wp-image-114589 alignleft\" alt=\"blogqsp.casa.lossio\" src=\"http:\/\/www.quersaberpolitica.com.br\/2016\/wp-content\/uploads\/2015\/01\/blogqsp.casa_.lossio-300x214.jpg\" width=\"300\" height=\"214\" srcset=\"https:\/\/blogdofarnesio.com.br\/wp-content\/uploads\/2015\/01\/blogqsp.casa_.lossio-300x214.jpg 300w, https:\/\/blogdofarnesio.com.br\/wp-content\/uploads\/2015\/01\/blogqsp.casa_.lossio-420x300.jpg 420w, https:\/\/blogdofarnesio.com.br\/wp-content\/uploads\/2015\/01\/blogqsp.casa_.lossio.jpg 448w\" sizes=\"auto, (max-width: 300px) 100vw, 300px\" \/><\/a><\/p>\n<p style=\"text-align: justify\">Petrolina n\u00e3o para de crescer, e a vontade do prefeito Julio Lossio de ver cada morador em sua casa pr\u00f3pria, tamb\u00e9m n\u00e3o.<\/p>\n<p style=\"text-align: justify\">Esta semana o prefeito assinou Ordem de Servi\u00e7o para a constru\u00e7\u00e3o do Residencial Park S\u00e3o Gon\u00e7alo, que beneficia 922 fam\u00edlias pertrolineses.<\/p>\n<p style=\"text-align: justify\">Feliz por saber que Petrolina \u00e9 referencia no Programa MCMV, o prefeito Julio Lossio diz que n\u00e3o se cansa em buscar novos contratos que beneficiam aqueles que n\u00e3o acreditavam em ter suas pr\u00f3prias resid\u00eancias.<\/p>\n<p style=\"text-align: justify\">E desta vez o prefeito resolveu tamb\u00e9m, que al\u00e9m de concretizar o sonho da casa pr\u00f3pria, ele iria homenagear algumas mulheres petrolinenses, dando o nome delas aos blocos dos residenciais. \u201cVamos escolher nomes de mulheres que contribuem com o crescimento da cidade. N\u00e3o queremos apenas mulheres destaques, vamos homenagear a mulher que cuida da fam\u00edlia, que sai de casa para trabalhar e ainda assim \u00e9 referencia no lar\u201d, exp\u00f4s.<\/p>\n<p style=\"text-align: justify\"><!--more--><\/p>\n<p style=\"text-align: justify\">Durante a assinatura o Superintendente Regional da Caixa Econ\u00f4mica Federal, Denis Matias parabenizou o prefeito pela determina\u00e7\u00e3o e o orientou a continuar persistente. \u201cPetrolina hoje \u00e9 referencia, isso por conta do trabalho desenvolvido pelo prefeito. Julio Lossio, espero que voc\u00ea continue nos cobrando com a mesma firmeza\u201d, afirmou.<\/p>\n<p style=\"text-align: justify\">O empreendimento ser\u00e1 organizado\u00a0 em 4 residenciais,\u00a0 Park S\u00e3o Gon\u00e7alo I, II, III e IV,\u00a0 com 31 blocos e 248 unidades habitacionais cada.\u00a0 Esse novo empreendimento habitacional, al\u00e9m de garantir moradia \u00e0s pessoas de menor poder aquisitivo, contribuir\u00e3o para gera\u00e7\u00e3o de emprego e renda para a cidade, fomentando a economia do munic\u00edpio.<\/p>\n<p style=\"text-align: justify\">Estiveram presentes no ato solene de assinatura dos contratos o Superintendente Regional da Caixa Econ\u00f4mica Federal, Denis Matias e os representantes das construtoras\u00a0 Sertenge,\u00a0 Alv\u00e1ro Reis, e da Gr\u00e1fico Empreendimentos, Artur Pacheco. As novas unidades atender\u00e3o fam\u00edlias com renda mensal de at\u00e9 R$ 1.600, correspondente \u00e0 Faixa I do Minha Casa, Minha Vida.<\/p>\n<p><em><span style=\"font-size: medium\">Texto: Lidiane Souza<\/span><\/em><\/p>\n","protected":false},"excerpt":{"rendered":"<p>Petrolina n\u00e3o para de crescer, e a vontade do prefeito Julio Lossio de ver cada morador em sua casa pr\u00f3pria, tamb\u00e9m n\u00e3o. Esta semana o prefeito assinou Ordem de Servi\u00e7o para a constru\u00e7\u00e3o do Residencial Park S\u00e3o Gon\u00e7alo, que beneficia 922 fam\u00edlias pertrolineses. Feliz por saber que Petrolina \u00e9 referencia no Programa MCMV, o prefeito Julio Lossio diz que n\u00e3o se cansa em buscar novos contratos que beneficiam aqueles que n\u00e3o acreditavam em ter suas pr\u00f3prias resid\u00eancias. E desta vez o prefeito resolveu tamb\u00e9m, que al\u00e9m de concretizar o sonho da casa pr\u00f3pria, ele iria homenagear algumas mulheres petrolinenses, dando o nome delas aos blocos dos residenciais. \u201cVamos escolher nomes de mulheres que contribuem com o crescimento da cidade. N\u00e3o&hellip; <\/p>\n","protected":false},"author":7,"featured_media":0,"comment_status":"open","ping_status":"open","sticky":false,"template":"","format":"standard","meta":{"_acf_changed":false,"footnotes":""},"categories":[],"tags":[],"class_list":["post-114588","post","type-post","status-publish","format-standard","hentry"],"acf":[],"yoast_head":"<!-- This site is optimized with the Yoast SEO plugin v27.4 - https:\/\/yoast.com\/product\/yoast-seo-wordpress\/ -->\n<title>PREFEITO JULIO LOSSIO CONCRETIZA O SONHO DA CASA PR\u00d3PRIA DE MAIS DE MIL FAM\u00cdLIAS - Blog do Farn\u00e9sio<\/title>\n<meta name=\"robots\" content=\"index, follow, max-snippet:-1, max-image-preview:large, max-video-preview:-1\" \/>\n<link rel=\"canonical\" href=\"https:\/\/blogdofarnesio.com.br\/?p=114588\" \/>\n<meta property=\"og:locale\" content=\"pt_BR\" \/>\n<meta property=\"og:type\" content=\"article\" \/>\n<meta property=\"og:title\" content=\"PREFEITO JULIO LOSSIO CONCRETIZA O SONHO DA CASA PR\u00d3PRIA DE MAIS DE MIL FAM\u00cdLIAS - Blog do Farn\u00e9sio\" \/>\n<meta property=\"og:description\" content=\"Petrolina n\u00e3o para de crescer, e a vontade do prefeito Julio Lossio de ver cada morador em sua casa pr\u00f3pria, tamb\u00e9m n\u00e3o. Esta semana o prefeito assinou Ordem de Servi\u00e7o para a constru\u00e7\u00e3o do Residencial Park S\u00e3o Gon\u00e7alo, que beneficia 922 fam\u00edlias pertrolineses. Feliz por saber que Petrolina \u00e9 referencia no Programa MCMV, o prefeito Julio Lossio diz que n\u00e3o se cansa em buscar novos contratos que beneficiam aqueles que n\u00e3o acreditavam em ter suas pr\u00f3prias resid\u00eancias. E desta vez o prefeito resolveu tamb\u00e9m, que al\u00e9m de concretizar o sonho da casa pr\u00f3pria, ele iria homenagear algumas mulheres petrolinenses, dando o nome delas aos blocos dos residenciais. \u201cVamos escolher nomes de mulheres que contribuem com o crescimento da cidade. N\u00e3o&hellip;\" \/>\n<meta property=\"og:url\" content=\"https:\/\/blogdofarnesio.com.br\/?p=114588\" \/>\n<meta property=\"og:site_name\" content=\"Blog do Farn\u00e9sio\" \/>\n<meta property=\"article:publisher\" content=\"https:\/\/www.facebook.com\/BlogQuerSaberPolitica\/\" \/>\n<meta property=\"article:published_time\" content=\"2015-01-29T17:00:54+00:00\" \/>\n<meta property=\"og:image\" content=\"http:\/\/www.quersaberpolitica.com.br\/2016\/wp-content\/uploads\/2015\/01\/blogqsp.casa_.lossio-300x214.jpg\" \/>\n<meta name=\"twitter:card\" content=\"summary_large_image\" \/>\n<meta name=\"twitter:label1\" content=\"Escrito por\" \/>\n\t<meta name=\"twitter:data1\" content=\"\" \/>\n\t<meta name=\"twitter:label2\" content=\"Est. tempo de leitura\" \/>\n\t<meta name=\"twitter:data2\" content=\"2 minutos\" \/>\n<script type=\"application\/ld+json\" class=\"yoast-schema-graph\">{\"@context\":\"https:\\\/\\\/schema.org\",\"@graph\":[{\"@type\":\"Article\",\"@id\":\"https:\\\/\\\/blogdofarnesio.com.br\\\/?p=114588#article\",\"isPartOf\":{\"@id\":\"https:\\\/\\\/blogdofarnesio.com.br\\\/?p=114588\"},\"author\":{\"name\":\"\",\"@id\":\"\"},\"headline\":\"PREFEITO JULIO LOSSIO CONCRETIZA O SONHO DA CASA PR\u00d3PRIA DE MAIS DE MIL FAM\u00cdLIAS\",\"datePublished\":\"2015-01-29T17:00:54+00:00\",\"mainEntityOfPage\":{\"@id\":\"https:\\\/\\\/blogdofarnesio.com.br\\\/?p=114588\"},\"wordCount\":341,\"commentCount\":2,\"publisher\":{\"@id\":\"https:\\\/\\\/blogdofarnesio.com.br\\\/#organization\"},\"image\":{\"@id\":\"https:\\\/\\\/blogdofarnesio.com.br\\\/?p=114588#primaryimage\"},\"thumbnailUrl\":\"http:\\\/\\\/www.quersaberpolitica.com.br\\\/2016\\\/wp-content\\\/uploads\\\/2015\\\/01\\\/blogqsp.casa_.lossio-300x214.jpg\",\"inLanguage\":\"pt-BR\",\"potentialAction\":[{\"@type\":\"CommentAction\",\"name\":\"Comment\",\"target\":[\"https:\\\/\\\/blogdofarnesio.com.br\\\/?p=114588#respond\"]}]},{\"@type\":\"WebPage\",\"@id\":\"https:\\\/\\\/blogdofarnesio.com.br\\\/?p=114588\",\"url\":\"https:\\\/\\\/blogdofarnesio.com.br\\\/?p=114588\",\"name\":\"PREFEITO JULIO LOSSIO CONCRETIZA O SONHO DA CASA PR\u00d3PRIA DE MAIS DE MIL FAM\u00cdLIAS - Blog do Farn\u00e9sio\",\"isPartOf\":{\"@id\":\"https:\\\/\\\/blogdofarnesio.com.br\\\/#website\"},\"primaryImageOfPage\":{\"@id\":\"https:\\\/\\\/blogdofarnesio.com.br\\\/?p=114588#primaryimage\"},\"image\":{\"@id\":\"https:\\\/\\\/blogdofarnesio.com.br\\\/?p=114588#primaryimage\"},\"thumbnailUrl\":\"http:\\\/\\\/www.quersaberpolitica.com.br\\\/2016\\\/wp-content\\\/uploads\\\/2015\\\/01\\\/blogqsp.casa_.lossio-300x214.jpg\",\"datePublished\":\"2015-01-29T17:00:54+00:00\",\"breadcrumb\":{\"@id\":\"https:\\\/\\\/blogdofarnesio.com.br\\\/?p=114588#breadcrumb\"},\"inLanguage\":\"pt-BR\",\"potentialAction\":[{\"@type\":\"ReadAction\",\"target\":[\"https:\\\/\\\/blogdofarnesio.com.br\\\/?p=114588\"]}]},{\"@type\":\"ImageObject\",\"inLanguage\":\"pt-BR\",\"@id\":\"https:\\\/\\\/blogdofarnesio.com.br\\\/?p=114588#primaryimage\",\"url\":\"http:\\\/\\\/www.quersaberpolitica.com.br\\\/2016\\\/wp-content\\\/uploads\\\/2015\\\/01\\\/blogqsp.casa_.lossio-300x214.jpg\",\"contentUrl\":\"http:\\\/\\\/www.quersaberpolitica.com.br\\\/2016\\\/wp-content\\\/uploads\\\/2015\\\/01\\\/blogqsp.casa_.lossio-300x214.jpg\"},{\"@type\":\"BreadcrumbList\",\"@id\":\"https:\\\/\\\/blogdofarnesio.com.br\\\/?p=114588#breadcrumb\",\"itemListElement\":[{\"@type\":\"ListItem\",\"position\":1,\"name\":\"In\u00edcio\",\"item\":\"https:\\\/\\\/blogdofarnesio.com.br\\\/\"},{\"@type\":\"ListItem\",\"position\":2,\"name\":\"PREFEITO JULIO LOSSIO CONCRETIZA O SONHO DA CASA PR\u00d3PRIA DE MAIS DE MIL FAM\u00cdLIAS\"}]},{\"@type\":\"WebSite\",\"@id\":\"https:\\\/\\\/blogdofarnesio.com.br\\\/#website\",\"url\":\"https:\\\/\\\/blogdofarnesio.com.br\\\/\",\"name\":\"Blog do Farn\u00e9sio\",\"description\":\"Quer Saber Pol\u00edtica?\",\"publisher\":{\"@id\":\"https:\\\/\\\/blogdofarnesio.com.br\\\/#organization\"},\"potentialAction\":[{\"@type\":\"SearchAction\",\"target\":{\"@type\":\"EntryPoint\",\"urlTemplate\":\"https:\\\/\\\/blogdofarnesio.com.br\\\/?s={search_term_string}\"},\"query-input\":{\"@type\":\"PropertyValueSpecification\",\"valueRequired\":true,\"valueName\":\"search_term_string\"}}],\"inLanguage\":\"pt-BR\"},{\"@type\":\"Organization\",\"@id\":\"https:\\\/\\\/blogdofarnesio.com.br\\\/#organization\",\"name\":\"Blog do Farn\u00e9sio\",\"url\":\"https:\\\/\\\/blogdofarnesio.com.br\\\/\",\"logo\":{\"@type\":\"ImageObject\",\"inLanguage\":\"pt-BR\",\"@id\":\"https:\\\/\\\/blogdofarnesio.com.br\\\/#\\\/schema\\\/logo\\\/image\\\/\",\"url\":\"https:\\\/\\\/blogdofarnesio.com.br\\\/wp-content\\\/uploads\\\/2026\\\/03\\\/cropped-logo_new-1.png\",\"contentUrl\":\"https:\\\/\\\/blogdofarnesio.com.br\\\/wp-content\\\/uploads\\\/2026\\\/03\\\/cropped-logo_new-1.png\",\"width\":881,\"height\":685,\"caption\":\"Blog do Farn\u00e9sio\"},\"image\":{\"@id\":\"https:\\\/\\\/blogdofarnesio.com.br\\\/#\\\/schema\\\/logo\\\/image\\\/\"},\"sameAs\":[\"https:\\\/\\\/www.facebook.com\\\/BlogQuerSaberPolitica\\\/\"]},{\"@type\":\"Person\",\"@id\":\"\",\"url\":\"https:\\\/\\\/blogdofarnesio.com.br\\\/?author=7\"}]}<\/script>\n<!-- \/ Yoast SEO plugin. -->","yoast_head_json":{"title":"PREFEITO JULIO LOSSIO CONCRETIZA O SONHO DA CASA PR\u00d3PRIA DE MAIS DE MIL FAM\u00cdLIAS - Blog do Farn\u00e9sio","robots":{"index":"index","follow":"follow","max-snippet":"max-snippet:-1","max-image-preview":"max-image-preview:large","max-video-preview":"max-video-preview:-1"},"canonical":"https:\/\/blogdofarnesio.com.br\/?p=114588","og_locale":"pt_BR","og_type":"article","og_title":"PREFEITO JULIO LOSSIO CONCRETIZA O SONHO DA CASA PR\u00d3PRIA DE MAIS DE MIL FAM\u00cdLIAS - Blog do Farn\u00e9sio","og_description":"Petrolina n\u00e3o para de crescer, e a vontade do prefeito Julio Lossio de ver cada morador em sua casa pr\u00f3pria, tamb\u00e9m n\u00e3o. Esta semana o prefeito assinou Ordem de Servi\u00e7o para a constru\u00e7\u00e3o do Residencial Park S\u00e3o Gon\u00e7alo, que beneficia 922 fam\u00edlias pertrolineses. Feliz por saber que Petrolina \u00e9 referencia no Programa MCMV, o prefeito Julio Lossio diz que n\u00e3o se cansa em buscar novos contratos que beneficiam aqueles que n\u00e3o acreditavam em ter suas pr\u00f3prias resid\u00eancias. E desta vez o prefeito resolveu tamb\u00e9m, que al\u00e9m de concretizar o sonho da casa pr\u00f3pria, ele iria homenagear algumas mulheres petrolinenses, dando o nome delas aos blocos dos residenciais. \u201cVamos escolher nomes de mulheres que contribuem com o crescimento da cidade. N\u00e3o&hellip;","og_url":"https:\/\/blogdofarnesio.com.br\/?p=114588","og_site_name":"Blog do Farn\u00e9sio","article_publisher":"https:\/\/www.facebook.com\/BlogQuerSaberPolitica\/","article_published_time":"2015-01-29T17:00:54+00:00","og_image":[{"url":"http:\/\/www.quersaberpolitica.com.br\/2016\/wp-content\/uploads\/2015\/01\/blogqsp.casa_.lossio-300x214.jpg","type":"","width":"","height":""}],"twitter_card":"summary_large_image","twitter_misc":{"Escrito por":"","Est. tempo de leitura":"2 minutos"},"schema":{"@context":"https:\/\/schema.org","@graph":[{"@type":"Article","@id":"https:\/\/blogdofarnesio.com.br\/?p=114588#article","isPartOf":{"@id":"https:\/\/blogdofarnesio.com.br\/?p=114588"},"author":{"name":"","@id":""},"headline":"PREFEITO JULIO LOSSIO CONCRETIZA O SONHO DA CASA PR\u00d3PRIA DE MAIS DE MIL FAM\u00cdLIAS","datePublished":"2015-01-29T17:00:54+00:00","mainEntityOfPage":{"@id":"https:\/\/blogdofarnesio.com.br\/?p=114588"},"wordCount":341,"commentCount":2,"publisher":{"@id":"https:\/\/blogdofarnesio.com.br\/#organization"},"image":{"@id":"https:\/\/blogdofarnesio.com.br\/?p=114588#primaryimage"},"thumbnailUrl":"http:\/\/www.quersaberpolitica.com.br\/2016\/wp-content\/uploads\/2015\/01\/blogqsp.casa_.lossio-300x214.jpg","inLanguage":"pt-BR","potentialAction":[{"@type":"CommentAction","name":"Comment","target":["https:\/\/blogdofarnesio.com.br\/?p=114588#respond"]}]},{"@type":"WebPage","@id":"https:\/\/blogdofarnesio.com.br\/?p=114588","url":"https:\/\/blogdofarnesio.com.br\/?p=114588","name":"PREFEITO JULIO LOSSIO CONCRETIZA O SONHO DA CASA PR\u00d3PRIA DE MAIS DE MIL FAM\u00cdLIAS - Blog do Farn\u00e9sio","isPartOf":{"@id":"https:\/\/blogdofarnesio.com.br\/#website"},"primaryImageOfPage":{"@id":"https:\/\/blogdofarnesio.com.br\/?p=114588#primaryimage"},"image":{"@id":"https:\/\/blogdofarnesio.com.br\/?p=114588#primaryimage"},"thumbnailUrl":"http:\/\/www.quersaberpolitica.com.br\/2016\/wp-content\/uploads\/2015\/01\/blogqsp.casa_.lossio-300x214.jpg","datePublished":"2015-01-29T17:00:54+00:00","breadcrumb":{"@id":"https:\/\/blogdofarnesio.com.br\/?p=114588#breadcrumb"},"inLanguage":"pt-BR","potentialAction":[{"@type":"ReadAction","target":["https:\/\/blogdofarnesio.com.br\/?p=114588"]}]},{"@type":"ImageObject","inLanguage":"pt-BR","@id":"https:\/\/blogdofarnesio.com.br\/?p=114588#primaryimage","url":"http:\/\/www.quersaberpolitica.com.br\/2016\/wp-content\/uploads\/2015\/01\/blogqsp.casa_.lossio-300x214.jpg","contentUrl":"http:\/\/www.quersaberpolitica.com.br\/2016\/wp-content\/uploads\/2015\/01\/blogqsp.casa_.lossio-300x214.jpg"},{"@type":"BreadcrumbList","@id":"https:\/\/blogdofarnesio.com.br\/?p=114588#breadcrumb","itemListElement":[{"@type":"ListItem","position":1,"name":"In\u00edcio","item":"https:\/\/blogdofarnesio.com.br\/"},{"@type":"ListItem","position":2,"name":"PREFEITO JULIO LOSSIO CONCRETIZA O SONHO DA CASA PR\u00d3PRIA DE MAIS DE MIL FAM\u00cdLIAS"}]},{"@type":"WebSite","@id":"https:\/\/blogdofarnesio.com.br\/#website","url":"https:\/\/blogdofarnesio.com.br\/","name":"Blog do Farn\u00e9sio","description":"Quer Saber Pol\u00edtica?","publisher":{"@id":"https:\/\/blogdofarnesio.com.br\/#organization"},"potentialAction":[{"@type":"SearchAction","target":{"@type":"EntryPoint","urlTemplate":"https:\/\/blogdofarnesio.com.br\/?s={search_term_string}"},"query-input":{"@type":"PropertyValueSpecification","valueRequired":true,"valueName":"search_term_string"}}],"inLanguage":"pt-BR"},{"@type":"Organization","@id":"https:\/\/blogdofarnesio.com.br\/#organization","name":"Blog do Farn\u00e9sio","url":"https:\/\/blogdofarnesio.com.br\/","logo":{"@type":"ImageObject","inLanguage":"pt-BR","@id":"https:\/\/blogdofarnesio.com.br\/#\/schema\/logo\/image\/","url":"https:\/\/blogdofarnesio.com.br\/wp-content\/uploads\/2026\/03\/cropped-logo_new-1.png","contentUrl":"https:\/\/blogdofarnesio.com.br\/wp-content\/uploads\/2026\/03\/cropped-logo_new-1.png","width":881,"height":685,"caption":"Blog do Farn\u00e9sio"},"image":{"@id":"https:\/\/blogdofarnesio.com.br\/#\/schema\/logo\/image\/"},"sameAs":["https:\/\/www.facebook.com\/BlogQuerSaberPolitica\/"]},{"@type":"Person","@id":"","url":"https:\/\/blogdofarnesio.com.br\/?author=7"}]}},"_links":{"self":[{"href":"https:\/\/blogdofarnesio.com.br\/index.php?rest_route=\/wp\/v2\/posts\/114588","targetHints":{"allow":["GET"]}}],"collection":[{"href":"https:\/\/blogdofarnesio.com.br\/index.php?rest_route=\/wp\/v2\/posts"}],"about":[{"href":"https:\/\/blogdofarnesio.com.br\/index.php?rest_route=\/wp\/v2\/types\/post"}],"author":[{"embeddable":true,"href":"https:\/\/blogdofarnesio.com.br\/index.php?rest_route=\/wp\/v2\/users\/7"}],"replies":[{"embeddable":true,"href":"https:\/\/blogdofarnesio.com.br\/index.php?rest_route=%2Fwp%2Fv2%2Fcomments&post=114588"}],"version-history":[{"count":0,"href":"https:\/\/blogdofarnesio.com.br\/index.php?rest_route=\/wp\/v2\/posts\/114588\/revisions"}],"wp:attachment":[{"href":"https:\/\/blogdofarnesio.com.br\/index.php?rest_route=%2Fwp%2Fv2%2Fmedia&parent=114588"}],"wp:term":[{"taxonomy":"category","embeddable":true,"href":"https:\/\/blogdofarnesio.com.br\/index.php?rest_route=%2Fwp%2Fv2%2Fcategories&post=114588"},{"taxonomy":"post_tag","embeddable":true,"href":"https:\/\/blogdofarnesio.com.br\/index.php?rest_route=%2Fwp%2Fv2%2Ftags&post=114588"}],"curies":[{"name":"wp","href":"https:\/\/api.w.org\/{rel}","templated":true}]}}