{"id":114107,"date":"2015-01-25T11:30:27","date_gmt":"2015-01-25T14:30:27","guid":{"rendered":"http:\/\/www.quersaberpolitica.com.br\/?p=114107"},"modified":"2015-01-25T09:19:47","modified_gmt":"2015-01-25T12:19:47","slug":"em-entrevista-armando-monteiro-diz-que-aumento-dos-salarios-prejudicou-exportacoes","status":"publish","type":"post","link":"https:\/\/blogdofarnesio.com.br\/?p=114107","title":{"rendered":"EM ENTREVISTA ARMANDO MONTEIRO DIZ QUE AUMENTO DOS SAL\u00c1RIOS PREJUDICOU EXPORTA\u00c7\u00d5ES"},"content":{"rendered":"<h1 style=\"text-align: justify\">Gabriel Castro, de VEJA\/ Bras\u00edlia<\/h1>\n<div style=\"text-align: justify\"><img loading=\"lazy\" decoding=\"async\" class=\"aligncenter\" title=\"Ministro do Desenvolvimento, Armando Monteiro Neto\" alt=\"Ministro do Desenvolvimento, Armando Monteiro Neto\" src=\"http:\/\/veja0.abrilm.com.br\/assets\/images\/2015\/1\/256753\/brasil-politica-Armando-Monteiro-Neto-20150107-29-size-598.jpg?1421857980\" width=\"478\" height=\"269\" \/>Ministro do Desenvolvimento, Armando Monteiro Neto\u00a0(Andr\u00e9 Coelho\/Ag\u00eancia o Globo)<\/p>\n<\/div>\n<p style=\"text-align: justify\">O ministro do Desenvolvimento, Ind\u00fastria e Com\u00e9rcio Exterior, Armando Monteiro Neto, \u00e9 um dos nomes menos contestados da nova equipe da presidente\u00a0Dilma Rousseff. Al\u00e9m de ser um parlamentar com fama de moderado e de poucos inimigos, ele presidiu durante oito\u00a0anos a Confedera\u00e7\u00e3o Nacional da Ind\u00fastria (CNI), o que lhe d\u00e1 legitimidade para ocupar um cargo importante para o setor. Filiado ao PTB, Monteiro tem diante de si um desafio significativo: a retomada do equil\u00edbrio da balan\u00e7a comercial brasileira ap\u00f3s um recorde negativo em 2014. Leia entrevista ao site de VEJA.<\/p>\n<p style=\"text-align: justify\"><strong>O senhor apoiou os governos Lula e Dilma. N\u00e3o s\u00e3o eles os respons\u00e1veis pelos problemas que o senhor apontou em discurso\u00a0logo ap\u00f3s ser nomeado, como a falta\u00a0de infraestrutura e de competitividade da ind\u00fastria?<\/strong><\/p>\n<p style=\"text-align: justify\"><strong>\u00a0<\/strong>Na verdade, o problema da balan\u00e7a comercial vem de d\u00e9cadas. S\u00e3o problemas estruturais, como a falta de infraestrutura e o custo da m\u00e3o de obra, que n\u00e3o se resolvem em um ou dois governos. Durante muito tempo, os \u00fanicos investimentos nessa \u00e1rea eram os feitos pelo Estado. S\u00f3 recentemente \u00e9 que ocorreram\u00a0concess\u00f5es. E as concess\u00f5es de ferrovias, por exemplo, n\u00e3o tiveram os efeitos positivos que n\u00f3s esper\u00e1vamos. As concession\u00e1rias se transformaram em donas das vias. Tamb\u00e9m tivemos muita dificuldade na aprova\u00e7\u00e3o de alguns marcos regulat\u00f3rios. Basta ver a demora na aprova\u00e7\u00e3o da\u00a0medida provis\u00f3ria dos Portos. Mas o governo Dilma fez uma desonera\u00e7\u00e3o de 20% na contribui\u00e7\u00e3o patronal na folha de pagamento e determinou uma s\u00e9rie de concess\u00f5es. Ent\u00e3o eu diria que n\u00e3o avan\u00e7amos tanto quanto poder\u00edamos, mas n\u00e3o ficamos estagnados.<\/p>\n<p><strong>Ainda assim,\u00a0em 2014 o resultado da balan\u00e7a comercial foi\u00a0o pior da hist\u00f3ria.<!--more-->\u00a0<\/strong>O que aconteceu nos \u00faltimos anos foi que houve um aumento consider\u00e1vel do sal\u00e1rio m\u00ednimo, o que motivou o aumento dos sal\u00e1rios m\u00e9dios da ind\u00fastria, mas a produtividade n\u00e3o aumentou da mesma forma. Aumentaram tamb\u00e9m alguns benef\u00edcios atrelados ao sal\u00e1rio. Isso eleva os custos para o empregador e faz as empresas perderem competitividade.<\/p>\n<p><strong>Ent\u00e3o os benef\u00edcios sociais acabaram por ter um efeito negativo?\u00a0<\/strong>A eleva\u00e7\u00e3o do sal\u00e1rio m\u00ednimo e a cria\u00e7\u00e3o de uma rede de inclus\u00e3o social com o Bolsa Fam\u00edlia t\u00eam um efeito muito positivo, que \u00e9 aumentar a massa de consumidores. E o consumo sustentou o crescimento da economia durante os \u00faltimos anos. Ao mesmo tempo, esses custos criam dificuldades para o exportador.<\/p>\n<p><strong>Como recuperar saldo da balan\u00e7a em 2015?\u00a0<\/strong>Tenho conversado muito com o Itamaraty sobre a import\u00e2ncia de acordos comerciais. \u00c9 primordial que o Brasil diversifique seus parceiros comerciais e amplie os mercados. Os Estados Unidos, nosso maior parceiro, est\u00e3o iniciando uma recupera\u00e7\u00e3o\u00a0econ\u00f4mica, o que\u00a0deve nos ajudar. Existe uma sinaliza\u00e7\u00e3o\u00a0de aumento na taxa de juros. Isso\u00a0tende a gerar uma valoriza\u00e7\u00e3o\u00a0no d\u00f3lar, que deve se fixar num patamar mais elevado.\u00a0N\u00e3o temos problemas alfandeg\u00e1rios com eles, apenas alguns ajustes que precisam ser negociados. Tamb\u00e9m h\u00e1 a previs\u00e3o de uma grande safra agr\u00edcola para 2015 no Brasil. Outro fator \u00e9\u00a0a conta petr\u00f3leo. N\u00f3s perdemos 20 bilh\u00f5es de d\u00f3lares em 2013 e 16 bilh\u00f5es de d\u00f3lares em 2014 por causa da\u00a0importa\u00e7\u00e3o de petr\u00f3leo. Com a queda no pre\u00e7o do barril, teremos um efeito imediato.\u00a0S\u00f3 a recupera\u00e7\u00e3o da conta petr\u00f3leo deve repor o d\u00e9ficit que nos tivemos em 2014. Al\u00e9m disso, tenho certeza que os investimentos v\u00e3o retomar com as medidas anunciadas recentemente pelo governo. O\u00a0ajuste \u00e9 para valer, e os investidores v\u00e3o\u00a0notar isso. O efeito ser\u00e1\u00a0ben\u00e9fico, apesar de em um primeiro momento ele poder causar inc\u00f4modo.<\/p>\n<p><strong>O senhor participou da elabora\u00e7\u00e3o\u00a0das medidas econ\u00f4micas?\u00a0<\/strong>N\u00e3o participei da elabora\u00e7\u00e3o, mas da discuss\u00e3o sobre elas participei ativamente. Tenho tido espa\u00e7o para apresentar nossa vis\u00e3o sobre o tema.<\/p>\n<p style=\"text-align: justify\"><strong>O senhor critica\u00a0o controle artificial do d\u00f3lar pelo governo. A\u00a0gest\u00e3o atual concorda?<\/strong>Sim.<strong>\u00a0<\/strong>No passado, houve um controle artificial do d\u00f3lar, com a tese de que isso ajudaria a controlar a infla\u00e7\u00e3o. Mas isso prejudicou as exporta\u00e7\u00f5es porque tirou competitividade das ind\u00fastrias. Tanto que, com a subida recente do d\u00f3lar, a queda do real foi mais acentuada do que outras moedas. Foi um ajuste natural.<\/p>\n<p style=\"text-align: justify\"><strong>Existe um patamar ideal do d\u00f3lar para a exporta\u00e7\u00e3o?\u00a0<\/strong>\u00c9 complicado falar em d\u00f3lar ideal. Pode parecer que eu estou determinando o valor que o d\u00f3lar deve ter.<\/p>\n<p style=\"text-align: justify\"><strong>O relat\u00f3rio Focus fala em US$ 2,80. \u00c9 suficiente?\u00a0<\/strong>Creio que \u00e9 cedo para avaliar.<\/p>\n<p><strong>O d\u00f3lar, por si s\u00f3, deve reverter o resultado negativo?\u00a0<\/strong>Sem d\u00favida essa valoriza\u00e7\u00e3o do d\u00f3lar tem um efeito significativo, at\u00e9 porque ele tamb\u00e9m torna as importa\u00e7\u00f5es mais caras. Ou seja: atua dos dois lados da balan\u00e7a. Mas n\u00e3o\u00a0vai resolver o problema de forma isolada.<\/p>\n<p style=\"text-align: justify\"><strong>Qu\u00e3o grande \u00e9 a preocupa\u00e7\u00e3o com as exporta\u00e7\u00f5es de industrializados?\u00a0<\/strong>\u00c9 a nossa prioridade. O setor industrial foi o que mais perdeu nos \u00faltimos anos. Hoje os produtos industrializados representam cerca de 35% das nossas exporta\u00e7\u00f5es. Eles j\u00e1 foram mais de 50%. Vamos dar uma aten\u00e7\u00e3o\u00a0especial a esse setor, intensificando\u00a0as negocia\u00e7\u00f5es comerciais. E temos projetos para aumentar competitividade, oferecer mais cr\u00e9dito, incentivar a inova\u00e7\u00e3o e promover desonera\u00e7\u00f5es.<\/p>\n<p><strong>Isso n\u00e3o pode ser prejudicado pelo contingenciamento de recursos do Or\u00e7amento?\u00a0<\/strong>N\u00f3s temos a capacidade de construir bons resultados com uma aplica\u00e7\u00e3o eficiente dos recursos.<\/p>\n<p style=\"text-align: justify\"><strong>A presidente \u00e0s vezes d\u00e1 a impress\u00e3o de que est\u00e1 enclausurada justamente num momento em que o pa\u00eds precisa de comando. O governo ainda n\u00e3o tem clareza de como agir diante da perspectiva de crise econ\u00f4mica?<\/strong>\u00a0A presidente\u00a0tem plena consci\u00eancia do que \u00e9 preciso fazer. Tenho contato frequente com ela e n\u00e3o h\u00e1\u00a0qualquer d\u00favida quanto \u00e0s decis\u00f5es que precisa tomar. Ela tem tido uma participa\u00e7\u00e3o ativa nessas medidas econ\u00f4micas,\u00a0que em breve surtir\u00e3o efeito.<\/p>\n<p><strong>Quando?\u00a0<\/strong>Em seis, oito, dez meses.<\/p>\n<p><strong>O governo n\u00e3o cometeu estelionato eleitoral ao omitir a situa\u00e7\u00e3o delicada da economia durante as elei\u00e7\u00f5es?\u00a0<\/strong>N\u00e3o acredito que houve isso. O governo adotou medidas antic\u00edclicas nos \u00faltimos dois anos, para incentivar o consumo, como as desonera\u00e7\u00f5es.\u00a0Pode-se agora discutir os resultados dessa medida, mas no mundo todo \u00e9 assim que se faz. Acontece que essa pol\u00edtica\u00a0causou um desequil\u00edbrio nas contas p\u00fablicas\u00a0que agora \u00e9 preciso ajustar. E o governo\u00a0j\u00e1 come\u00e7ou a fazer isso.<\/p>\n<p style=\"text-align: justify\"><strong>A presidente n\u00e3o\u00a0deveria ir a p\u00fablico e agir com mais transpar\u00eancia para explicar o ajuste?\u00a0<\/strong>Ela j\u00e1 fez isso em duas ocasi\u00f5es de forma muito clara: em sua\u00a0diploma\u00e7\u00e3o e no discurso de posse que fez no\u00a0Congresso. Ali ela apresentou quais seriam as linhas de seu segundo mandato.<\/p>\n<p style=\"text-align: justify\"><strong>Analistas afirmam que o governo ainda gasta em excesso\u00a0apesar dos cortes recentes.\u00a0<\/strong>Para o exportador, quando se fala em gastos p\u00fablicos o impacto \u00e9 por meio da\u00a0carga tribut\u00e1ria, que de fato tem efeito sobre o resultado das exporta\u00e7\u00f5es. Mas creio que o governo atual n\u00e3o tem participa\u00e7\u00e3o nisso. O salto mais significativo foi l\u00e1 atr\u00e1s, quando passamos de 25 para 35% de carga tribut\u00e1ria. E isso quem decide \u00e9 a sociedade. Ela apresentou demandas ao Congresso, que concedeu benef\u00edcios e isso\u00a0impactaou\u00a0nos gastos da m\u00e1quina p\u00fablica.<\/p>\n<p><strong>O senhor acha que o governo e o Congresso ignoram\u00a0os custos desses benef\u00edcios no Or\u00e7amento?<\/strong>\u00a0Creio que a sociedade e o Congresso nem sempre levam em considera\u00e7\u00e3o o custo que algumas demandas trazem para o setor produtivo. O governo n\u00e3o gera riquezas; ent\u00e3o, o custeio desses programas recai sobre o contribuinte e o setor produtivo.<\/p>\n<p><strong>A presidente Dilma tem 39 ministros.\u00a0O senhor j\u00e1 viu alguma ind\u00fastria com 39 diretores?<\/strong>Depende da complexidade da empresa. E no governo muitos minist\u00e9rios s\u00e3o secretarias com status de minist\u00e9rio, que se perdessem o status n\u00e3o implicariam em nenhuma redu\u00e7\u00e3o de custo porque a estrutura administrativa n\u00e3o seria desfeita.<\/p>\n<p><strong>O senhor chegou ao cargo pela filia\u00e7\u00e3o partid\u00e1ria, pela proximidade com o ex-presidente Lula ou pelo curr\u00edculo?\u00a0<\/strong>Acredito que fui escolhido por dois fatores. Primeiro, pelo\u00a0meu hist\u00f3rico na \u00e1rea industrial. Segundo, por minha minha boa interlocu\u00e7\u00e3o pol\u00edtica, o que tamb\u00e9m \u00e9 importante nesse cargo. E, apesar de meu partido ter apoiado o candidato de oposi\u00e7\u00e3o, as bancadas da C\u00e2mara e do Senado estiveram com a presidente Dilma.<\/p>\n<p><strong>O senhor concorda que Lula\u00a0deve ser o candidato\u00a0em 2018?\u00a0<\/strong>\u00c9 muito cedo para falar sobre 2018. Tenho muito trabalho a fazer aqui no minist\u00e9rio; meu foco s\u00e3o os projetos a implementar nesses quatro anos.<\/p>\n","protected":false},"excerpt":{"rendered":"<p>Gabriel Castro, de VEJA\/ Bras\u00edlia Ministro do Desenvolvimento, Armando Monteiro Neto\u00a0(Andr\u00e9 Coelho\/Ag\u00eancia o Globo) O ministro do Desenvolvimento, Ind\u00fastria e Com\u00e9rcio Exterior, Armando Monteiro Neto, \u00e9 um dos nomes menos contestados da nova equipe da presidente\u00a0Dilma Rousseff. Al\u00e9m de ser um parlamentar com fama de moderado e de poucos inimigos, ele presidiu durante oito\u00a0anos a Confedera\u00e7\u00e3o Nacional da Ind\u00fastria (CNI), o que lhe d\u00e1 legitimidade para ocupar um cargo importante para o setor. Filiado ao PTB, Monteiro tem diante de si um desafio significativo: a retomada do equil\u00edbrio da balan\u00e7a comercial brasileira ap\u00f3s um recorde negativo em 2014. Leia entrevista ao site de VEJA. O senhor apoiou os governos Lula e Dilma. N\u00e3o s\u00e3o eles os respons\u00e1veis pelos problemas que&hellip; <\/p>\n","protected":false},"author":3,"featured_media":0,"comment_status":"open","ping_status":"open","sticky":false,"template":"","format":"standard","meta":{"_acf_changed":false,"footnotes":""},"categories":[1],"tags":[],"class_list":["post-114107","post","type-post","status-publish","format-standard","hentry","category-politica"],"acf":[],"yoast_head":"<!-- This site is optimized with the Yoast SEO plugin v27.4 - https:\/\/yoast.com\/product\/yoast-seo-wordpress\/ -->\n<title>EM ENTREVISTA ARMANDO MONTEIRO DIZ QUE AUMENTO DOS SAL\u00c1RIOS PREJUDICOU EXPORTA\u00c7\u00d5ES - Blog do Farn\u00e9sio<\/title>\n<meta name=\"robots\" content=\"index, follow, max-snippet:-1, max-image-preview:large, max-video-preview:-1\" \/>\n<link rel=\"canonical\" href=\"https:\/\/blogdofarnesio.com.br\/?p=114107\" \/>\n<meta property=\"og:locale\" content=\"pt_BR\" \/>\n<meta property=\"og:type\" content=\"article\" \/>\n<meta property=\"og:title\" content=\"EM ENTREVISTA ARMANDO MONTEIRO DIZ QUE AUMENTO DOS SAL\u00c1RIOS PREJUDICOU EXPORTA\u00c7\u00d5ES - Blog do Farn\u00e9sio\" \/>\n<meta property=\"og:description\" content=\"Gabriel Castro, de VEJA\/ Bras\u00edlia Ministro do Desenvolvimento, Armando Monteiro Neto\u00a0(Andr\u00e9 Coelho\/Ag\u00eancia o Globo) O ministro do Desenvolvimento, Ind\u00fastria e Com\u00e9rcio Exterior, Armando Monteiro Neto, \u00e9 um dos nomes menos contestados da nova equipe da presidente\u00a0Dilma Rousseff. Al\u00e9m de ser um parlamentar com fama de moderado e de poucos inimigos, ele presidiu durante oito\u00a0anos a Confedera\u00e7\u00e3o Nacional da Ind\u00fastria (CNI), o que lhe d\u00e1 legitimidade para ocupar um cargo importante para o setor. Filiado ao PTB, Monteiro tem diante de si um desafio significativo: a retomada do equil\u00edbrio da balan\u00e7a comercial brasileira ap\u00f3s um recorde negativo em 2014. Leia entrevista ao site de VEJA. O senhor apoiou os governos Lula e Dilma. N\u00e3o s\u00e3o eles os respons\u00e1veis pelos problemas que&hellip;\" \/>\n<meta property=\"og:url\" content=\"https:\/\/blogdofarnesio.com.br\/?p=114107\" \/>\n<meta property=\"og:site_name\" content=\"Blog do Farn\u00e9sio\" \/>\n<meta property=\"article:publisher\" content=\"https:\/\/www.facebook.com\/BlogQuerSaberPolitica\/\" \/>\n<meta property=\"article:published_time\" content=\"2015-01-25T14:30:27+00:00\" \/>\n<meta property=\"og:image\" content=\"http:\/\/veja0.abrilm.com.br\/assets\/images\/2015\/1\/256753\/brasil-politica-Armando-Monteiro-Neto-20150107-29-size-598.jpg?1421857980\" \/>\n<meta name=\"author\" content=\"teste\" \/>\n<meta name=\"twitter:card\" content=\"summary_large_image\" \/>\n<meta name=\"twitter:label1\" content=\"Escrito por\" \/>\n\t<meta name=\"twitter:data1\" content=\"teste\" \/>\n\t<meta name=\"twitter:label2\" content=\"Est. tempo de leitura\" \/>\n\t<meta name=\"twitter:data2\" content=\"8 minutos\" \/>\n<script type=\"application\/ld+json\" class=\"yoast-schema-graph\">{\"@context\":\"https:\\\/\\\/schema.org\",\"@graph\":[{\"@type\":\"Article\",\"@id\":\"https:\\\/\\\/blogdofarnesio.com.br\\\/?p=114107#article\",\"isPartOf\":{\"@id\":\"https:\\\/\\\/blogdofarnesio.com.br\\\/?p=114107\"},\"author\":{\"name\":\"teste\",\"@id\":\"https:\\\/\\\/blogdofarnesio.com.br\\\/#\\\/schema\\\/person\\\/dd1bf5eba40b687199ba45ca6b97dff9\"},\"headline\":\"EM ENTREVISTA ARMANDO MONTEIRO DIZ QUE AUMENTO DOS SAL\u00c1RIOS PREJUDICOU EXPORTA\u00c7\u00d5ES\",\"datePublished\":\"2015-01-25T14:30:27+00:00\",\"mainEntityOfPage\":{\"@id\":\"https:\\\/\\\/blogdofarnesio.com.br\\\/?p=114107\"},\"wordCount\":1549,\"commentCount\":0,\"publisher\":{\"@id\":\"https:\\\/\\\/blogdofarnesio.com.br\\\/#organization\"},\"image\":{\"@id\":\"https:\\\/\\\/blogdofarnesio.com.br\\\/?p=114107#primaryimage\"},\"thumbnailUrl\":\"http:\\\/\\\/veja0.abrilm.com.br\\\/assets\\\/images\\\/2015\\\/1\\\/256753\\\/brasil-politica-Armando-Monteiro-Neto-20150107-29-size-598.jpg?1421857980\",\"articleSection\":[\"Pol\u00edtica\"],\"inLanguage\":\"pt-BR\",\"potentialAction\":[{\"@type\":\"CommentAction\",\"name\":\"Comment\",\"target\":[\"https:\\\/\\\/blogdofarnesio.com.br\\\/?p=114107#respond\"]}]},{\"@type\":\"WebPage\",\"@id\":\"https:\\\/\\\/blogdofarnesio.com.br\\\/?p=114107\",\"url\":\"https:\\\/\\\/blogdofarnesio.com.br\\\/?p=114107\",\"name\":\"EM ENTREVISTA ARMANDO MONTEIRO DIZ QUE AUMENTO DOS SAL\u00c1RIOS PREJUDICOU EXPORTA\u00c7\u00d5ES - Blog do Farn\u00e9sio\",\"isPartOf\":{\"@id\":\"https:\\\/\\\/blogdofarnesio.com.br\\\/#website\"},\"primaryImageOfPage\":{\"@id\":\"https:\\\/\\\/blogdofarnesio.com.br\\\/?p=114107#primaryimage\"},\"image\":{\"@id\":\"https:\\\/\\\/blogdofarnesio.com.br\\\/?p=114107#primaryimage\"},\"thumbnailUrl\":\"http:\\\/\\\/veja0.abrilm.com.br\\\/assets\\\/images\\\/2015\\\/1\\\/256753\\\/brasil-politica-Armando-Monteiro-Neto-20150107-29-size-598.jpg?1421857980\",\"datePublished\":\"2015-01-25T14:30:27+00:00\",\"breadcrumb\":{\"@id\":\"https:\\\/\\\/blogdofarnesio.com.br\\\/?p=114107#breadcrumb\"},\"inLanguage\":\"pt-BR\",\"potentialAction\":[{\"@type\":\"ReadAction\",\"target\":[\"https:\\\/\\\/blogdofarnesio.com.br\\\/?p=114107\"]}]},{\"@type\":\"ImageObject\",\"inLanguage\":\"pt-BR\",\"@id\":\"https:\\\/\\\/blogdofarnesio.com.br\\\/?p=114107#primaryimage\",\"url\":\"http:\\\/\\\/veja0.abrilm.com.br\\\/assets\\\/images\\\/2015\\\/1\\\/256753\\\/brasil-politica-Armando-Monteiro-Neto-20150107-29-size-598.jpg?1421857980\",\"contentUrl\":\"http:\\\/\\\/veja0.abrilm.com.br\\\/assets\\\/images\\\/2015\\\/1\\\/256753\\\/brasil-politica-Armando-Monteiro-Neto-20150107-29-size-598.jpg?1421857980\"},{\"@type\":\"BreadcrumbList\",\"@id\":\"https:\\\/\\\/blogdofarnesio.com.br\\\/?p=114107#breadcrumb\",\"itemListElement\":[{\"@type\":\"ListItem\",\"position\":1,\"name\":\"In\u00edcio\",\"item\":\"https:\\\/\\\/blogdofarnesio.com.br\\\/\"},{\"@type\":\"ListItem\",\"position\":2,\"name\":\"EM ENTREVISTA ARMANDO MONTEIRO DIZ QUE AUMENTO DOS SAL\u00c1RIOS PREJUDICOU EXPORTA\u00c7\u00d5ES\"}]},{\"@type\":\"WebSite\",\"@id\":\"https:\\\/\\\/blogdofarnesio.com.br\\\/#website\",\"url\":\"https:\\\/\\\/blogdofarnesio.com.br\\\/\",\"name\":\"Blog do Farn\u00e9sio\",\"description\":\"Quer Saber Pol\u00edtica?\",\"publisher\":{\"@id\":\"https:\\\/\\\/blogdofarnesio.com.br\\\/#organization\"},\"potentialAction\":[{\"@type\":\"SearchAction\",\"target\":{\"@type\":\"EntryPoint\",\"urlTemplate\":\"https:\\\/\\\/blogdofarnesio.com.br\\\/?s={search_term_string}\"},\"query-input\":{\"@type\":\"PropertyValueSpecification\",\"valueRequired\":true,\"valueName\":\"search_term_string\"}}],\"inLanguage\":\"pt-BR\"},{\"@type\":\"Organization\",\"@id\":\"https:\\\/\\\/blogdofarnesio.com.br\\\/#organization\",\"name\":\"Blog do Farn\u00e9sio\",\"url\":\"https:\\\/\\\/blogdofarnesio.com.br\\\/\",\"logo\":{\"@type\":\"ImageObject\",\"inLanguage\":\"pt-BR\",\"@id\":\"https:\\\/\\\/blogdofarnesio.com.br\\\/#\\\/schema\\\/logo\\\/image\\\/\",\"url\":\"https:\\\/\\\/blogdofarnesio.com.br\\\/wp-content\\\/uploads\\\/2026\\\/03\\\/cropped-logo_new-1.png\",\"contentUrl\":\"https:\\\/\\\/blogdofarnesio.com.br\\\/wp-content\\\/uploads\\\/2026\\\/03\\\/cropped-logo_new-1.png\",\"width\":881,\"height\":685,\"caption\":\"Blog do Farn\u00e9sio\"},\"image\":{\"@id\":\"https:\\\/\\\/blogdofarnesio.com.br\\\/#\\\/schema\\\/logo\\\/image\\\/\"},\"sameAs\":[\"https:\\\/\\\/www.facebook.com\\\/BlogQuerSaberPolitica\\\/\"]},{\"@type\":\"Person\",\"@id\":\"https:\\\/\\\/blogdofarnesio.com.br\\\/#\\\/schema\\\/person\\\/dd1bf5eba40b687199ba45ca6b97dff9\",\"name\":\"teste\",\"image\":{\"@type\":\"ImageObject\",\"inLanguage\":\"pt-BR\",\"@id\":\"https:\\\/\\\/secure.gravatar.com\\\/avatar\\\/2172498d4914b51e1d89a0f97957b035ac4938723a5cac208135d389b6972a6d?s=96&d=mm&r=g\",\"url\":\"https:\\\/\\\/secure.gravatar.com\\\/avatar\\\/2172498d4914b51e1d89a0f97957b035ac4938723a5cac208135d389b6972a6d?s=96&d=mm&r=g\",\"contentUrl\":\"https:\\\/\\\/secure.gravatar.com\\\/avatar\\\/2172498d4914b51e1d89a0f97957b035ac4938723a5cac208135d389b6972a6d?s=96&d=mm&r=g\",\"caption\":\"teste\"},\"url\":\"https:\\\/\\\/blogdofarnesio.com.br\\\/?author=3\"}]}<\/script>\n<!-- \/ Yoast SEO plugin. -->","yoast_head_json":{"title":"EM ENTREVISTA ARMANDO MONTEIRO DIZ QUE AUMENTO DOS SAL\u00c1RIOS PREJUDICOU EXPORTA\u00c7\u00d5ES - Blog do Farn\u00e9sio","robots":{"index":"index","follow":"follow","max-snippet":"max-snippet:-1","max-image-preview":"max-image-preview:large","max-video-preview":"max-video-preview:-1"},"canonical":"https:\/\/blogdofarnesio.com.br\/?p=114107","og_locale":"pt_BR","og_type":"article","og_title":"EM ENTREVISTA ARMANDO MONTEIRO DIZ QUE AUMENTO DOS SAL\u00c1RIOS PREJUDICOU EXPORTA\u00c7\u00d5ES - Blog do Farn\u00e9sio","og_description":"Gabriel Castro, de VEJA\/ Bras\u00edlia Ministro do Desenvolvimento, Armando Monteiro Neto\u00a0(Andr\u00e9 Coelho\/Ag\u00eancia o Globo) O ministro do Desenvolvimento, Ind\u00fastria e Com\u00e9rcio Exterior, Armando Monteiro Neto, \u00e9 um dos nomes menos contestados da nova equipe da presidente\u00a0Dilma Rousseff. Al\u00e9m de ser um parlamentar com fama de moderado e de poucos inimigos, ele presidiu durante oito\u00a0anos a Confedera\u00e7\u00e3o Nacional da Ind\u00fastria (CNI), o que lhe d\u00e1 legitimidade para ocupar um cargo importante para o setor. Filiado ao PTB, Monteiro tem diante de si um desafio significativo: a retomada do equil\u00edbrio da balan\u00e7a comercial brasileira ap\u00f3s um recorde negativo em 2014. Leia entrevista ao site de VEJA. O senhor apoiou os governos Lula e Dilma. N\u00e3o s\u00e3o eles os respons\u00e1veis pelos problemas que&hellip;","og_url":"https:\/\/blogdofarnesio.com.br\/?p=114107","og_site_name":"Blog do Farn\u00e9sio","article_publisher":"https:\/\/www.facebook.com\/BlogQuerSaberPolitica\/","article_published_time":"2015-01-25T14:30:27+00:00","og_image":[{"url":"http:\/\/veja0.abrilm.com.br\/assets\/images\/2015\/1\/256753\/brasil-politica-Armando-Monteiro-Neto-20150107-29-size-598.jpg?1421857980","type":"","width":"","height":""}],"author":"teste","twitter_card":"summary_large_image","twitter_misc":{"Escrito por":"teste","Est. tempo de leitura":"8 minutos"},"schema":{"@context":"https:\/\/schema.org","@graph":[{"@type":"Article","@id":"https:\/\/blogdofarnesio.com.br\/?p=114107#article","isPartOf":{"@id":"https:\/\/blogdofarnesio.com.br\/?p=114107"},"author":{"name":"teste","@id":"https:\/\/blogdofarnesio.com.br\/#\/schema\/person\/dd1bf5eba40b687199ba45ca6b97dff9"},"headline":"EM ENTREVISTA ARMANDO MONTEIRO DIZ QUE AUMENTO DOS SAL\u00c1RIOS PREJUDICOU EXPORTA\u00c7\u00d5ES","datePublished":"2015-01-25T14:30:27+00:00","mainEntityOfPage":{"@id":"https:\/\/blogdofarnesio.com.br\/?p=114107"},"wordCount":1549,"commentCount":0,"publisher":{"@id":"https:\/\/blogdofarnesio.com.br\/#organization"},"image":{"@id":"https:\/\/blogdofarnesio.com.br\/?p=114107#primaryimage"},"thumbnailUrl":"http:\/\/veja0.abrilm.com.br\/assets\/images\/2015\/1\/256753\/brasil-politica-Armando-Monteiro-Neto-20150107-29-size-598.jpg?1421857980","articleSection":["Pol\u00edtica"],"inLanguage":"pt-BR","potentialAction":[{"@type":"CommentAction","name":"Comment","target":["https:\/\/blogdofarnesio.com.br\/?p=114107#respond"]}]},{"@type":"WebPage","@id":"https:\/\/blogdofarnesio.com.br\/?p=114107","url":"https:\/\/blogdofarnesio.com.br\/?p=114107","name":"EM ENTREVISTA ARMANDO MONTEIRO DIZ QUE AUMENTO DOS SAL\u00c1RIOS PREJUDICOU EXPORTA\u00c7\u00d5ES - Blog do Farn\u00e9sio","isPartOf":{"@id":"https:\/\/blogdofarnesio.com.br\/#website"},"primaryImageOfPage":{"@id":"https:\/\/blogdofarnesio.com.br\/?p=114107#primaryimage"},"image":{"@id":"https:\/\/blogdofarnesio.com.br\/?p=114107#primaryimage"},"thumbnailUrl":"http:\/\/veja0.abrilm.com.br\/assets\/images\/2015\/1\/256753\/brasil-politica-Armando-Monteiro-Neto-20150107-29-size-598.jpg?1421857980","datePublished":"2015-01-25T14:30:27+00:00","breadcrumb":{"@id":"https:\/\/blogdofarnesio.com.br\/?p=114107#breadcrumb"},"inLanguage":"pt-BR","potentialAction":[{"@type":"ReadAction","target":["https:\/\/blogdofarnesio.com.br\/?p=114107"]}]},{"@type":"ImageObject","inLanguage":"pt-BR","@id":"https:\/\/blogdofarnesio.com.br\/?p=114107#primaryimage","url":"http:\/\/veja0.abrilm.com.br\/assets\/images\/2015\/1\/256753\/brasil-politica-Armando-Monteiro-Neto-20150107-29-size-598.jpg?1421857980","contentUrl":"http:\/\/veja0.abrilm.com.br\/assets\/images\/2015\/1\/256753\/brasil-politica-Armando-Monteiro-Neto-20150107-29-size-598.jpg?1421857980"},{"@type":"BreadcrumbList","@id":"https:\/\/blogdofarnesio.com.br\/?p=114107#breadcrumb","itemListElement":[{"@type":"ListItem","position":1,"name":"In\u00edcio","item":"https:\/\/blogdofarnesio.com.br\/"},{"@type":"ListItem","position":2,"name":"EM ENTREVISTA ARMANDO MONTEIRO DIZ QUE AUMENTO DOS SAL\u00c1RIOS PREJUDICOU EXPORTA\u00c7\u00d5ES"}]},{"@type":"WebSite","@id":"https:\/\/blogdofarnesio.com.br\/#website","url":"https:\/\/blogdofarnesio.com.br\/","name":"Blog do Farn\u00e9sio","description":"Quer Saber Pol\u00edtica?","publisher":{"@id":"https:\/\/blogdofarnesio.com.br\/#organization"},"potentialAction":[{"@type":"SearchAction","target":{"@type":"EntryPoint","urlTemplate":"https:\/\/blogdofarnesio.com.br\/?s={search_term_string}"},"query-input":{"@type":"PropertyValueSpecification","valueRequired":true,"valueName":"search_term_string"}}],"inLanguage":"pt-BR"},{"@type":"Organization","@id":"https:\/\/blogdofarnesio.com.br\/#organization","name":"Blog do Farn\u00e9sio","url":"https:\/\/blogdofarnesio.com.br\/","logo":{"@type":"ImageObject","inLanguage":"pt-BR","@id":"https:\/\/blogdofarnesio.com.br\/#\/schema\/logo\/image\/","url":"https:\/\/blogdofarnesio.com.br\/wp-content\/uploads\/2026\/03\/cropped-logo_new-1.png","contentUrl":"https:\/\/blogdofarnesio.com.br\/wp-content\/uploads\/2026\/03\/cropped-logo_new-1.png","width":881,"height":685,"caption":"Blog do Farn\u00e9sio"},"image":{"@id":"https:\/\/blogdofarnesio.com.br\/#\/schema\/logo\/image\/"},"sameAs":["https:\/\/www.facebook.com\/BlogQuerSaberPolitica\/"]},{"@type":"Person","@id":"https:\/\/blogdofarnesio.com.br\/#\/schema\/person\/dd1bf5eba40b687199ba45ca6b97dff9","name":"teste","image":{"@type":"ImageObject","inLanguage":"pt-BR","@id":"https:\/\/secure.gravatar.com\/avatar\/2172498d4914b51e1d89a0f97957b035ac4938723a5cac208135d389b6972a6d?s=96&d=mm&r=g","url":"https:\/\/secure.gravatar.com\/avatar\/2172498d4914b51e1d89a0f97957b035ac4938723a5cac208135d389b6972a6d?s=96&d=mm&r=g","contentUrl":"https:\/\/secure.gravatar.com\/avatar\/2172498d4914b51e1d89a0f97957b035ac4938723a5cac208135d389b6972a6d?s=96&d=mm&r=g","caption":"teste"},"url":"https:\/\/blogdofarnesio.com.br\/?author=3"}]}},"_links":{"self":[{"href":"https:\/\/blogdofarnesio.com.br\/index.php?rest_route=\/wp\/v2\/posts\/114107","targetHints":{"allow":["GET"]}}],"collection":[{"href":"https:\/\/blogdofarnesio.com.br\/index.php?rest_route=\/wp\/v2\/posts"}],"about":[{"href":"https:\/\/blogdofarnesio.com.br\/index.php?rest_route=\/wp\/v2\/types\/post"}],"author":[{"embeddable":true,"href":"https:\/\/blogdofarnesio.com.br\/index.php?rest_route=\/wp\/v2\/users\/3"}],"replies":[{"embeddable":true,"href":"https:\/\/blogdofarnesio.com.br\/index.php?rest_route=%2Fwp%2Fv2%2Fcomments&post=114107"}],"version-history":[{"count":0,"href":"https:\/\/blogdofarnesio.com.br\/index.php?rest_route=\/wp\/v2\/posts\/114107\/revisions"}],"wp:attachment":[{"href":"https:\/\/blogdofarnesio.com.br\/index.php?rest_route=%2Fwp%2Fv2%2Fmedia&parent=114107"}],"wp:term":[{"taxonomy":"category","embeddable":true,"href":"https:\/\/blogdofarnesio.com.br\/index.php?rest_route=%2Fwp%2Fv2%2Fcategories&post=114107"},{"taxonomy":"post_tag","embeddable":true,"href":"https:\/\/blogdofarnesio.com.br\/index.php?rest_route=%2Fwp%2Fv2%2Ftags&post=114107"}],"curies":[{"name":"wp","href":"https:\/\/api.w.org\/{rel}","templated":true}]}}