{"id":114102,"date":"2015-01-25T10:30:17","date_gmt":"2015-01-25T13:30:17","guid":{"rendered":"http:\/\/www.quersaberpolitica.com.br\/?p=114102"},"modified":"2015-01-25T09:10:56","modified_gmt":"2015-01-25T12:10:56","slug":"numero-de-prisoes-da-policia-federal-caiu-durante-primeiro-governo-dilma","status":"publish","type":"post","link":"https:\/\/blogdofarnesio.com.br\/?p=114102","title":{"rendered":"N\u00daMERO DE PRIS\u00d5ES DA POL\u00cdCIA FEDERAL CAIU DURANTE PRIMEIRO GOVERNO DILMA"},"content":{"rendered":"<div style=\"text-align: justify\">\n<p><a href=\"http:\/\/www.diariodopoder.com.br\/wp-content\/uploads\/2014\/11\/Nilton-Fukuda-Estadao-Conteudo-Policia-Federal-Camargo-Correa-Sede1.jpg\"><img loading=\"lazy\" decoding=\"async\" class=\"aligncenter\" alt=\"Nilton-Fukuda-Estadao-Conteudo-Policia-Federal-Camargo-Correa-Sede\" src=\"http:\/\/www.diariodopoder.com.br\/wp-content\/uploads\/2014\/11\/Nilton-Fukuda-Estadao-Conteudo-Policia-Federal-Camargo-Correa-Sede1.jpg\" width=\"506\" height=\"293\" \/><\/a><\/p>\n<p>\u00c9 pura lorota a hist\u00f3ria repetida \u00e0 exaust\u00e3o por Dilma, em sua campanha, de que a Pol\u00edcia Federal \u00e9 \u201cmais ativa\u201d em seu governo e que por isso \u201ca corrup\u00e7\u00e3o n\u00e3o aumentou, o que aumentou foi o combate \u00e0 corrup\u00e7\u00e3o\u201d. Al\u00e9m de delegados e agentes se queixarem de desest\u00edmulo, do contingente insuficiente e da redu\u00e7\u00e3o do or\u00e7amento, o n\u00famero de pris\u00f5es, no primeiro governo Dilma, caiu em quase 40%.<\/p>\n<p>Diminu\u00edram as pris\u00f5es no governo Dilma, mas o n\u00famero de opera\u00e7\u00f5es policiais (1.284) foi maior que no governo Lula (911).\u00a0A PF n\u00e3o revela seu contingente porque a informa\u00e7\u00e3o \u00e9 \u201cclassificada como reservada\u201d. O Minist\u00e9rio do Planejamento informa: s\u00e3o 14.521.<\/p>\n<p>Durante o governo Lula foram presas 11.327 pessoas em opera\u00e7\u00f5es da Pol\u00edcia Federal. No governo Dilma, esse n\u00famero caiu para 9.606.<\/p>\n<p>Durante 2014, Copa do Mundo e elei\u00e7\u00f5es afastaram muitos delegados e agentes da sua rotina, represando in\u00fameras opera\u00e7\u00f5es policiais.<\/p>\n<p>Leia na\u00a0<a href=\"http:\/\/www.diariodopoder.com.br\/coluna\">Coluna Cl\u00e1udio Humberto<\/a>.<\/p>\n<\/div>\n","protected":false},"excerpt":{"rendered":"<p>\u00c9 pura lorota a hist\u00f3ria repetida \u00e0 exaust\u00e3o por Dilma, em sua campanha, de que a Pol\u00edcia Federal \u00e9 \u201cmais ativa\u201d em seu governo e que por isso \u201ca corrup\u00e7\u00e3o n\u00e3o aumentou, o que aumentou foi o combate \u00e0 corrup\u00e7\u00e3o\u201d. Al\u00e9m de delegados e agentes se queixarem de desest\u00edmulo, do contingente insuficiente e da redu\u00e7\u00e3o do or\u00e7amento, o n\u00famero de pris\u00f5es, no primeiro governo Dilma, caiu em quase 40%. Diminu\u00edram as pris\u00f5es no governo Dilma, mas o n\u00famero de opera\u00e7\u00f5es policiais (1.284) foi maior que no governo Lula (911).\u00a0A PF n\u00e3o revela seu contingente porque a informa\u00e7\u00e3o \u00e9 \u201cclassificada como reservada\u201d. O Minist\u00e9rio do Planejamento informa: s\u00e3o 14.521. Durante o governo Lula foram presas 11.327 pessoas em opera\u00e7\u00f5es da Pol\u00edcia&hellip; <\/p>\n","protected":false},"author":3,"featured_media":0,"comment_status":"open","ping_status":"open","sticky":false,"template":"","format":"standard","meta":{"_acf_changed":false,"footnotes":""},"categories":[9],"tags":[],"class_list":["post-114102","post","type-post","status-publish","format-standard","hentry","category-policia"],"acf":[],"yoast_head":"<!-- This site is optimized with the Yoast SEO plugin v27.4 - https:\/\/yoast.com\/product\/yoast-seo-wordpress\/ -->\n<title>N\u00daMERO DE PRIS\u00d5ES DA POL\u00cdCIA FEDERAL CAIU DURANTE PRIMEIRO GOVERNO DILMA - Blog do Farn\u00e9sio<\/title>\n<meta name=\"robots\" content=\"index, follow, max-snippet:-1, max-image-preview:large, max-video-preview:-1\" \/>\n<link rel=\"canonical\" href=\"https:\/\/blogdofarnesio.com.br\/?p=114102\" \/>\n<meta property=\"og:locale\" content=\"pt_BR\" \/>\n<meta property=\"og:type\" content=\"article\" \/>\n<meta property=\"og:title\" content=\"N\u00daMERO DE PRIS\u00d5ES DA POL\u00cdCIA FEDERAL CAIU DURANTE PRIMEIRO GOVERNO DILMA - Blog do Farn\u00e9sio\" \/>\n<meta property=\"og:description\" content=\"\u00c9 pura lorota a hist\u00f3ria repetida \u00e0 exaust\u00e3o por Dilma, em sua campanha, de que a Pol\u00edcia Federal \u00e9 \u201cmais ativa\u201d em seu governo e que por isso \u201ca corrup\u00e7\u00e3o n\u00e3o aumentou, o que aumentou foi o combate \u00e0 corrup\u00e7\u00e3o\u201d. Al\u00e9m de delegados e agentes se queixarem de desest\u00edmulo, do contingente insuficiente e da redu\u00e7\u00e3o do or\u00e7amento, o n\u00famero de pris\u00f5es, no primeiro governo Dilma, caiu em quase 40%. Diminu\u00edram as pris\u00f5es no governo Dilma, mas o n\u00famero de opera\u00e7\u00f5es policiais (1.284) foi maior que no governo Lula (911).\u00a0A PF n\u00e3o revela seu contingente porque a informa\u00e7\u00e3o \u00e9 \u201cclassificada como reservada\u201d. O Minist\u00e9rio do Planejamento informa: s\u00e3o 14.521. Durante o governo Lula foram presas 11.327 pessoas em opera\u00e7\u00f5es da Pol\u00edcia&hellip;\" \/>\n<meta property=\"og:url\" content=\"https:\/\/blogdofarnesio.com.br\/?p=114102\" \/>\n<meta property=\"og:site_name\" content=\"Blog do Farn\u00e9sio\" \/>\n<meta property=\"article:publisher\" content=\"https:\/\/www.facebook.com\/BlogQuerSaberPolitica\/\" \/>\n<meta property=\"article:published_time\" content=\"2015-01-25T13:30:17+00:00\" \/>\n<meta property=\"og:image\" content=\"http:\/\/www.diariodopoder.com.br\/wp-content\/uploads\/2014\/11\/Nilton-Fukuda-Estadao-Conteudo-Policia-Federal-Camargo-Correa-Sede1.jpg\" \/>\n<meta name=\"author\" content=\"teste\" \/>\n<meta name=\"twitter:card\" content=\"summary_large_image\" \/>\n<meta name=\"twitter:label1\" content=\"Escrito por\" \/>\n\t<meta name=\"twitter:data1\" content=\"teste\" \/>\n\t<meta name=\"twitter:label2\" content=\"Est. tempo de leitura\" \/>\n\t<meta name=\"twitter:data2\" content=\"1 minuto\" \/>\n<script type=\"application\/ld+json\" class=\"yoast-schema-graph\">{\"@context\":\"https:\\\/\\\/schema.org\",\"@graph\":[{\"@type\":\"Article\",\"@id\":\"https:\\\/\\\/blogdofarnesio.com.br\\\/?p=114102#article\",\"isPartOf\":{\"@id\":\"https:\\\/\\\/blogdofarnesio.com.br\\\/?p=114102\"},\"author\":{\"name\":\"teste\",\"@id\":\"https:\\\/\\\/blogdofarnesio.com.br\\\/#\\\/schema\\\/person\\\/dd1bf5eba40b687199ba45ca6b97dff9\"},\"headline\":\"N\u00daMERO DE PRIS\u00d5ES DA POL\u00cdCIA FEDERAL CAIU DURANTE PRIMEIRO GOVERNO DILMA\",\"datePublished\":\"2015-01-25T13:30:17+00:00\",\"mainEntityOfPage\":{\"@id\":\"https:\\\/\\\/blogdofarnesio.com.br\\\/?p=114102\"},\"wordCount\":183,\"commentCount\":0,\"publisher\":{\"@id\":\"https:\\\/\\\/blogdofarnesio.com.br\\\/#organization\"},\"image\":{\"@id\":\"https:\\\/\\\/blogdofarnesio.com.br\\\/?p=114102#primaryimage\"},\"thumbnailUrl\":\"http:\\\/\\\/www.diariodopoder.com.br\\\/wp-content\\\/uploads\\\/2014\\\/11\\\/Nilton-Fukuda-Estadao-Conteudo-Policia-Federal-Camargo-Correa-Sede1.jpg\",\"articleSection\":[\"Pol\u00edcia\"],\"inLanguage\":\"pt-BR\",\"potentialAction\":[{\"@type\":\"CommentAction\",\"name\":\"Comment\",\"target\":[\"https:\\\/\\\/blogdofarnesio.com.br\\\/?p=114102#respond\"]}]},{\"@type\":\"WebPage\",\"@id\":\"https:\\\/\\\/blogdofarnesio.com.br\\\/?p=114102\",\"url\":\"https:\\\/\\\/blogdofarnesio.com.br\\\/?p=114102\",\"name\":\"N\u00daMERO DE PRIS\u00d5ES DA POL\u00cdCIA FEDERAL CAIU DURANTE PRIMEIRO GOVERNO DILMA - Blog do Farn\u00e9sio\",\"isPartOf\":{\"@id\":\"https:\\\/\\\/blogdofarnesio.com.br\\\/#website\"},\"primaryImageOfPage\":{\"@id\":\"https:\\\/\\\/blogdofarnesio.com.br\\\/?p=114102#primaryimage\"},\"image\":{\"@id\":\"https:\\\/\\\/blogdofarnesio.com.br\\\/?p=114102#primaryimage\"},\"thumbnailUrl\":\"http:\\\/\\\/www.diariodopoder.com.br\\\/wp-content\\\/uploads\\\/2014\\\/11\\\/Nilton-Fukuda-Estadao-Conteudo-Policia-Federal-Camargo-Correa-Sede1.jpg\",\"datePublished\":\"2015-01-25T13:30:17+00:00\",\"breadcrumb\":{\"@id\":\"https:\\\/\\\/blogdofarnesio.com.br\\\/?p=114102#breadcrumb\"},\"inLanguage\":\"pt-BR\",\"potentialAction\":[{\"@type\":\"ReadAction\",\"target\":[\"https:\\\/\\\/blogdofarnesio.com.br\\\/?p=114102\"]}]},{\"@type\":\"ImageObject\",\"inLanguage\":\"pt-BR\",\"@id\":\"https:\\\/\\\/blogdofarnesio.com.br\\\/?p=114102#primaryimage\",\"url\":\"http:\\\/\\\/www.diariodopoder.com.br\\\/wp-content\\\/uploads\\\/2014\\\/11\\\/Nilton-Fukuda-Estadao-Conteudo-Policia-Federal-Camargo-Correa-Sede1.jpg\",\"contentUrl\":\"http:\\\/\\\/www.diariodopoder.com.br\\\/wp-content\\\/uploads\\\/2014\\\/11\\\/Nilton-Fukuda-Estadao-Conteudo-Policia-Federal-Camargo-Correa-Sede1.jpg\"},{\"@type\":\"BreadcrumbList\",\"@id\":\"https:\\\/\\\/blogdofarnesio.com.br\\\/?p=114102#breadcrumb\",\"itemListElement\":[{\"@type\":\"ListItem\",\"position\":1,\"name\":\"In\u00edcio\",\"item\":\"https:\\\/\\\/blogdofarnesio.com.br\\\/\"},{\"@type\":\"ListItem\",\"position\":2,\"name\":\"N\u00daMERO DE PRIS\u00d5ES DA POL\u00cdCIA FEDERAL CAIU DURANTE PRIMEIRO GOVERNO DILMA\"}]},{\"@type\":\"WebSite\",\"@id\":\"https:\\\/\\\/blogdofarnesio.com.br\\\/#website\",\"url\":\"https:\\\/\\\/blogdofarnesio.com.br\\\/\",\"name\":\"Blog do Farn\u00e9sio\",\"description\":\"Quer Saber Pol\u00edtica?\",\"publisher\":{\"@id\":\"https:\\\/\\\/blogdofarnesio.com.br\\\/#organization\"},\"potentialAction\":[{\"@type\":\"SearchAction\",\"target\":{\"@type\":\"EntryPoint\",\"urlTemplate\":\"https:\\\/\\\/blogdofarnesio.com.br\\\/?s={search_term_string}\"},\"query-input\":{\"@type\":\"PropertyValueSpecification\",\"valueRequired\":true,\"valueName\":\"search_term_string\"}}],\"inLanguage\":\"pt-BR\"},{\"@type\":\"Organization\",\"@id\":\"https:\\\/\\\/blogdofarnesio.com.br\\\/#organization\",\"name\":\"Blog do Farn\u00e9sio\",\"url\":\"https:\\\/\\\/blogdofarnesio.com.br\\\/\",\"logo\":{\"@type\":\"ImageObject\",\"inLanguage\":\"pt-BR\",\"@id\":\"https:\\\/\\\/blogdofarnesio.com.br\\\/#\\\/schema\\\/logo\\\/image\\\/\",\"url\":\"https:\\\/\\\/blogdofarnesio.com.br\\\/wp-content\\\/uploads\\\/2026\\\/03\\\/cropped-logo_new-1.png\",\"contentUrl\":\"https:\\\/\\\/blogdofarnesio.com.br\\\/wp-content\\\/uploads\\\/2026\\\/03\\\/cropped-logo_new-1.png\",\"width\":881,\"height\":685,\"caption\":\"Blog do Farn\u00e9sio\"},\"image\":{\"@id\":\"https:\\\/\\\/blogdofarnesio.com.br\\\/#\\\/schema\\\/logo\\\/image\\\/\"},\"sameAs\":[\"https:\\\/\\\/www.facebook.com\\\/BlogQuerSaberPolitica\\\/\"]},{\"@type\":\"Person\",\"@id\":\"https:\\\/\\\/blogdofarnesio.com.br\\\/#\\\/schema\\\/person\\\/dd1bf5eba40b687199ba45ca6b97dff9\",\"name\":\"teste\",\"image\":{\"@type\":\"ImageObject\",\"inLanguage\":\"pt-BR\",\"@id\":\"https:\\\/\\\/secure.gravatar.com\\\/avatar\\\/2172498d4914b51e1d89a0f97957b035ac4938723a5cac208135d389b6972a6d?s=96&d=mm&r=g\",\"url\":\"https:\\\/\\\/secure.gravatar.com\\\/avatar\\\/2172498d4914b51e1d89a0f97957b035ac4938723a5cac208135d389b6972a6d?s=96&d=mm&r=g\",\"contentUrl\":\"https:\\\/\\\/secure.gravatar.com\\\/avatar\\\/2172498d4914b51e1d89a0f97957b035ac4938723a5cac208135d389b6972a6d?s=96&d=mm&r=g\",\"caption\":\"teste\"},\"url\":\"https:\\\/\\\/blogdofarnesio.com.br\\\/?author=3\"}]}<\/script>\n<!-- \/ Yoast SEO plugin. -->","yoast_head_json":{"title":"N\u00daMERO DE PRIS\u00d5ES DA POL\u00cdCIA FEDERAL CAIU DURANTE PRIMEIRO GOVERNO DILMA - Blog do Farn\u00e9sio","robots":{"index":"index","follow":"follow","max-snippet":"max-snippet:-1","max-image-preview":"max-image-preview:large","max-video-preview":"max-video-preview:-1"},"canonical":"https:\/\/blogdofarnesio.com.br\/?p=114102","og_locale":"pt_BR","og_type":"article","og_title":"N\u00daMERO DE PRIS\u00d5ES DA POL\u00cdCIA FEDERAL CAIU DURANTE PRIMEIRO GOVERNO DILMA - Blog do Farn\u00e9sio","og_description":"\u00c9 pura lorota a hist\u00f3ria repetida \u00e0 exaust\u00e3o por Dilma, em sua campanha, de que a Pol\u00edcia Federal \u00e9 \u201cmais ativa\u201d em seu governo e que por isso \u201ca corrup\u00e7\u00e3o n\u00e3o aumentou, o que aumentou foi o combate \u00e0 corrup\u00e7\u00e3o\u201d. Al\u00e9m de delegados e agentes se queixarem de desest\u00edmulo, do contingente insuficiente e da redu\u00e7\u00e3o do or\u00e7amento, o n\u00famero de pris\u00f5es, no primeiro governo Dilma, caiu em quase 40%. Diminu\u00edram as pris\u00f5es no governo Dilma, mas o n\u00famero de opera\u00e7\u00f5es policiais (1.284) foi maior que no governo Lula (911).\u00a0A PF n\u00e3o revela seu contingente porque a informa\u00e7\u00e3o \u00e9 \u201cclassificada como reservada\u201d. O Minist\u00e9rio do Planejamento informa: s\u00e3o 14.521. Durante o governo Lula foram presas 11.327 pessoas em opera\u00e7\u00f5es da Pol\u00edcia&hellip;","og_url":"https:\/\/blogdofarnesio.com.br\/?p=114102","og_site_name":"Blog do Farn\u00e9sio","article_publisher":"https:\/\/www.facebook.com\/BlogQuerSaberPolitica\/","article_published_time":"2015-01-25T13:30:17+00:00","og_image":[{"url":"http:\/\/www.diariodopoder.com.br\/wp-content\/uploads\/2014\/11\/Nilton-Fukuda-Estadao-Conteudo-Policia-Federal-Camargo-Correa-Sede1.jpg","type":"","width":"","height":""}],"author":"teste","twitter_card":"summary_large_image","twitter_misc":{"Escrito por":"teste","Est. tempo de leitura":"1 minuto"},"schema":{"@context":"https:\/\/schema.org","@graph":[{"@type":"Article","@id":"https:\/\/blogdofarnesio.com.br\/?p=114102#article","isPartOf":{"@id":"https:\/\/blogdofarnesio.com.br\/?p=114102"},"author":{"name":"teste","@id":"https:\/\/blogdofarnesio.com.br\/#\/schema\/person\/dd1bf5eba40b687199ba45ca6b97dff9"},"headline":"N\u00daMERO DE PRIS\u00d5ES DA POL\u00cdCIA FEDERAL CAIU DURANTE PRIMEIRO GOVERNO DILMA","datePublished":"2015-01-25T13:30:17+00:00","mainEntityOfPage":{"@id":"https:\/\/blogdofarnesio.com.br\/?p=114102"},"wordCount":183,"commentCount":0,"publisher":{"@id":"https:\/\/blogdofarnesio.com.br\/#organization"},"image":{"@id":"https:\/\/blogdofarnesio.com.br\/?p=114102#primaryimage"},"thumbnailUrl":"http:\/\/www.diariodopoder.com.br\/wp-content\/uploads\/2014\/11\/Nilton-Fukuda-Estadao-Conteudo-Policia-Federal-Camargo-Correa-Sede1.jpg","articleSection":["Pol\u00edcia"],"inLanguage":"pt-BR","potentialAction":[{"@type":"CommentAction","name":"Comment","target":["https:\/\/blogdofarnesio.com.br\/?p=114102#respond"]}]},{"@type":"WebPage","@id":"https:\/\/blogdofarnesio.com.br\/?p=114102","url":"https:\/\/blogdofarnesio.com.br\/?p=114102","name":"N\u00daMERO DE PRIS\u00d5ES DA POL\u00cdCIA FEDERAL CAIU DURANTE PRIMEIRO GOVERNO DILMA - Blog do Farn\u00e9sio","isPartOf":{"@id":"https:\/\/blogdofarnesio.com.br\/#website"},"primaryImageOfPage":{"@id":"https:\/\/blogdofarnesio.com.br\/?p=114102#primaryimage"},"image":{"@id":"https:\/\/blogdofarnesio.com.br\/?p=114102#primaryimage"},"thumbnailUrl":"http:\/\/www.diariodopoder.com.br\/wp-content\/uploads\/2014\/11\/Nilton-Fukuda-Estadao-Conteudo-Policia-Federal-Camargo-Correa-Sede1.jpg","datePublished":"2015-01-25T13:30:17+00:00","breadcrumb":{"@id":"https:\/\/blogdofarnesio.com.br\/?p=114102#breadcrumb"},"inLanguage":"pt-BR","potentialAction":[{"@type":"ReadAction","target":["https:\/\/blogdofarnesio.com.br\/?p=114102"]}]},{"@type":"ImageObject","inLanguage":"pt-BR","@id":"https:\/\/blogdofarnesio.com.br\/?p=114102#primaryimage","url":"http:\/\/www.diariodopoder.com.br\/wp-content\/uploads\/2014\/11\/Nilton-Fukuda-Estadao-Conteudo-Policia-Federal-Camargo-Correa-Sede1.jpg","contentUrl":"http:\/\/www.diariodopoder.com.br\/wp-content\/uploads\/2014\/11\/Nilton-Fukuda-Estadao-Conteudo-Policia-Federal-Camargo-Correa-Sede1.jpg"},{"@type":"BreadcrumbList","@id":"https:\/\/blogdofarnesio.com.br\/?p=114102#breadcrumb","itemListElement":[{"@type":"ListItem","position":1,"name":"In\u00edcio","item":"https:\/\/blogdofarnesio.com.br\/"},{"@type":"ListItem","position":2,"name":"N\u00daMERO DE PRIS\u00d5ES DA POL\u00cdCIA FEDERAL CAIU DURANTE PRIMEIRO GOVERNO DILMA"}]},{"@type":"WebSite","@id":"https:\/\/blogdofarnesio.com.br\/#website","url":"https:\/\/blogdofarnesio.com.br\/","name":"Blog do Farn\u00e9sio","description":"Quer Saber Pol\u00edtica?","publisher":{"@id":"https:\/\/blogdofarnesio.com.br\/#organization"},"potentialAction":[{"@type":"SearchAction","target":{"@type":"EntryPoint","urlTemplate":"https:\/\/blogdofarnesio.com.br\/?s={search_term_string}"},"query-input":{"@type":"PropertyValueSpecification","valueRequired":true,"valueName":"search_term_string"}}],"inLanguage":"pt-BR"},{"@type":"Organization","@id":"https:\/\/blogdofarnesio.com.br\/#organization","name":"Blog do Farn\u00e9sio","url":"https:\/\/blogdofarnesio.com.br\/","logo":{"@type":"ImageObject","inLanguage":"pt-BR","@id":"https:\/\/blogdofarnesio.com.br\/#\/schema\/logo\/image\/","url":"https:\/\/blogdofarnesio.com.br\/wp-content\/uploads\/2026\/03\/cropped-logo_new-1.png","contentUrl":"https:\/\/blogdofarnesio.com.br\/wp-content\/uploads\/2026\/03\/cropped-logo_new-1.png","width":881,"height":685,"caption":"Blog do Farn\u00e9sio"},"image":{"@id":"https:\/\/blogdofarnesio.com.br\/#\/schema\/logo\/image\/"},"sameAs":["https:\/\/www.facebook.com\/BlogQuerSaberPolitica\/"]},{"@type":"Person","@id":"https:\/\/blogdofarnesio.com.br\/#\/schema\/person\/dd1bf5eba40b687199ba45ca6b97dff9","name":"teste","image":{"@type":"ImageObject","inLanguage":"pt-BR","@id":"https:\/\/secure.gravatar.com\/avatar\/2172498d4914b51e1d89a0f97957b035ac4938723a5cac208135d389b6972a6d?s=96&d=mm&r=g","url":"https:\/\/secure.gravatar.com\/avatar\/2172498d4914b51e1d89a0f97957b035ac4938723a5cac208135d389b6972a6d?s=96&d=mm&r=g","contentUrl":"https:\/\/secure.gravatar.com\/avatar\/2172498d4914b51e1d89a0f97957b035ac4938723a5cac208135d389b6972a6d?s=96&d=mm&r=g","caption":"teste"},"url":"https:\/\/blogdofarnesio.com.br\/?author=3"}]}},"_links":{"self":[{"href":"https:\/\/blogdofarnesio.com.br\/index.php?rest_route=\/wp\/v2\/posts\/114102","targetHints":{"allow":["GET"]}}],"collection":[{"href":"https:\/\/blogdofarnesio.com.br\/index.php?rest_route=\/wp\/v2\/posts"}],"about":[{"href":"https:\/\/blogdofarnesio.com.br\/index.php?rest_route=\/wp\/v2\/types\/post"}],"author":[{"embeddable":true,"href":"https:\/\/blogdofarnesio.com.br\/index.php?rest_route=\/wp\/v2\/users\/3"}],"replies":[{"embeddable":true,"href":"https:\/\/blogdofarnesio.com.br\/index.php?rest_route=%2Fwp%2Fv2%2Fcomments&post=114102"}],"version-history":[{"count":0,"href":"https:\/\/blogdofarnesio.com.br\/index.php?rest_route=\/wp\/v2\/posts\/114102\/revisions"}],"wp:attachment":[{"href":"https:\/\/blogdofarnesio.com.br\/index.php?rest_route=%2Fwp%2Fv2%2Fmedia&parent=114102"}],"wp:term":[{"taxonomy":"category","embeddable":true,"href":"https:\/\/blogdofarnesio.com.br\/index.php?rest_route=%2Fwp%2Fv2%2Fcategories&post=114102"},{"taxonomy":"post_tag","embeddable":true,"href":"https:\/\/blogdofarnesio.com.br\/index.php?rest_route=%2Fwp%2Fv2%2Ftags&post=114102"}],"curies":[{"name":"wp","href":"https:\/\/api.w.org\/{rel}","templated":true}]}}