{"id":114099,"date":"2015-01-25T09:31:35","date_gmt":"2015-01-25T12:31:35","guid":{"rendered":"http:\/\/www.quersaberpolitica.com.br\/?p=114099"},"modified":"2015-01-25T09:06:01","modified_gmt":"2015-01-25T12:06:01","slug":"silencio-de-dilma-ja-incomoda-o-pt","status":"publish","type":"post","link":"https:\/\/blogdofarnesio.com.br\/?p=114099","title":{"rendered":"SIL\u00caNCIO DE DILMA J\u00c1 INCOMODA O PT"},"content":{"rendered":"<div style=\"text-align: justify\"><img loading=\"lazy\" decoding=\"async\" class=\"aligncenter\" alt=\": \" src=\"http:\/\/www.brasil247.com\/images\/cache\/1000x357\/crop\/images%7Ccms-image-000414891.jpg\" width=\"480\" height=\"171\" \/><strong>Por\u00a0<a href=\"http:\/\/terezacruvinel.com\/\" target=\"_blank\">Tereza Cruvinel<\/a><\/strong><\/p>\n<\/div>\n<div style=\"text-align: justify\">\n<section>Dilma Rousseff est\u00e1 devendo uma palavra ao povo brasileiro sobre os rumos de seu segundo governo e os sacrif\u00edcios que v\u00eam sendo anunciados todos os dias: restri\u00e7\u00f5es na concess\u00e3o do seguro-desemprego e no aux\u00edlio sa\u00fade do INSS, aumento dos juros para os empr\u00e9stimos pessoais, volta da Cide e aumento do PIS-Cofins sobre a gasolina, com impacto sobre o custo dos transportes, veto ao reajuste da tabela do imposto de renda e aumento do IPI sobre cosm\u00e9ticos.<\/p>\n<p>E pelo andar da carruagem, n\u00e3o v\u00e3o parar por a\u00ed.\u00a0 Uma coisa \u00e9 pedir ao povo que aguente os sacrif\u00edcios porque eles s\u00e3o necess\u00e1rios agora para que venham dias melhores l\u00e1 na frente. Outra coisa \u00e9 abrir a caixa de maldades econ\u00f4micas e trancar-se em copas sem dar satisfa\u00e7\u00f5es e despertar esperan\u00e7as. Ainda mais depois de ter esconjurado, na campanha, a \u201cvolta ao passado\u201d que estaria sendo urdida pelo advers\u00e1rio A\u00e9cio Neves ao defender um ajuste fiscal que n\u00e3o seria essencialmente diferente.<\/p>\n<p>O mutismo de Dilma sobre o ajuste e os rumos de seu segundo governo, muito mais do que o pr\u00f3prio teor das medidas \u2013 que para alguns eram mesmo necess\u00e1rias, para outros podiam ter sido mais amenas e para outros ainda s\u00e3o um completo equ\u00edvoco \u2013 \u00e9 que est\u00e1 incomodando o PT e ati\u00e7ando o fogo amigo que come\u00e7ou a subir esta semana. A Funda\u00e7\u00e3o Perseu Abramo publicou cr\u00edticas em seu boletim, o ex-ministro Jos\u00e9 Dirceu previu a recess\u00e3o em seu blog e petistas de diferentes correntes v\u00eam atacando as medidas que contrariam \u201co projeto do partido\u201d.<!--more-->O ex-presidente Lula engoliu a escolha de Levy e n\u00e3o fez qualquer cr\u00edtica p\u00fablica mas, segundo amigos, tamb\u00e9m acha que Dilma erra ao n\u00e3o dar satisfa\u00e7\u00f5es.\u00a0 Ele mesmo fez um ajuste duro no primeiro ano de governo, com Pallocci na Fazenda, mas sempre dizendo que o governo precisava por ordem na casa para criar condi\u00e7\u00f5es favor\u00e1veis \u00e0 retomada do crescimento, com distribui\u00e7\u00e3o de renda e inclus\u00e3o dos mais pobres na cadeia de consumo. Sabe-se que ele aconselhou Dilma a fazer isso em seu discurso de posse. Ela preferiu um discurso mais t\u00e9cnico e ufanista, que passou de relance sobre o ajuste. \u201c\u201cMais que ningu\u00e9m, sei que o Brasil precisa voltar a crescer. Os primeiros passos desta caminhada passam por um ajuste nas contas p\u00fablicas, um aumento na poupan\u00e7a interna, a amplia\u00e7\u00e3o do investimento e a eleva\u00e7\u00e3o da produtividade da economia, Assim como provamos que \u00e9 poss\u00edvel crescer e distribuir renda, vamos provar que se pode fazer ajustes na economia sem revogar direitos conquistados ou trair compromissos sociais assumidos\u201d, disse ela no Congresso. Faltou apontar os rumos de m\u00e9dio prazo do governo, despertando aquela chama de esperan\u00e7a que ajuda a suportar os sacrif\u00edcios.\u00a0 Faltou dizer claramente o que acontecer\u00e1 com os programas que alimentaram sua popularidade no primeiro mandato, como o Minha Casa, Minha Vida ou o Pronatec, e apontar para outras iniciativas que poder\u00e3o vir depois do ajuste.<\/p>\n<p>Trancada em copas, Dilma v\u00ea o mercado financeiro aplaudir as medidas de Levy, a oposi\u00e7\u00e3o acus\u00e1-la de cometer estelionato eleitoral e a m\u00eddia festejar os pipocos no setor el\u00e9trico. E enquanto isso, o juiz Sergio Moro e os procuradores da Opera\u00e7\u00e3o Lava Jato mant\u00eam o pa\u00eds prisioneiro dos pr\u00f3ximos passos.\u00a0 As empreiteiras atingidas, respons\u00e1veis por grandes obras em curso no pa\u00eds, j\u00e1 sentem os sinais de estrangulamento. Pelo menos uma j\u00e1 pediu recupera\u00e7\u00e3o judicial. Empres\u00e1rios de outras \u00e1reas adiam investimentos temendo cair em arapucas parecidas. O Congresso, temendo a lista de acusados, n\u00e3o diz uma palavra, atrav\u00e9s de seus l\u00edderes e dirigentes, sobre os excessos da opera\u00e7\u00e3o que vem prolongando pris\u00f5es preventivas para arrancar dela\u00e7\u00f5es premiadas. Est\u00e1 dando certo. J\u00e1 come\u00e7ou a narrativa de que tudo se resume a um esquema para bancar o projeto de poder do PT e comprar aliados no Congresso. Como se as empreiteiras tivessem sido obrigadas a ganhar milh\u00f5es com contratos superfaturados e\u00a0 operadores como Yousseff e Paulo Roberto Costa n\u00e3o tivessem embolsado, para si,\u00a0 aquelas propinas de valores estonteantes.\u00a0 Os mais experientes advogados advertem: este espet\u00e1culo \u00e9 de longa dura\u00e7\u00e3o, n\u00e3o acaba antes de tr\u00eas anos. Ou seja, vai atravessar o segundo governo Dilma.\u00a0 A indigest\u00e3o popular com o arrocho, combinada com o estresse dos aliados pol\u00edticos e a ofensiva dos advers\u00e1rios pode resultar numa mistura bem azeda.<\/p>\n<\/section>\n<\/div>\n","protected":false},"excerpt":{"rendered":"<p>Por\u00a0Tereza Cruvinel Dilma Rousseff est\u00e1 devendo uma palavra ao povo brasileiro sobre os rumos de seu segundo governo e os sacrif\u00edcios que v\u00eam sendo anunciados todos os dias: restri\u00e7\u00f5es na concess\u00e3o do seguro-desemprego e no aux\u00edlio sa\u00fade do INSS, aumento dos juros para os empr\u00e9stimos pessoais, volta da Cide e aumento do PIS-Cofins sobre a gasolina, com impacto sobre o custo dos transportes, veto ao reajuste da tabela do imposto de renda e aumento do IPI sobre cosm\u00e9ticos. E pelo andar da carruagem, n\u00e3o v\u00e3o parar por a\u00ed.\u00a0 Uma coisa \u00e9 pedir ao povo que aguente os sacrif\u00edcios porque eles s\u00e3o necess\u00e1rios agora para que venham dias melhores l\u00e1 na frente. Outra coisa \u00e9 abrir a caixa de maldades econ\u00f4micas&hellip; <\/p>\n","protected":false},"author":3,"featured_media":0,"comment_status":"open","ping_status":"open","sticky":false,"template":"","format":"standard","meta":{"_acf_changed":false,"footnotes":""},"categories":[1],"tags":[],"class_list":["post-114099","post","type-post","status-publish","format-standard","hentry","category-politica"],"acf":[],"yoast_head":"<!-- This site is optimized with the Yoast SEO plugin v27.4 - https:\/\/yoast.com\/product\/yoast-seo-wordpress\/ -->\n<title>SIL\u00caNCIO DE DILMA J\u00c1 INCOMODA O PT - Blog do Farn\u00e9sio<\/title>\n<meta name=\"robots\" content=\"index, follow, max-snippet:-1, max-image-preview:large, max-video-preview:-1\" \/>\n<link rel=\"canonical\" href=\"https:\/\/blogdofarnesio.com.br\/?p=114099\" \/>\n<meta property=\"og:locale\" content=\"pt_BR\" \/>\n<meta property=\"og:type\" content=\"article\" \/>\n<meta property=\"og:title\" content=\"SIL\u00caNCIO DE DILMA J\u00c1 INCOMODA O PT - Blog do Farn\u00e9sio\" \/>\n<meta property=\"og:description\" content=\"Por\u00a0Tereza Cruvinel Dilma Rousseff est\u00e1 devendo uma palavra ao povo brasileiro sobre os rumos de seu segundo governo e os sacrif\u00edcios que v\u00eam sendo anunciados todos os dias: restri\u00e7\u00f5es na concess\u00e3o do seguro-desemprego e no aux\u00edlio sa\u00fade do INSS, aumento dos juros para os empr\u00e9stimos pessoais, volta da Cide e aumento do PIS-Cofins sobre a gasolina, com impacto sobre o custo dos transportes, veto ao reajuste da tabela do imposto de renda e aumento do IPI sobre cosm\u00e9ticos. E pelo andar da carruagem, n\u00e3o v\u00e3o parar por a\u00ed.\u00a0 Uma coisa \u00e9 pedir ao povo que aguente os sacrif\u00edcios porque eles s\u00e3o necess\u00e1rios agora para que venham dias melhores l\u00e1 na frente. Outra coisa \u00e9 abrir a caixa de maldades econ\u00f4micas&hellip;\" \/>\n<meta property=\"og:url\" content=\"https:\/\/blogdofarnesio.com.br\/?p=114099\" \/>\n<meta property=\"og:site_name\" content=\"Blog do Farn\u00e9sio\" \/>\n<meta property=\"article:publisher\" content=\"https:\/\/www.facebook.com\/BlogQuerSaberPolitica\/\" \/>\n<meta property=\"article:published_time\" content=\"2015-01-25T12:31:35+00:00\" \/>\n<meta property=\"og:image\" content=\"http:\/\/www.brasil247.com\/images\/cache\/1000x357\/crop\/images%7Ccms-image-000414891.jpg\" \/>\n<meta name=\"author\" content=\"teste\" \/>\n<meta name=\"twitter:card\" content=\"summary_large_image\" \/>\n<meta name=\"twitter:label1\" content=\"Escrito por\" \/>\n\t<meta name=\"twitter:data1\" content=\"teste\" \/>\n\t<meta name=\"twitter:label2\" content=\"Est. tempo de leitura\" \/>\n\t<meta name=\"twitter:data2\" content=\"4 minutos\" \/>\n<script type=\"application\/ld+json\" class=\"yoast-schema-graph\">{\"@context\":\"https:\\\/\\\/schema.org\",\"@graph\":[{\"@type\":\"Article\",\"@id\":\"https:\\\/\\\/blogdofarnesio.com.br\\\/?p=114099#article\",\"isPartOf\":{\"@id\":\"https:\\\/\\\/blogdofarnesio.com.br\\\/?p=114099\"},\"author\":{\"name\":\"teste\",\"@id\":\"https:\\\/\\\/blogdofarnesio.com.br\\\/#\\\/schema\\\/person\\\/dd1bf5eba40b687199ba45ca6b97dff9\"},\"headline\":\"SIL\u00caNCIO DE DILMA J\u00c1 INCOMODA O PT\",\"datePublished\":\"2015-01-25T12:31:35+00:00\",\"mainEntityOfPage\":{\"@id\":\"https:\\\/\\\/blogdofarnesio.com.br\\\/?p=114099\"},\"wordCount\":788,\"commentCount\":0,\"publisher\":{\"@id\":\"https:\\\/\\\/blogdofarnesio.com.br\\\/#organization\"},\"image\":{\"@id\":\"https:\\\/\\\/blogdofarnesio.com.br\\\/?p=114099#primaryimage\"},\"thumbnailUrl\":\"http:\\\/\\\/www.brasil247.com\\\/images\\\/cache\\\/1000x357\\\/crop\\\/images%7Ccms-image-000414891.jpg\",\"articleSection\":[\"Pol\u00edtica\"],\"inLanguage\":\"pt-BR\",\"potentialAction\":[{\"@type\":\"CommentAction\",\"name\":\"Comment\",\"target\":[\"https:\\\/\\\/blogdofarnesio.com.br\\\/?p=114099#respond\"]}]},{\"@type\":\"WebPage\",\"@id\":\"https:\\\/\\\/blogdofarnesio.com.br\\\/?p=114099\",\"url\":\"https:\\\/\\\/blogdofarnesio.com.br\\\/?p=114099\",\"name\":\"SIL\u00caNCIO DE DILMA J\u00c1 INCOMODA O PT - Blog do Farn\u00e9sio\",\"isPartOf\":{\"@id\":\"https:\\\/\\\/blogdofarnesio.com.br\\\/#website\"},\"primaryImageOfPage\":{\"@id\":\"https:\\\/\\\/blogdofarnesio.com.br\\\/?p=114099#primaryimage\"},\"image\":{\"@id\":\"https:\\\/\\\/blogdofarnesio.com.br\\\/?p=114099#primaryimage\"},\"thumbnailUrl\":\"http:\\\/\\\/www.brasil247.com\\\/images\\\/cache\\\/1000x357\\\/crop\\\/images%7Ccms-image-000414891.jpg\",\"datePublished\":\"2015-01-25T12:31:35+00:00\",\"breadcrumb\":{\"@id\":\"https:\\\/\\\/blogdofarnesio.com.br\\\/?p=114099#breadcrumb\"},\"inLanguage\":\"pt-BR\",\"potentialAction\":[{\"@type\":\"ReadAction\",\"target\":[\"https:\\\/\\\/blogdofarnesio.com.br\\\/?p=114099\"]}]},{\"@type\":\"ImageObject\",\"inLanguage\":\"pt-BR\",\"@id\":\"https:\\\/\\\/blogdofarnesio.com.br\\\/?p=114099#primaryimage\",\"url\":\"http:\\\/\\\/www.brasil247.com\\\/images\\\/cache\\\/1000x357\\\/crop\\\/images%7Ccms-image-000414891.jpg\",\"contentUrl\":\"http:\\\/\\\/www.brasil247.com\\\/images\\\/cache\\\/1000x357\\\/crop\\\/images%7Ccms-image-000414891.jpg\"},{\"@type\":\"BreadcrumbList\",\"@id\":\"https:\\\/\\\/blogdofarnesio.com.br\\\/?p=114099#breadcrumb\",\"itemListElement\":[{\"@type\":\"ListItem\",\"position\":1,\"name\":\"In\u00edcio\",\"item\":\"https:\\\/\\\/blogdofarnesio.com.br\\\/\"},{\"@type\":\"ListItem\",\"position\":2,\"name\":\"SIL\u00caNCIO DE DILMA J\u00c1 INCOMODA O PT\"}]},{\"@type\":\"WebSite\",\"@id\":\"https:\\\/\\\/blogdofarnesio.com.br\\\/#website\",\"url\":\"https:\\\/\\\/blogdofarnesio.com.br\\\/\",\"name\":\"Blog do Farn\u00e9sio\",\"description\":\"Quer Saber Pol\u00edtica?\",\"publisher\":{\"@id\":\"https:\\\/\\\/blogdofarnesio.com.br\\\/#organization\"},\"potentialAction\":[{\"@type\":\"SearchAction\",\"target\":{\"@type\":\"EntryPoint\",\"urlTemplate\":\"https:\\\/\\\/blogdofarnesio.com.br\\\/?s={search_term_string}\"},\"query-input\":{\"@type\":\"PropertyValueSpecification\",\"valueRequired\":true,\"valueName\":\"search_term_string\"}}],\"inLanguage\":\"pt-BR\"},{\"@type\":\"Organization\",\"@id\":\"https:\\\/\\\/blogdofarnesio.com.br\\\/#organization\",\"name\":\"Blog do Farn\u00e9sio\",\"url\":\"https:\\\/\\\/blogdofarnesio.com.br\\\/\",\"logo\":{\"@type\":\"ImageObject\",\"inLanguage\":\"pt-BR\",\"@id\":\"https:\\\/\\\/blogdofarnesio.com.br\\\/#\\\/schema\\\/logo\\\/image\\\/\",\"url\":\"https:\\\/\\\/blogdofarnesio.com.br\\\/wp-content\\\/uploads\\\/2026\\\/03\\\/cropped-logo_new-1.png\",\"contentUrl\":\"https:\\\/\\\/blogdofarnesio.com.br\\\/wp-content\\\/uploads\\\/2026\\\/03\\\/cropped-logo_new-1.png\",\"width\":881,\"height\":685,\"caption\":\"Blog do Farn\u00e9sio\"},\"image\":{\"@id\":\"https:\\\/\\\/blogdofarnesio.com.br\\\/#\\\/schema\\\/logo\\\/image\\\/\"},\"sameAs\":[\"https:\\\/\\\/www.facebook.com\\\/BlogQuerSaberPolitica\\\/\"]},{\"@type\":\"Person\",\"@id\":\"https:\\\/\\\/blogdofarnesio.com.br\\\/#\\\/schema\\\/person\\\/dd1bf5eba40b687199ba45ca6b97dff9\",\"name\":\"teste\",\"image\":{\"@type\":\"ImageObject\",\"inLanguage\":\"pt-BR\",\"@id\":\"https:\\\/\\\/secure.gravatar.com\\\/avatar\\\/2172498d4914b51e1d89a0f97957b035ac4938723a5cac208135d389b6972a6d?s=96&d=mm&r=g\",\"url\":\"https:\\\/\\\/secure.gravatar.com\\\/avatar\\\/2172498d4914b51e1d89a0f97957b035ac4938723a5cac208135d389b6972a6d?s=96&d=mm&r=g\",\"contentUrl\":\"https:\\\/\\\/secure.gravatar.com\\\/avatar\\\/2172498d4914b51e1d89a0f97957b035ac4938723a5cac208135d389b6972a6d?s=96&d=mm&r=g\",\"caption\":\"teste\"},\"url\":\"https:\\\/\\\/blogdofarnesio.com.br\\\/?author=3\"}]}<\/script>\n<!-- \/ Yoast SEO plugin. -->","yoast_head_json":{"title":"SIL\u00caNCIO DE DILMA J\u00c1 INCOMODA O PT - Blog do Farn\u00e9sio","robots":{"index":"index","follow":"follow","max-snippet":"max-snippet:-1","max-image-preview":"max-image-preview:large","max-video-preview":"max-video-preview:-1"},"canonical":"https:\/\/blogdofarnesio.com.br\/?p=114099","og_locale":"pt_BR","og_type":"article","og_title":"SIL\u00caNCIO DE DILMA J\u00c1 INCOMODA O PT - Blog do Farn\u00e9sio","og_description":"Por\u00a0Tereza Cruvinel Dilma Rousseff est\u00e1 devendo uma palavra ao povo brasileiro sobre os rumos de seu segundo governo e os sacrif\u00edcios que v\u00eam sendo anunciados todos os dias: restri\u00e7\u00f5es na concess\u00e3o do seguro-desemprego e no aux\u00edlio sa\u00fade do INSS, aumento dos juros para os empr\u00e9stimos pessoais, volta da Cide e aumento do PIS-Cofins sobre a gasolina, com impacto sobre o custo dos transportes, veto ao reajuste da tabela do imposto de renda e aumento do IPI sobre cosm\u00e9ticos. E pelo andar da carruagem, n\u00e3o v\u00e3o parar por a\u00ed.\u00a0 Uma coisa \u00e9 pedir ao povo que aguente os sacrif\u00edcios porque eles s\u00e3o necess\u00e1rios agora para que venham dias melhores l\u00e1 na frente. Outra coisa \u00e9 abrir a caixa de maldades econ\u00f4micas&hellip;","og_url":"https:\/\/blogdofarnesio.com.br\/?p=114099","og_site_name":"Blog do Farn\u00e9sio","article_publisher":"https:\/\/www.facebook.com\/BlogQuerSaberPolitica\/","article_published_time":"2015-01-25T12:31:35+00:00","og_image":[{"url":"http:\/\/www.brasil247.com\/images\/cache\/1000x357\/crop\/images%7Ccms-image-000414891.jpg","type":"","width":"","height":""}],"author":"teste","twitter_card":"summary_large_image","twitter_misc":{"Escrito por":"teste","Est. tempo de leitura":"4 minutos"},"schema":{"@context":"https:\/\/schema.org","@graph":[{"@type":"Article","@id":"https:\/\/blogdofarnesio.com.br\/?p=114099#article","isPartOf":{"@id":"https:\/\/blogdofarnesio.com.br\/?p=114099"},"author":{"name":"teste","@id":"https:\/\/blogdofarnesio.com.br\/#\/schema\/person\/dd1bf5eba40b687199ba45ca6b97dff9"},"headline":"SIL\u00caNCIO DE DILMA J\u00c1 INCOMODA O PT","datePublished":"2015-01-25T12:31:35+00:00","mainEntityOfPage":{"@id":"https:\/\/blogdofarnesio.com.br\/?p=114099"},"wordCount":788,"commentCount":0,"publisher":{"@id":"https:\/\/blogdofarnesio.com.br\/#organization"},"image":{"@id":"https:\/\/blogdofarnesio.com.br\/?p=114099#primaryimage"},"thumbnailUrl":"http:\/\/www.brasil247.com\/images\/cache\/1000x357\/crop\/images%7Ccms-image-000414891.jpg","articleSection":["Pol\u00edtica"],"inLanguage":"pt-BR","potentialAction":[{"@type":"CommentAction","name":"Comment","target":["https:\/\/blogdofarnesio.com.br\/?p=114099#respond"]}]},{"@type":"WebPage","@id":"https:\/\/blogdofarnesio.com.br\/?p=114099","url":"https:\/\/blogdofarnesio.com.br\/?p=114099","name":"SIL\u00caNCIO DE DILMA J\u00c1 INCOMODA O PT - Blog do Farn\u00e9sio","isPartOf":{"@id":"https:\/\/blogdofarnesio.com.br\/#website"},"primaryImageOfPage":{"@id":"https:\/\/blogdofarnesio.com.br\/?p=114099#primaryimage"},"image":{"@id":"https:\/\/blogdofarnesio.com.br\/?p=114099#primaryimage"},"thumbnailUrl":"http:\/\/www.brasil247.com\/images\/cache\/1000x357\/crop\/images%7Ccms-image-000414891.jpg","datePublished":"2015-01-25T12:31:35+00:00","breadcrumb":{"@id":"https:\/\/blogdofarnesio.com.br\/?p=114099#breadcrumb"},"inLanguage":"pt-BR","potentialAction":[{"@type":"ReadAction","target":["https:\/\/blogdofarnesio.com.br\/?p=114099"]}]},{"@type":"ImageObject","inLanguage":"pt-BR","@id":"https:\/\/blogdofarnesio.com.br\/?p=114099#primaryimage","url":"http:\/\/www.brasil247.com\/images\/cache\/1000x357\/crop\/images%7Ccms-image-000414891.jpg","contentUrl":"http:\/\/www.brasil247.com\/images\/cache\/1000x357\/crop\/images%7Ccms-image-000414891.jpg"},{"@type":"BreadcrumbList","@id":"https:\/\/blogdofarnesio.com.br\/?p=114099#breadcrumb","itemListElement":[{"@type":"ListItem","position":1,"name":"In\u00edcio","item":"https:\/\/blogdofarnesio.com.br\/"},{"@type":"ListItem","position":2,"name":"SIL\u00caNCIO DE DILMA J\u00c1 INCOMODA O PT"}]},{"@type":"WebSite","@id":"https:\/\/blogdofarnesio.com.br\/#website","url":"https:\/\/blogdofarnesio.com.br\/","name":"Blog do Farn\u00e9sio","description":"Quer Saber Pol\u00edtica?","publisher":{"@id":"https:\/\/blogdofarnesio.com.br\/#organization"},"potentialAction":[{"@type":"SearchAction","target":{"@type":"EntryPoint","urlTemplate":"https:\/\/blogdofarnesio.com.br\/?s={search_term_string}"},"query-input":{"@type":"PropertyValueSpecification","valueRequired":true,"valueName":"search_term_string"}}],"inLanguage":"pt-BR"},{"@type":"Organization","@id":"https:\/\/blogdofarnesio.com.br\/#organization","name":"Blog do Farn\u00e9sio","url":"https:\/\/blogdofarnesio.com.br\/","logo":{"@type":"ImageObject","inLanguage":"pt-BR","@id":"https:\/\/blogdofarnesio.com.br\/#\/schema\/logo\/image\/","url":"https:\/\/blogdofarnesio.com.br\/wp-content\/uploads\/2026\/03\/cropped-logo_new-1.png","contentUrl":"https:\/\/blogdofarnesio.com.br\/wp-content\/uploads\/2026\/03\/cropped-logo_new-1.png","width":881,"height":685,"caption":"Blog do Farn\u00e9sio"},"image":{"@id":"https:\/\/blogdofarnesio.com.br\/#\/schema\/logo\/image\/"},"sameAs":["https:\/\/www.facebook.com\/BlogQuerSaberPolitica\/"]},{"@type":"Person","@id":"https:\/\/blogdofarnesio.com.br\/#\/schema\/person\/dd1bf5eba40b687199ba45ca6b97dff9","name":"teste","image":{"@type":"ImageObject","inLanguage":"pt-BR","@id":"https:\/\/secure.gravatar.com\/avatar\/2172498d4914b51e1d89a0f97957b035ac4938723a5cac208135d389b6972a6d?s=96&d=mm&r=g","url":"https:\/\/secure.gravatar.com\/avatar\/2172498d4914b51e1d89a0f97957b035ac4938723a5cac208135d389b6972a6d?s=96&d=mm&r=g","contentUrl":"https:\/\/secure.gravatar.com\/avatar\/2172498d4914b51e1d89a0f97957b035ac4938723a5cac208135d389b6972a6d?s=96&d=mm&r=g","caption":"teste"},"url":"https:\/\/blogdofarnesio.com.br\/?author=3"}]}},"_links":{"self":[{"href":"https:\/\/blogdofarnesio.com.br\/index.php?rest_route=\/wp\/v2\/posts\/114099","targetHints":{"allow":["GET"]}}],"collection":[{"href":"https:\/\/blogdofarnesio.com.br\/index.php?rest_route=\/wp\/v2\/posts"}],"about":[{"href":"https:\/\/blogdofarnesio.com.br\/index.php?rest_route=\/wp\/v2\/types\/post"}],"author":[{"embeddable":true,"href":"https:\/\/blogdofarnesio.com.br\/index.php?rest_route=\/wp\/v2\/users\/3"}],"replies":[{"embeddable":true,"href":"https:\/\/blogdofarnesio.com.br\/index.php?rest_route=%2Fwp%2Fv2%2Fcomments&post=114099"}],"version-history":[{"count":0,"href":"https:\/\/blogdofarnesio.com.br\/index.php?rest_route=\/wp\/v2\/posts\/114099\/revisions"}],"wp:attachment":[{"href":"https:\/\/blogdofarnesio.com.br\/index.php?rest_route=%2Fwp%2Fv2%2Fmedia&parent=114099"}],"wp:term":[{"taxonomy":"category","embeddable":true,"href":"https:\/\/blogdofarnesio.com.br\/index.php?rest_route=%2Fwp%2Fv2%2Fcategories&post=114099"},{"taxonomy":"post_tag","embeddable":true,"href":"https:\/\/blogdofarnesio.com.br\/index.php?rest_route=%2Fwp%2Fv2%2Ftags&post=114099"}],"curies":[{"name":"wp","href":"https:\/\/api.w.org\/{rel}","templated":true}]}}