{"id":114091,"date":"2015-01-25T10:01:43","date_gmt":"2015-01-25T13:01:43","guid":{"rendered":"http:\/\/www.quersaberpolitica.com.br\/?p=114091"},"modified":"2015-01-25T08:53:36","modified_gmt":"2015-01-25T11:53:36","slug":"atencao-motoristas-transito-no-centro-de-juazeiro-sofrera-mudancas","status":"publish","type":"post","link":"https:\/\/blogdofarnesio.com.br\/?p=114091","title":{"rendered":"ATEN\u00c7\u00c3O MOTORISTAS !!! TR\u00c2NSITO NO CENTRO DE JUAZEIRO SOFRER\u00c1 MUDAN\u00c7AS"},"content":{"rendered":"<p style=\"text-align: justify\"><a href=\"http:\/\/www.quersaberpolitica.com.br\/2016\/wp-content\/uploads\/2013\/02\/blogqsptransito-seguro.jpg\"><img loading=\"lazy\" decoding=\"async\" class=\"aligncenter  wp-image-29055\" alt=\"blogqsptransito-seguro\" src=\"http:\/\/www.quersaberpolitica.com.br\/2016\/wp-content\/uploads\/2013\/02\/blogqsptransito-seguro.jpg\" width=\"430\" height=\"289\" srcset=\"https:\/\/blogdofarnesio.com.br\/wp-content\/uploads\/2013\/02\/blogqsptransito-seguro.jpg 478w, https:\/\/blogdofarnesio.com.br\/wp-content\/uploads\/2013\/02\/blogqsptransito-seguro-300x201.jpg 300w, https:\/\/blogdofarnesio.com.br\/wp-content\/uploads\/2013\/02\/blogqsptransito-seguro-446x300.jpg 446w\" sizes=\"auto, (max-width: 430px) 100vw, 430px\" \/><\/a>A Companhia de Seguran\u00e7a, Tr\u00e2nsito e Transportes (CSTT) informa que nos <strong>dias 28 e 29<\/strong> de janeiro a Orla II ficar\u00e1 interditada a partir das 14 horas em virtude do inicio do Carnaval de Juazeiro, onde acontecer\u00e3o os shows do Polo Jo\u00e3o Gilberto. J\u00e1 nos <strong>dias 30 e 31<\/strong> as interdi\u00e7\u00f5es acontecer\u00e3o na Avenida Adolfo Viana e Rua da 28, a partir das 12 horas at\u00e9 as 06 horas da manh\u00e3 do dia seguinte.<\/p>\n<p style=\"text-align: justify\">Em rela\u00e7\u00e3o ao Circuito Ivete Sangalo, na Adolfo Viana e Orla I, o setor de tr\u00e2nsito sugere aos condutores, que desejam atravessar a Adolfo Viana sentido no Flaviano Guimar\u00e3es\/Centen\u00e1rio\/UNEB dentro do hor\u00e1rio de interdi\u00e7\u00e3o, que sigam pela Rua Paulo Afonso (conhecida como Rua da SOTE) no sentido do bairro Lomanto Junior. Da mesma forma os motoristas que estiverem nas localidades citadas ou proximidades, dever\u00e3o seguir pela Avenida Luiz In\u00e1cio Lula da Silva, no sentido Bairro Lomanto Junior\/SOTE.<\/p>\n<p>J\u00e1 em rela\u00e7\u00e3o ao Circuito Luiz Galv\u00e3o, referente \u00e0 Rua da 28, os condutores dever\u00e3o trafegar pela Travessa Lauro de Freitas ou pela Rua Benjamin Constant no sentido Alto da Maravilha\/SOTE. No caso do Circuito Jo\u00e3o Gilberto, referente \u00e0 Orla II, a interdi\u00e7\u00e3o n\u00e3o ir\u00e1 interferir no fluxo.<\/p>\n<p><em>Clarissa Moreira\/CSTT<\/em><\/p>\n","protected":false},"excerpt":{"rendered":"<p>A Companhia de Seguran\u00e7a, Tr\u00e2nsito e Transportes (CSTT) informa que nos dias 28 e 29 de janeiro a Orla II ficar\u00e1 interditada a partir das 14 horas em virtude do inicio do Carnaval de Juazeiro, onde acontecer\u00e3o os shows do Polo Jo\u00e3o Gilberto. J\u00e1 nos dias 30 e 31 as interdi\u00e7\u00f5es acontecer\u00e3o na Avenida Adolfo Viana e Rua da 28, a partir das 12 horas at\u00e9 as 06 horas da manh\u00e3 do dia seguinte. Em rela\u00e7\u00e3o ao Circuito Ivete Sangalo, na Adolfo Viana e Orla I, o setor de tr\u00e2nsito sugere aos condutores, que desejam atravessar a Adolfo Viana sentido no Flaviano Guimar\u00e3es\/Centen\u00e1rio\/UNEB dentro do hor\u00e1rio de interdi\u00e7\u00e3o, que sigam pela Rua Paulo Afonso (conhecida como Rua da SOTE) no&hellip; <\/p>\n","protected":false},"author":3,"featured_media":0,"comment_status":"open","ping_status":"open","sticky":false,"template":"","format":"standard","meta":{"_acf_changed":false,"footnotes":""},"categories":[1],"tags":[],"class_list":["post-114091","post","type-post","status-publish","format-standard","hentry","category-politica"],"acf":[],"yoast_head":"<!-- This site is optimized with the Yoast SEO plugin v27.4 - https:\/\/yoast.com\/product\/yoast-seo-wordpress\/ -->\n<title>ATEN\u00c7\u00c3O MOTORISTAS !!! TR\u00c2NSITO NO CENTRO DE JUAZEIRO SOFRER\u00c1 MUDAN\u00c7AS - Blog do Farn\u00e9sio<\/title>\n<meta name=\"robots\" content=\"index, follow, max-snippet:-1, max-image-preview:large, max-video-preview:-1\" \/>\n<link rel=\"canonical\" href=\"https:\/\/blogdofarnesio.com.br\/?p=114091\" \/>\n<meta property=\"og:locale\" content=\"pt_BR\" \/>\n<meta property=\"og:type\" content=\"article\" \/>\n<meta property=\"og:title\" content=\"ATEN\u00c7\u00c3O MOTORISTAS !!! TR\u00c2NSITO NO CENTRO DE JUAZEIRO SOFRER\u00c1 MUDAN\u00c7AS - Blog do Farn\u00e9sio\" \/>\n<meta property=\"og:description\" content=\"A Companhia de Seguran\u00e7a, Tr\u00e2nsito e Transportes (CSTT) informa que nos dias 28 e 29 de janeiro a Orla II ficar\u00e1 interditada a partir das 14 horas em virtude do inicio do Carnaval de Juazeiro, onde acontecer\u00e3o os shows do Polo Jo\u00e3o Gilberto. J\u00e1 nos dias 30 e 31 as interdi\u00e7\u00f5es acontecer\u00e3o na Avenida Adolfo Viana e Rua da 28, a partir das 12 horas at\u00e9 as 06 horas da manh\u00e3 do dia seguinte. Em rela\u00e7\u00e3o ao Circuito Ivete Sangalo, na Adolfo Viana e Orla I, o setor de tr\u00e2nsito sugere aos condutores, que desejam atravessar a Adolfo Viana sentido no Flaviano Guimar\u00e3es\/Centen\u00e1rio\/UNEB dentro do hor\u00e1rio de interdi\u00e7\u00e3o, que sigam pela Rua Paulo Afonso (conhecida como Rua da SOTE) no&hellip;\" \/>\n<meta property=\"og:url\" content=\"https:\/\/blogdofarnesio.com.br\/?p=114091\" \/>\n<meta property=\"og:site_name\" content=\"Blog do Farn\u00e9sio\" \/>\n<meta property=\"article:publisher\" content=\"https:\/\/www.facebook.com\/BlogQuerSaberPolitica\/\" \/>\n<meta property=\"article:published_time\" content=\"2015-01-25T13:01:43+00:00\" \/>\n<meta property=\"og:image\" content=\"http:\/\/www.quersaberpolitica.com.br\/2016\/wp-content\/uploads\/2013\/02\/blogqsptransito-seguro.jpg\" \/>\n<meta name=\"author\" content=\"teste\" \/>\n<meta name=\"twitter:card\" content=\"summary_large_image\" \/>\n<meta name=\"twitter:label1\" content=\"Escrito por\" \/>\n\t<meta name=\"twitter:data1\" content=\"teste\" \/>\n\t<meta name=\"twitter:label2\" content=\"Est. tempo de leitura\" \/>\n\t<meta name=\"twitter:data2\" content=\"1 minuto\" \/>\n<script type=\"application\/ld+json\" class=\"yoast-schema-graph\">{\"@context\":\"https:\\\/\\\/schema.org\",\"@graph\":[{\"@type\":\"Article\",\"@id\":\"https:\\\/\\\/blogdofarnesio.com.br\\\/?p=114091#article\",\"isPartOf\":{\"@id\":\"https:\\\/\\\/blogdofarnesio.com.br\\\/?p=114091\"},\"author\":{\"name\":\"teste\",\"@id\":\"https:\\\/\\\/blogdofarnesio.com.br\\\/#\\\/schema\\\/person\\\/dd1bf5eba40b687199ba45ca6b97dff9\"},\"headline\":\"ATEN\u00c7\u00c3O MOTORISTAS !!! TR\u00c2NSITO NO CENTRO DE JUAZEIRO SOFRER\u00c1 MUDAN\u00c7AS\",\"datePublished\":\"2015-01-25T13:01:43+00:00\",\"mainEntityOfPage\":{\"@id\":\"https:\\\/\\\/blogdofarnesio.com.br\\\/?p=114091\"},\"wordCount\":227,\"commentCount\":0,\"publisher\":{\"@id\":\"https:\\\/\\\/blogdofarnesio.com.br\\\/#organization\"},\"image\":{\"@id\":\"https:\\\/\\\/blogdofarnesio.com.br\\\/?p=114091#primaryimage\"},\"thumbnailUrl\":\"http:\\\/\\\/www.quersaberpolitica.com.br\\\/2016\\\/wp-content\\\/uploads\\\/2013\\\/02\\\/blogqsptransito-seguro.jpg\",\"articleSection\":[\"Pol\u00edtica\"],\"inLanguage\":\"pt-BR\",\"potentialAction\":[{\"@type\":\"CommentAction\",\"name\":\"Comment\",\"target\":[\"https:\\\/\\\/blogdofarnesio.com.br\\\/?p=114091#respond\"]}]},{\"@type\":\"WebPage\",\"@id\":\"https:\\\/\\\/blogdofarnesio.com.br\\\/?p=114091\",\"url\":\"https:\\\/\\\/blogdofarnesio.com.br\\\/?p=114091\",\"name\":\"ATEN\u00c7\u00c3O MOTORISTAS !!! TR\u00c2NSITO NO CENTRO DE JUAZEIRO SOFRER\u00c1 MUDAN\u00c7AS - Blog do Farn\u00e9sio\",\"isPartOf\":{\"@id\":\"https:\\\/\\\/blogdofarnesio.com.br\\\/#website\"},\"primaryImageOfPage\":{\"@id\":\"https:\\\/\\\/blogdofarnesio.com.br\\\/?p=114091#primaryimage\"},\"image\":{\"@id\":\"https:\\\/\\\/blogdofarnesio.com.br\\\/?p=114091#primaryimage\"},\"thumbnailUrl\":\"http:\\\/\\\/www.quersaberpolitica.com.br\\\/2016\\\/wp-content\\\/uploads\\\/2013\\\/02\\\/blogqsptransito-seguro.jpg\",\"datePublished\":\"2015-01-25T13:01:43+00:00\",\"breadcrumb\":{\"@id\":\"https:\\\/\\\/blogdofarnesio.com.br\\\/?p=114091#breadcrumb\"},\"inLanguage\":\"pt-BR\",\"potentialAction\":[{\"@type\":\"ReadAction\",\"target\":[\"https:\\\/\\\/blogdofarnesio.com.br\\\/?p=114091\"]}]},{\"@type\":\"ImageObject\",\"inLanguage\":\"pt-BR\",\"@id\":\"https:\\\/\\\/blogdofarnesio.com.br\\\/?p=114091#primaryimage\",\"url\":\"http:\\\/\\\/www.quersaberpolitica.com.br\\\/2016\\\/wp-content\\\/uploads\\\/2013\\\/02\\\/blogqsptransito-seguro.jpg\",\"contentUrl\":\"http:\\\/\\\/www.quersaberpolitica.com.br\\\/2016\\\/wp-content\\\/uploads\\\/2013\\\/02\\\/blogqsptransito-seguro.jpg\"},{\"@type\":\"BreadcrumbList\",\"@id\":\"https:\\\/\\\/blogdofarnesio.com.br\\\/?p=114091#breadcrumb\",\"itemListElement\":[{\"@type\":\"ListItem\",\"position\":1,\"name\":\"In\u00edcio\",\"item\":\"https:\\\/\\\/blogdofarnesio.com.br\\\/\"},{\"@type\":\"ListItem\",\"position\":2,\"name\":\"ATEN\u00c7\u00c3O MOTORISTAS !!! TR\u00c2NSITO NO CENTRO DE JUAZEIRO SOFRER\u00c1 MUDAN\u00c7AS\"}]},{\"@type\":\"WebSite\",\"@id\":\"https:\\\/\\\/blogdofarnesio.com.br\\\/#website\",\"url\":\"https:\\\/\\\/blogdofarnesio.com.br\\\/\",\"name\":\"Blog do Farn\u00e9sio\",\"description\":\"Quer Saber Pol\u00edtica?\",\"publisher\":{\"@id\":\"https:\\\/\\\/blogdofarnesio.com.br\\\/#organization\"},\"potentialAction\":[{\"@type\":\"SearchAction\",\"target\":{\"@type\":\"EntryPoint\",\"urlTemplate\":\"https:\\\/\\\/blogdofarnesio.com.br\\\/?s={search_term_string}\"},\"query-input\":{\"@type\":\"PropertyValueSpecification\",\"valueRequired\":true,\"valueName\":\"search_term_string\"}}],\"inLanguage\":\"pt-BR\"},{\"@type\":\"Organization\",\"@id\":\"https:\\\/\\\/blogdofarnesio.com.br\\\/#organization\",\"name\":\"Blog do Farn\u00e9sio\",\"url\":\"https:\\\/\\\/blogdofarnesio.com.br\\\/\",\"logo\":{\"@type\":\"ImageObject\",\"inLanguage\":\"pt-BR\",\"@id\":\"https:\\\/\\\/blogdofarnesio.com.br\\\/#\\\/schema\\\/logo\\\/image\\\/\",\"url\":\"https:\\\/\\\/blogdofarnesio.com.br\\\/wp-content\\\/uploads\\\/2026\\\/03\\\/cropped-logo_new-1.png\",\"contentUrl\":\"https:\\\/\\\/blogdofarnesio.com.br\\\/wp-content\\\/uploads\\\/2026\\\/03\\\/cropped-logo_new-1.png\",\"width\":881,\"height\":685,\"caption\":\"Blog do Farn\u00e9sio\"},\"image\":{\"@id\":\"https:\\\/\\\/blogdofarnesio.com.br\\\/#\\\/schema\\\/logo\\\/image\\\/\"},\"sameAs\":[\"https:\\\/\\\/www.facebook.com\\\/BlogQuerSaberPolitica\\\/\"]},{\"@type\":\"Person\",\"@id\":\"https:\\\/\\\/blogdofarnesio.com.br\\\/#\\\/schema\\\/person\\\/dd1bf5eba40b687199ba45ca6b97dff9\",\"name\":\"teste\",\"image\":{\"@type\":\"ImageObject\",\"inLanguage\":\"pt-BR\",\"@id\":\"https:\\\/\\\/secure.gravatar.com\\\/avatar\\\/2172498d4914b51e1d89a0f97957b035ac4938723a5cac208135d389b6972a6d?s=96&d=mm&r=g\",\"url\":\"https:\\\/\\\/secure.gravatar.com\\\/avatar\\\/2172498d4914b51e1d89a0f97957b035ac4938723a5cac208135d389b6972a6d?s=96&d=mm&r=g\",\"contentUrl\":\"https:\\\/\\\/secure.gravatar.com\\\/avatar\\\/2172498d4914b51e1d89a0f97957b035ac4938723a5cac208135d389b6972a6d?s=96&d=mm&r=g\",\"caption\":\"teste\"},\"url\":\"https:\\\/\\\/blogdofarnesio.com.br\\\/?author=3\"}]}<\/script>\n<!-- \/ Yoast SEO plugin. -->","yoast_head_json":{"title":"ATEN\u00c7\u00c3O MOTORISTAS !!! TR\u00c2NSITO NO CENTRO DE JUAZEIRO SOFRER\u00c1 MUDAN\u00c7AS - Blog do Farn\u00e9sio","robots":{"index":"index","follow":"follow","max-snippet":"max-snippet:-1","max-image-preview":"max-image-preview:large","max-video-preview":"max-video-preview:-1"},"canonical":"https:\/\/blogdofarnesio.com.br\/?p=114091","og_locale":"pt_BR","og_type":"article","og_title":"ATEN\u00c7\u00c3O MOTORISTAS !!! TR\u00c2NSITO NO CENTRO DE JUAZEIRO SOFRER\u00c1 MUDAN\u00c7AS - Blog do Farn\u00e9sio","og_description":"A Companhia de Seguran\u00e7a, Tr\u00e2nsito e Transportes (CSTT) informa que nos dias 28 e 29 de janeiro a Orla II ficar\u00e1 interditada a partir das 14 horas em virtude do inicio do Carnaval de Juazeiro, onde acontecer\u00e3o os shows do Polo Jo\u00e3o Gilberto. J\u00e1 nos dias 30 e 31 as interdi\u00e7\u00f5es acontecer\u00e3o na Avenida Adolfo Viana e Rua da 28, a partir das 12 horas at\u00e9 as 06 horas da manh\u00e3 do dia seguinte. Em rela\u00e7\u00e3o ao Circuito Ivete Sangalo, na Adolfo Viana e Orla I, o setor de tr\u00e2nsito sugere aos condutores, que desejam atravessar a Adolfo Viana sentido no Flaviano Guimar\u00e3es\/Centen\u00e1rio\/UNEB dentro do hor\u00e1rio de interdi\u00e7\u00e3o, que sigam pela Rua Paulo Afonso (conhecida como Rua da SOTE) no&hellip;","og_url":"https:\/\/blogdofarnesio.com.br\/?p=114091","og_site_name":"Blog do Farn\u00e9sio","article_publisher":"https:\/\/www.facebook.com\/BlogQuerSaberPolitica\/","article_published_time":"2015-01-25T13:01:43+00:00","og_image":[{"url":"http:\/\/www.quersaberpolitica.com.br\/2016\/wp-content\/uploads\/2013\/02\/blogqsptransito-seguro.jpg","type":"","width":"","height":""}],"author":"teste","twitter_card":"summary_large_image","twitter_misc":{"Escrito por":"teste","Est. tempo de leitura":"1 minuto"},"schema":{"@context":"https:\/\/schema.org","@graph":[{"@type":"Article","@id":"https:\/\/blogdofarnesio.com.br\/?p=114091#article","isPartOf":{"@id":"https:\/\/blogdofarnesio.com.br\/?p=114091"},"author":{"name":"teste","@id":"https:\/\/blogdofarnesio.com.br\/#\/schema\/person\/dd1bf5eba40b687199ba45ca6b97dff9"},"headline":"ATEN\u00c7\u00c3O MOTORISTAS !!! TR\u00c2NSITO NO CENTRO DE JUAZEIRO SOFRER\u00c1 MUDAN\u00c7AS","datePublished":"2015-01-25T13:01:43+00:00","mainEntityOfPage":{"@id":"https:\/\/blogdofarnesio.com.br\/?p=114091"},"wordCount":227,"commentCount":0,"publisher":{"@id":"https:\/\/blogdofarnesio.com.br\/#organization"},"image":{"@id":"https:\/\/blogdofarnesio.com.br\/?p=114091#primaryimage"},"thumbnailUrl":"http:\/\/www.quersaberpolitica.com.br\/2016\/wp-content\/uploads\/2013\/02\/blogqsptransito-seguro.jpg","articleSection":["Pol\u00edtica"],"inLanguage":"pt-BR","potentialAction":[{"@type":"CommentAction","name":"Comment","target":["https:\/\/blogdofarnesio.com.br\/?p=114091#respond"]}]},{"@type":"WebPage","@id":"https:\/\/blogdofarnesio.com.br\/?p=114091","url":"https:\/\/blogdofarnesio.com.br\/?p=114091","name":"ATEN\u00c7\u00c3O MOTORISTAS !!! TR\u00c2NSITO NO CENTRO DE JUAZEIRO SOFRER\u00c1 MUDAN\u00c7AS - Blog do Farn\u00e9sio","isPartOf":{"@id":"https:\/\/blogdofarnesio.com.br\/#website"},"primaryImageOfPage":{"@id":"https:\/\/blogdofarnesio.com.br\/?p=114091#primaryimage"},"image":{"@id":"https:\/\/blogdofarnesio.com.br\/?p=114091#primaryimage"},"thumbnailUrl":"http:\/\/www.quersaberpolitica.com.br\/2016\/wp-content\/uploads\/2013\/02\/blogqsptransito-seguro.jpg","datePublished":"2015-01-25T13:01:43+00:00","breadcrumb":{"@id":"https:\/\/blogdofarnesio.com.br\/?p=114091#breadcrumb"},"inLanguage":"pt-BR","potentialAction":[{"@type":"ReadAction","target":["https:\/\/blogdofarnesio.com.br\/?p=114091"]}]},{"@type":"ImageObject","inLanguage":"pt-BR","@id":"https:\/\/blogdofarnesio.com.br\/?p=114091#primaryimage","url":"http:\/\/www.quersaberpolitica.com.br\/2016\/wp-content\/uploads\/2013\/02\/blogqsptransito-seguro.jpg","contentUrl":"http:\/\/www.quersaberpolitica.com.br\/2016\/wp-content\/uploads\/2013\/02\/blogqsptransito-seguro.jpg"},{"@type":"BreadcrumbList","@id":"https:\/\/blogdofarnesio.com.br\/?p=114091#breadcrumb","itemListElement":[{"@type":"ListItem","position":1,"name":"In\u00edcio","item":"https:\/\/blogdofarnesio.com.br\/"},{"@type":"ListItem","position":2,"name":"ATEN\u00c7\u00c3O MOTORISTAS !!! TR\u00c2NSITO NO CENTRO DE JUAZEIRO SOFRER\u00c1 MUDAN\u00c7AS"}]},{"@type":"WebSite","@id":"https:\/\/blogdofarnesio.com.br\/#website","url":"https:\/\/blogdofarnesio.com.br\/","name":"Blog do Farn\u00e9sio","description":"Quer Saber Pol\u00edtica?","publisher":{"@id":"https:\/\/blogdofarnesio.com.br\/#organization"},"potentialAction":[{"@type":"SearchAction","target":{"@type":"EntryPoint","urlTemplate":"https:\/\/blogdofarnesio.com.br\/?s={search_term_string}"},"query-input":{"@type":"PropertyValueSpecification","valueRequired":true,"valueName":"search_term_string"}}],"inLanguage":"pt-BR"},{"@type":"Organization","@id":"https:\/\/blogdofarnesio.com.br\/#organization","name":"Blog do Farn\u00e9sio","url":"https:\/\/blogdofarnesio.com.br\/","logo":{"@type":"ImageObject","inLanguage":"pt-BR","@id":"https:\/\/blogdofarnesio.com.br\/#\/schema\/logo\/image\/","url":"https:\/\/blogdofarnesio.com.br\/wp-content\/uploads\/2026\/03\/cropped-logo_new-1.png","contentUrl":"https:\/\/blogdofarnesio.com.br\/wp-content\/uploads\/2026\/03\/cropped-logo_new-1.png","width":881,"height":685,"caption":"Blog do Farn\u00e9sio"},"image":{"@id":"https:\/\/blogdofarnesio.com.br\/#\/schema\/logo\/image\/"},"sameAs":["https:\/\/www.facebook.com\/BlogQuerSaberPolitica\/"]},{"@type":"Person","@id":"https:\/\/blogdofarnesio.com.br\/#\/schema\/person\/dd1bf5eba40b687199ba45ca6b97dff9","name":"teste","image":{"@type":"ImageObject","inLanguage":"pt-BR","@id":"https:\/\/secure.gravatar.com\/avatar\/2172498d4914b51e1d89a0f97957b035ac4938723a5cac208135d389b6972a6d?s=96&d=mm&r=g","url":"https:\/\/secure.gravatar.com\/avatar\/2172498d4914b51e1d89a0f97957b035ac4938723a5cac208135d389b6972a6d?s=96&d=mm&r=g","contentUrl":"https:\/\/secure.gravatar.com\/avatar\/2172498d4914b51e1d89a0f97957b035ac4938723a5cac208135d389b6972a6d?s=96&d=mm&r=g","caption":"teste"},"url":"https:\/\/blogdofarnesio.com.br\/?author=3"}]}},"_links":{"self":[{"href":"https:\/\/blogdofarnesio.com.br\/index.php?rest_route=\/wp\/v2\/posts\/114091","targetHints":{"allow":["GET"]}}],"collection":[{"href":"https:\/\/blogdofarnesio.com.br\/index.php?rest_route=\/wp\/v2\/posts"}],"about":[{"href":"https:\/\/blogdofarnesio.com.br\/index.php?rest_route=\/wp\/v2\/types\/post"}],"author":[{"embeddable":true,"href":"https:\/\/blogdofarnesio.com.br\/index.php?rest_route=\/wp\/v2\/users\/3"}],"replies":[{"embeddable":true,"href":"https:\/\/blogdofarnesio.com.br\/index.php?rest_route=%2Fwp%2Fv2%2Fcomments&post=114091"}],"version-history":[{"count":0,"href":"https:\/\/blogdofarnesio.com.br\/index.php?rest_route=\/wp\/v2\/posts\/114091\/revisions"}],"wp:attachment":[{"href":"https:\/\/blogdofarnesio.com.br\/index.php?rest_route=%2Fwp%2Fv2%2Fmedia&parent=114091"}],"wp:term":[{"taxonomy":"category","embeddable":true,"href":"https:\/\/blogdofarnesio.com.br\/index.php?rest_route=%2Fwp%2Fv2%2Fcategories&post=114091"},{"taxonomy":"post_tag","embeddable":true,"href":"https:\/\/blogdofarnesio.com.br\/index.php?rest_route=%2Fwp%2Fv2%2Ftags&post=114091"}],"curies":[{"name":"wp","href":"https:\/\/api.w.org\/{rel}","templated":true}]}}