{"id":113821,"date":"2015-01-22T07:22:52","date_gmt":"2015-01-22T10:22:52","guid":{"rendered":"http:\/\/www.quersaberpolitica.com.br\/?p=113821"},"modified":"2015-01-21T20:01:43","modified_gmt":"2015-01-21T23:01:43","slug":"campanha-salarial-2015-mesa-de-negociacao-da-prefeitura-de-juazeiro-recebeu-sindae-e-aplb","status":"publish","type":"post","link":"https:\/\/blogdofarnesio.com.br\/?p=113821","title":{"rendered":"CAMPANHA SALARIAL 2015: MESA DE NEGOCIA\u00c7\u00c3O DA PREFEITURA DE JUAZEIRO RECEBEU SINDAE E APLB"},"content":{"rendered":"<p><a href=\"http:\/\/www.quersaberpolitica.com.br\/2016\/wp-content\/uploads\/2015\/01\/blogqsp.Reuni\u00e3o-Campanha-Salarial.jpg\"><img loading=\"lazy\" decoding=\"async\" class=\"size-medium wp-image-113822 alignleft\" alt=\"blogqsp.Reuni\u00e3o Campanha Salarial\" src=\"http:\/\/www.quersaberpolitica.com.br\/2016\/wp-content\/uploads\/2015\/01\/blogqsp.Reuni\u00e3o-Campanha-Salarial-300x168.jpg\" width=\"300\" height=\"168\" srcset=\"https:\/\/blogdofarnesio.com.br\/wp-content\/uploads\/2015\/01\/blogqsp.Reuni\u00e3o-Campanha-Salarial-300x168.jpg 300w, https:\/\/blogdofarnesio.com.br\/wp-content\/uploads\/2015\/01\/blogqsp.Reuni\u00e3o-Campanha-Salarial.jpg 448w\" sizes=\"auto, (max-width: 300px) 100vw, 300px\" \/><\/a><\/p>\n<p style=\"text-align: justify\">Dando continuidade \u00e0s negocia\u00e7\u00f5es da campanha salarial 2015, a Mesa Permanente da Prefeitura reuniu \u00a0os Sindicatos dos Trabalhadores do SAAE (SINDAE) e dos Trabalhadores em Educa\u00e7\u00e3o (APLB). Al\u00e9m dos membros da Mesa Permanente e dos representantes dos sindicatos do SINDAE e da APLB, participaram das reuni\u00f5es Jadeilma Vieira, diretora administrativo-financeira do SAAE, Ana Patr\u00edcia Gon\u00e7alves, subcontroladora do SAAE, e Carlos Em\u00edlio Passos, representando a SEDUC.<\/p>\n<p style=\"text-align: justify\">Os representantes do SINDAE reivindicaram o cumprimento do acordo salarial feito em 2014: a incorpora\u00e7\u00e3o da GAE ao vencimento base, ficando o setor jur\u00eddico do SAAE de verificar o acordado na Lei. Tamb\u00e9m solicitaram o atendimento de algumas especificidades dos servidores do SAAE que j\u00e1 s\u00e3o cumpridas em outras cidades baianas. Como a campanha salarial do SINDAE \u00e9 apenas em maio, os representantes do sindicato ficaram de conhecer o estudo do impacto financeiro do Plano de Cargos, Carreiras e Remunera\u00e7\u00e3o (PCCR) no final de fevereiro.<\/p>\n<p style=\"text-align: justify\"><!--more--><\/p>\n<p style=\"text-align: justify\">\u00a0Expedito Vasconcelos, representante da APLB, apresentou algumas demandas dos servidores da educa\u00e7\u00e3o e reivindicou melhorias na gest\u00e3o de pessoal da SEDUC. Tamb\u00e9m ressaltou a necessidade do cumprimento do piso salarial nacional dos professores, em tempo h\u00e1bil.<\/p>\n<p style=\"text-align: justify\">A Secret\u00e1ria de Administra\u00e7\u00e3o, Ma\u00e9ve Melo, pontuou que a Funda\u00e7\u00e3o Get\u00falio Vargas est\u00e1 concluindo o estudo do impacto financeiro do PCCR e a revis\u00e3o das gratifica\u00e7\u00f5es e que, nas reuni\u00f5es agendadas para o in\u00edcio de fevereiro, todos os sindicatos ter\u00e3o acesso ao estudo, quando ser\u00e1 poss\u00edvel discutir com maior propriedade a implanta\u00e7\u00e3o do PCCR, e as demais reivindica\u00e7\u00f5es.<\/p>\n<p style=\"text-align: justify\">A pr\u00f3xima reuni\u00e3o com a APLB ficou para dia 12 de fevereiro e com o SINDAE para o final de fevereiro.<\/p>\n","protected":false},"excerpt":{"rendered":"<p>Dando continuidade \u00e0s negocia\u00e7\u00f5es da campanha salarial 2015, a Mesa Permanente da Prefeitura reuniu \u00a0os Sindicatos dos Trabalhadores do SAAE (SINDAE) e dos Trabalhadores em Educa\u00e7\u00e3o (APLB). Al\u00e9m dos membros da Mesa Permanente e dos representantes dos sindicatos do SINDAE e da APLB, participaram das reuni\u00f5es Jadeilma Vieira, diretora administrativo-financeira do SAAE, Ana Patr\u00edcia Gon\u00e7alves, subcontroladora do SAAE, e Carlos Em\u00edlio Passos, representando a SEDUC. Os representantes do SINDAE reivindicaram o cumprimento do acordo salarial feito em 2014: a incorpora\u00e7\u00e3o da GAE ao vencimento base, ficando o setor jur\u00eddico do SAAE de verificar o acordado na Lei. Tamb\u00e9m solicitaram o atendimento de algumas especificidades dos servidores do SAAE que j\u00e1 s\u00e3o cumpridas em outras cidades baianas. Como a campanha salarial&hellip; <\/p>\n","protected":false},"author":7,"featured_media":0,"comment_status":"open","ping_status":"open","sticky":false,"template":"","format":"standard","meta":{"_acf_changed":false,"footnotes":""},"categories":[19],"tags":[],"class_list":["post-113821","post","type-post","status-publish","format-standard","hentry","category-servidores"],"acf":[],"yoast_head":"<!-- This site is optimized with the Yoast SEO plugin v27.4 - https:\/\/yoast.com\/product\/yoast-seo-wordpress\/ -->\n<title>CAMPANHA SALARIAL 2015: MESA DE NEGOCIA\u00c7\u00c3O DA PREFEITURA DE JUAZEIRO RECEBEU SINDAE E APLB - Blog do Farn\u00e9sio<\/title>\n<meta name=\"robots\" content=\"index, follow, max-snippet:-1, max-image-preview:large, max-video-preview:-1\" \/>\n<link rel=\"canonical\" href=\"https:\/\/blogdofarnesio.com.br\/?p=113821\" \/>\n<meta property=\"og:locale\" content=\"pt_BR\" \/>\n<meta property=\"og:type\" content=\"article\" \/>\n<meta property=\"og:title\" content=\"CAMPANHA SALARIAL 2015: MESA DE NEGOCIA\u00c7\u00c3O DA PREFEITURA DE JUAZEIRO RECEBEU SINDAE E APLB - Blog do Farn\u00e9sio\" \/>\n<meta property=\"og:description\" content=\"Dando continuidade \u00e0s negocia\u00e7\u00f5es da campanha salarial 2015, a Mesa Permanente da Prefeitura reuniu \u00a0os Sindicatos dos Trabalhadores do SAAE (SINDAE) e dos Trabalhadores em Educa\u00e7\u00e3o (APLB). Al\u00e9m dos membros da Mesa Permanente e dos representantes dos sindicatos do SINDAE e da APLB, participaram das reuni\u00f5es Jadeilma Vieira, diretora administrativo-financeira do SAAE, Ana Patr\u00edcia Gon\u00e7alves, subcontroladora do SAAE, e Carlos Em\u00edlio Passos, representando a SEDUC. Os representantes do SINDAE reivindicaram o cumprimento do acordo salarial feito em 2014: a incorpora\u00e7\u00e3o da GAE ao vencimento base, ficando o setor jur\u00eddico do SAAE de verificar o acordado na Lei. Tamb\u00e9m solicitaram o atendimento de algumas especificidades dos servidores do SAAE que j\u00e1 s\u00e3o cumpridas em outras cidades baianas. Como a campanha salarial&hellip;\" \/>\n<meta property=\"og:url\" content=\"https:\/\/blogdofarnesio.com.br\/?p=113821\" \/>\n<meta property=\"og:site_name\" content=\"Blog do Farn\u00e9sio\" \/>\n<meta property=\"article:publisher\" content=\"https:\/\/www.facebook.com\/BlogQuerSaberPolitica\/\" \/>\n<meta property=\"article:published_time\" content=\"2015-01-22T10:22:52+00:00\" \/>\n<meta name=\"twitter:card\" content=\"summary_large_image\" \/>\n<meta name=\"twitter:label1\" content=\"Escrito por\" \/>\n\t<meta name=\"twitter:data1\" content=\"\" \/>\n\t<meta name=\"twitter:label2\" content=\"Est. tempo de leitura\" \/>\n\t<meta name=\"twitter:data2\" content=\"1 minuto\" \/>\n<script type=\"application\/ld+json\" class=\"yoast-schema-graph\">{\"@context\":\"https:\\\/\\\/schema.org\",\"@graph\":[{\"@type\":\"Article\",\"@id\":\"https:\\\/\\\/blogdofarnesio.com.br\\\/?p=113821#article\",\"isPartOf\":{\"@id\":\"https:\\\/\\\/blogdofarnesio.com.br\\\/?p=113821\"},\"author\":{\"name\":\"\",\"@id\":\"\"},\"headline\":\"CAMPANHA SALARIAL 2015: MESA DE NEGOCIA\u00c7\u00c3O DA PREFEITURA DE JUAZEIRO RECEBEU SINDAE E APLB\",\"datePublished\":\"2015-01-22T10:22:52+00:00\",\"mainEntityOfPage\":{\"@id\":\"https:\\\/\\\/blogdofarnesio.com.br\\\/?p=113821\"},\"wordCount\":306,\"commentCount\":0,\"publisher\":{\"@id\":\"https:\\\/\\\/blogdofarnesio.com.br\\\/#organization\"},\"articleSection\":[\"Servidores\"],\"inLanguage\":\"pt-BR\",\"potentialAction\":[{\"@type\":\"CommentAction\",\"name\":\"Comment\",\"target\":[\"https:\\\/\\\/blogdofarnesio.com.br\\\/?p=113821#respond\"]}]},{\"@type\":\"WebPage\",\"@id\":\"https:\\\/\\\/blogdofarnesio.com.br\\\/?p=113821\",\"url\":\"https:\\\/\\\/blogdofarnesio.com.br\\\/?p=113821\",\"name\":\"CAMPANHA SALARIAL 2015: MESA DE NEGOCIA\u00c7\u00c3O DA PREFEITURA DE JUAZEIRO RECEBEU SINDAE E APLB - Blog do Farn\u00e9sio\",\"isPartOf\":{\"@id\":\"https:\\\/\\\/blogdofarnesio.com.br\\\/#website\"},\"datePublished\":\"2015-01-22T10:22:52+00:00\",\"breadcrumb\":{\"@id\":\"https:\\\/\\\/blogdofarnesio.com.br\\\/?p=113821#breadcrumb\"},\"inLanguage\":\"pt-BR\",\"potentialAction\":[{\"@type\":\"ReadAction\",\"target\":[\"https:\\\/\\\/blogdofarnesio.com.br\\\/?p=113821\"]}]},{\"@type\":\"BreadcrumbList\",\"@id\":\"https:\\\/\\\/blogdofarnesio.com.br\\\/?p=113821#breadcrumb\",\"itemListElement\":[{\"@type\":\"ListItem\",\"position\":1,\"name\":\"In\u00edcio\",\"item\":\"https:\\\/\\\/blogdofarnesio.com.br\\\/\"},{\"@type\":\"ListItem\",\"position\":2,\"name\":\"CAMPANHA SALARIAL 2015: MESA DE NEGOCIA\u00c7\u00c3O DA PREFEITURA DE JUAZEIRO RECEBEU SINDAE E APLB\"}]},{\"@type\":\"WebSite\",\"@id\":\"https:\\\/\\\/blogdofarnesio.com.br\\\/#website\",\"url\":\"https:\\\/\\\/blogdofarnesio.com.br\\\/\",\"name\":\"Blog do Farn\u00e9sio\",\"description\":\"Quer Saber Pol\u00edtica?\",\"publisher\":{\"@id\":\"https:\\\/\\\/blogdofarnesio.com.br\\\/#organization\"},\"potentialAction\":[{\"@type\":\"SearchAction\",\"target\":{\"@type\":\"EntryPoint\",\"urlTemplate\":\"https:\\\/\\\/blogdofarnesio.com.br\\\/?s={search_term_string}\"},\"query-input\":{\"@type\":\"PropertyValueSpecification\",\"valueRequired\":true,\"valueName\":\"search_term_string\"}}],\"inLanguage\":\"pt-BR\"},{\"@type\":\"Organization\",\"@id\":\"https:\\\/\\\/blogdofarnesio.com.br\\\/#organization\",\"name\":\"Blog do Farn\u00e9sio\",\"url\":\"https:\\\/\\\/blogdofarnesio.com.br\\\/\",\"logo\":{\"@type\":\"ImageObject\",\"inLanguage\":\"pt-BR\",\"@id\":\"https:\\\/\\\/blogdofarnesio.com.br\\\/#\\\/schema\\\/logo\\\/image\\\/\",\"url\":\"https:\\\/\\\/blogdofarnesio.com.br\\\/wp-content\\\/uploads\\\/2026\\\/03\\\/cropped-logo_new-1.png\",\"contentUrl\":\"https:\\\/\\\/blogdofarnesio.com.br\\\/wp-content\\\/uploads\\\/2026\\\/03\\\/cropped-logo_new-1.png\",\"width\":881,\"height\":685,\"caption\":\"Blog do Farn\u00e9sio\"},\"image\":{\"@id\":\"https:\\\/\\\/blogdofarnesio.com.br\\\/#\\\/schema\\\/logo\\\/image\\\/\"},\"sameAs\":[\"https:\\\/\\\/www.facebook.com\\\/BlogQuerSaberPolitica\\\/\"]},{\"@type\":\"Person\",\"@id\":\"\",\"url\":\"https:\\\/\\\/blogdofarnesio.com.br\\\/?author=7\"}]}<\/script>\n<!-- \/ Yoast SEO plugin. -->","yoast_head_json":{"title":"CAMPANHA SALARIAL 2015: MESA DE NEGOCIA\u00c7\u00c3O DA PREFEITURA DE JUAZEIRO RECEBEU SINDAE E APLB - Blog do Farn\u00e9sio","robots":{"index":"index","follow":"follow","max-snippet":"max-snippet:-1","max-image-preview":"max-image-preview:large","max-video-preview":"max-video-preview:-1"},"canonical":"https:\/\/blogdofarnesio.com.br\/?p=113821","og_locale":"pt_BR","og_type":"article","og_title":"CAMPANHA SALARIAL 2015: MESA DE NEGOCIA\u00c7\u00c3O DA PREFEITURA DE JUAZEIRO RECEBEU SINDAE E APLB - Blog do Farn\u00e9sio","og_description":"Dando continuidade \u00e0s negocia\u00e7\u00f5es da campanha salarial 2015, a Mesa Permanente da Prefeitura reuniu \u00a0os Sindicatos dos Trabalhadores do SAAE (SINDAE) e dos Trabalhadores em Educa\u00e7\u00e3o (APLB). Al\u00e9m dos membros da Mesa Permanente e dos representantes dos sindicatos do SINDAE e da APLB, participaram das reuni\u00f5es Jadeilma Vieira, diretora administrativo-financeira do SAAE, Ana Patr\u00edcia Gon\u00e7alves, subcontroladora do SAAE, e Carlos Em\u00edlio Passos, representando a SEDUC. Os representantes do SINDAE reivindicaram o cumprimento do acordo salarial feito em 2014: a incorpora\u00e7\u00e3o da GAE ao vencimento base, ficando o setor jur\u00eddico do SAAE de verificar o acordado na Lei. Tamb\u00e9m solicitaram o atendimento de algumas especificidades dos servidores do SAAE que j\u00e1 s\u00e3o cumpridas em outras cidades baianas. Como a campanha salarial&hellip;","og_url":"https:\/\/blogdofarnesio.com.br\/?p=113821","og_site_name":"Blog do Farn\u00e9sio","article_publisher":"https:\/\/www.facebook.com\/BlogQuerSaberPolitica\/","article_published_time":"2015-01-22T10:22:52+00:00","twitter_card":"summary_large_image","twitter_misc":{"Escrito por":"","Est. tempo de leitura":"1 minuto"},"schema":{"@context":"https:\/\/schema.org","@graph":[{"@type":"Article","@id":"https:\/\/blogdofarnesio.com.br\/?p=113821#article","isPartOf":{"@id":"https:\/\/blogdofarnesio.com.br\/?p=113821"},"author":{"name":"","@id":""},"headline":"CAMPANHA SALARIAL 2015: MESA DE NEGOCIA\u00c7\u00c3O DA PREFEITURA DE JUAZEIRO RECEBEU SINDAE E APLB","datePublished":"2015-01-22T10:22:52+00:00","mainEntityOfPage":{"@id":"https:\/\/blogdofarnesio.com.br\/?p=113821"},"wordCount":306,"commentCount":0,"publisher":{"@id":"https:\/\/blogdofarnesio.com.br\/#organization"},"articleSection":["Servidores"],"inLanguage":"pt-BR","potentialAction":[{"@type":"CommentAction","name":"Comment","target":["https:\/\/blogdofarnesio.com.br\/?p=113821#respond"]}]},{"@type":"WebPage","@id":"https:\/\/blogdofarnesio.com.br\/?p=113821","url":"https:\/\/blogdofarnesio.com.br\/?p=113821","name":"CAMPANHA SALARIAL 2015: MESA DE NEGOCIA\u00c7\u00c3O DA PREFEITURA DE JUAZEIRO RECEBEU SINDAE E APLB - Blog do Farn\u00e9sio","isPartOf":{"@id":"https:\/\/blogdofarnesio.com.br\/#website"},"datePublished":"2015-01-22T10:22:52+00:00","breadcrumb":{"@id":"https:\/\/blogdofarnesio.com.br\/?p=113821#breadcrumb"},"inLanguage":"pt-BR","potentialAction":[{"@type":"ReadAction","target":["https:\/\/blogdofarnesio.com.br\/?p=113821"]}]},{"@type":"BreadcrumbList","@id":"https:\/\/blogdofarnesio.com.br\/?p=113821#breadcrumb","itemListElement":[{"@type":"ListItem","position":1,"name":"In\u00edcio","item":"https:\/\/blogdofarnesio.com.br\/"},{"@type":"ListItem","position":2,"name":"CAMPANHA SALARIAL 2015: MESA DE NEGOCIA\u00c7\u00c3O DA PREFEITURA DE JUAZEIRO RECEBEU SINDAE E APLB"}]},{"@type":"WebSite","@id":"https:\/\/blogdofarnesio.com.br\/#website","url":"https:\/\/blogdofarnesio.com.br\/","name":"Blog do Farn\u00e9sio","description":"Quer Saber Pol\u00edtica?","publisher":{"@id":"https:\/\/blogdofarnesio.com.br\/#organization"},"potentialAction":[{"@type":"SearchAction","target":{"@type":"EntryPoint","urlTemplate":"https:\/\/blogdofarnesio.com.br\/?s={search_term_string}"},"query-input":{"@type":"PropertyValueSpecification","valueRequired":true,"valueName":"search_term_string"}}],"inLanguage":"pt-BR"},{"@type":"Organization","@id":"https:\/\/blogdofarnesio.com.br\/#organization","name":"Blog do Farn\u00e9sio","url":"https:\/\/blogdofarnesio.com.br\/","logo":{"@type":"ImageObject","inLanguage":"pt-BR","@id":"https:\/\/blogdofarnesio.com.br\/#\/schema\/logo\/image\/","url":"https:\/\/blogdofarnesio.com.br\/wp-content\/uploads\/2026\/03\/cropped-logo_new-1.png","contentUrl":"https:\/\/blogdofarnesio.com.br\/wp-content\/uploads\/2026\/03\/cropped-logo_new-1.png","width":881,"height":685,"caption":"Blog do Farn\u00e9sio"},"image":{"@id":"https:\/\/blogdofarnesio.com.br\/#\/schema\/logo\/image\/"},"sameAs":["https:\/\/www.facebook.com\/BlogQuerSaberPolitica\/"]},{"@type":"Person","@id":"","url":"https:\/\/blogdofarnesio.com.br\/?author=7"}]}},"_links":{"self":[{"href":"https:\/\/blogdofarnesio.com.br\/index.php?rest_route=\/wp\/v2\/posts\/113821","targetHints":{"allow":["GET"]}}],"collection":[{"href":"https:\/\/blogdofarnesio.com.br\/index.php?rest_route=\/wp\/v2\/posts"}],"about":[{"href":"https:\/\/blogdofarnesio.com.br\/index.php?rest_route=\/wp\/v2\/types\/post"}],"author":[{"embeddable":true,"href":"https:\/\/blogdofarnesio.com.br\/index.php?rest_route=\/wp\/v2\/users\/7"}],"replies":[{"embeddable":true,"href":"https:\/\/blogdofarnesio.com.br\/index.php?rest_route=%2Fwp%2Fv2%2Fcomments&post=113821"}],"version-history":[{"count":0,"href":"https:\/\/blogdofarnesio.com.br\/index.php?rest_route=\/wp\/v2\/posts\/113821\/revisions"}],"wp:attachment":[{"href":"https:\/\/blogdofarnesio.com.br\/index.php?rest_route=%2Fwp%2Fv2%2Fmedia&parent=113821"}],"wp:term":[{"taxonomy":"category","embeddable":true,"href":"https:\/\/blogdofarnesio.com.br\/index.php?rest_route=%2Fwp%2Fv2%2Fcategories&post=113821"},{"taxonomy":"post_tag","embeddable":true,"href":"https:\/\/blogdofarnesio.com.br\/index.php?rest_route=%2Fwp%2Fv2%2Ftags&post=113821"}],"curies":[{"name":"wp","href":"https:\/\/api.w.org\/{rel}","templated":true}]}}