{"id":113791,"date":"2015-01-21T17:04:34","date_gmt":"2015-01-21T20:04:34","guid":{"rendered":"http:\/\/www.quersaberpolitica.com.br\/?p=113791"},"modified":"2015-01-21T15:43:43","modified_gmt":"2015-01-21T18:43:43","slug":"moscamed-busca-apoio-da-secretaria-de-agricultura-na-luta-contra-as-moscas-das-frutas","status":"publish","type":"post","link":"https:\/\/blogdofarnesio.com.br\/?p=113791","title":{"rendered":"MOSCAMED BUSCA APOIO DA SECRETARIA DE AGRICULTURA NA LUTA CONTRA \u00c0S MOSCAS-DAS-FRUTAS"},"content":{"rendered":"<p><a href=\"http:\/\/www.quersaberpolitica.com.br\/2016\/wp-content\/uploads\/2014\/10\/blogqsp-moscaed.jpg\"><img loading=\"lazy\" decoding=\"async\" class=\"aligncenter size-full wp-image-105018\" alt=\"blogqsp-mosca,ed\" src=\"http:\/\/www.quersaberpolitica.com.br\/2016\/wp-content\/uploads\/2014\/10\/blogqsp-moscaed.jpg\" width=\"448\" height=\"299\" srcset=\"https:\/\/blogdofarnesio.com.br\/wp-content\/uploads\/2014\/10\/blogqsp-moscaed.jpg 448w, https:\/\/blogdofarnesio.com.br\/wp-content\/uploads\/2014\/10\/blogqsp-moscaed-300x200.jpg 300w\" sizes=\"auto, (max-width: 448px) 100vw, 448px\" \/><\/a><\/p>\n<p style=\"text-align: justify\">O presidente da Moscamed Brasil, Jair Virginio, apresentou \u00e0 Secretaria de Agricultura do Estado da Bahia, um plano emergencial como proposta de controle das mosca-das-frutas para o Vale do S\u00e3o Francisco (VSF).\u00a0A apresenta\u00e7\u00e3o aconteceu durante uma reuni\u00e3o com a secret\u00e1ria da pasta, Fernanda Mendon\u00e7a, o diretor executivo da Associa\u00e7\u00e3o Brasileira de Produtores Exportadores de Frutas e Derivados (Abrafrutas) e assessor t\u00e9cnico da Confedera\u00e7\u00e3o da Agricultura e Pecu\u00e1ria do Brasil (CNA), Jos\u00e9 Eduardo Brand\u00e3o.<\/p>\n<p style=\"text-align: justify\">Discutir a\u00e7\u00f5es para o controle das moscas-das-frutas, praga que mais provoca danos \u00e0 fruticultura regional, foi a pauta do encontro. Na ocasi\u00e3o Virginio apresentou tamb\u00e9m resultados positivos do projeto que j\u00e1 est\u00e1 sendo aplicado em Pernambuco.<\/p>\n<p style=\"text-align: justify\">De acordo com o presidente da Moscamed, \u201ca proposta \u00e9 apoiar os produtores de base familiar, que possuem at\u00e9 seis hectares, com o monitoramento e o controle da praga, reduzindo os \u00edndices de infesta\u00e7\u00e3o e a press\u00e3o sobre as \u00e1reas de produ\u00e7\u00e3o para exporta\u00e7\u00e3o do Vale do S\u00e3o Francisco\u201d. Ele acrescentou ainda que \u201cA estrat\u00e9gia de a\u00e7\u00e3o est\u00e1 baseada na aplica\u00e7\u00e3o do conceito de Manejo Integrado de Pragas, em \u00e1rea ampla\u201d.<\/p>\n<p style=\"text-align: justify\"><!--more--><\/p>\n<p style=\"text-align: justify\">A praga \u00e9 respons\u00e1vel por preju\u00edzos da ordem de U$ 120 milh\u00f5es por ano no Brasil, chegando a U$ 2 bilh\u00f5es no mundo. A infesta\u00e7\u00e3o atinge todas as culturas implantadas no Vale do S\u00e3o Francisco, com exce\u00e7\u00e3o do coco. \u00a0A secretaria Fernanda Medon\u00e7a reconheceu a necessidade de uma interven\u00e7\u00e3o fitossanit\u00e1ria imediata. \u201cEssa \u00e9 uma demanda que deve ser priorizada e trabalhada com m\u00e1xima urg\u00eancia, no enfrentamento dos altos \u00edndices de infesta\u00e7\u00e3o, para que n\u00e3o ocorra maior comprometimento da produ\u00e7\u00e3o, em parceria com a Moscamed Brasil, Adab e outros \u00f3rg\u00e3os do governo do Estado&#8221;, frisou Medon\u00e7a.<\/p>\n<p style=\"text-align: justify\">O projeto foi encaminhado ao gabinete do Governador do Estado, Rui Costa, para ser analisado.<\/p>\n<p style=\"text-align: justify\"><em>Ascom Moscamed Brasil<\/em><\/p>\n<p>&nbsp;<\/p>\n","protected":false},"excerpt":{"rendered":"<p>O presidente da Moscamed Brasil, Jair Virginio, apresentou \u00e0 Secretaria de Agricultura do Estado da Bahia, um plano emergencial como proposta de controle das mosca-das-frutas para o Vale do S\u00e3o Francisco (VSF).\u00a0A apresenta\u00e7\u00e3o aconteceu durante uma reuni\u00e3o com a secret\u00e1ria da pasta, Fernanda Mendon\u00e7a, o diretor executivo da Associa\u00e7\u00e3o Brasileira de Produtores Exportadores de Frutas e Derivados (Abrafrutas) e assessor t\u00e9cnico da Confedera\u00e7\u00e3o da Agricultura e Pecu\u00e1ria do Brasil (CNA), Jos\u00e9 Eduardo Brand\u00e3o. Discutir a\u00e7\u00f5es para o controle das moscas-das-frutas, praga que mais provoca danos \u00e0 fruticultura regional, foi a pauta do encontro. Na ocasi\u00e3o Virginio apresentou tamb\u00e9m resultados positivos do projeto que j\u00e1 est\u00e1 sendo aplicado em Pernambuco. De acordo com o presidente da Moscamed, \u201ca proposta \u00e9 apoiar&hellip; <\/p>\n","protected":false},"author":7,"featured_media":0,"comment_status":"open","ping_status":"open","sticky":false,"template":"","format":"standard","meta":{"_acf_changed":false,"footnotes":""},"categories":[26],"tags":[],"class_list":["post-113791","post","type-post","status-publish","format-standard","hentry","category-agricultura"],"acf":[],"yoast_head":"<!-- This site is optimized with the Yoast SEO plugin v27.4 - https:\/\/yoast.com\/product\/yoast-seo-wordpress\/ -->\n<title>MOSCAMED BUSCA APOIO DA SECRETARIA DE AGRICULTURA NA LUTA CONTRA \u00c0S MOSCAS-DAS-FRUTAS - Blog do Farn\u00e9sio<\/title>\n<meta name=\"robots\" content=\"index, follow, max-snippet:-1, max-image-preview:large, max-video-preview:-1\" \/>\n<link rel=\"canonical\" href=\"https:\/\/blogdofarnesio.com.br\/?p=113791\" \/>\n<meta property=\"og:locale\" content=\"pt_BR\" \/>\n<meta property=\"og:type\" content=\"article\" \/>\n<meta property=\"og:title\" content=\"MOSCAMED BUSCA APOIO DA SECRETARIA DE AGRICULTURA NA LUTA CONTRA \u00c0S MOSCAS-DAS-FRUTAS - Blog do Farn\u00e9sio\" \/>\n<meta property=\"og:description\" content=\"O presidente da Moscamed Brasil, Jair Virginio, apresentou \u00e0 Secretaria de Agricultura do Estado da Bahia, um plano emergencial como proposta de controle das mosca-das-frutas para o Vale do S\u00e3o Francisco (VSF).\u00a0A apresenta\u00e7\u00e3o aconteceu durante uma reuni\u00e3o com a secret\u00e1ria da pasta, Fernanda Mendon\u00e7a, o diretor executivo da Associa\u00e7\u00e3o Brasileira de Produtores Exportadores de Frutas e Derivados (Abrafrutas) e assessor t\u00e9cnico da Confedera\u00e7\u00e3o da Agricultura e Pecu\u00e1ria do Brasil (CNA), Jos\u00e9 Eduardo Brand\u00e3o. Discutir a\u00e7\u00f5es para o controle das moscas-das-frutas, praga que mais provoca danos \u00e0 fruticultura regional, foi a pauta do encontro. Na ocasi\u00e3o Virginio apresentou tamb\u00e9m resultados positivos do projeto que j\u00e1 est\u00e1 sendo aplicado em Pernambuco. De acordo com o presidente da Moscamed, \u201ca proposta \u00e9 apoiar&hellip;\" \/>\n<meta property=\"og:url\" content=\"https:\/\/blogdofarnesio.com.br\/?p=113791\" \/>\n<meta property=\"og:site_name\" content=\"Blog do Farn\u00e9sio\" \/>\n<meta property=\"article:publisher\" content=\"https:\/\/www.facebook.com\/BlogQuerSaberPolitica\/\" \/>\n<meta property=\"article:published_time\" content=\"2015-01-21T20:04:34+00:00\" \/>\n<meta property=\"og:image\" content=\"http:\/\/www.quersaberpolitica.com.br\/2016\/wp-content\/uploads\/2014\/10\/blogqsp-moscaed.jpg\" \/>\n<meta name=\"twitter:card\" content=\"summary_large_image\" \/>\n<meta name=\"twitter:label1\" content=\"Escrito por\" \/>\n\t<meta name=\"twitter:data1\" content=\"\" \/>\n\t<meta name=\"twitter:label2\" content=\"Est. tempo de leitura\" \/>\n\t<meta name=\"twitter:data2\" content=\"2 minutos\" \/>\n<script type=\"application\/ld+json\" class=\"yoast-schema-graph\">{\"@context\":\"https:\\\/\\\/schema.org\",\"@graph\":[{\"@type\":\"Article\",\"@id\":\"https:\\\/\\\/blogdofarnesio.com.br\\\/?p=113791#article\",\"isPartOf\":{\"@id\":\"https:\\\/\\\/blogdofarnesio.com.br\\\/?p=113791\"},\"author\":{\"name\":\"\",\"@id\":\"\"},\"headline\":\"MOSCAMED BUSCA APOIO DA SECRETARIA DE AGRICULTURA NA LUTA CONTRA \u00c0S MOSCAS-DAS-FRUTAS\",\"datePublished\":\"2015-01-21T20:04:34+00:00\",\"mainEntityOfPage\":{\"@id\":\"https:\\\/\\\/blogdofarnesio.com.br\\\/?p=113791\"},\"wordCount\":338,\"commentCount\":0,\"publisher\":{\"@id\":\"https:\\\/\\\/blogdofarnesio.com.br\\\/#organization\"},\"image\":{\"@id\":\"https:\\\/\\\/blogdofarnesio.com.br\\\/?p=113791#primaryimage\"},\"thumbnailUrl\":\"http:\\\/\\\/www.quersaberpolitica.com.br\\\/2016\\\/wp-content\\\/uploads\\\/2014\\\/10\\\/blogqsp-moscaed.jpg\",\"articleSection\":[\"Agricultura\"],\"inLanguage\":\"pt-BR\",\"potentialAction\":[{\"@type\":\"CommentAction\",\"name\":\"Comment\",\"target\":[\"https:\\\/\\\/blogdofarnesio.com.br\\\/?p=113791#respond\"]}]},{\"@type\":\"WebPage\",\"@id\":\"https:\\\/\\\/blogdofarnesio.com.br\\\/?p=113791\",\"url\":\"https:\\\/\\\/blogdofarnesio.com.br\\\/?p=113791\",\"name\":\"MOSCAMED BUSCA APOIO DA SECRETARIA DE AGRICULTURA NA LUTA CONTRA \u00c0S MOSCAS-DAS-FRUTAS - Blog do Farn\u00e9sio\",\"isPartOf\":{\"@id\":\"https:\\\/\\\/blogdofarnesio.com.br\\\/#website\"},\"primaryImageOfPage\":{\"@id\":\"https:\\\/\\\/blogdofarnesio.com.br\\\/?p=113791#primaryimage\"},\"image\":{\"@id\":\"https:\\\/\\\/blogdofarnesio.com.br\\\/?p=113791#primaryimage\"},\"thumbnailUrl\":\"http:\\\/\\\/www.quersaberpolitica.com.br\\\/2016\\\/wp-content\\\/uploads\\\/2014\\\/10\\\/blogqsp-moscaed.jpg\",\"datePublished\":\"2015-01-21T20:04:34+00:00\",\"breadcrumb\":{\"@id\":\"https:\\\/\\\/blogdofarnesio.com.br\\\/?p=113791#breadcrumb\"},\"inLanguage\":\"pt-BR\",\"potentialAction\":[{\"@type\":\"ReadAction\",\"target\":[\"https:\\\/\\\/blogdofarnesio.com.br\\\/?p=113791\"]}]},{\"@type\":\"ImageObject\",\"inLanguage\":\"pt-BR\",\"@id\":\"https:\\\/\\\/blogdofarnesio.com.br\\\/?p=113791#primaryimage\",\"url\":\"http:\\\/\\\/www.quersaberpolitica.com.br\\\/2016\\\/wp-content\\\/uploads\\\/2014\\\/10\\\/blogqsp-moscaed.jpg\",\"contentUrl\":\"http:\\\/\\\/www.quersaberpolitica.com.br\\\/2016\\\/wp-content\\\/uploads\\\/2014\\\/10\\\/blogqsp-moscaed.jpg\"},{\"@type\":\"BreadcrumbList\",\"@id\":\"https:\\\/\\\/blogdofarnesio.com.br\\\/?p=113791#breadcrumb\",\"itemListElement\":[{\"@type\":\"ListItem\",\"position\":1,\"name\":\"In\u00edcio\",\"item\":\"https:\\\/\\\/blogdofarnesio.com.br\\\/\"},{\"@type\":\"ListItem\",\"position\":2,\"name\":\"MOSCAMED BUSCA APOIO DA SECRETARIA DE AGRICULTURA NA LUTA CONTRA \u00c0S MOSCAS-DAS-FRUTAS\"}]},{\"@type\":\"WebSite\",\"@id\":\"https:\\\/\\\/blogdofarnesio.com.br\\\/#website\",\"url\":\"https:\\\/\\\/blogdofarnesio.com.br\\\/\",\"name\":\"Blog do Farn\u00e9sio\",\"description\":\"Quer Saber Pol\u00edtica?\",\"publisher\":{\"@id\":\"https:\\\/\\\/blogdofarnesio.com.br\\\/#organization\"},\"potentialAction\":[{\"@type\":\"SearchAction\",\"target\":{\"@type\":\"EntryPoint\",\"urlTemplate\":\"https:\\\/\\\/blogdofarnesio.com.br\\\/?s={search_term_string}\"},\"query-input\":{\"@type\":\"PropertyValueSpecification\",\"valueRequired\":true,\"valueName\":\"search_term_string\"}}],\"inLanguage\":\"pt-BR\"},{\"@type\":\"Organization\",\"@id\":\"https:\\\/\\\/blogdofarnesio.com.br\\\/#organization\",\"name\":\"Blog do Farn\u00e9sio\",\"url\":\"https:\\\/\\\/blogdofarnesio.com.br\\\/\",\"logo\":{\"@type\":\"ImageObject\",\"inLanguage\":\"pt-BR\",\"@id\":\"https:\\\/\\\/blogdofarnesio.com.br\\\/#\\\/schema\\\/logo\\\/image\\\/\",\"url\":\"https:\\\/\\\/blogdofarnesio.com.br\\\/wp-content\\\/uploads\\\/2026\\\/03\\\/cropped-logo_new-1.png\",\"contentUrl\":\"https:\\\/\\\/blogdofarnesio.com.br\\\/wp-content\\\/uploads\\\/2026\\\/03\\\/cropped-logo_new-1.png\",\"width\":881,\"height\":685,\"caption\":\"Blog do Farn\u00e9sio\"},\"image\":{\"@id\":\"https:\\\/\\\/blogdofarnesio.com.br\\\/#\\\/schema\\\/logo\\\/image\\\/\"},\"sameAs\":[\"https:\\\/\\\/www.facebook.com\\\/BlogQuerSaberPolitica\\\/\"]},{\"@type\":\"Person\",\"@id\":\"\",\"url\":\"https:\\\/\\\/blogdofarnesio.com.br\\\/?author=7\"}]}<\/script>\n<!-- \/ Yoast SEO plugin. -->","yoast_head_json":{"title":"MOSCAMED BUSCA APOIO DA SECRETARIA DE AGRICULTURA NA LUTA CONTRA \u00c0S MOSCAS-DAS-FRUTAS - Blog do Farn\u00e9sio","robots":{"index":"index","follow":"follow","max-snippet":"max-snippet:-1","max-image-preview":"max-image-preview:large","max-video-preview":"max-video-preview:-1"},"canonical":"https:\/\/blogdofarnesio.com.br\/?p=113791","og_locale":"pt_BR","og_type":"article","og_title":"MOSCAMED BUSCA APOIO DA SECRETARIA DE AGRICULTURA NA LUTA CONTRA \u00c0S MOSCAS-DAS-FRUTAS - Blog do Farn\u00e9sio","og_description":"O presidente da Moscamed Brasil, Jair Virginio, apresentou \u00e0 Secretaria de Agricultura do Estado da Bahia, um plano emergencial como proposta de controle das mosca-das-frutas para o Vale do S\u00e3o Francisco (VSF).\u00a0A apresenta\u00e7\u00e3o aconteceu durante uma reuni\u00e3o com a secret\u00e1ria da pasta, Fernanda Mendon\u00e7a, o diretor executivo da Associa\u00e7\u00e3o Brasileira de Produtores Exportadores de Frutas e Derivados (Abrafrutas) e assessor t\u00e9cnico da Confedera\u00e7\u00e3o da Agricultura e Pecu\u00e1ria do Brasil (CNA), Jos\u00e9 Eduardo Brand\u00e3o. Discutir a\u00e7\u00f5es para o controle das moscas-das-frutas, praga que mais provoca danos \u00e0 fruticultura regional, foi a pauta do encontro. Na ocasi\u00e3o Virginio apresentou tamb\u00e9m resultados positivos do projeto que j\u00e1 est\u00e1 sendo aplicado em Pernambuco. De acordo com o presidente da Moscamed, \u201ca proposta \u00e9 apoiar&hellip;","og_url":"https:\/\/blogdofarnesio.com.br\/?p=113791","og_site_name":"Blog do Farn\u00e9sio","article_publisher":"https:\/\/www.facebook.com\/BlogQuerSaberPolitica\/","article_published_time":"2015-01-21T20:04:34+00:00","og_image":[{"url":"http:\/\/www.quersaberpolitica.com.br\/2016\/wp-content\/uploads\/2014\/10\/blogqsp-moscaed.jpg","type":"","width":"","height":""}],"twitter_card":"summary_large_image","twitter_misc":{"Escrito por":"","Est. tempo de leitura":"2 minutos"},"schema":{"@context":"https:\/\/schema.org","@graph":[{"@type":"Article","@id":"https:\/\/blogdofarnesio.com.br\/?p=113791#article","isPartOf":{"@id":"https:\/\/blogdofarnesio.com.br\/?p=113791"},"author":{"name":"","@id":""},"headline":"MOSCAMED BUSCA APOIO DA SECRETARIA DE AGRICULTURA NA LUTA CONTRA \u00c0S MOSCAS-DAS-FRUTAS","datePublished":"2015-01-21T20:04:34+00:00","mainEntityOfPage":{"@id":"https:\/\/blogdofarnesio.com.br\/?p=113791"},"wordCount":338,"commentCount":0,"publisher":{"@id":"https:\/\/blogdofarnesio.com.br\/#organization"},"image":{"@id":"https:\/\/blogdofarnesio.com.br\/?p=113791#primaryimage"},"thumbnailUrl":"http:\/\/www.quersaberpolitica.com.br\/2016\/wp-content\/uploads\/2014\/10\/blogqsp-moscaed.jpg","articleSection":["Agricultura"],"inLanguage":"pt-BR","potentialAction":[{"@type":"CommentAction","name":"Comment","target":["https:\/\/blogdofarnesio.com.br\/?p=113791#respond"]}]},{"@type":"WebPage","@id":"https:\/\/blogdofarnesio.com.br\/?p=113791","url":"https:\/\/blogdofarnesio.com.br\/?p=113791","name":"MOSCAMED BUSCA APOIO DA SECRETARIA DE AGRICULTURA NA LUTA CONTRA \u00c0S MOSCAS-DAS-FRUTAS - Blog do Farn\u00e9sio","isPartOf":{"@id":"https:\/\/blogdofarnesio.com.br\/#website"},"primaryImageOfPage":{"@id":"https:\/\/blogdofarnesio.com.br\/?p=113791#primaryimage"},"image":{"@id":"https:\/\/blogdofarnesio.com.br\/?p=113791#primaryimage"},"thumbnailUrl":"http:\/\/www.quersaberpolitica.com.br\/2016\/wp-content\/uploads\/2014\/10\/blogqsp-moscaed.jpg","datePublished":"2015-01-21T20:04:34+00:00","breadcrumb":{"@id":"https:\/\/blogdofarnesio.com.br\/?p=113791#breadcrumb"},"inLanguage":"pt-BR","potentialAction":[{"@type":"ReadAction","target":["https:\/\/blogdofarnesio.com.br\/?p=113791"]}]},{"@type":"ImageObject","inLanguage":"pt-BR","@id":"https:\/\/blogdofarnesio.com.br\/?p=113791#primaryimage","url":"http:\/\/www.quersaberpolitica.com.br\/2016\/wp-content\/uploads\/2014\/10\/blogqsp-moscaed.jpg","contentUrl":"http:\/\/www.quersaberpolitica.com.br\/2016\/wp-content\/uploads\/2014\/10\/blogqsp-moscaed.jpg"},{"@type":"BreadcrumbList","@id":"https:\/\/blogdofarnesio.com.br\/?p=113791#breadcrumb","itemListElement":[{"@type":"ListItem","position":1,"name":"In\u00edcio","item":"https:\/\/blogdofarnesio.com.br\/"},{"@type":"ListItem","position":2,"name":"MOSCAMED BUSCA APOIO DA SECRETARIA DE AGRICULTURA NA LUTA CONTRA \u00c0S MOSCAS-DAS-FRUTAS"}]},{"@type":"WebSite","@id":"https:\/\/blogdofarnesio.com.br\/#website","url":"https:\/\/blogdofarnesio.com.br\/","name":"Blog do Farn\u00e9sio","description":"Quer Saber Pol\u00edtica?","publisher":{"@id":"https:\/\/blogdofarnesio.com.br\/#organization"},"potentialAction":[{"@type":"SearchAction","target":{"@type":"EntryPoint","urlTemplate":"https:\/\/blogdofarnesio.com.br\/?s={search_term_string}"},"query-input":{"@type":"PropertyValueSpecification","valueRequired":true,"valueName":"search_term_string"}}],"inLanguage":"pt-BR"},{"@type":"Organization","@id":"https:\/\/blogdofarnesio.com.br\/#organization","name":"Blog do Farn\u00e9sio","url":"https:\/\/blogdofarnesio.com.br\/","logo":{"@type":"ImageObject","inLanguage":"pt-BR","@id":"https:\/\/blogdofarnesio.com.br\/#\/schema\/logo\/image\/","url":"https:\/\/blogdofarnesio.com.br\/wp-content\/uploads\/2026\/03\/cropped-logo_new-1.png","contentUrl":"https:\/\/blogdofarnesio.com.br\/wp-content\/uploads\/2026\/03\/cropped-logo_new-1.png","width":881,"height":685,"caption":"Blog do Farn\u00e9sio"},"image":{"@id":"https:\/\/blogdofarnesio.com.br\/#\/schema\/logo\/image\/"},"sameAs":["https:\/\/www.facebook.com\/BlogQuerSaberPolitica\/"]},{"@type":"Person","@id":"","url":"https:\/\/blogdofarnesio.com.br\/?author=7"}]}},"_links":{"self":[{"href":"https:\/\/blogdofarnesio.com.br\/index.php?rest_route=\/wp\/v2\/posts\/113791","targetHints":{"allow":["GET"]}}],"collection":[{"href":"https:\/\/blogdofarnesio.com.br\/index.php?rest_route=\/wp\/v2\/posts"}],"about":[{"href":"https:\/\/blogdofarnesio.com.br\/index.php?rest_route=\/wp\/v2\/types\/post"}],"author":[{"embeddable":true,"href":"https:\/\/blogdofarnesio.com.br\/index.php?rest_route=\/wp\/v2\/users\/7"}],"replies":[{"embeddable":true,"href":"https:\/\/blogdofarnesio.com.br\/index.php?rest_route=%2Fwp%2Fv2%2Fcomments&post=113791"}],"version-history":[{"count":0,"href":"https:\/\/blogdofarnesio.com.br\/index.php?rest_route=\/wp\/v2\/posts\/113791\/revisions"}],"wp:attachment":[{"href":"https:\/\/blogdofarnesio.com.br\/index.php?rest_route=%2Fwp%2Fv2%2Fmedia&parent=113791"}],"wp:term":[{"taxonomy":"category","embeddable":true,"href":"https:\/\/blogdofarnesio.com.br\/index.php?rest_route=%2Fwp%2Fv2%2Fcategories&post=113791"},{"taxonomy":"post_tag","embeddable":true,"href":"https:\/\/blogdofarnesio.com.br\/index.php?rest_route=%2Fwp%2Fv2%2Ftags&post=113791"}],"curies":[{"name":"wp","href":"https:\/\/api.w.org\/{rel}","templated":true}]}}