{"id":113787,"date":"2015-01-21T17:33:53","date_gmt":"2015-01-21T20:33:53","guid":{"rendered":"http:\/\/www.quersaberpolitica.com.br\/?p=113787"},"modified":"2015-01-21T15:38:58","modified_gmt":"2015-01-21T18:38:58","slug":"andrea-mendonca-sai-de-executiva-estadual-do-pdt-partido-permanece-na-base-de-rui","status":"publish","type":"post","link":"https:\/\/blogdofarnesio.com.br\/2015\/01\/andrea-mendonca-sai-de-executiva-estadual-do-pdt-partido-permanece-na-base-de-rui\/","title":{"rendered":"ANDR\u00c9A MENDON\u00c7A SAI DE EXECUTIVA BAIANA DO PDT; PARTIDO PERMANECE NA BASE DE RUI"},"content":{"rendered":"<p><a href=\"http:\/\/www.quersaberpolitica.com.br\/2016\/wp-content\/uploads\/2015\/01\/blogqsp.adreamedon\u00e7a.jpg\"><img loading=\"lazy\" decoding=\"async\" class=\"size-medium wp-image-113789 alignleft\" alt=\"blogqsp.adreamedon\u00e7a\" src=\"http:\/\/www.quersaberpolitica.com.br\/2016\/wp-content\/uploads\/2015\/01\/blogqsp.adreamedon\u00e7a-300x221.jpg\" width=\"300\" height=\"221\" srcset=\"https:\/\/blogdofarnesio.com.br\/wp-content\/uploads\/2015\/01\/blogqsp.adreamedon\u00e7a-300x221.jpg 300w, https:\/\/blogdofarnesio.com.br\/wp-content\/uploads\/2015\/01\/blogqsp.adreamedon\u00e7a.jpg 380w\" sizes=\"auto, (max-width: 300px) 100vw, 300px\" \/><\/a><\/p>\n<p style=\"text-align: justify\">Ap\u00f3s o pedido de exclusividade na alian\u00e7a com o governo do estado feito pelo chefe do Executivo baiano, Rui Costa (PT), o PDT vai continuar apoiando o PT de acordo com nota enviada pelo partido na noite desta ter\u00e7a-feira (20).<\/p>\n<p style=\"text-align: justify\">Segundo a legenda, o apoio ao governador Rui Costa ser\u00e1 mantido, ainda que, a secret\u00e1ria municipal Andrea Mendon\u00e7a mantenha a filia\u00e7\u00e3o ao partido e tenha se afastado da executiva estadual. \u201cContinuar\u00e1 sua miss\u00e3o \u00e0 frente da Secretaria Municipal de Desenvolvimento, Trabalho e Emprego\u201d, diz o texto.<\/p>\n<p style=\"text-align: justify\">Ainda de acordo com a carta, assinada pelo presidente nacional da agremia\u00e7\u00e3o, Carlos Lupi, e pelo presidente estadual, deputado federal F\u00e9lix Mendon\u00e7a Jr., as discuss\u00f5es sobre as elei\u00e7\u00f5es municipais de 2016 s\u00f3 come\u00e7ar\u00e3o a ser feitas a partir de janeiro 2016.<\/p>\n","protected":false},"excerpt":{"rendered":"<p>Ap\u00f3s o pedido de exclusividade na alian\u00e7a com o governo do estado feito pelo chefe do Executivo baiano, Rui Costa (PT), o PDT vai continuar apoiando o PT de acordo com nota enviada pelo partido na noite desta ter\u00e7a-feira (20). Segundo a legenda, o apoio ao governador Rui Costa ser\u00e1 mantido, ainda que, a secret\u00e1ria municipal Andrea Mendon\u00e7a mantenha a filia\u00e7\u00e3o ao partido e tenha se afastado da executiva estadual. \u201cContinuar\u00e1 sua miss\u00e3o \u00e0 frente da Secretaria Municipal de Desenvolvimento, Trabalho e Emprego\u201d, diz o texto. Ainda de acordo com a carta, assinada pelo presidente nacional da agremia\u00e7\u00e3o, Carlos Lupi, e pelo presidente estadual, deputado federal F\u00e9lix Mendon\u00e7a Jr., as discuss\u00f5es sobre as elei\u00e7\u00f5es municipais de 2016 s\u00f3 come\u00e7ar\u00e3o a&hellip; <\/p>\n","protected":false},"author":7,"featured_media":0,"comment_status":"open","ping_status":"open","sticky":false,"template":"","format":"standard","meta":{"_acf_changed":false,"footnotes":""},"categories":[1],"tags":[],"class_list":["post-113787","post","type-post","status-publish","format-standard","hentry","category-politica"],"acf":[],"yoast_head":"<!-- This site is optimized with the Yoast SEO plugin v27.5 - https:\/\/yoast.com\/product\/yoast-seo-wordpress\/ -->\n<title>ANDR\u00c9A MENDON\u00c7A SAI DE EXECUTIVA BAIANA DO PDT; PARTIDO PERMANECE NA BASE DE RUI - Blog do Farn\u00e9sio<\/title>\n<meta name=\"robots\" content=\"index, follow, max-snippet:-1, max-image-preview:large, max-video-preview:-1\" \/>\n<link rel=\"canonical\" href=\"https:\/\/blogdofarnesio.com.br\/2015\/01\/andrea-mendonca-sai-de-executiva-estadual-do-pdt-partido-permanece-na-base-de-rui\/\" \/>\n<meta property=\"og:locale\" content=\"pt_BR\" \/>\n<meta property=\"og:type\" content=\"article\" \/>\n<meta property=\"og:title\" content=\"ANDR\u00c9A MENDON\u00c7A SAI DE EXECUTIVA BAIANA DO PDT; PARTIDO PERMANECE NA BASE DE RUI - Blog do Farn\u00e9sio\" \/>\n<meta property=\"og:description\" content=\"Ap\u00f3s o pedido de exclusividade na alian\u00e7a com o governo do estado feito pelo chefe do Executivo baiano, Rui Costa (PT), o PDT vai continuar apoiando o PT de acordo com nota enviada pelo partido na noite desta ter\u00e7a-feira (20). Segundo a legenda, o apoio ao governador Rui Costa ser\u00e1 mantido, ainda que, a secret\u00e1ria municipal Andrea Mendon\u00e7a mantenha a filia\u00e7\u00e3o ao partido e tenha se afastado da executiva estadual. \u201cContinuar\u00e1 sua miss\u00e3o \u00e0 frente da Secretaria Municipal de Desenvolvimento, Trabalho e Emprego\u201d, diz o texto. Ainda de acordo com a carta, assinada pelo presidente nacional da agremia\u00e7\u00e3o, Carlos Lupi, e pelo presidente estadual, deputado federal F\u00e9lix Mendon\u00e7a Jr., as discuss\u00f5es sobre as elei\u00e7\u00f5es municipais de 2016 s\u00f3 come\u00e7ar\u00e3o a&hellip;\" \/>\n<meta property=\"og:url\" content=\"https:\/\/blogdofarnesio.com.br\/2015\/01\/andrea-mendonca-sai-de-executiva-estadual-do-pdt-partido-permanece-na-base-de-rui\/\" \/>\n<meta property=\"og:site_name\" content=\"Blog do Farn\u00e9sio\" \/>\n<meta property=\"article:publisher\" content=\"https:\/\/www.facebook.com\/BlogQuerSaberPolitica\/\" \/>\n<meta property=\"article:published_time\" content=\"2015-01-21T20:33:53+00:00\" \/>\n<meta name=\"twitter:card\" content=\"summary_large_image\" \/>\n<meta name=\"twitter:label1\" content=\"Escrito por\" \/>\n\t<meta name=\"twitter:data1\" content=\"\" \/>\n\t<meta name=\"twitter:label2\" content=\"Est. tempo de leitura\" \/>\n\t<meta name=\"twitter:data2\" content=\"1 minuto\" \/>\n<script type=\"application\/ld+json\" class=\"yoast-schema-graph\">{\"@context\":\"https:\\\/\\\/schema.org\",\"@graph\":[{\"@type\":\"Article\",\"@id\":\"https:\\\/\\\/blogdofarnesio.com.br\\\/2015\\\/01\\\/andrea-mendonca-sai-de-executiva-estadual-do-pdt-partido-permanece-na-base-de-rui\\\/#article\",\"isPartOf\":{\"@id\":\"https:\\\/\\\/blogdofarnesio.com.br\\\/2015\\\/01\\\/andrea-mendonca-sai-de-executiva-estadual-do-pdt-partido-permanece-na-base-de-rui\\\/\"},\"author\":{\"name\":\"\",\"@id\":\"\"},\"headline\":\"ANDR\u00c9A MENDON\u00c7A SAI DE EXECUTIVA BAIANA DO PDT; PARTIDO PERMANECE NA BASE DE RUI\",\"datePublished\":\"2015-01-21T20:33:53+00:00\",\"mainEntityOfPage\":{\"@id\":\"https:\\\/\\\/blogdofarnesio.com.br\\\/2015\\\/01\\\/andrea-mendonca-sai-de-executiva-estadual-do-pdt-partido-permanece-na-base-de-rui\\\/\"},\"wordCount\":153,\"commentCount\":0,\"publisher\":{\"@id\":\"https:\\\/\\\/blogdofarnesio.com.br\\\/#organization\"},\"articleSection\":[\"Pol\u00edtica\"],\"inLanguage\":\"pt-BR\",\"potentialAction\":[{\"@type\":\"CommentAction\",\"name\":\"Comment\",\"target\":[\"https:\\\/\\\/blogdofarnesio.com.br\\\/2015\\\/01\\\/andrea-mendonca-sai-de-executiva-estadual-do-pdt-partido-permanece-na-base-de-rui\\\/#respond\"]}]},{\"@type\":\"WebPage\",\"@id\":\"https:\\\/\\\/blogdofarnesio.com.br\\\/2015\\\/01\\\/andrea-mendonca-sai-de-executiva-estadual-do-pdt-partido-permanece-na-base-de-rui\\\/\",\"url\":\"https:\\\/\\\/blogdofarnesio.com.br\\\/2015\\\/01\\\/andrea-mendonca-sai-de-executiva-estadual-do-pdt-partido-permanece-na-base-de-rui\\\/\",\"name\":\"ANDR\u00c9A MENDON\u00c7A SAI DE EXECUTIVA BAIANA DO PDT; PARTIDO PERMANECE NA BASE DE RUI - Blog do Farn\u00e9sio\",\"isPartOf\":{\"@id\":\"https:\\\/\\\/blogdofarnesio.com.br\\\/#website\"},\"datePublished\":\"2015-01-21T20:33:53+00:00\",\"breadcrumb\":{\"@id\":\"https:\\\/\\\/blogdofarnesio.com.br\\\/2015\\\/01\\\/andrea-mendonca-sai-de-executiva-estadual-do-pdt-partido-permanece-na-base-de-rui\\\/#breadcrumb\"},\"inLanguage\":\"pt-BR\",\"potentialAction\":[{\"@type\":\"ReadAction\",\"target\":[\"https:\\\/\\\/blogdofarnesio.com.br\\\/2015\\\/01\\\/andrea-mendonca-sai-de-executiva-estadual-do-pdt-partido-permanece-na-base-de-rui\\\/\"]}]},{\"@type\":\"BreadcrumbList\",\"@id\":\"https:\\\/\\\/blogdofarnesio.com.br\\\/2015\\\/01\\\/andrea-mendonca-sai-de-executiva-estadual-do-pdt-partido-permanece-na-base-de-rui\\\/#breadcrumb\",\"itemListElement\":[{\"@type\":\"ListItem\",\"position\":1,\"name\":\"In\u00edcio\",\"item\":\"https:\\\/\\\/blogdofarnesio.com.br\\\/\"},{\"@type\":\"ListItem\",\"position\":2,\"name\":\"ANDR\u00c9A MENDON\u00c7A SAI DE EXECUTIVA BAIANA DO PDT; PARTIDO PERMANECE NA BASE DE RUI\"}]},{\"@type\":\"WebSite\",\"@id\":\"https:\\\/\\\/blogdofarnesio.com.br\\\/#website\",\"url\":\"https:\\\/\\\/blogdofarnesio.com.br\\\/\",\"name\":\"Blog do Farn\u00e9sio\",\"description\":\"Quer Saber Pol\u00edtica?\",\"publisher\":{\"@id\":\"https:\\\/\\\/blogdofarnesio.com.br\\\/#organization\"},\"potentialAction\":[{\"@type\":\"SearchAction\",\"target\":{\"@type\":\"EntryPoint\",\"urlTemplate\":\"https:\\\/\\\/blogdofarnesio.com.br\\\/?s={search_term_string}\"},\"query-input\":{\"@type\":\"PropertyValueSpecification\",\"valueRequired\":true,\"valueName\":\"search_term_string\"}}],\"inLanguage\":\"pt-BR\"},{\"@type\":\"Organization\",\"@id\":\"https:\\\/\\\/blogdofarnesio.com.br\\\/#organization\",\"name\":\"Blog do Farn\u00e9sio\",\"url\":\"https:\\\/\\\/blogdofarnesio.com.br\\\/\",\"logo\":{\"@type\":\"ImageObject\",\"inLanguage\":\"pt-BR\",\"@id\":\"https:\\\/\\\/blogdofarnesio.com.br\\\/#\\\/schema\\\/logo\\\/image\\\/\",\"url\":\"https:\\\/\\\/blogdofarnesio.com.br\\\/wp-content\\\/uploads\\\/2026\\\/03\\\/cropped-logo_new-1.png\",\"contentUrl\":\"https:\\\/\\\/blogdofarnesio.com.br\\\/wp-content\\\/uploads\\\/2026\\\/03\\\/cropped-logo_new-1.png\",\"width\":881,\"height\":685,\"caption\":\"Blog do Farn\u00e9sio\"},\"image\":{\"@id\":\"https:\\\/\\\/blogdofarnesio.com.br\\\/#\\\/schema\\\/logo\\\/image\\\/\"},\"sameAs\":[\"https:\\\/\\\/www.facebook.com\\\/BlogQuerSaberPolitica\\\/\"]},{\"@type\":\"Person\",\"@id\":\"\",\"url\":\"https:\\\/\\\/blogdofarnesio.com.br\\\/author\\\/\"}]}<\/script>\n<!-- \/ Yoast SEO plugin. -->","yoast_head_json":{"title":"ANDR\u00c9A MENDON\u00c7A SAI DE EXECUTIVA BAIANA DO PDT; PARTIDO PERMANECE NA BASE DE RUI - Blog do Farn\u00e9sio","robots":{"index":"index","follow":"follow","max-snippet":"max-snippet:-1","max-image-preview":"max-image-preview:large","max-video-preview":"max-video-preview:-1"},"canonical":"https:\/\/blogdofarnesio.com.br\/2015\/01\/andrea-mendonca-sai-de-executiva-estadual-do-pdt-partido-permanece-na-base-de-rui\/","og_locale":"pt_BR","og_type":"article","og_title":"ANDR\u00c9A MENDON\u00c7A SAI DE EXECUTIVA BAIANA DO PDT; PARTIDO PERMANECE NA BASE DE RUI - Blog do Farn\u00e9sio","og_description":"Ap\u00f3s o pedido de exclusividade na alian\u00e7a com o governo do estado feito pelo chefe do Executivo baiano, Rui Costa (PT), o PDT vai continuar apoiando o PT de acordo com nota enviada pelo partido na noite desta ter\u00e7a-feira (20). Segundo a legenda, o apoio ao governador Rui Costa ser\u00e1 mantido, ainda que, a secret\u00e1ria municipal Andrea Mendon\u00e7a mantenha a filia\u00e7\u00e3o ao partido e tenha se afastado da executiva estadual. \u201cContinuar\u00e1 sua miss\u00e3o \u00e0 frente da Secretaria Municipal de Desenvolvimento, Trabalho e Emprego\u201d, diz o texto. Ainda de acordo com a carta, assinada pelo presidente nacional da agremia\u00e7\u00e3o, Carlos Lupi, e pelo presidente estadual, deputado federal F\u00e9lix Mendon\u00e7a Jr., as discuss\u00f5es sobre as elei\u00e7\u00f5es municipais de 2016 s\u00f3 come\u00e7ar\u00e3o a&hellip;","og_url":"https:\/\/blogdofarnesio.com.br\/2015\/01\/andrea-mendonca-sai-de-executiva-estadual-do-pdt-partido-permanece-na-base-de-rui\/","og_site_name":"Blog do Farn\u00e9sio","article_publisher":"https:\/\/www.facebook.com\/BlogQuerSaberPolitica\/","article_published_time":"2015-01-21T20:33:53+00:00","twitter_card":"summary_large_image","twitter_misc":{"Escrito por":"","Est. tempo de leitura":"1 minuto"},"schema":{"@context":"https:\/\/schema.org","@graph":[{"@type":"Article","@id":"https:\/\/blogdofarnesio.com.br\/2015\/01\/andrea-mendonca-sai-de-executiva-estadual-do-pdt-partido-permanece-na-base-de-rui\/#article","isPartOf":{"@id":"https:\/\/blogdofarnesio.com.br\/2015\/01\/andrea-mendonca-sai-de-executiva-estadual-do-pdt-partido-permanece-na-base-de-rui\/"},"author":{"name":"","@id":""},"headline":"ANDR\u00c9A MENDON\u00c7A SAI DE EXECUTIVA BAIANA DO PDT; PARTIDO PERMANECE NA BASE DE RUI","datePublished":"2015-01-21T20:33:53+00:00","mainEntityOfPage":{"@id":"https:\/\/blogdofarnesio.com.br\/2015\/01\/andrea-mendonca-sai-de-executiva-estadual-do-pdt-partido-permanece-na-base-de-rui\/"},"wordCount":153,"commentCount":0,"publisher":{"@id":"https:\/\/blogdofarnesio.com.br\/#organization"},"articleSection":["Pol\u00edtica"],"inLanguage":"pt-BR","potentialAction":[{"@type":"CommentAction","name":"Comment","target":["https:\/\/blogdofarnesio.com.br\/2015\/01\/andrea-mendonca-sai-de-executiva-estadual-do-pdt-partido-permanece-na-base-de-rui\/#respond"]}]},{"@type":"WebPage","@id":"https:\/\/blogdofarnesio.com.br\/2015\/01\/andrea-mendonca-sai-de-executiva-estadual-do-pdt-partido-permanece-na-base-de-rui\/","url":"https:\/\/blogdofarnesio.com.br\/2015\/01\/andrea-mendonca-sai-de-executiva-estadual-do-pdt-partido-permanece-na-base-de-rui\/","name":"ANDR\u00c9A MENDON\u00c7A SAI DE EXECUTIVA BAIANA DO PDT; PARTIDO PERMANECE NA BASE DE RUI - Blog do Farn\u00e9sio","isPartOf":{"@id":"https:\/\/blogdofarnesio.com.br\/#website"},"datePublished":"2015-01-21T20:33:53+00:00","breadcrumb":{"@id":"https:\/\/blogdofarnesio.com.br\/2015\/01\/andrea-mendonca-sai-de-executiva-estadual-do-pdt-partido-permanece-na-base-de-rui\/#breadcrumb"},"inLanguage":"pt-BR","potentialAction":[{"@type":"ReadAction","target":["https:\/\/blogdofarnesio.com.br\/2015\/01\/andrea-mendonca-sai-de-executiva-estadual-do-pdt-partido-permanece-na-base-de-rui\/"]}]},{"@type":"BreadcrumbList","@id":"https:\/\/blogdofarnesio.com.br\/2015\/01\/andrea-mendonca-sai-de-executiva-estadual-do-pdt-partido-permanece-na-base-de-rui\/#breadcrumb","itemListElement":[{"@type":"ListItem","position":1,"name":"In\u00edcio","item":"https:\/\/blogdofarnesio.com.br\/"},{"@type":"ListItem","position":2,"name":"ANDR\u00c9A MENDON\u00c7A SAI DE EXECUTIVA BAIANA DO PDT; PARTIDO PERMANECE NA BASE DE RUI"}]},{"@type":"WebSite","@id":"https:\/\/blogdofarnesio.com.br\/#website","url":"https:\/\/blogdofarnesio.com.br\/","name":"Blog do Farn\u00e9sio","description":"Quer Saber Pol\u00edtica?","publisher":{"@id":"https:\/\/blogdofarnesio.com.br\/#organization"},"potentialAction":[{"@type":"SearchAction","target":{"@type":"EntryPoint","urlTemplate":"https:\/\/blogdofarnesio.com.br\/?s={search_term_string}"},"query-input":{"@type":"PropertyValueSpecification","valueRequired":true,"valueName":"search_term_string"}}],"inLanguage":"pt-BR"},{"@type":"Organization","@id":"https:\/\/blogdofarnesio.com.br\/#organization","name":"Blog do Farn\u00e9sio","url":"https:\/\/blogdofarnesio.com.br\/","logo":{"@type":"ImageObject","inLanguage":"pt-BR","@id":"https:\/\/blogdofarnesio.com.br\/#\/schema\/logo\/image\/","url":"https:\/\/blogdofarnesio.com.br\/wp-content\/uploads\/2026\/03\/cropped-logo_new-1.png","contentUrl":"https:\/\/blogdofarnesio.com.br\/wp-content\/uploads\/2026\/03\/cropped-logo_new-1.png","width":881,"height":685,"caption":"Blog do Farn\u00e9sio"},"image":{"@id":"https:\/\/blogdofarnesio.com.br\/#\/schema\/logo\/image\/"},"sameAs":["https:\/\/www.facebook.com\/BlogQuerSaberPolitica\/"]},{"@type":"Person","@id":"","url":"https:\/\/blogdofarnesio.com.br\/author\/"}]}},"_links":{"self":[{"href":"https:\/\/blogdofarnesio.com.br\/wp-json\/wp\/v2\/posts\/113787","targetHints":{"allow":["GET"]}}],"collection":[{"href":"https:\/\/blogdofarnesio.com.br\/wp-json\/wp\/v2\/posts"}],"about":[{"href":"https:\/\/blogdofarnesio.com.br\/wp-json\/wp\/v2\/types\/post"}],"author":[{"embeddable":true,"href":"https:\/\/blogdofarnesio.com.br\/wp-json\/wp\/v2\/users\/7"}],"replies":[{"embeddable":true,"href":"https:\/\/blogdofarnesio.com.br\/wp-json\/wp\/v2\/comments?post=113787"}],"version-history":[{"count":0,"href":"https:\/\/blogdofarnesio.com.br\/wp-json\/wp\/v2\/posts\/113787\/revisions"}],"wp:attachment":[{"href":"https:\/\/blogdofarnesio.com.br\/wp-json\/wp\/v2\/media?parent=113787"}],"wp:term":[{"taxonomy":"category","embeddable":true,"href":"https:\/\/blogdofarnesio.com.br\/wp-json\/wp\/v2\/categories?post=113787"},{"taxonomy":"post_tag","embeddable":true,"href":"https:\/\/blogdofarnesio.com.br\/wp-json\/wp\/v2\/tags?post=113787"}],"curies":[{"name":"wp","href":"https:\/\/api.w.org\/{rel}","templated":true}]}}