{"id":113778,"date":"2015-01-22T20:00:58","date_gmt":"2015-01-22T23:00:58","guid":{"rendered":"http:\/\/www.quersaberpolitica.com.br\/?p=113778"},"modified":"2015-01-22T17:03:05","modified_gmt":"2015-01-22T20:03:05","slug":"bahia-alcanca-o-maior-indice-de-vacinacao-contra-aftosa-dos-ultimos-2-anos","status":"publish","type":"post","link":"https:\/\/blogdofarnesio.com.br\/?p=113778","title":{"rendered":"BAHIA ALCAN\u00c7A O MAIOR \u00cdNDICE DE VACINA\u00c7\u00c3O CONTRA AFTOSA DOS \u00daLTIMOS 2 ANOS"},"content":{"rendered":"<div><a href=\"http:\/\/www.quersaberpolitica.com.br\/2016\/wp-content\/uploads\/2014\/05\/febre-aftosa.jpg\"><img loading=\"lazy\" decoding=\"async\" class=\"aligncenter size-full wp-image-82586\" alt=\"Vacina\u00e7\u00e3o contra Febre Aftosa e Raiva;Prefeito e Sec Chico Machado\" src=\"http:\/\/www.quersaberpolitica.com.br\/2016\/wp-content\/uploads\/2014\/05\/febre-aftosa.jpg\" width=\"470\" height=\"313\" srcset=\"https:\/\/blogdofarnesio.com.br\/wp-content\/uploads\/2014\/05\/febre-aftosa.jpg 470w, https:\/\/blogdofarnesio.com.br\/wp-content\/uploads\/2014\/05\/febre-aftosa-300x199.jpg 300w, https:\/\/blogdofarnesio.com.br\/wp-content\/uploads\/2014\/05\/febre-aftosa-450x300.jpg 450w\" sizes=\"auto, (max-width: 470px) 100vw, 470px\" \/><\/a><\/div>\n<div style=\"text-align: justify\"><\/div>\n<div style=\"text-align: justify\">A segunda etapa da campanha de vacina\u00e7\u00e3o contra a Febre Aftosa realizada em novembro de 2014 alcan\u00e7ou os melhores resultados dos \u00faltimos dois anos, com o \u00edndice de 95,50%, superior aos 95,12% obtidos em novembro de 2013, e 92,89% de novembro de 2012. O resultado foi divulgado nesta ter\u00e7a-feira (21) pela Ag\u00eancia de Defesa Agropecu\u00e1ria da Bahia (Adab), vinculada \u00e0 Secretaria de Agricultura (Seagri).<\/div>\n<div style=\"text-align: justify\"><\/div>\n<div style=\"text-align: justify\">Na segunda etapa da campanha s\u00e3o vacinados apenas os animais com at\u00e9 24 meses. De acordo com o levantamento da Adab, os criadores vacinaram 3.340.753 dos 3.498.301 bovinos e bubalinos jovens, com idade de at\u00e9 dois anos, garantindo a sanidade do rebanho baiano.<\/div>\n<div style=\"text-align: justify\"><\/div>\n<div style=\"text-align: justify\">Agora, a meta da Seagri\/Adab \u00e9 superar, na primeira etapa da campanha de vacina\u00e7\u00e3o de 2015, o \u00edndice de 98,01% obtido em maio de 2011. \u201cAcredito na defesa agropecu\u00e1ria como suporte e passaporte para o sucesso da pecu\u00e1ria baiana, mas, principalmente, confio nos produtores que cumprem com o compromisso firmado em benef\u00edcio da sanidade animal do Estado\u201d, afirma a secretaria estadual da Agricultura, m\u00e9dica veterin\u00e1ria Fernanda Mendon\u00e7a. O rebanho bovino baiano \u00e9 de 10.767.576 cabe\u00e7as.<!--more--><\/div>\n<div style=\"text-align: justify\"><\/div>\n<div style=\"text-align: justify\">\u201c\u00c9 revigorante para o corpo t\u00e9cnico da Adab saber que o dever foi cumprido com louvor, e assim poder iniciar 2015 com responsabilidade e o compromisso de superar ainda mais os \u00edndices. Este resultado \u00e9 um presente para todos os funcion\u00e1rios da Ag\u00eancia que completou 16 anos de cria\u00e7\u00e3o no \u00faltimo domingo, 18 de janeiro\u201d, afirma o diretor geral da Adab, Paulo Em\u00edlio Torres.<\/div>\n<div style=\"text-align: justify\"><!--more--><\/div>\n<div style=\"text-align: justify\">Entre as regi\u00f5es que obtiveram melhores \u00edndices na \u00faltima campanha est\u00e3o Irec\u00ea (99,19%), Juazeiro (97,72%), Itaberaba (97,50%), Barreiras (96,95%) e Teixeira de Freitas (96,91%). A Bahia finalizou o ano de 2014 com a manuten\u00e7\u00e3o do alto \u00edndice atingido na mesma etapa de 2013 (95,12%). Movidos pelo slogan da Campanha, \u201cSeu bezerro vai sonhar grande\u201d, a equipe de Juazeiro conseguiu sair do pior \u00edndice, com 78,67% da 1\u00aa etapa de 2014, para o segundo maior percentual entre as 15 coordenadorias regionais e o escrit\u00f3rio em Salvador.<\/div>\n<div style=\"text-align: justify\"><\/div>\n<div style=\"text-align: justify\">Os tr\u00eas munic\u00edpios que det\u00e9m os maiores rebanhos est\u00e3o no Extremo Sul do Estado, na Coordenadoria Regional da Adab em Teixeira de Freitas, a saber Itamaraju, Guaratinga e Itanh\u00e9m, na respectiva ordem. A Regi\u00e3o det\u00e9m o maior rebanho da Bahia com 1.698.420 bov\u00eddeos existentes e vem se destacando nos \u00faltimos tempos como ber\u00e7o da pecu\u00e1ria baiana.<\/div>\n<div style=\"text-align: justify\"><\/div>\n<div style=\"text-align: justify\">Em maio deste ano, 2015, acontece novamente a primeira etapa da campanha de vacina\u00e7\u00e3o contra a Febre Aftosa e \u201ca Adab tem a certeza do compromisso dos criadores baianos na imuniza\u00e7\u00e3o de todos os bovinos e bubalinos, independente da faixa et\u00e1ria do rebanho, bem como o comparecimento para a declara\u00e7\u00e3o,prevenindo a pecu\u00e1ria baiana contra a reintrodu\u00e7\u00e3o da Febre Aftosa\u201d, lembra o\u00a0diretor de Defesa Sanit\u00e1ria Animal da ADAB, Rui Leal.\u00a0\u201cEssa \u00e9 a meta da Ag\u00eancia, pois se trata de um pacto pelo desenvolvimento e sustentabilidade da agropecu\u00e1ria baiana\u201d.<\/div>\n<div style=\"text-align: justify\"><\/div>\n<div style=\"text-align: justify\"><strong>Rebanho ainda se recupera da seca<\/strong><\/div>\n<div style=\"text-align: justify\">De acordo com informa\u00e7\u00f5es compiladas das declara\u00e7\u00f5es dos criadores baianos, entre 2012 e 2014, o rebanho existente sofreu uma redu\u00e7\u00e3o de 10% decorrente da maior seca que perdurou at\u00e9 2013. Ainda assim, a Bahia det\u00e9m o maior rebanho bovino do Nordeste.<\/div>\n<div style=\"text-align: justify\">Para a superintendente federal da Agricultura na Bahia, (SFA-BA\/Mapa), Virg\u00ednia Hagge, uma s\u00e9rie de pareceres favor\u00e1veis incentivou a melhoria dos \u00edndices de imuniza\u00e7\u00e3o dos animais. E em conson\u00e2ncia com a Seagri e com a Adab, a Federa\u00e7\u00e3o da Agricultura do Estado da Bahia (Faeb) tem apoiado as a\u00e7\u00f5es de defesa, buscando o comprometimento consciente para garantir a sanidade do patrim\u00f4nio pecu\u00e1rio da Bahia. \u201cEste resultado \u00e9 uma vit\u00f3ria do criador, das entidades ligadas ao setor e da Ag\u00eancia de Defesa Agropecu\u00e1ria na Bahia\u201d, ressalta o presidente Jo\u00e3o Martins.<\/div>\n<div style=\"text-align: justify\"><\/div>\n<div style=\"text-align: justify\">Faltando tr\u00eas meses para completar 15 anos de reconhecimento internacional de zona livre da febre aftosa com vacina\u00e7\u00e3o, \u201ca Adab est\u00e1 em constante evolu\u00e7\u00e3o e trabalha sempre em conjunto com o produtor em defesa da sanidade animal de todo estado. Na pr\u00f3xima etapa de maio, alcan\u00e7ar\u00e1 \u00edndices ainda maiores contra a enfermidade na Bahia\u201d, conclui o coordenador do Programa de Erradica\u00e7\u00e3o e Preven\u00e7\u00e3o da Febre Aftosa na Bahia, Ant\u00f4nio Lemos Maia Neto.<\/div>\n<div style=\"text-align: justify\"><\/div>\n<div style=\"text-align: justify\"><strong>Hist\u00f3rico contra a Febre Aftosa<\/strong><\/div>\n<div style=\"text-align: justify\">A Bahia foi um dos estados pioneiros na implanta\u00e7\u00e3o do programa contra a febre aftosa em 1968, atrav\u00e9s do Grupo Executivo para Erradica\u00e7\u00e3o da Febre Aftosa na Bahia (Gerfab). At\u00e9 1992 as a\u00e7\u00f5es tomaram novas perspectivas. \u201cImpulsionadas pelos reconhecimentos nacional e internacional, os trabalhos de combate a esta enfermidade adquiriram import\u00e2ncia t\u00e9cnica administrativa e econ\u00f4mica, registrando o \u00faltimo foco em territ\u00f3rio baiano no ano de 1997. Desde ent\u00e3o n\u00e3o houve epis\u00f3dio sanit\u00e1rio desta doen\u00e7a no Estado\u201d, lembra Valentim Fidalgo, m\u00e9dico veterin\u00e1rio e ex-diretor de Defesa Sanit\u00e1ria Animal da Adab, que coordenou o programa contra aftosa em n\u00edvel estadual durante 25 anos.<\/div>\n<div style=\"text-align: justify\"><\/div>\n<div style=\"text-align: justify\">Sempre em conformidade com as determina\u00e7\u00f5es do Mapa, a Seagri, atrav\u00e9s da Adab, adotou medidas padronizadas e uniformes, contribuindo decisivamente para conseguir a chancela da Organiza\u00e7\u00e3o Mundial de Sa\u00fade Animal (OIE) com a Certifica\u00e7\u00e3o Internacional, conferindo \u00e0 Bahia o Estado Livre de Febre Aftosa com Vacina\u00e7\u00e3o em maio de 2001. Foi ent\u00e3o criada a Zona Tamp\u00e3o \u2013 \u00e1rea compreendida por 58.201 km\u00b2 no norte do Estado estabelecida pelo Mapa &#8211; para impedir a entrada de animais com possibilidade de estarem infectados pelo v\u00edrus da aftosa, uma vez que a Bahia faz divisa com estados cujo risco de infec\u00e7\u00e3o era desconhecido.<\/div>\n<div style=\"text-align: justify\"><\/div>\n<div style=\"text-align: justify\">O governo do Estado iniciou um intenso trabalho para extinguir a Zona Tamp\u00e3o, \u00e1rea composta por oito munic\u00edpios com 10 mil criadores, impedidos de comercializar com as demais regi\u00f5es baianas por fazer divisa com PI e PE, classificados \u00e0 \u00e9poca, como risco desconhecido para a febre aftosa. O marco hist\u00f3rico para a mudan\u00e7a do perfil do agroneg\u00f3cio baiano, de apoio \u00e0 agricultura familiar, foi ent\u00e3o consolidado no dia 28 de dezembro de 2010, atrav\u00e9s da Instru\u00e7\u00e3o Normativa n\u00ba 45 do Mapa, extinguindo a Zona Tamp\u00e3o, com a homologa\u00e7\u00e3o da Zona de Prote\u00e7\u00e3o, em maio de 2011 pela OIE.<\/div>\n<div style=\"text-align: justify\"><\/div>\n<div style=\"text-align: justify\">A agropecu\u00e1ria baiana avan\u00e7ou em 2011 com a redu\u00e7\u00e3o da faixa et\u00e1ria vacinal dos bovinos e bubalinos de at\u00e9 24 meses e, em 2013, a Zona de Prote\u00e7\u00e3o foi unificada a todo Estado tamb\u00e9m em rela\u00e7\u00e3o \u00e0 estrat\u00e9gia de vacina\u00e7\u00e3o. A Zona de Prote\u00e7\u00e3o foi definitivamente extinta em 2014 diante da evolu\u00e7\u00e3o de estados do nordeste e norte do Par\u00e1 para Livre de Febre Aftosa com Vacina\u00e7\u00e3o. A Bahia que durante muitos anos conviveu sanitariamente com a cis\u00e3o da Zona Tamp\u00e3o e da Zona de Prote\u00e7\u00e3o, hoje tem a unanimidade do estado com tratamento igualit\u00e1rio a todos os criadores e a total elimina\u00e7\u00e3o de qualquer restri\u00e7\u00e3o, para esta enfermidade.<\/div>\n","protected":false},"excerpt":{"rendered":"<p>A segunda etapa da campanha de vacina\u00e7\u00e3o contra a Febre Aftosa realizada em novembro de 2014 alcan\u00e7ou os melhores resultados dos \u00faltimos dois anos, com o \u00edndice de 95,50%, superior aos 95,12% obtidos em novembro de 2013, e 92,89% de novembro de 2012. O resultado foi divulgado nesta ter\u00e7a-feira (21) pela Ag\u00eancia de Defesa Agropecu\u00e1ria da Bahia (Adab), vinculada \u00e0 Secretaria de Agricultura (Seagri). Na segunda etapa da campanha s\u00e3o vacinados apenas os animais com at\u00e9 24 meses. De acordo com o levantamento da Adab, os criadores vacinaram 3.340.753 dos 3.498.301 bovinos e bubalinos jovens, com idade de at\u00e9 dois anos, garantindo a sanidade do rebanho baiano. Agora, a meta da Seagri\/Adab \u00e9 superar, na primeira etapa da campanha de&hellip; <\/p>\n","protected":false},"author":7,"featured_media":0,"comment_status":"open","ping_status":"open","sticky":false,"template":"","format":"standard","meta":{"_acf_changed":false,"footnotes":""},"categories":[26],"tags":[],"class_list":["post-113778","post","type-post","status-publish","format-standard","hentry","category-agricultura"],"acf":[],"yoast_head":"<!-- This site is optimized with the Yoast SEO plugin v27.4 - https:\/\/yoast.com\/product\/yoast-seo-wordpress\/ -->\n<title>BAHIA ALCAN\u00c7A O MAIOR \u00cdNDICE DE VACINA\u00c7\u00c3O CONTRA AFTOSA DOS \u00daLTIMOS 2 ANOS - Blog do Farn\u00e9sio<\/title>\n<meta name=\"robots\" content=\"index, follow, max-snippet:-1, max-image-preview:large, max-video-preview:-1\" \/>\n<link rel=\"canonical\" href=\"https:\/\/blogdofarnesio.com.br\/?p=113778\" \/>\n<meta property=\"og:locale\" content=\"pt_BR\" \/>\n<meta property=\"og:type\" content=\"article\" \/>\n<meta property=\"og:title\" content=\"BAHIA ALCAN\u00c7A O MAIOR \u00cdNDICE DE VACINA\u00c7\u00c3O CONTRA AFTOSA DOS \u00daLTIMOS 2 ANOS - Blog do Farn\u00e9sio\" \/>\n<meta property=\"og:description\" content=\"A segunda etapa da campanha de vacina\u00e7\u00e3o contra a Febre Aftosa realizada em novembro de 2014 alcan\u00e7ou os melhores resultados dos \u00faltimos dois anos, com o \u00edndice de 95,50%, superior aos 95,12% obtidos em novembro de 2013, e 92,89% de novembro de 2012. O resultado foi divulgado nesta ter\u00e7a-feira (21) pela Ag\u00eancia de Defesa Agropecu\u00e1ria da Bahia (Adab), vinculada \u00e0 Secretaria de Agricultura (Seagri). Na segunda etapa da campanha s\u00e3o vacinados apenas os animais com at\u00e9 24 meses. De acordo com o levantamento da Adab, os criadores vacinaram 3.340.753 dos 3.498.301 bovinos e bubalinos jovens, com idade de at\u00e9 dois anos, garantindo a sanidade do rebanho baiano. Agora, a meta da Seagri\/Adab \u00e9 superar, na primeira etapa da campanha de&hellip;\" \/>\n<meta property=\"og:url\" content=\"https:\/\/blogdofarnesio.com.br\/?p=113778\" \/>\n<meta property=\"og:site_name\" content=\"Blog do Farn\u00e9sio\" \/>\n<meta property=\"article:publisher\" content=\"https:\/\/www.facebook.com\/BlogQuerSaberPolitica\/\" \/>\n<meta property=\"article:published_time\" content=\"2015-01-22T23:00:58+00:00\" \/>\n<meta property=\"og:image\" content=\"http:\/\/www.quersaberpolitica.com.br\/2016\/wp-content\/uploads\/2014\/05\/febre-aftosa.jpg\" \/>\n<meta name=\"twitter:card\" content=\"summary_large_image\" \/>\n<meta name=\"twitter:label1\" content=\"Escrito por\" \/>\n\t<meta name=\"twitter:data1\" content=\"\" \/>\n\t<meta name=\"twitter:label2\" content=\"Est. tempo de leitura\" \/>\n\t<meta name=\"twitter:data2\" content=\"6 minutos\" \/>\n<script type=\"application\/ld+json\" class=\"yoast-schema-graph\">{\"@context\":\"https:\\\/\\\/schema.org\",\"@graph\":[{\"@type\":\"Article\",\"@id\":\"https:\\\/\\\/blogdofarnesio.com.br\\\/?p=113778#article\",\"isPartOf\":{\"@id\":\"https:\\\/\\\/blogdofarnesio.com.br\\\/?p=113778\"},\"author\":{\"name\":\"\",\"@id\":\"\"},\"headline\":\"BAHIA ALCAN\u00c7A O MAIOR \u00cdNDICE DE VACINA\u00c7\u00c3O CONTRA AFTOSA DOS \u00daLTIMOS 2 ANOS\",\"datePublished\":\"2015-01-22T23:00:58+00:00\",\"mainEntityOfPage\":{\"@id\":\"https:\\\/\\\/blogdofarnesio.com.br\\\/?p=113778\"},\"wordCount\":1175,\"commentCount\":0,\"publisher\":{\"@id\":\"https:\\\/\\\/blogdofarnesio.com.br\\\/#organization\"},\"image\":{\"@id\":\"https:\\\/\\\/blogdofarnesio.com.br\\\/?p=113778#primaryimage\"},\"thumbnailUrl\":\"http:\\\/\\\/www.quersaberpolitica.com.br\\\/2016\\\/wp-content\\\/uploads\\\/2014\\\/05\\\/febre-aftosa.jpg\",\"articleSection\":[\"Agricultura\"],\"inLanguage\":\"pt-BR\",\"potentialAction\":[{\"@type\":\"CommentAction\",\"name\":\"Comment\",\"target\":[\"https:\\\/\\\/blogdofarnesio.com.br\\\/?p=113778#respond\"]}]},{\"@type\":\"WebPage\",\"@id\":\"https:\\\/\\\/blogdofarnesio.com.br\\\/?p=113778\",\"url\":\"https:\\\/\\\/blogdofarnesio.com.br\\\/?p=113778\",\"name\":\"BAHIA ALCAN\u00c7A O MAIOR \u00cdNDICE DE VACINA\u00c7\u00c3O CONTRA AFTOSA DOS \u00daLTIMOS 2 ANOS - Blog do Farn\u00e9sio\",\"isPartOf\":{\"@id\":\"https:\\\/\\\/blogdofarnesio.com.br\\\/#website\"},\"primaryImageOfPage\":{\"@id\":\"https:\\\/\\\/blogdofarnesio.com.br\\\/?p=113778#primaryimage\"},\"image\":{\"@id\":\"https:\\\/\\\/blogdofarnesio.com.br\\\/?p=113778#primaryimage\"},\"thumbnailUrl\":\"http:\\\/\\\/www.quersaberpolitica.com.br\\\/2016\\\/wp-content\\\/uploads\\\/2014\\\/05\\\/febre-aftosa.jpg\",\"datePublished\":\"2015-01-22T23:00:58+00:00\",\"breadcrumb\":{\"@id\":\"https:\\\/\\\/blogdofarnesio.com.br\\\/?p=113778#breadcrumb\"},\"inLanguage\":\"pt-BR\",\"potentialAction\":[{\"@type\":\"ReadAction\",\"target\":[\"https:\\\/\\\/blogdofarnesio.com.br\\\/?p=113778\"]}]},{\"@type\":\"ImageObject\",\"inLanguage\":\"pt-BR\",\"@id\":\"https:\\\/\\\/blogdofarnesio.com.br\\\/?p=113778#primaryimage\",\"url\":\"http:\\\/\\\/www.quersaberpolitica.com.br\\\/2016\\\/wp-content\\\/uploads\\\/2014\\\/05\\\/febre-aftosa.jpg\",\"contentUrl\":\"http:\\\/\\\/www.quersaberpolitica.com.br\\\/2016\\\/wp-content\\\/uploads\\\/2014\\\/05\\\/febre-aftosa.jpg\"},{\"@type\":\"BreadcrumbList\",\"@id\":\"https:\\\/\\\/blogdofarnesio.com.br\\\/?p=113778#breadcrumb\",\"itemListElement\":[{\"@type\":\"ListItem\",\"position\":1,\"name\":\"In\u00edcio\",\"item\":\"https:\\\/\\\/blogdofarnesio.com.br\\\/\"},{\"@type\":\"ListItem\",\"position\":2,\"name\":\"BAHIA ALCAN\u00c7A O MAIOR \u00cdNDICE DE VACINA\u00c7\u00c3O CONTRA AFTOSA DOS \u00daLTIMOS 2 ANOS\"}]},{\"@type\":\"WebSite\",\"@id\":\"https:\\\/\\\/blogdofarnesio.com.br\\\/#website\",\"url\":\"https:\\\/\\\/blogdofarnesio.com.br\\\/\",\"name\":\"Blog do Farn\u00e9sio\",\"description\":\"Quer Saber Pol\u00edtica?\",\"publisher\":{\"@id\":\"https:\\\/\\\/blogdofarnesio.com.br\\\/#organization\"},\"potentialAction\":[{\"@type\":\"SearchAction\",\"target\":{\"@type\":\"EntryPoint\",\"urlTemplate\":\"https:\\\/\\\/blogdofarnesio.com.br\\\/?s={search_term_string}\"},\"query-input\":{\"@type\":\"PropertyValueSpecification\",\"valueRequired\":true,\"valueName\":\"search_term_string\"}}],\"inLanguage\":\"pt-BR\"},{\"@type\":\"Organization\",\"@id\":\"https:\\\/\\\/blogdofarnesio.com.br\\\/#organization\",\"name\":\"Blog do Farn\u00e9sio\",\"url\":\"https:\\\/\\\/blogdofarnesio.com.br\\\/\",\"logo\":{\"@type\":\"ImageObject\",\"inLanguage\":\"pt-BR\",\"@id\":\"https:\\\/\\\/blogdofarnesio.com.br\\\/#\\\/schema\\\/logo\\\/image\\\/\",\"url\":\"https:\\\/\\\/blogdofarnesio.com.br\\\/wp-content\\\/uploads\\\/2026\\\/03\\\/cropped-logo_new-1.png\",\"contentUrl\":\"https:\\\/\\\/blogdofarnesio.com.br\\\/wp-content\\\/uploads\\\/2026\\\/03\\\/cropped-logo_new-1.png\",\"width\":881,\"height\":685,\"caption\":\"Blog do Farn\u00e9sio\"},\"image\":{\"@id\":\"https:\\\/\\\/blogdofarnesio.com.br\\\/#\\\/schema\\\/logo\\\/image\\\/\"},\"sameAs\":[\"https:\\\/\\\/www.facebook.com\\\/BlogQuerSaberPolitica\\\/\"]},{\"@type\":\"Person\",\"@id\":\"\",\"url\":\"https:\\\/\\\/blogdofarnesio.com.br\\\/?author=7\"}]}<\/script>\n<!-- \/ Yoast SEO plugin. -->","yoast_head_json":{"title":"BAHIA ALCAN\u00c7A O MAIOR \u00cdNDICE DE VACINA\u00c7\u00c3O CONTRA AFTOSA DOS \u00daLTIMOS 2 ANOS - Blog do Farn\u00e9sio","robots":{"index":"index","follow":"follow","max-snippet":"max-snippet:-1","max-image-preview":"max-image-preview:large","max-video-preview":"max-video-preview:-1"},"canonical":"https:\/\/blogdofarnesio.com.br\/?p=113778","og_locale":"pt_BR","og_type":"article","og_title":"BAHIA ALCAN\u00c7A O MAIOR \u00cdNDICE DE VACINA\u00c7\u00c3O CONTRA AFTOSA DOS \u00daLTIMOS 2 ANOS - Blog do Farn\u00e9sio","og_description":"A segunda etapa da campanha de vacina\u00e7\u00e3o contra a Febre Aftosa realizada em novembro de 2014 alcan\u00e7ou os melhores resultados dos \u00faltimos dois anos, com o \u00edndice de 95,50%, superior aos 95,12% obtidos em novembro de 2013, e 92,89% de novembro de 2012. O resultado foi divulgado nesta ter\u00e7a-feira (21) pela Ag\u00eancia de Defesa Agropecu\u00e1ria da Bahia (Adab), vinculada \u00e0 Secretaria de Agricultura (Seagri). Na segunda etapa da campanha s\u00e3o vacinados apenas os animais com at\u00e9 24 meses. De acordo com o levantamento da Adab, os criadores vacinaram 3.340.753 dos 3.498.301 bovinos e bubalinos jovens, com idade de at\u00e9 dois anos, garantindo a sanidade do rebanho baiano. Agora, a meta da Seagri\/Adab \u00e9 superar, na primeira etapa da campanha de&hellip;","og_url":"https:\/\/blogdofarnesio.com.br\/?p=113778","og_site_name":"Blog do Farn\u00e9sio","article_publisher":"https:\/\/www.facebook.com\/BlogQuerSaberPolitica\/","article_published_time":"2015-01-22T23:00:58+00:00","og_image":[{"url":"http:\/\/www.quersaberpolitica.com.br\/2016\/wp-content\/uploads\/2014\/05\/febre-aftosa.jpg","type":"","width":"","height":""}],"twitter_card":"summary_large_image","twitter_misc":{"Escrito por":"","Est. tempo de leitura":"6 minutos"},"schema":{"@context":"https:\/\/schema.org","@graph":[{"@type":"Article","@id":"https:\/\/blogdofarnesio.com.br\/?p=113778#article","isPartOf":{"@id":"https:\/\/blogdofarnesio.com.br\/?p=113778"},"author":{"name":"","@id":""},"headline":"BAHIA ALCAN\u00c7A O MAIOR \u00cdNDICE DE VACINA\u00c7\u00c3O CONTRA AFTOSA DOS \u00daLTIMOS 2 ANOS","datePublished":"2015-01-22T23:00:58+00:00","mainEntityOfPage":{"@id":"https:\/\/blogdofarnesio.com.br\/?p=113778"},"wordCount":1175,"commentCount":0,"publisher":{"@id":"https:\/\/blogdofarnesio.com.br\/#organization"},"image":{"@id":"https:\/\/blogdofarnesio.com.br\/?p=113778#primaryimage"},"thumbnailUrl":"http:\/\/www.quersaberpolitica.com.br\/2016\/wp-content\/uploads\/2014\/05\/febre-aftosa.jpg","articleSection":["Agricultura"],"inLanguage":"pt-BR","potentialAction":[{"@type":"CommentAction","name":"Comment","target":["https:\/\/blogdofarnesio.com.br\/?p=113778#respond"]}]},{"@type":"WebPage","@id":"https:\/\/blogdofarnesio.com.br\/?p=113778","url":"https:\/\/blogdofarnesio.com.br\/?p=113778","name":"BAHIA ALCAN\u00c7A O MAIOR \u00cdNDICE DE VACINA\u00c7\u00c3O CONTRA AFTOSA DOS \u00daLTIMOS 2 ANOS - Blog do Farn\u00e9sio","isPartOf":{"@id":"https:\/\/blogdofarnesio.com.br\/#website"},"primaryImageOfPage":{"@id":"https:\/\/blogdofarnesio.com.br\/?p=113778#primaryimage"},"image":{"@id":"https:\/\/blogdofarnesio.com.br\/?p=113778#primaryimage"},"thumbnailUrl":"http:\/\/www.quersaberpolitica.com.br\/2016\/wp-content\/uploads\/2014\/05\/febre-aftosa.jpg","datePublished":"2015-01-22T23:00:58+00:00","breadcrumb":{"@id":"https:\/\/blogdofarnesio.com.br\/?p=113778#breadcrumb"},"inLanguage":"pt-BR","potentialAction":[{"@type":"ReadAction","target":["https:\/\/blogdofarnesio.com.br\/?p=113778"]}]},{"@type":"ImageObject","inLanguage":"pt-BR","@id":"https:\/\/blogdofarnesio.com.br\/?p=113778#primaryimage","url":"http:\/\/www.quersaberpolitica.com.br\/2016\/wp-content\/uploads\/2014\/05\/febre-aftosa.jpg","contentUrl":"http:\/\/www.quersaberpolitica.com.br\/2016\/wp-content\/uploads\/2014\/05\/febre-aftosa.jpg"},{"@type":"BreadcrumbList","@id":"https:\/\/blogdofarnesio.com.br\/?p=113778#breadcrumb","itemListElement":[{"@type":"ListItem","position":1,"name":"In\u00edcio","item":"https:\/\/blogdofarnesio.com.br\/"},{"@type":"ListItem","position":2,"name":"BAHIA ALCAN\u00c7A O MAIOR \u00cdNDICE DE VACINA\u00c7\u00c3O CONTRA AFTOSA DOS \u00daLTIMOS 2 ANOS"}]},{"@type":"WebSite","@id":"https:\/\/blogdofarnesio.com.br\/#website","url":"https:\/\/blogdofarnesio.com.br\/","name":"Blog do Farn\u00e9sio","description":"Quer Saber Pol\u00edtica?","publisher":{"@id":"https:\/\/blogdofarnesio.com.br\/#organization"},"potentialAction":[{"@type":"SearchAction","target":{"@type":"EntryPoint","urlTemplate":"https:\/\/blogdofarnesio.com.br\/?s={search_term_string}"},"query-input":{"@type":"PropertyValueSpecification","valueRequired":true,"valueName":"search_term_string"}}],"inLanguage":"pt-BR"},{"@type":"Organization","@id":"https:\/\/blogdofarnesio.com.br\/#organization","name":"Blog do Farn\u00e9sio","url":"https:\/\/blogdofarnesio.com.br\/","logo":{"@type":"ImageObject","inLanguage":"pt-BR","@id":"https:\/\/blogdofarnesio.com.br\/#\/schema\/logo\/image\/","url":"https:\/\/blogdofarnesio.com.br\/wp-content\/uploads\/2026\/03\/cropped-logo_new-1.png","contentUrl":"https:\/\/blogdofarnesio.com.br\/wp-content\/uploads\/2026\/03\/cropped-logo_new-1.png","width":881,"height":685,"caption":"Blog do Farn\u00e9sio"},"image":{"@id":"https:\/\/blogdofarnesio.com.br\/#\/schema\/logo\/image\/"},"sameAs":["https:\/\/www.facebook.com\/BlogQuerSaberPolitica\/"]},{"@type":"Person","@id":"","url":"https:\/\/blogdofarnesio.com.br\/?author=7"}]}},"_links":{"self":[{"href":"https:\/\/blogdofarnesio.com.br\/index.php?rest_route=\/wp\/v2\/posts\/113778","targetHints":{"allow":["GET"]}}],"collection":[{"href":"https:\/\/blogdofarnesio.com.br\/index.php?rest_route=\/wp\/v2\/posts"}],"about":[{"href":"https:\/\/blogdofarnesio.com.br\/index.php?rest_route=\/wp\/v2\/types\/post"}],"author":[{"embeddable":true,"href":"https:\/\/blogdofarnesio.com.br\/index.php?rest_route=\/wp\/v2\/users\/7"}],"replies":[{"embeddable":true,"href":"https:\/\/blogdofarnesio.com.br\/index.php?rest_route=%2Fwp%2Fv2%2Fcomments&post=113778"}],"version-history":[{"count":0,"href":"https:\/\/blogdofarnesio.com.br\/index.php?rest_route=\/wp\/v2\/posts\/113778\/revisions"}],"wp:attachment":[{"href":"https:\/\/blogdofarnesio.com.br\/index.php?rest_route=%2Fwp%2Fv2%2Fmedia&parent=113778"}],"wp:term":[{"taxonomy":"category","embeddable":true,"href":"https:\/\/blogdofarnesio.com.br\/index.php?rest_route=%2Fwp%2Fv2%2Fcategories&post=113778"},{"taxonomy":"post_tag","embeddable":true,"href":"https:\/\/blogdofarnesio.com.br\/index.php?rest_route=%2Fwp%2Fv2%2Ftags&post=113778"}],"curies":[{"name":"wp","href":"https:\/\/api.w.org\/{rel}","templated":true}]}}