{"id":11343,"date":"2012-02-23T09:31:02","date_gmt":"2012-02-23T09:31:02","guid":{"rendered":"http:\/\/www.quersaberpolitica.com.br?p=11343"},"modified":"-0001-11-30T00:00:00","modified_gmt":"-0001-11-30T03:00:00","slug":"exame-de-suficiencia-em-contabilidade-sera-realizado-em-petrolina-e-juazeiro","status":"publish","type":"post","link":"https:\/\/blogdofarnesio.com.br\/?p=11343","title":{"rendered":"Exame de Sufici\u00eancia em Contabilidade ser\u00e1 realizado em Petrolina e Juazeiro"},"content":{"rendered":"<p><p style=\"text-align: justify;\"><span style=\"font-size: medium;\"><span style=\"font-size: small;\"><a rel=\"lightbox\" href=\"http:\/\/quersaberpolitica.com.br\/blogQSP\/http:\/\/www.quersaberpolitica.com.br\/2016\/wp-content\/uploads\/2012\/12\/blogqspcontabilidade.png\"><img loading=\"lazy\" decoding=\"async\" style=\"float: left; margin-top: 5px; margin-bottom: 5px; margin-left: 10px; margin-right: 10px;\" src=\"http:\/\/quersaberpolitica.com.br\/blogQSP\/http:\/\/www.quersaberpolitica.com.br\/2016\/wp-content\/uploads\/2012\/12\/blogqspcontabilidade.png\" alt=\"\" width=\"204\" height=\"204\" \/><\/a>O CRC, Conselho regional de Contabilidade &nbsp;realizar&aacute; na regi&atilde;o,&nbsp;Exame de Sufici&ecirc;ncia em Contabilidade. O Exame &eacute; obrigat&oacute;rio para obten&ccedil;&atilde;o do registro Profissional em Contabilidade junto ao Conselho Regional de Contabilidade (CRC) do candidato. As provas s&atilde;o nas modalidades de Bacharel em Contabilidade e T&eacute;cnico Cont&aacute;bil.&nbsp;Uma &oacute;tima not&iacute;cia &eacute; que alunos que estejam cursando&nbsp;o &uacute;ltimo ano do curso de gradua&ccedil;&atilde;o em Ci&ecirc;ncias Cont&aacute;beis poder&atilde;o participar.<\/span><\/span><\/p>\n<p style=\"text-align: justify;\"><span style=\"font-size: medium;\"><span style=\"font-size: small;\">Para ser aprovado os candidatos precisam ter um aproveitamento de 50% de acertos e ter&atilde;o o prazo de 2 (dois) anos, a contar da data da publica&ccedil;&atilde;o&nbsp;da rela&ccedil;&atilde;o dos aprovados no Di&aacute;rio Oficial da Uni&atilde;o, para requererem o registro profissional, no CRC, na&nbsp;categoria para a qual tenha sido aprovado.<\/span><\/span><\/p>\n<p style=\"text-align: justify;\"><span style=\"font-size: medium;\"><span style=\"font-size: small;\">As provas ser&atilde;o aplicadas no dia 25 de mar&ccedil;o de 2012 (domingo) no turno da manh&atilde;. No exame anterior as cidades de Petrolina\/PE e Juazeiro\/BA receberam diversos candidatos para a realiza&ccedil;&atilde;o do Exame.<\/span><\/span><\/p>\n<p style=\"text-align: justify;\"><span style=\"font-size: medium;\"><span style=\"font-size: small;\">Acesse o<a href=\"http:\/\/www.cfc.org.br\/sisweb\/exame\/inscricao\/\" target=\"_blank\">&nbsp;Sistema de Inscri&ccedil;&atilde;o on-line<\/a>.<\/span><\/span><\/p>\n<p style=\"text-align: justify;\"><span style=\"font-size: medium;\"><span style=\"font-size: small;\">Voc&ecirc; poder&aacute; ter acesso as provas e os gabaritos das duas edi&ccedil;&otilde;es de 2011 aqui no CONTABILIZANDO, clicando em&nbsp;<strong><a href=\"http:\/\/www.blogcontabilizando.com\/p\/downloads.html\" target=\"_blank\">Downloads<\/a>.<\/strong><\/span><\/span><\/p>\n<p style=\"text-align: justify;\"><strong><em><span style=\"font-size: medium;\"><span style=\"font-size: small;\">Para maiores informa&ccedil;&otilde;es acesse o site do&nbsp;<a href=\"http:\/\/www.cfc.org.br\/conteudo.aspx?codMenu=47\" target=\"_blank\">Conselho Federal de Contabilidade<\/a><\/span><\/span><\/em><\/strong><\/p>\n<p style=\"text-align: justify;\"><span style=\"font-size: medium;\"><span style=\"font-family: arial, helvetica, sans-serif;\"><br \/><\/span><\/span><\/p><\/p>\n","protected":false},"excerpt":{"rendered":"<p>O CRC, Conselho regional de Contabilidade &nbsp;realizar&aacute; na regi&atilde;o,&nbsp;Exame de Sufici&ecirc;ncia em Contabilidade. O Exame &eacute; obrigat&oacute;rio para obten&ccedil;&atilde;o do registro Profissional em Contabilidade junto ao Conselho Regional de Contabilidade (CRC) do candidato. As provas s&atilde;o nas modalidades de Bacharel em Contabilidade e T&eacute;cnico Cont&aacute;bil.&nbsp;Uma &oacute;tima not&iacute;cia &eacute; que alunos que estejam cursando&nbsp;o &uacute;ltimo ano do curso de gradua&ccedil;&atilde;o em Ci&ecirc;ncias Cont&aacute;beis poder&atilde;o participar. Para ser aprovado os candidatos precisam ter um aproveitamento de 50% de acertos e ter&atilde;o o prazo de 2 (dois) anos, a contar da data da publica&ccedil;&atilde;o&nbsp;da rela&ccedil;&atilde;o dos aprovados no Di&aacute;rio Oficial da Uni&atilde;o, para requererem o registro profissional, no CRC, na&nbsp;categoria para a qual tenha sido aprovado. As provas ser&atilde;o aplicadas no dia 25&hellip; <\/p>\n","protected":false},"author":0,"featured_media":0,"comment_status":"open","ping_status":"open","sticky":false,"template":"","format":"standard","meta":{"_acf_changed":false,"footnotes":""},"categories":[43],"tags":[],"class_list":["post-11343","post","type-post","status-publish","format-standard","hentry","category-sem-categoria"],"acf":[],"yoast_head":"<!-- This site is optimized with the Yoast SEO plugin v27.4 - https:\/\/yoast.com\/product\/yoast-seo-wordpress\/ -->\n<title>Exame de Sufici\u00eancia em Contabilidade ser\u00e1 realizado em Petrolina e Juazeiro - Blog do Farn\u00e9sio<\/title>\n<meta name=\"robots\" content=\"index, follow, max-snippet:-1, max-image-preview:large, max-video-preview:-1\" \/>\n<link rel=\"canonical\" href=\"https:\/\/blogdofarnesio.com.br\/?p=11343\" \/>\n<meta property=\"og:locale\" content=\"pt_BR\" \/>\n<meta property=\"og:type\" content=\"article\" \/>\n<meta property=\"og:title\" content=\"Exame de Sufici\u00eancia em Contabilidade ser\u00e1 realizado em Petrolina e Juazeiro - Blog do Farn\u00e9sio\" \/>\n<meta property=\"og:description\" content=\"O CRC, Conselho regional de Contabilidade &nbsp;realizar&aacute; na regi&atilde;o,&nbsp;Exame de Sufici&ecirc;ncia em Contabilidade. O Exame &eacute; obrigat&oacute;rio para obten&ccedil;&atilde;o do registro Profissional em Contabilidade junto ao Conselho Regional de Contabilidade (CRC) do candidato. As provas s&atilde;o nas modalidades de Bacharel em Contabilidade e T&eacute;cnico Cont&aacute;bil.&nbsp;Uma &oacute;tima not&iacute;cia &eacute; que alunos que estejam cursando&nbsp;o &uacute;ltimo ano do curso de gradua&ccedil;&atilde;o em Ci&ecirc;ncias Cont&aacute;beis poder&atilde;o participar. Para ser aprovado os candidatos precisam ter um aproveitamento de 50% de acertos e ter&atilde;o o prazo de 2 (dois) anos, a contar da data da publica&ccedil;&atilde;o&nbsp;da rela&ccedil;&atilde;o dos aprovados no Di&aacute;rio Oficial da Uni&atilde;o, para requererem o registro profissional, no CRC, na&nbsp;categoria para a qual tenha sido aprovado. As provas ser&atilde;o aplicadas no dia 25&hellip;\" \/>\n<meta property=\"og:url\" content=\"https:\/\/blogdofarnesio.com.br\/?p=11343\" \/>\n<meta property=\"og:site_name\" content=\"Blog do Farn\u00e9sio\" \/>\n<meta property=\"article:publisher\" content=\"https:\/\/www.facebook.com\/BlogQuerSaberPolitica\/\" \/>\n<meta property=\"article:published_time\" content=\"2012-02-23T09:31:02+00:00\" \/>\n<meta property=\"og:image\" content=\"http:\/\/quersaberpolitica.com.br\/blogQSP\/http:\/\/www.quersaberpolitica.com.br\/2016\/wp-content\/uploads\/2012\/12\/blogqspcontabilidade.png\" \/>\n<meta name=\"twitter:card\" content=\"summary_large_image\" \/>\n<meta name=\"twitter:label1\" content=\"Est. tempo de leitura\" \/>\n\t<meta name=\"twitter:data1\" content=\"1 minuto\" \/>\n<script type=\"application\/ld+json\" class=\"yoast-schema-graph\">{\"@context\":\"https:\\\/\\\/schema.org\",\"@graph\":[{\"@type\":\"Article\",\"@id\":\"https:\\\/\\\/blogdofarnesio.com.br\\\/?p=11343#article\",\"isPartOf\":{\"@id\":\"https:\\\/\\\/blogdofarnesio.com.br\\\/?p=11343\"},\"author\":{\"name\":\"\",\"@id\":\"\"},\"headline\":\"Exame de Sufici\u00eancia em Contabilidade ser\u00e1 realizado em Petrolina e Juazeiro\",\"datePublished\":\"2012-02-23T09:31:02+00:00\",\"mainEntityOfPage\":{\"@id\":\"https:\\\/\\\/blogdofarnesio.com.br\\\/?p=11343\"},\"wordCount\":266,\"commentCount\":0,\"publisher\":{\"@id\":\"https:\\\/\\\/blogdofarnesio.com.br\\\/#organization\"},\"image\":{\"@id\":\"https:\\\/\\\/blogdofarnesio.com.br\\\/?p=11343#primaryimage\"},\"thumbnailUrl\":\"http:\\\/\\\/quersaberpolitica.com.br\\\/blogQSP\\\/http:\\\/\\\/www.quersaberpolitica.com.br\\\/2016\\\/wp-content\\\/uploads\\\/2012\\\/12\\\/blogqspcontabilidade.png\",\"inLanguage\":\"pt-BR\",\"potentialAction\":[{\"@type\":\"CommentAction\",\"name\":\"Comment\",\"target\":[\"https:\\\/\\\/blogdofarnesio.com.br\\\/?p=11343#respond\"]}]},{\"@type\":\"WebPage\",\"@id\":\"https:\\\/\\\/blogdofarnesio.com.br\\\/?p=11343\",\"url\":\"https:\\\/\\\/blogdofarnesio.com.br\\\/?p=11343\",\"name\":\"Exame de Sufici\u00eancia em Contabilidade ser\u00e1 realizado em Petrolina e Juazeiro - Blog do Farn\u00e9sio\",\"isPartOf\":{\"@id\":\"https:\\\/\\\/blogdofarnesio.com.br\\\/#website\"},\"primaryImageOfPage\":{\"@id\":\"https:\\\/\\\/blogdofarnesio.com.br\\\/?p=11343#primaryimage\"},\"image\":{\"@id\":\"https:\\\/\\\/blogdofarnesio.com.br\\\/?p=11343#primaryimage\"},\"thumbnailUrl\":\"http:\\\/\\\/quersaberpolitica.com.br\\\/blogQSP\\\/http:\\\/\\\/www.quersaberpolitica.com.br\\\/2016\\\/wp-content\\\/uploads\\\/2012\\\/12\\\/blogqspcontabilidade.png\",\"datePublished\":\"2012-02-23T09:31:02+00:00\",\"breadcrumb\":{\"@id\":\"https:\\\/\\\/blogdofarnesio.com.br\\\/?p=11343#breadcrumb\"},\"inLanguage\":\"pt-BR\",\"potentialAction\":[{\"@type\":\"ReadAction\",\"target\":[\"https:\\\/\\\/blogdofarnesio.com.br\\\/?p=11343\"]}]},{\"@type\":\"ImageObject\",\"inLanguage\":\"pt-BR\",\"@id\":\"https:\\\/\\\/blogdofarnesio.com.br\\\/?p=11343#primaryimage\",\"url\":\"http:\\\/\\\/quersaberpolitica.com.br\\\/blogQSP\\\/http:\\\/\\\/www.quersaberpolitica.com.br\\\/2016\\\/wp-content\\\/uploads\\\/2012\\\/12\\\/blogqspcontabilidade.png\",\"contentUrl\":\"http:\\\/\\\/quersaberpolitica.com.br\\\/blogQSP\\\/http:\\\/\\\/www.quersaberpolitica.com.br\\\/2016\\\/wp-content\\\/uploads\\\/2012\\\/12\\\/blogqspcontabilidade.png\"},{\"@type\":\"BreadcrumbList\",\"@id\":\"https:\\\/\\\/blogdofarnesio.com.br\\\/?p=11343#breadcrumb\",\"itemListElement\":[{\"@type\":\"ListItem\",\"position\":1,\"name\":\"In\u00edcio\",\"item\":\"https:\\\/\\\/blogdofarnesio.com.br\\\/\"},{\"@type\":\"ListItem\",\"position\":2,\"name\":\"Exame de Sufici\u00eancia em Contabilidade ser\u00e1 realizado em Petrolina e Juazeiro\"}]},{\"@type\":\"WebSite\",\"@id\":\"https:\\\/\\\/blogdofarnesio.com.br\\\/#website\",\"url\":\"https:\\\/\\\/blogdofarnesio.com.br\\\/\",\"name\":\"Blog do Farn\u00e9sio\",\"description\":\"Quer Saber Pol\u00edtica?\",\"publisher\":{\"@id\":\"https:\\\/\\\/blogdofarnesio.com.br\\\/#organization\"},\"potentialAction\":[{\"@type\":\"SearchAction\",\"target\":{\"@type\":\"EntryPoint\",\"urlTemplate\":\"https:\\\/\\\/blogdofarnesio.com.br\\\/?s={search_term_string}\"},\"query-input\":{\"@type\":\"PropertyValueSpecification\",\"valueRequired\":true,\"valueName\":\"search_term_string\"}}],\"inLanguage\":\"pt-BR\"},{\"@type\":\"Organization\",\"@id\":\"https:\\\/\\\/blogdofarnesio.com.br\\\/#organization\",\"name\":\"Blog do Farn\u00e9sio\",\"url\":\"https:\\\/\\\/blogdofarnesio.com.br\\\/\",\"logo\":{\"@type\":\"ImageObject\",\"inLanguage\":\"pt-BR\",\"@id\":\"https:\\\/\\\/blogdofarnesio.com.br\\\/#\\\/schema\\\/logo\\\/image\\\/\",\"url\":\"https:\\\/\\\/blogdofarnesio.com.br\\\/wp-content\\\/uploads\\\/2026\\\/03\\\/cropped-logo_new-1.png\",\"contentUrl\":\"https:\\\/\\\/blogdofarnesio.com.br\\\/wp-content\\\/uploads\\\/2026\\\/03\\\/cropped-logo_new-1.png\",\"width\":881,\"height\":685,\"caption\":\"Blog do Farn\u00e9sio\"},\"image\":{\"@id\":\"https:\\\/\\\/blogdofarnesio.com.br\\\/#\\\/schema\\\/logo\\\/image\\\/\"},\"sameAs\":[\"https:\\\/\\\/www.facebook.com\\\/BlogQuerSaberPolitica\\\/\"]}]}<\/script>\n<!-- \/ Yoast SEO plugin. -->","yoast_head_json":{"title":"Exame de Sufici\u00eancia em Contabilidade ser\u00e1 realizado em Petrolina e Juazeiro - Blog do Farn\u00e9sio","robots":{"index":"index","follow":"follow","max-snippet":"max-snippet:-1","max-image-preview":"max-image-preview:large","max-video-preview":"max-video-preview:-1"},"canonical":"https:\/\/blogdofarnesio.com.br\/?p=11343","og_locale":"pt_BR","og_type":"article","og_title":"Exame de Sufici\u00eancia em Contabilidade ser\u00e1 realizado em Petrolina e Juazeiro - Blog do Farn\u00e9sio","og_description":"O CRC, Conselho regional de Contabilidade &nbsp;realizar&aacute; na regi&atilde;o,&nbsp;Exame de Sufici&ecirc;ncia em Contabilidade. O Exame &eacute; obrigat&oacute;rio para obten&ccedil;&atilde;o do registro Profissional em Contabilidade junto ao Conselho Regional de Contabilidade (CRC) do candidato. As provas s&atilde;o nas modalidades de Bacharel em Contabilidade e T&eacute;cnico Cont&aacute;bil.&nbsp;Uma &oacute;tima not&iacute;cia &eacute; que alunos que estejam cursando&nbsp;o &uacute;ltimo ano do curso de gradua&ccedil;&atilde;o em Ci&ecirc;ncias Cont&aacute;beis poder&atilde;o participar. Para ser aprovado os candidatos precisam ter um aproveitamento de 50% de acertos e ter&atilde;o o prazo de 2 (dois) anos, a contar da data da publica&ccedil;&atilde;o&nbsp;da rela&ccedil;&atilde;o dos aprovados no Di&aacute;rio Oficial da Uni&atilde;o, para requererem o registro profissional, no CRC, na&nbsp;categoria para a qual tenha sido aprovado. As provas ser&atilde;o aplicadas no dia 25&hellip;","og_url":"https:\/\/blogdofarnesio.com.br\/?p=11343","og_site_name":"Blog do Farn\u00e9sio","article_publisher":"https:\/\/www.facebook.com\/BlogQuerSaberPolitica\/","article_published_time":"2012-02-23T09:31:02+00:00","og_image":[{"url":"http:\/\/quersaberpolitica.com.br\/blogQSP\/http:\/\/www.quersaberpolitica.com.br\/2016\/wp-content\/uploads\/2012\/12\/blogqspcontabilidade.png","type":"","width":"","height":""}],"twitter_card":"summary_large_image","twitter_misc":{"Est. tempo de leitura":"1 minuto"},"schema":{"@context":"https:\/\/schema.org","@graph":[{"@type":"Article","@id":"https:\/\/blogdofarnesio.com.br\/?p=11343#article","isPartOf":{"@id":"https:\/\/blogdofarnesio.com.br\/?p=11343"},"author":{"name":"","@id":""},"headline":"Exame de Sufici\u00eancia em Contabilidade ser\u00e1 realizado em Petrolina e Juazeiro","datePublished":"2012-02-23T09:31:02+00:00","mainEntityOfPage":{"@id":"https:\/\/blogdofarnesio.com.br\/?p=11343"},"wordCount":266,"commentCount":0,"publisher":{"@id":"https:\/\/blogdofarnesio.com.br\/#organization"},"image":{"@id":"https:\/\/blogdofarnesio.com.br\/?p=11343#primaryimage"},"thumbnailUrl":"http:\/\/quersaberpolitica.com.br\/blogQSP\/http:\/\/www.quersaberpolitica.com.br\/2016\/wp-content\/uploads\/2012\/12\/blogqspcontabilidade.png","inLanguage":"pt-BR","potentialAction":[{"@type":"CommentAction","name":"Comment","target":["https:\/\/blogdofarnesio.com.br\/?p=11343#respond"]}]},{"@type":"WebPage","@id":"https:\/\/blogdofarnesio.com.br\/?p=11343","url":"https:\/\/blogdofarnesio.com.br\/?p=11343","name":"Exame de Sufici\u00eancia em Contabilidade ser\u00e1 realizado em Petrolina e Juazeiro - Blog do Farn\u00e9sio","isPartOf":{"@id":"https:\/\/blogdofarnesio.com.br\/#website"},"primaryImageOfPage":{"@id":"https:\/\/blogdofarnesio.com.br\/?p=11343#primaryimage"},"image":{"@id":"https:\/\/blogdofarnesio.com.br\/?p=11343#primaryimage"},"thumbnailUrl":"http:\/\/quersaberpolitica.com.br\/blogQSP\/http:\/\/www.quersaberpolitica.com.br\/2016\/wp-content\/uploads\/2012\/12\/blogqspcontabilidade.png","datePublished":"2012-02-23T09:31:02+00:00","breadcrumb":{"@id":"https:\/\/blogdofarnesio.com.br\/?p=11343#breadcrumb"},"inLanguage":"pt-BR","potentialAction":[{"@type":"ReadAction","target":["https:\/\/blogdofarnesio.com.br\/?p=11343"]}]},{"@type":"ImageObject","inLanguage":"pt-BR","@id":"https:\/\/blogdofarnesio.com.br\/?p=11343#primaryimage","url":"http:\/\/quersaberpolitica.com.br\/blogQSP\/http:\/\/www.quersaberpolitica.com.br\/2016\/wp-content\/uploads\/2012\/12\/blogqspcontabilidade.png","contentUrl":"http:\/\/quersaberpolitica.com.br\/blogQSP\/http:\/\/www.quersaberpolitica.com.br\/2016\/wp-content\/uploads\/2012\/12\/blogqspcontabilidade.png"},{"@type":"BreadcrumbList","@id":"https:\/\/blogdofarnesio.com.br\/?p=11343#breadcrumb","itemListElement":[{"@type":"ListItem","position":1,"name":"In\u00edcio","item":"https:\/\/blogdofarnesio.com.br\/"},{"@type":"ListItem","position":2,"name":"Exame de Sufici\u00eancia em Contabilidade ser\u00e1 realizado em Petrolina e Juazeiro"}]},{"@type":"WebSite","@id":"https:\/\/blogdofarnesio.com.br\/#website","url":"https:\/\/blogdofarnesio.com.br\/","name":"Blog do Farn\u00e9sio","description":"Quer Saber Pol\u00edtica?","publisher":{"@id":"https:\/\/blogdofarnesio.com.br\/#organization"},"potentialAction":[{"@type":"SearchAction","target":{"@type":"EntryPoint","urlTemplate":"https:\/\/blogdofarnesio.com.br\/?s={search_term_string}"},"query-input":{"@type":"PropertyValueSpecification","valueRequired":true,"valueName":"search_term_string"}}],"inLanguage":"pt-BR"},{"@type":"Organization","@id":"https:\/\/blogdofarnesio.com.br\/#organization","name":"Blog do Farn\u00e9sio","url":"https:\/\/blogdofarnesio.com.br\/","logo":{"@type":"ImageObject","inLanguage":"pt-BR","@id":"https:\/\/blogdofarnesio.com.br\/#\/schema\/logo\/image\/","url":"https:\/\/blogdofarnesio.com.br\/wp-content\/uploads\/2026\/03\/cropped-logo_new-1.png","contentUrl":"https:\/\/blogdofarnesio.com.br\/wp-content\/uploads\/2026\/03\/cropped-logo_new-1.png","width":881,"height":685,"caption":"Blog do Farn\u00e9sio"},"image":{"@id":"https:\/\/blogdofarnesio.com.br\/#\/schema\/logo\/image\/"},"sameAs":["https:\/\/www.facebook.com\/BlogQuerSaberPolitica\/"]}]}},"_links":{"self":[{"href":"https:\/\/blogdofarnesio.com.br\/index.php?rest_route=\/wp\/v2\/posts\/11343","targetHints":{"allow":["GET"]}}],"collection":[{"href":"https:\/\/blogdofarnesio.com.br\/index.php?rest_route=\/wp\/v2\/posts"}],"about":[{"href":"https:\/\/blogdofarnesio.com.br\/index.php?rest_route=\/wp\/v2\/types\/post"}],"replies":[{"embeddable":true,"href":"https:\/\/blogdofarnesio.com.br\/index.php?rest_route=%2Fwp%2Fv2%2Fcomments&post=11343"}],"version-history":[{"count":0,"href":"https:\/\/blogdofarnesio.com.br\/index.php?rest_route=\/wp\/v2\/posts\/11343\/revisions"}],"wp:attachment":[{"href":"https:\/\/blogdofarnesio.com.br\/index.php?rest_route=%2Fwp%2Fv2%2Fmedia&parent=11343"}],"wp:term":[{"taxonomy":"category","embeddable":true,"href":"https:\/\/blogdofarnesio.com.br\/index.php?rest_route=%2Fwp%2Fv2%2Fcategories&post=11343"},{"taxonomy":"post_tag","embeddable":true,"href":"https:\/\/blogdofarnesio.com.br\/index.php?rest_route=%2Fwp%2Fv2%2Ftags&post=11343"}],"curies":[{"name":"wp","href":"https:\/\/api.w.org\/{rel}","templated":true}]}}