{"id":113141,"date":"2015-01-16T10:24:41","date_gmt":"2015-01-16T13:24:41","guid":{"rendered":"http:\/\/www.quersaberpolitica.com.br\/?p=113141"},"modified":"2015-01-16T08:48:22","modified_gmt":"2015-01-16T11:48:22","slug":"ouvidoria-do-hdmimip-participa-de-curso-promovido-pela-associacao-brasileira-de-ouvidores","status":"publish","type":"post","link":"https:\/\/blogdofarnesio.com.br\/?p=113141","title":{"rendered":"OUVIDORIA DO HDM\/IMIP PARTICIPA DE CURSO PROMOVIDO PELA ASSOCIA\u00c7\u00c3O BRASILEIRA DE OUVIDORES"},"content":{"rendered":"<p><a href=\"http:\/\/www.quersaberpolitica.com.br\/2016\/wp-content\/uploads\/2015\/01\/blogqsp.-certifica\u00e7\u00e3o.hdmi_.jpg\"><img loading=\"lazy\" decoding=\"async\" class=\"size-medium wp-image-113142 alignleft\" alt=\"blogqsp. certifica\u00e7\u00e3o.hdmi\" src=\"http:\/\/www.quersaberpolitica.com.br\/2016\/wp-content\/uploads\/2015\/01\/blogqsp.-certifica\u00e7\u00e3o.hdmi_-300x223.jpg\" width=\"300\" height=\"223\" srcset=\"https:\/\/blogdofarnesio.com.br\/wp-content\/uploads\/2015\/01\/blogqsp.-certifica\u00e7\u00e3o.hdmi_-300x223.jpg 300w, https:\/\/blogdofarnesio.com.br\/wp-content\/uploads\/2015\/01\/blogqsp.-certifica\u00e7\u00e3o.hdmi_-402x300.jpg 402w, https:\/\/blogdofarnesio.com.br\/wp-content\/uploads\/2015\/01\/blogqsp.-certifica\u00e7\u00e3o.hdmi_.jpg 448w\" sizes=\"auto, (max-width: 300px) 100vw, 300px\" \/><\/a><\/p>\n<p style=\"text-align: justify\">Uma representante da Ouvidoria do Hospital Dom Malan\/IMIP, em Petrolina (PE), participou recentemente de um curso de capacita\u00e7\u00e3o da \u00e1rea\u00a0realizado pela Associa\u00e7\u00e3o Brasileira de Ouvidores, Seccional Pernambuco (ABO), em Recife (PE).<\/p>\n<p style=\"text-align: justify\">A especializa\u00e7\u00e3o foi direcionada a todos profissionais do setor p\u00fablico e privado do Estado.<\/p>\n<p style=\"text-align: justify\">O curso foi realizado por mestres e doutores especialistas da \u00e1rea de ouvidoria. Entre eles, o presidente da ABO Nacional, Edson Vismona, a ouvidora do Tribunal de Contas do Estado, Ana Ala\u00edde Mendes, o professor e ouvidor do Departamento Estadual de Tr\u00e2nsito de (PE), Fl\u00e1vio Sp\u00edndola e a vice-presidente Nacional da ABO e Ouvidora Geral do Estado, Karla J\u00falia Marcelino.<\/p>\n<p style=\"text-align: justify\"><!--more--><\/p>\n<p style=\"text-align: justify\">\u201cA iniciativa teve\u00a0como objetivo preparar o ouvidor e sua equipe sobre os assuntos pertinentes ao dia-a-dia de uma ouvidoria em rela\u00e7\u00e3o \u00e0s problem\u00e1ticas da sociedade civil\u201d, afirmou a ouvidora do HDM, Margareth Stelitano.<\/p>\n<p style=\"text-align: justify\">A capacita\u00e7\u00e3o aconteceu na Controladoria do Estado de Pernambuco. Durante o curso foram abordados v\u00e1rios temas como, a ouvidoria e o ouvidor, escutat\u00f3ria, democratiza\u00e7\u00e3o e participa\u00e7\u00e3o do cidad\u00e3o, atendimento e entendimento do cidad\u00e3o, c\u00f3digo de \u00e9tica do ouvidor, ouvidoria e resultados, ouvidoria do estado e a import\u00e2ncia da ouvidoria nos servi\u00e7os p\u00fablicos. No encerramento, a ouvidora\u00a0recebeu o certificado expedido e registrado pela ABO &#8211;\u00a0PE.<\/p>\n<p style=\"text-align: justify\">Segundo, Margareth, a especializa\u00e7\u00e3o foi bastante relevante para a sua atua\u00e7\u00e3o no HDM. &#8220;A capacita\u00e7\u00e3o permitiu uma troca significativa de experi\u00eancias entre os participantes e contribuindo para o trabalho que desenvolvo no hospital, melhorando ainda mais a assist\u00eancia prestada pela institui\u00e7\u00e3o\u201d, afirma.<\/p>\n","protected":false},"excerpt":{"rendered":"<p>Uma representante da Ouvidoria do Hospital Dom Malan\/IMIP, em Petrolina (PE), participou recentemente de um curso de capacita\u00e7\u00e3o da \u00e1rea\u00a0realizado pela Associa\u00e7\u00e3o Brasileira de Ouvidores, Seccional Pernambuco (ABO), em Recife (PE). A especializa\u00e7\u00e3o foi direcionada a todos profissionais do setor p\u00fablico e privado do Estado. O curso foi realizado por mestres e doutores especialistas da \u00e1rea de ouvidoria. Entre eles, o presidente da ABO Nacional, Edson Vismona, a ouvidora do Tribunal de Contas do Estado, Ana Ala\u00edde Mendes, o professor e ouvidor do Departamento Estadual de Tr\u00e2nsito de (PE), Fl\u00e1vio Sp\u00edndola e a vice-presidente Nacional da ABO e Ouvidora Geral do Estado, Karla J\u00falia Marcelino.<\/p>\n","protected":false},"author":7,"featured_media":0,"comment_status":"open","ping_status":"open","sticky":false,"template":"","format":"standard","meta":{"_acf_changed":false,"footnotes":""},"categories":[4],"tags":[],"class_list":["post-113141","post","type-post","status-publish","format-standard","hentry","category-saude"],"acf":[],"yoast_head":"<!-- This site is optimized with the Yoast SEO plugin v27.4 - https:\/\/yoast.com\/product\/yoast-seo-wordpress\/ -->\n<title>OUVIDORIA DO HDM\/IMIP PARTICIPA DE CURSO PROMOVIDO PELA ASSOCIA\u00c7\u00c3O BRASILEIRA DE OUVIDORES - Blog do Farn\u00e9sio<\/title>\n<meta name=\"robots\" content=\"index, follow, max-snippet:-1, max-image-preview:large, max-video-preview:-1\" \/>\n<link rel=\"canonical\" href=\"https:\/\/blogdofarnesio.com.br\/?p=113141\" \/>\n<meta property=\"og:locale\" content=\"pt_BR\" \/>\n<meta property=\"og:type\" content=\"article\" \/>\n<meta property=\"og:title\" content=\"OUVIDORIA DO HDM\/IMIP PARTICIPA DE CURSO PROMOVIDO PELA ASSOCIA\u00c7\u00c3O BRASILEIRA DE OUVIDORES - Blog do Farn\u00e9sio\" \/>\n<meta property=\"og:description\" content=\"Uma representante da Ouvidoria do Hospital Dom Malan\/IMIP, em Petrolina (PE), participou recentemente de um curso de capacita\u00e7\u00e3o da \u00e1rea\u00a0realizado pela Associa\u00e7\u00e3o Brasileira de Ouvidores, Seccional Pernambuco (ABO), em Recife (PE). A especializa\u00e7\u00e3o foi direcionada a todos profissionais do setor p\u00fablico e privado do Estado. O curso foi realizado por mestres e doutores especialistas da \u00e1rea de ouvidoria. Entre eles, o presidente da ABO Nacional, Edson Vismona, a ouvidora do Tribunal de Contas do Estado, Ana Ala\u00edde Mendes, o professor e ouvidor do Departamento Estadual de Tr\u00e2nsito de (PE), Fl\u00e1vio Sp\u00edndola e a vice-presidente Nacional da ABO e Ouvidora Geral do Estado, Karla J\u00falia Marcelino.\" \/>\n<meta property=\"og:url\" content=\"https:\/\/blogdofarnesio.com.br\/?p=113141\" \/>\n<meta property=\"og:site_name\" content=\"Blog do Farn\u00e9sio\" \/>\n<meta property=\"article:publisher\" content=\"https:\/\/www.facebook.com\/BlogQuerSaberPolitica\/\" \/>\n<meta property=\"article:published_time\" content=\"2015-01-16T13:24:41+00:00\" \/>\n<meta name=\"twitter:card\" content=\"summary_large_image\" \/>\n<meta name=\"twitter:label1\" content=\"Escrito por\" \/>\n\t<meta name=\"twitter:data1\" content=\"\" \/>\n\t<meta name=\"twitter:label2\" content=\"Est. tempo de leitura\" \/>\n\t<meta name=\"twitter:data2\" content=\"1 minuto\" \/>\n<script type=\"application\/ld+json\" class=\"yoast-schema-graph\">{\"@context\":\"https:\\\/\\\/schema.org\",\"@graph\":[{\"@type\":\"Article\",\"@id\":\"https:\\\/\\\/blogdofarnesio.com.br\\\/?p=113141#article\",\"isPartOf\":{\"@id\":\"https:\\\/\\\/blogdofarnesio.com.br\\\/?p=113141\"},\"author\":{\"name\":\"\",\"@id\":\"\"},\"headline\":\"OUVIDORIA DO HDM\\\/IMIP PARTICIPA DE CURSO PROMOVIDO PELA ASSOCIA\u00c7\u00c3O BRASILEIRA DE OUVIDORES\",\"datePublished\":\"2015-01-16T13:24:41+00:00\",\"mainEntityOfPage\":{\"@id\":\"https:\\\/\\\/blogdofarnesio.com.br\\\/?p=113141\"},\"wordCount\":291,\"commentCount\":0,\"publisher\":{\"@id\":\"https:\\\/\\\/blogdofarnesio.com.br\\\/#organization\"},\"articleSection\":[\"Sa\u00fade\"],\"inLanguage\":\"pt-BR\",\"potentialAction\":[{\"@type\":\"CommentAction\",\"name\":\"Comment\",\"target\":[\"https:\\\/\\\/blogdofarnesio.com.br\\\/?p=113141#respond\"]}]},{\"@type\":\"WebPage\",\"@id\":\"https:\\\/\\\/blogdofarnesio.com.br\\\/?p=113141\",\"url\":\"https:\\\/\\\/blogdofarnesio.com.br\\\/?p=113141\",\"name\":\"OUVIDORIA DO HDM\\\/IMIP PARTICIPA DE CURSO PROMOVIDO PELA ASSOCIA\u00c7\u00c3O BRASILEIRA DE OUVIDORES - Blog do Farn\u00e9sio\",\"isPartOf\":{\"@id\":\"https:\\\/\\\/blogdofarnesio.com.br\\\/#website\"},\"datePublished\":\"2015-01-16T13:24:41+00:00\",\"breadcrumb\":{\"@id\":\"https:\\\/\\\/blogdofarnesio.com.br\\\/?p=113141#breadcrumb\"},\"inLanguage\":\"pt-BR\",\"potentialAction\":[{\"@type\":\"ReadAction\",\"target\":[\"https:\\\/\\\/blogdofarnesio.com.br\\\/?p=113141\"]}]},{\"@type\":\"BreadcrumbList\",\"@id\":\"https:\\\/\\\/blogdofarnesio.com.br\\\/?p=113141#breadcrumb\",\"itemListElement\":[{\"@type\":\"ListItem\",\"position\":1,\"name\":\"In\u00edcio\",\"item\":\"https:\\\/\\\/blogdofarnesio.com.br\\\/\"},{\"@type\":\"ListItem\",\"position\":2,\"name\":\"OUVIDORIA DO HDM\\\/IMIP PARTICIPA DE CURSO PROMOVIDO PELA ASSOCIA\u00c7\u00c3O BRASILEIRA DE OUVIDORES\"}]},{\"@type\":\"WebSite\",\"@id\":\"https:\\\/\\\/blogdofarnesio.com.br\\\/#website\",\"url\":\"https:\\\/\\\/blogdofarnesio.com.br\\\/\",\"name\":\"Blog do Farn\u00e9sio\",\"description\":\"Quer Saber Pol\u00edtica?\",\"publisher\":{\"@id\":\"https:\\\/\\\/blogdofarnesio.com.br\\\/#organization\"},\"potentialAction\":[{\"@type\":\"SearchAction\",\"target\":{\"@type\":\"EntryPoint\",\"urlTemplate\":\"https:\\\/\\\/blogdofarnesio.com.br\\\/?s={search_term_string}\"},\"query-input\":{\"@type\":\"PropertyValueSpecification\",\"valueRequired\":true,\"valueName\":\"search_term_string\"}}],\"inLanguage\":\"pt-BR\"},{\"@type\":\"Organization\",\"@id\":\"https:\\\/\\\/blogdofarnesio.com.br\\\/#organization\",\"name\":\"Blog do Farn\u00e9sio\",\"url\":\"https:\\\/\\\/blogdofarnesio.com.br\\\/\",\"logo\":{\"@type\":\"ImageObject\",\"inLanguage\":\"pt-BR\",\"@id\":\"https:\\\/\\\/blogdofarnesio.com.br\\\/#\\\/schema\\\/logo\\\/image\\\/\",\"url\":\"https:\\\/\\\/blogdofarnesio.com.br\\\/wp-content\\\/uploads\\\/2026\\\/03\\\/cropped-logo_new-1.png\",\"contentUrl\":\"https:\\\/\\\/blogdofarnesio.com.br\\\/wp-content\\\/uploads\\\/2026\\\/03\\\/cropped-logo_new-1.png\",\"width\":881,\"height\":685,\"caption\":\"Blog do Farn\u00e9sio\"},\"image\":{\"@id\":\"https:\\\/\\\/blogdofarnesio.com.br\\\/#\\\/schema\\\/logo\\\/image\\\/\"},\"sameAs\":[\"https:\\\/\\\/www.facebook.com\\\/BlogQuerSaberPolitica\\\/\"]},{\"@type\":\"Person\",\"@id\":\"\",\"url\":\"https:\\\/\\\/blogdofarnesio.com.br\\\/?author=7\"}]}<\/script>\n<!-- \/ Yoast SEO plugin. -->","yoast_head_json":{"title":"OUVIDORIA DO HDM\/IMIP PARTICIPA DE CURSO PROMOVIDO PELA ASSOCIA\u00c7\u00c3O BRASILEIRA DE OUVIDORES - Blog do Farn\u00e9sio","robots":{"index":"index","follow":"follow","max-snippet":"max-snippet:-1","max-image-preview":"max-image-preview:large","max-video-preview":"max-video-preview:-1"},"canonical":"https:\/\/blogdofarnesio.com.br\/?p=113141","og_locale":"pt_BR","og_type":"article","og_title":"OUVIDORIA DO HDM\/IMIP PARTICIPA DE CURSO PROMOVIDO PELA ASSOCIA\u00c7\u00c3O BRASILEIRA DE OUVIDORES - Blog do Farn\u00e9sio","og_description":"Uma representante da Ouvidoria do Hospital Dom Malan\/IMIP, em Petrolina (PE), participou recentemente de um curso de capacita\u00e7\u00e3o da \u00e1rea\u00a0realizado pela Associa\u00e7\u00e3o Brasileira de Ouvidores, Seccional Pernambuco (ABO), em Recife (PE). A especializa\u00e7\u00e3o foi direcionada a todos profissionais do setor p\u00fablico e privado do Estado. O curso foi realizado por mestres e doutores especialistas da \u00e1rea de ouvidoria. Entre eles, o presidente da ABO Nacional, Edson Vismona, a ouvidora do Tribunal de Contas do Estado, Ana Ala\u00edde Mendes, o professor e ouvidor do Departamento Estadual de Tr\u00e2nsito de (PE), Fl\u00e1vio Sp\u00edndola e a vice-presidente Nacional da ABO e Ouvidora Geral do Estado, Karla J\u00falia Marcelino.","og_url":"https:\/\/blogdofarnesio.com.br\/?p=113141","og_site_name":"Blog do Farn\u00e9sio","article_publisher":"https:\/\/www.facebook.com\/BlogQuerSaberPolitica\/","article_published_time":"2015-01-16T13:24:41+00:00","twitter_card":"summary_large_image","twitter_misc":{"Escrito por":"","Est. tempo de leitura":"1 minuto"},"schema":{"@context":"https:\/\/schema.org","@graph":[{"@type":"Article","@id":"https:\/\/blogdofarnesio.com.br\/?p=113141#article","isPartOf":{"@id":"https:\/\/blogdofarnesio.com.br\/?p=113141"},"author":{"name":"","@id":""},"headline":"OUVIDORIA DO HDM\/IMIP PARTICIPA DE CURSO PROMOVIDO PELA ASSOCIA\u00c7\u00c3O BRASILEIRA DE OUVIDORES","datePublished":"2015-01-16T13:24:41+00:00","mainEntityOfPage":{"@id":"https:\/\/blogdofarnesio.com.br\/?p=113141"},"wordCount":291,"commentCount":0,"publisher":{"@id":"https:\/\/blogdofarnesio.com.br\/#organization"},"articleSection":["Sa\u00fade"],"inLanguage":"pt-BR","potentialAction":[{"@type":"CommentAction","name":"Comment","target":["https:\/\/blogdofarnesio.com.br\/?p=113141#respond"]}]},{"@type":"WebPage","@id":"https:\/\/blogdofarnesio.com.br\/?p=113141","url":"https:\/\/blogdofarnesio.com.br\/?p=113141","name":"OUVIDORIA DO HDM\/IMIP PARTICIPA DE CURSO PROMOVIDO PELA ASSOCIA\u00c7\u00c3O BRASILEIRA DE OUVIDORES - Blog do Farn\u00e9sio","isPartOf":{"@id":"https:\/\/blogdofarnesio.com.br\/#website"},"datePublished":"2015-01-16T13:24:41+00:00","breadcrumb":{"@id":"https:\/\/blogdofarnesio.com.br\/?p=113141#breadcrumb"},"inLanguage":"pt-BR","potentialAction":[{"@type":"ReadAction","target":["https:\/\/blogdofarnesio.com.br\/?p=113141"]}]},{"@type":"BreadcrumbList","@id":"https:\/\/blogdofarnesio.com.br\/?p=113141#breadcrumb","itemListElement":[{"@type":"ListItem","position":1,"name":"In\u00edcio","item":"https:\/\/blogdofarnesio.com.br\/"},{"@type":"ListItem","position":2,"name":"OUVIDORIA DO HDM\/IMIP PARTICIPA DE CURSO PROMOVIDO PELA ASSOCIA\u00c7\u00c3O BRASILEIRA DE OUVIDORES"}]},{"@type":"WebSite","@id":"https:\/\/blogdofarnesio.com.br\/#website","url":"https:\/\/blogdofarnesio.com.br\/","name":"Blog do Farn\u00e9sio","description":"Quer Saber Pol\u00edtica?","publisher":{"@id":"https:\/\/blogdofarnesio.com.br\/#organization"},"potentialAction":[{"@type":"SearchAction","target":{"@type":"EntryPoint","urlTemplate":"https:\/\/blogdofarnesio.com.br\/?s={search_term_string}"},"query-input":{"@type":"PropertyValueSpecification","valueRequired":true,"valueName":"search_term_string"}}],"inLanguage":"pt-BR"},{"@type":"Organization","@id":"https:\/\/blogdofarnesio.com.br\/#organization","name":"Blog do Farn\u00e9sio","url":"https:\/\/blogdofarnesio.com.br\/","logo":{"@type":"ImageObject","inLanguage":"pt-BR","@id":"https:\/\/blogdofarnesio.com.br\/#\/schema\/logo\/image\/","url":"https:\/\/blogdofarnesio.com.br\/wp-content\/uploads\/2026\/03\/cropped-logo_new-1.png","contentUrl":"https:\/\/blogdofarnesio.com.br\/wp-content\/uploads\/2026\/03\/cropped-logo_new-1.png","width":881,"height":685,"caption":"Blog do Farn\u00e9sio"},"image":{"@id":"https:\/\/blogdofarnesio.com.br\/#\/schema\/logo\/image\/"},"sameAs":["https:\/\/www.facebook.com\/BlogQuerSaberPolitica\/"]},{"@type":"Person","@id":"","url":"https:\/\/blogdofarnesio.com.br\/?author=7"}]}},"_links":{"self":[{"href":"https:\/\/blogdofarnesio.com.br\/index.php?rest_route=\/wp\/v2\/posts\/113141","targetHints":{"allow":["GET"]}}],"collection":[{"href":"https:\/\/blogdofarnesio.com.br\/index.php?rest_route=\/wp\/v2\/posts"}],"about":[{"href":"https:\/\/blogdofarnesio.com.br\/index.php?rest_route=\/wp\/v2\/types\/post"}],"author":[{"embeddable":true,"href":"https:\/\/blogdofarnesio.com.br\/index.php?rest_route=\/wp\/v2\/users\/7"}],"replies":[{"embeddable":true,"href":"https:\/\/blogdofarnesio.com.br\/index.php?rest_route=%2Fwp%2Fv2%2Fcomments&post=113141"}],"version-history":[{"count":0,"href":"https:\/\/blogdofarnesio.com.br\/index.php?rest_route=\/wp\/v2\/posts\/113141\/revisions"}],"wp:attachment":[{"href":"https:\/\/blogdofarnesio.com.br\/index.php?rest_route=%2Fwp%2Fv2%2Fmedia&parent=113141"}],"wp:term":[{"taxonomy":"category","embeddable":true,"href":"https:\/\/blogdofarnesio.com.br\/index.php?rest_route=%2Fwp%2Fv2%2Fcategories&post=113141"},{"taxonomy":"post_tag","embeddable":true,"href":"https:\/\/blogdofarnesio.com.br\/index.php?rest_route=%2Fwp%2Fv2%2Ftags&post=113141"}],"curies":[{"name":"wp","href":"https:\/\/api.w.org\/{rel}","templated":true}]}}