{"id":113059,"date":"2015-01-16T09:21:20","date_gmt":"2015-01-16T12:21:20","guid":{"rendered":"http:\/\/www.quersaberpolitica.com.br\/?p=113059"},"modified":"2015-01-15T19:23:29","modified_gmt":"2015-01-15T22:23:29","slug":"endemias-intensifica-combate-a-muricoca-em-juazeiro","status":"publish","type":"post","link":"https:\/\/blogdofarnesio.com.br\/?p=113059","title":{"rendered":"ENDEMIAS INTENSIFICA COMBATE \u00c0 MURI\u00c7OCA  EM JUAZEIRO"},"content":{"rendered":"<p style=\"text-align: justify\"><a href=\"http:\/\/www.quersaberpolitica.com.br\/2016\/wp-content\/uploads\/2013\/02\/blogqspdengue5.jpg\"><img loading=\"lazy\" decoding=\"async\" class=\"aligncenter size-full wp-image-26840\" alt=\"blogqspdengue5\" src=\"http:\/\/www.quersaberpolitica.com.br\/2016\/wp-content\/uploads\/2013\/02\/blogqspdengue5.jpg\" width=\"400\" height=\"336\" srcset=\"https:\/\/blogdofarnesio.com.br\/wp-content\/uploads\/2013\/02\/blogqspdengue5.jpg 400w, https:\/\/blogdofarnesio.com.br\/wp-content\/uploads\/2013\/02\/blogqspdengue5-300x252.jpg 300w, https:\/\/blogdofarnesio.com.br\/wp-content\/uploads\/2013\/02\/blogqspdengue5-357x300.jpg 357w\" sizes=\"auto, (max-width: 400px) 100vw, 400px\" \/><\/a><\/p>\n<p style=\"text-align: justify\">A Prefeitura de Juazeiro continua fortalecendo os trabalhos de combate \u00e0 muri\u00e7oca com inseticida. As equipes t\u00e9cnicas recome\u00e7aram a a\u00e7\u00e3o desde segunda-feira (12), no bairro Jardim Primavera, seguindo na ter\u00e7a-feira (13), para o bairro Coreia, na quarta (14), o bairro S\u00e3o Geraldo recebe a passagem do carro, na quinta (15), no bairro Tabuleiro, na sexta (15), o carro fumac\u00ea ir\u00e1 passar no bairro Piranga e o trabalho da semana ser\u00e1 encerrado no s\u00e1bado na Lagoa.<\/p>\n<p style=\"text-align: justify\">As equipes trabalham com o fumac\u00ea das 18h \u00e0s 20h30. A Secretaria da Sa\u00fade de Juazeiro come\u00e7ou no final de julho de 2014 o combate \u00e0 muri\u00e7oca com inseticida,\u00a0e todas as localidades j\u00e1 foram beneficiadas e est\u00e3o recebendo a visita novamente da equipe t\u00e9cnica. Al\u00e9m de reduzir o incomodo com o mosquito, a a\u00e7\u00e3o tamb\u00e9m controla a prolifera\u00e7\u00e3o da dengue e tem como objetivo promover mais qualidade de vida para popula\u00e7\u00e3o.<\/p>\n<p style=\"text-align: justify\"><!--more--><\/p>\n<p style=\"text-align: justify\">O diretor de Promo\u00e7\u00e3o \u00e0 Sa\u00fade, M\u00e1rio Machado orienta a popula\u00e7\u00e3o que abra as janelas e portas quando o carro fumac\u00ea estiver passando. \u201cA concentra\u00e7\u00e3o do inseticida \u00e9 pequena e n\u00e3o provoca risco \u00e0 sa\u00fade. Recomendo que quando o carro fumac\u00ea estiver passando os moradores mantenham janelas e portas abertas para que o servi\u00e7o de controle do inseto tenha resultado eficaz\u201d, ressalta.<\/p>\n<p style=\"text-align: justify\"><b>Segue abaixo a programa\u00e7\u00e3o desta semana:<\/b><\/p>\n<p style=\"text-align: justify\">\u00a0<b>\u00a0<\/b><\/p>\n<table width=\"621\" border=\"0\" cellspacing=\"0\" cellpadding=\"0\">\n<tbody>\n<tr>\n<td valign=\"top\" width=\"345\">Jardim Primavera (segunda-feira)<\/td>\n<td valign=\"top\" width=\"118\">\n<p align=\"center\">12\/01\/2015<\/p>\n<\/td>\n<td valign=\"top\" width=\"158\">\n<p align=\"center\">18h \u00e0s 20h30<\/p>\n<\/td>\n<\/tr>\n<tr>\n<td valign=\"top\" width=\"345\">Coreia (ter\u00e7a-feira)<\/td>\n<td valign=\"top\" width=\"118\">\n<p align=\"center\">13\/01\/2015<\/p>\n<\/td>\n<td valign=\"top\" width=\"158\">\n<p align=\"center\">18h \u00e0s 20h30<\/p>\n<\/td>\n<\/tr>\n<tr>\n<td valign=\"top\" width=\"345\">S\u00e3o Geraldo (quarta-feira)<\/td>\n<td valign=\"top\" width=\"118\">\n<p align=\"center\">14\/01\/2015<\/p>\n<\/td>\n<td valign=\"top\" width=\"158\">\n<p align=\"center\">18h \u00e0s 20h30<\/p>\n<\/td>\n<\/tr>\n<tr>\n<td valign=\"top\" width=\"345\">Tabuleiro (quinta-feira)<\/td>\n<td valign=\"top\" width=\"118\">\n<p align=\"center\">15\/01\/2015<\/p>\n<\/td>\n<td valign=\"top\" width=\"158\">\n<p align=\"center\">18h \u00e0s 20h30<\/p>\n<\/td>\n<\/tr>\n<tr>\n<td valign=\"top\" width=\"345\">Piranga (sexta-feira)<\/td>\n<td valign=\"top\" width=\"118\">\n<p align=\"center\">16\/01\/2015<\/p>\n<\/td>\n<td valign=\"top\" width=\"158\">\n<p align=\"center\">18h \u00e0s 20h30<\/p>\n<\/td>\n<\/tr>\n<tr>\n<td style=\"text-align: justify\" valign=\"top\" width=\"345\">Lagoa (s\u00e1bado)<\/td>\n<td style=\"text-align: justify\" valign=\"top\" width=\"118\">\n<p align=\"center\">17\/01\/2015<\/p>\n<\/td>\n<td valign=\"top\" width=\"158\">\n<p style=\"text-align: justify\" align=\"center\">18h \u00e0s 20h30<\/p>\n<\/td>\n<\/tr>\n<\/tbody>\n<\/table>\n<div><em>\u00a0Por Daniela Duarte\/SESAU<\/em><\/div>\n","protected":false},"excerpt":{"rendered":"<p>A Prefeitura de Juazeiro continua fortalecendo os trabalhos de combate \u00e0 muri\u00e7oca com inseticida. As equipes t\u00e9cnicas recome\u00e7aram a a\u00e7\u00e3o desde segunda-feira (12), no bairro Jardim Primavera, seguindo na ter\u00e7a-feira (13), para o bairro Coreia, na quarta (14), o bairro S\u00e3o Geraldo recebe a passagem do carro, na quinta (15), no bairro Tabuleiro, na sexta (15), o carro fumac\u00ea ir\u00e1 passar no bairro Piranga e o trabalho da semana ser\u00e1 encerrado no s\u00e1bado na Lagoa. As equipes trabalham com o fumac\u00ea das 18h \u00e0s 20h30. A Secretaria da Sa\u00fade de Juazeiro come\u00e7ou no final de julho de 2014 o combate \u00e0 muri\u00e7oca com inseticida,\u00a0e todas as localidades j\u00e1 foram beneficiadas e est\u00e3o recebendo a visita novamente da equipe t\u00e9cnica. Al\u00e9m&hellip; <\/p>\n","protected":false},"author":7,"featured_media":0,"comment_status":"open","ping_status":"open","sticky":false,"template":"","format":"standard","meta":{"_acf_changed":false,"footnotes":""},"categories":[4],"tags":[],"class_list":["post-113059","post","type-post","status-publish","format-standard","hentry","category-saude"],"acf":[],"yoast_head":"<!-- This site is optimized with the Yoast SEO plugin v27.4 - https:\/\/yoast.com\/product\/yoast-seo-wordpress\/ -->\n<title>ENDEMIAS INTENSIFICA COMBATE \u00c0 MURI\u00c7OCA EM JUAZEIRO - Blog do Farn\u00e9sio<\/title>\n<meta name=\"robots\" content=\"index, follow, max-snippet:-1, max-image-preview:large, max-video-preview:-1\" \/>\n<link rel=\"canonical\" href=\"https:\/\/blogdofarnesio.com.br\/?p=113059\" \/>\n<meta property=\"og:locale\" content=\"pt_BR\" \/>\n<meta property=\"og:type\" content=\"article\" \/>\n<meta property=\"og:title\" content=\"ENDEMIAS INTENSIFICA COMBATE \u00c0 MURI\u00c7OCA EM JUAZEIRO - Blog do Farn\u00e9sio\" \/>\n<meta property=\"og:description\" content=\"A Prefeitura de Juazeiro continua fortalecendo os trabalhos de combate \u00e0 muri\u00e7oca com inseticida. As equipes t\u00e9cnicas recome\u00e7aram a a\u00e7\u00e3o desde segunda-feira (12), no bairro Jardim Primavera, seguindo na ter\u00e7a-feira (13), para o bairro Coreia, na quarta (14), o bairro S\u00e3o Geraldo recebe a passagem do carro, na quinta (15), no bairro Tabuleiro, na sexta (15), o carro fumac\u00ea ir\u00e1 passar no bairro Piranga e o trabalho da semana ser\u00e1 encerrado no s\u00e1bado na Lagoa. As equipes trabalham com o fumac\u00ea das 18h \u00e0s 20h30. A Secretaria da Sa\u00fade de Juazeiro come\u00e7ou no final de julho de 2014 o combate \u00e0 muri\u00e7oca com inseticida,\u00a0e todas as localidades j\u00e1 foram beneficiadas e est\u00e3o recebendo a visita novamente da equipe t\u00e9cnica. Al\u00e9m&hellip;\" \/>\n<meta property=\"og:url\" content=\"https:\/\/blogdofarnesio.com.br\/?p=113059\" \/>\n<meta property=\"og:site_name\" content=\"Blog do Farn\u00e9sio\" \/>\n<meta property=\"article:publisher\" content=\"https:\/\/www.facebook.com\/BlogQuerSaberPolitica\/\" \/>\n<meta property=\"article:published_time\" content=\"2015-01-16T12:21:20+00:00\" \/>\n<meta property=\"og:image\" content=\"http:\/\/www.quersaberpolitica.com.br\/2016\/wp-content\/uploads\/2013\/02\/blogqspdengue5.jpg\" \/>\n<meta name=\"twitter:card\" content=\"summary_large_image\" \/>\n<meta name=\"twitter:label1\" content=\"Escrito por\" \/>\n\t<meta name=\"twitter:data1\" content=\"\" \/>\n\t<meta name=\"twitter:label2\" content=\"Est. tempo de leitura\" \/>\n\t<meta name=\"twitter:data2\" content=\"1 minuto\" \/>\n<script type=\"application\/ld+json\" class=\"yoast-schema-graph\">{\"@context\":\"https:\\\/\\\/schema.org\",\"@graph\":[{\"@type\":\"Article\",\"@id\":\"https:\\\/\\\/blogdofarnesio.com.br\\\/?p=113059#article\",\"isPartOf\":{\"@id\":\"https:\\\/\\\/blogdofarnesio.com.br\\\/?p=113059\"},\"author\":{\"name\":\"\",\"@id\":\"\"},\"headline\":\"ENDEMIAS INTENSIFICA COMBATE \u00c0 MURI\u00c7OCA EM JUAZEIRO\",\"datePublished\":\"2015-01-16T12:21:20+00:00\",\"mainEntityOfPage\":{\"@id\":\"https:\\\/\\\/blogdofarnesio.com.br\\\/?p=113059\"},\"wordCount\":276,\"commentCount\":0,\"publisher\":{\"@id\":\"https:\\\/\\\/blogdofarnesio.com.br\\\/#organization\"},\"image\":{\"@id\":\"https:\\\/\\\/blogdofarnesio.com.br\\\/?p=113059#primaryimage\"},\"thumbnailUrl\":\"http:\\\/\\\/www.quersaberpolitica.com.br\\\/2016\\\/wp-content\\\/uploads\\\/2013\\\/02\\\/blogqspdengue5.jpg\",\"articleSection\":[\"Sa\u00fade\"],\"inLanguage\":\"pt-BR\",\"potentialAction\":[{\"@type\":\"CommentAction\",\"name\":\"Comment\",\"target\":[\"https:\\\/\\\/blogdofarnesio.com.br\\\/?p=113059#respond\"]}]},{\"@type\":\"WebPage\",\"@id\":\"https:\\\/\\\/blogdofarnesio.com.br\\\/?p=113059\",\"url\":\"https:\\\/\\\/blogdofarnesio.com.br\\\/?p=113059\",\"name\":\"ENDEMIAS INTENSIFICA COMBATE \u00c0 MURI\u00c7OCA EM JUAZEIRO - Blog do Farn\u00e9sio\",\"isPartOf\":{\"@id\":\"https:\\\/\\\/blogdofarnesio.com.br\\\/#website\"},\"primaryImageOfPage\":{\"@id\":\"https:\\\/\\\/blogdofarnesio.com.br\\\/?p=113059#primaryimage\"},\"image\":{\"@id\":\"https:\\\/\\\/blogdofarnesio.com.br\\\/?p=113059#primaryimage\"},\"thumbnailUrl\":\"http:\\\/\\\/www.quersaberpolitica.com.br\\\/2016\\\/wp-content\\\/uploads\\\/2013\\\/02\\\/blogqspdengue5.jpg\",\"datePublished\":\"2015-01-16T12:21:20+00:00\",\"breadcrumb\":{\"@id\":\"https:\\\/\\\/blogdofarnesio.com.br\\\/?p=113059#breadcrumb\"},\"inLanguage\":\"pt-BR\",\"potentialAction\":[{\"@type\":\"ReadAction\",\"target\":[\"https:\\\/\\\/blogdofarnesio.com.br\\\/?p=113059\"]}]},{\"@type\":\"ImageObject\",\"inLanguage\":\"pt-BR\",\"@id\":\"https:\\\/\\\/blogdofarnesio.com.br\\\/?p=113059#primaryimage\",\"url\":\"http:\\\/\\\/www.quersaberpolitica.com.br\\\/2016\\\/wp-content\\\/uploads\\\/2013\\\/02\\\/blogqspdengue5.jpg\",\"contentUrl\":\"http:\\\/\\\/www.quersaberpolitica.com.br\\\/2016\\\/wp-content\\\/uploads\\\/2013\\\/02\\\/blogqspdengue5.jpg\"},{\"@type\":\"BreadcrumbList\",\"@id\":\"https:\\\/\\\/blogdofarnesio.com.br\\\/?p=113059#breadcrumb\",\"itemListElement\":[{\"@type\":\"ListItem\",\"position\":1,\"name\":\"In\u00edcio\",\"item\":\"https:\\\/\\\/blogdofarnesio.com.br\\\/\"},{\"@type\":\"ListItem\",\"position\":2,\"name\":\"ENDEMIAS INTENSIFICA COMBATE \u00c0 MURI\u00c7OCA EM JUAZEIRO\"}]},{\"@type\":\"WebSite\",\"@id\":\"https:\\\/\\\/blogdofarnesio.com.br\\\/#website\",\"url\":\"https:\\\/\\\/blogdofarnesio.com.br\\\/\",\"name\":\"Blog do Farn\u00e9sio\",\"description\":\"Quer Saber Pol\u00edtica?\",\"publisher\":{\"@id\":\"https:\\\/\\\/blogdofarnesio.com.br\\\/#organization\"},\"potentialAction\":[{\"@type\":\"SearchAction\",\"target\":{\"@type\":\"EntryPoint\",\"urlTemplate\":\"https:\\\/\\\/blogdofarnesio.com.br\\\/?s={search_term_string}\"},\"query-input\":{\"@type\":\"PropertyValueSpecification\",\"valueRequired\":true,\"valueName\":\"search_term_string\"}}],\"inLanguage\":\"pt-BR\"},{\"@type\":\"Organization\",\"@id\":\"https:\\\/\\\/blogdofarnesio.com.br\\\/#organization\",\"name\":\"Blog do Farn\u00e9sio\",\"url\":\"https:\\\/\\\/blogdofarnesio.com.br\\\/\",\"logo\":{\"@type\":\"ImageObject\",\"inLanguage\":\"pt-BR\",\"@id\":\"https:\\\/\\\/blogdofarnesio.com.br\\\/#\\\/schema\\\/logo\\\/image\\\/\",\"url\":\"https:\\\/\\\/blogdofarnesio.com.br\\\/wp-content\\\/uploads\\\/2026\\\/03\\\/cropped-logo_new-1.png\",\"contentUrl\":\"https:\\\/\\\/blogdofarnesio.com.br\\\/wp-content\\\/uploads\\\/2026\\\/03\\\/cropped-logo_new-1.png\",\"width\":881,\"height\":685,\"caption\":\"Blog do Farn\u00e9sio\"},\"image\":{\"@id\":\"https:\\\/\\\/blogdofarnesio.com.br\\\/#\\\/schema\\\/logo\\\/image\\\/\"},\"sameAs\":[\"https:\\\/\\\/www.facebook.com\\\/BlogQuerSaberPolitica\\\/\"]},{\"@type\":\"Person\",\"@id\":\"\",\"url\":\"https:\\\/\\\/blogdofarnesio.com.br\\\/?author=7\"}]}<\/script>\n<!-- \/ Yoast SEO plugin. -->","yoast_head_json":{"title":"ENDEMIAS INTENSIFICA COMBATE \u00c0 MURI\u00c7OCA EM JUAZEIRO - Blog do Farn\u00e9sio","robots":{"index":"index","follow":"follow","max-snippet":"max-snippet:-1","max-image-preview":"max-image-preview:large","max-video-preview":"max-video-preview:-1"},"canonical":"https:\/\/blogdofarnesio.com.br\/?p=113059","og_locale":"pt_BR","og_type":"article","og_title":"ENDEMIAS INTENSIFICA COMBATE \u00c0 MURI\u00c7OCA EM JUAZEIRO - Blog do Farn\u00e9sio","og_description":"A Prefeitura de Juazeiro continua fortalecendo os trabalhos de combate \u00e0 muri\u00e7oca com inseticida. As equipes t\u00e9cnicas recome\u00e7aram a a\u00e7\u00e3o desde segunda-feira (12), no bairro Jardim Primavera, seguindo na ter\u00e7a-feira (13), para o bairro Coreia, na quarta (14), o bairro S\u00e3o Geraldo recebe a passagem do carro, na quinta (15), no bairro Tabuleiro, na sexta (15), o carro fumac\u00ea ir\u00e1 passar no bairro Piranga e o trabalho da semana ser\u00e1 encerrado no s\u00e1bado na Lagoa. As equipes trabalham com o fumac\u00ea das 18h \u00e0s 20h30. A Secretaria da Sa\u00fade de Juazeiro come\u00e7ou no final de julho de 2014 o combate \u00e0 muri\u00e7oca com inseticida,\u00a0e todas as localidades j\u00e1 foram beneficiadas e est\u00e3o recebendo a visita novamente da equipe t\u00e9cnica. Al\u00e9m&hellip;","og_url":"https:\/\/blogdofarnesio.com.br\/?p=113059","og_site_name":"Blog do Farn\u00e9sio","article_publisher":"https:\/\/www.facebook.com\/BlogQuerSaberPolitica\/","article_published_time":"2015-01-16T12:21:20+00:00","og_image":[{"url":"http:\/\/www.quersaberpolitica.com.br\/2016\/wp-content\/uploads\/2013\/02\/blogqspdengue5.jpg","type":"","width":"","height":""}],"twitter_card":"summary_large_image","twitter_misc":{"Escrito por":"","Est. tempo de leitura":"1 minuto"},"schema":{"@context":"https:\/\/schema.org","@graph":[{"@type":"Article","@id":"https:\/\/blogdofarnesio.com.br\/?p=113059#article","isPartOf":{"@id":"https:\/\/blogdofarnesio.com.br\/?p=113059"},"author":{"name":"","@id":""},"headline":"ENDEMIAS INTENSIFICA COMBATE \u00c0 MURI\u00c7OCA EM JUAZEIRO","datePublished":"2015-01-16T12:21:20+00:00","mainEntityOfPage":{"@id":"https:\/\/blogdofarnesio.com.br\/?p=113059"},"wordCount":276,"commentCount":0,"publisher":{"@id":"https:\/\/blogdofarnesio.com.br\/#organization"},"image":{"@id":"https:\/\/blogdofarnesio.com.br\/?p=113059#primaryimage"},"thumbnailUrl":"http:\/\/www.quersaberpolitica.com.br\/2016\/wp-content\/uploads\/2013\/02\/blogqspdengue5.jpg","articleSection":["Sa\u00fade"],"inLanguage":"pt-BR","potentialAction":[{"@type":"CommentAction","name":"Comment","target":["https:\/\/blogdofarnesio.com.br\/?p=113059#respond"]}]},{"@type":"WebPage","@id":"https:\/\/blogdofarnesio.com.br\/?p=113059","url":"https:\/\/blogdofarnesio.com.br\/?p=113059","name":"ENDEMIAS INTENSIFICA COMBATE \u00c0 MURI\u00c7OCA EM JUAZEIRO - Blog do Farn\u00e9sio","isPartOf":{"@id":"https:\/\/blogdofarnesio.com.br\/#website"},"primaryImageOfPage":{"@id":"https:\/\/blogdofarnesio.com.br\/?p=113059#primaryimage"},"image":{"@id":"https:\/\/blogdofarnesio.com.br\/?p=113059#primaryimage"},"thumbnailUrl":"http:\/\/www.quersaberpolitica.com.br\/2016\/wp-content\/uploads\/2013\/02\/blogqspdengue5.jpg","datePublished":"2015-01-16T12:21:20+00:00","breadcrumb":{"@id":"https:\/\/blogdofarnesio.com.br\/?p=113059#breadcrumb"},"inLanguage":"pt-BR","potentialAction":[{"@type":"ReadAction","target":["https:\/\/blogdofarnesio.com.br\/?p=113059"]}]},{"@type":"ImageObject","inLanguage":"pt-BR","@id":"https:\/\/blogdofarnesio.com.br\/?p=113059#primaryimage","url":"http:\/\/www.quersaberpolitica.com.br\/2016\/wp-content\/uploads\/2013\/02\/blogqspdengue5.jpg","contentUrl":"http:\/\/www.quersaberpolitica.com.br\/2016\/wp-content\/uploads\/2013\/02\/blogqspdengue5.jpg"},{"@type":"BreadcrumbList","@id":"https:\/\/blogdofarnesio.com.br\/?p=113059#breadcrumb","itemListElement":[{"@type":"ListItem","position":1,"name":"In\u00edcio","item":"https:\/\/blogdofarnesio.com.br\/"},{"@type":"ListItem","position":2,"name":"ENDEMIAS INTENSIFICA COMBATE \u00c0 MURI\u00c7OCA EM JUAZEIRO"}]},{"@type":"WebSite","@id":"https:\/\/blogdofarnesio.com.br\/#website","url":"https:\/\/blogdofarnesio.com.br\/","name":"Blog do Farn\u00e9sio","description":"Quer Saber Pol\u00edtica?","publisher":{"@id":"https:\/\/blogdofarnesio.com.br\/#organization"},"potentialAction":[{"@type":"SearchAction","target":{"@type":"EntryPoint","urlTemplate":"https:\/\/blogdofarnesio.com.br\/?s={search_term_string}"},"query-input":{"@type":"PropertyValueSpecification","valueRequired":true,"valueName":"search_term_string"}}],"inLanguage":"pt-BR"},{"@type":"Organization","@id":"https:\/\/blogdofarnesio.com.br\/#organization","name":"Blog do Farn\u00e9sio","url":"https:\/\/blogdofarnesio.com.br\/","logo":{"@type":"ImageObject","inLanguage":"pt-BR","@id":"https:\/\/blogdofarnesio.com.br\/#\/schema\/logo\/image\/","url":"https:\/\/blogdofarnesio.com.br\/wp-content\/uploads\/2026\/03\/cropped-logo_new-1.png","contentUrl":"https:\/\/blogdofarnesio.com.br\/wp-content\/uploads\/2026\/03\/cropped-logo_new-1.png","width":881,"height":685,"caption":"Blog do Farn\u00e9sio"},"image":{"@id":"https:\/\/blogdofarnesio.com.br\/#\/schema\/logo\/image\/"},"sameAs":["https:\/\/www.facebook.com\/BlogQuerSaberPolitica\/"]},{"@type":"Person","@id":"","url":"https:\/\/blogdofarnesio.com.br\/?author=7"}]}},"_links":{"self":[{"href":"https:\/\/blogdofarnesio.com.br\/index.php?rest_route=\/wp\/v2\/posts\/113059","targetHints":{"allow":["GET"]}}],"collection":[{"href":"https:\/\/blogdofarnesio.com.br\/index.php?rest_route=\/wp\/v2\/posts"}],"about":[{"href":"https:\/\/blogdofarnesio.com.br\/index.php?rest_route=\/wp\/v2\/types\/post"}],"author":[{"embeddable":true,"href":"https:\/\/blogdofarnesio.com.br\/index.php?rest_route=\/wp\/v2\/users\/7"}],"replies":[{"embeddable":true,"href":"https:\/\/blogdofarnesio.com.br\/index.php?rest_route=%2Fwp%2Fv2%2Fcomments&post=113059"}],"version-history":[{"count":0,"href":"https:\/\/blogdofarnesio.com.br\/index.php?rest_route=\/wp\/v2\/posts\/113059\/revisions"}],"wp:attachment":[{"href":"https:\/\/blogdofarnesio.com.br\/index.php?rest_route=%2Fwp%2Fv2%2Fmedia&parent=113059"}],"wp:term":[{"taxonomy":"category","embeddable":true,"href":"https:\/\/blogdofarnesio.com.br\/index.php?rest_route=%2Fwp%2Fv2%2Fcategories&post=113059"},{"taxonomy":"post_tag","embeddable":true,"href":"https:\/\/blogdofarnesio.com.br\/index.php?rest_route=%2Fwp%2Fv2%2Ftags&post=113059"}],"curies":[{"name":"wp","href":"https:\/\/api.w.org\/{rel}","templated":true}]}}