{"id":112740,"date":"2015-01-12T07:00:41","date_gmt":"2015-01-12T10:00:41","guid":{"rendered":"http:\/\/www.quersaberpolitica.com.br\/?p=112740"},"modified":"2015-01-11T17:35:15","modified_gmt":"2015-01-11T20:35:15","slug":"carteiras-de-estudante-passam-a-ser-emitidas-a-partir-de-hoje-em-petrolina","status":"publish","type":"post","link":"https:\/\/blogdofarnesio.com.br\/?p=112740","title":{"rendered":"CARTEIRAS DE ESTUDANTE PASSAM A SER EMITIDAS A PARTIR DE HOJE EM PETROLINA"},"content":{"rendered":"<h1 style=\"text-align: justify\"><\/h1>\n<div id=\"materia-letra\" style=\"text-align: justify\">\n<figure id=\"attachment_36693\" aria-describedby=\"caption-attachment-36693\" style=\"width: 202px\" class=\"wp-caption alignleft\"><a href=\"http:\/\/www.quersaberpolitica.com.br\/2016\/wp-content\/uploads\/2013\/04\/blogqspmeiaentrada0.jpg\"><img loading=\"lazy\" decoding=\"async\" class=\"size-full wp-image-36693\" alt=\"Ilustra\u00e7\u00e3o\" src=\"http:\/\/www.quersaberpolitica.com.br\/2016\/wp-content\/uploads\/2013\/04\/blogqspmeiaentrada0.jpg\" width=\"202\" height=\"250\" \/><\/a><figcaption id=\"caption-attachment-36693\" class=\"wp-caption-text\">Ilustra\u00e7\u00e3o<\/figcaption><\/figure>\n<p>A partir desta segunda-feira (12), os estudantes de Petrolina, no Sert\u00e3o pernambucano, j\u00e1 podem solicitar a emiss\u00e3o da carteira estudantil atrav\u00e9s da Uni\u00e3o dos Estudantes Secundaristas de Pernambuco (Uespe).<\/p>\n<p>A novidade este ano \u00e9 que o documento ser\u00e1 entregue na hora da solicita\u00e7\u00e3o quando feita na institui\u00e7\u00e3o de ensino. O prazo de vencimento da carteira de 2014 vai at\u00e9 o m\u00eas de mar\u00e7o de 2015.<\/p>\n<p>As escolas e universidades de Petrolina podem solicitar a visita da Uesp atrav\u00e9s do telefone\u00a0<img loading=\"lazy\" decoding=\"async\" alt=\"\" src=\"\/\/lifbcibllhkdhoafpjfnlhfpfgnpldfl\/call_skype_logo.png\" width=\"0\" height=\"0\" \/>(87) 3862 3198. Na data agendada, os alunos da institui\u00e7\u00e3o v\u00e3o receber a carteira na hora da solicita\u00e7\u00e3o.<\/p>\n<p>Os estudantes tamb\u00e9m podem fazer a carteira na sede da Uesp, que fica na Rua Doutor Manoel Borba, n\u00ba 1862, Centro de Petrolina. O hor\u00e1rio de funcionamento \u00e9 de 8h \u00e0s 12h e 13h \u00e0s 17h.\u00a0 Contudo, na sede a entrega da carteira s\u00f3 \u00e9 feita em 48 horas.<\/p>\n<p>Para a emiss\u00e3o da carteira estudantil \u00e9 necess\u00e1rio apresentar o formul\u00e1rio preenchido \u00e0 Uespe, foto 3X4 e o comprovante de matr\u00edcula da institui\u00e7\u00e3o de ensino. A taxa de servi\u00e7o para confec\u00e7\u00e3o da carteira estudantil \u00e9 de R$9.<!--more--><\/p>\n<p>O documento possibilita que estudantes possam pagar meia-entrada em eventos culturais e esporivos e tenham direito ao desconto de 50% na passagem de \u00f4nibus.<\/p>\n<p><strong>Servi\u00e7o<\/strong><br \/>\nUespe<br \/>\nEndere\u00e7o: Rua Doutor Manoel Borba, n\u00ba 1862, Centro<br \/>\nHor\u00e1rio de atendimento: 8h \u00e0s 12h e 13h \u00e0s 17h (segunda a sexta)<br \/>\nTelefone:\u00a0<img loading=\"lazy\" decoding=\"async\" alt=\"\" src=\"\/\/lifbcibllhkdhoafpjfnlhfpfgnpldfl\/call_skype_logo.png\" width=\"0\" height=\"0\" \/>(87) 3862 3198<\/p>\n<p>G1\/Petrolina<\/p>\n<\/div>\n","protected":false},"excerpt":{"rendered":"<p>A partir desta segunda-feira (12), os estudantes de Petrolina, no Sert\u00e3o pernambucano, j\u00e1 podem solicitar a emiss\u00e3o da carteira estudantil atrav\u00e9s da Uni\u00e3o dos Estudantes Secundaristas de Pernambuco (Uespe). A novidade este ano \u00e9 que o documento ser\u00e1 entregue na hora da solicita\u00e7\u00e3o quando feita na institui\u00e7\u00e3o de ensino. O prazo de vencimento da carteira de 2014 vai at\u00e9 o m\u00eas de mar\u00e7o de 2015. As escolas e universidades de Petrolina podem solicitar a visita da Uesp atrav\u00e9s do telefone\u00a0(87) 3862 3198. Na data agendada, os alunos da institui\u00e7\u00e3o v\u00e3o receber a carteira na hora da solicita\u00e7\u00e3o. Os estudantes tamb\u00e9m podem fazer a carteira na sede da Uesp, que fica na Rua Doutor Manoel Borba, n\u00ba 1862, Centro de Petrolina.&hellip; <\/p>\n","protected":false},"author":3,"featured_media":0,"comment_status":"open","ping_status":"open","sticky":false,"template":"","format":"standard","meta":{"_acf_changed":false,"footnotes":""},"categories":[1],"tags":[],"class_list":["post-112740","post","type-post","status-publish","format-standard","hentry","category-politica"],"acf":[],"yoast_head":"<!-- This site is optimized with the Yoast SEO plugin v27.4 - https:\/\/yoast.com\/product\/yoast-seo-wordpress\/ -->\n<title>CARTEIRAS DE ESTUDANTE PASSAM A SER EMITIDAS A PARTIR DE HOJE EM PETROLINA - Blog do Farn\u00e9sio<\/title>\n<meta name=\"robots\" content=\"index, follow, max-snippet:-1, max-image-preview:large, max-video-preview:-1\" \/>\n<link rel=\"canonical\" href=\"https:\/\/blogdofarnesio.com.br\/?p=112740\" \/>\n<meta property=\"og:locale\" content=\"pt_BR\" \/>\n<meta property=\"og:type\" content=\"article\" \/>\n<meta property=\"og:title\" content=\"CARTEIRAS DE ESTUDANTE PASSAM A SER EMITIDAS A PARTIR DE HOJE EM PETROLINA - Blog do Farn\u00e9sio\" \/>\n<meta property=\"og:description\" content=\"A partir desta segunda-feira (12), os estudantes de Petrolina, no Sert\u00e3o pernambucano, j\u00e1 podem solicitar a emiss\u00e3o da carteira estudantil atrav\u00e9s da Uni\u00e3o dos Estudantes Secundaristas de Pernambuco (Uespe). A novidade este ano \u00e9 que o documento ser\u00e1 entregue na hora da solicita\u00e7\u00e3o quando feita na institui\u00e7\u00e3o de ensino. O prazo de vencimento da carteira de 2014 vai at\u00e9 o m\u00eas de mar\u00e7o de 2015. As escolas e universidades de Petrolina podem solicitar a visita da Uesp atrav\u00e9s do telefone\u00a0(87) 3862 3198. Na data agendada, os alunos da institui\u00e7\u00e3o v\u00e3o receber a carteira na hora da solicita\u00e7\u00e3o. Os estudantes tamb\u00e9m podem fazer a carteira na sede da Uesp, que fica na Rua Doutor Manoel Borba, n\u00ba 1862, Centro de Petrolina.&hellip;\" \/>\n<meta property=\"og:url\" content=\"https:\/\/blogdofarnesio.com.br\/?p=112740\" \/>\n<meta property=\"og:site_name\" content=\"Blog do Farn\u00e9sio\" \/>\n<meta property=\"article:publisher\" content=\"https:\/\/www.facebook.com\/BlogQuerSaberPolitica\/\" \/>\n<meta property=\"article:published_time\" content=\"2015-01-12T10:00:41+00:00\" \/>\n<meta property=\"og:image\" content=\"http:\/\/www.quersaberpolitica.com.br\/2016\/wp-content\/uploads\/2013\/04\/blogqspmeiaentrada0.jpg\" \/>\n<meta name=\"author\" content=\"teste\" \/>\n<meta name=\"twitter:card\" content=\"summary_large_image\" \/>\n<meta name=\"twitter:label1\" content=\"Escrito por\" \/>\n\t<meta name=\"twitter:data1\" content=\"teste\" \/>\n\t<meta name=\"twitter:label2\" content=\"Est. tempo de leitura\" \/>\n\t<meta name=\"twitter:data2\" content=\"1 minuto\" \/>\n<script type=\"application\/ld+json\" class=\"yoast-schema-graph\">{\"@context\":\"https:\\\/\\\/schema.org\",\"@graph\":[{\"@type\":\"Article\",\"@id\":\"https:\\\/\\\/blogdofarnesio.com.br\\\/?p=112740#article\",\"isPartOf\":{\"@id\":\"https:\\\/\\\/blogdofarnesio.com.br\\\/?p=112740\"},\"author\":{\"name\":\"teste\",\"@id\":\"https:\\\/\\\/blogdofarnesio.com.br\\\/#\\\/schema\\\/person\\\/dd1bf5eba40b687199ba45ca6b97dff9\"},\"headline\":\"CARTEIRAS DE ESTUDANTE PASSAM A SER EMITIDAS A PARTIR DE HOJE EM PETROLINA\",\"datePublished\":\"2015-01-12T10:00:41+00:00\",\"mainEntityOfPage\":{\"@id\":\"https:\\\/\\\/blogdofarnesio.com.br\\\/?p=112740\"},\"wordCount\":264,\"commentCount\":0,\"publisher\":{\"@id\":\"https:\\\/\\\/blogdofarnesio.com.br\\\/#organization\"},\"image\":{\"@id\":\"https:\\\/\\\/blogdofarnesio.com.br\\\/?p=112740#primaryimage\"},\"thumbnailUrl\":\"http:\\\/\\\/www.quersaberpolitica.com.br\\\/2016\\\/wp-content\\\/uploads\\\/2013\\\/04\\\/blogqspmeiaentrada0.jpg\",\"articleSection\":[\"Pol\u00edtica\"],\"inLanguage\":\"pt-BR\",\"potentialAction\":[{\"@type\":\"CommentAction\",\"name\":\"Comment\",\"target\":[\"https:\\\/\\\/blogdofarnesio.com.br\\\/?p=112740#respond\"]}]},{\"@type\":\"WebPage\",\"@id\":\"https:\\\/\\\/blogdofarnesio.com.br\\\/?p=112740\",\"url\":\"https:\\\/\\\/blogdofarnesio.com.br\\\/?p=112740\",\"name\":\"CARTEIRAS DE ESTUDANTE PASSAM A SER EMITIDAS A PARTIR DE HOJE EM PETROLINA - Blog do Farn\u00e9sio\",\"isPartOf\":{\"@id\":\"https:\\\/\\\/blogdofarnesio.com.br\\\/#website\"},\"primaryImageOfPage\":{\"@id\":\"https:\\\/\\\/blogdofarnesio.com.br\\\/?p=112740#primaryimage\"},\"image\":{\"@id\":\"https:\\\/\\\/blogdofarnesio.com.br\\\/?p=112740#primaryimage\"},\"thumbnailUrl\":\"http:\\\/\\\/www.quersaberpolitica.com.br\\\/2016\\\/wp-content\\\/uploads\\\/2013\\\/04\\\/blogqspmeiaentrada0.jpg\",\"datePublished\":\"2015-01-12T10:00:41+00:00\",\"breadcrumb\":{\"@id\":\"https:\\\/\\\/blogdofarnesio.com.br\\\/?p=112740#breadcrumb\"},\"inLanguage\":\"pt-BR\",\"potentialAction\":[{\"@type\":\"ReadAction\",\"target\":[\"https:\\\/\\\/blogdofarnesio.com.br\\\/?p=112740\"]}]},{\"@type\":\"ImageObject\",\"inLanguage\":\"pt-BR\",\"@id\":\"https:\\\/\\\/blogdofarnesio.com.br\\\/?p=112740#primaryimage\",\"url\":\"http:\\\/\\\/www.quersaberpolitica.com.br\\\/2016\\\/wp-content\\\/uploads\\\/2013\\\/04\\\/blogqspmeiaentrada0.jpg\",\"contentUrl\":\"http:\\\/\\\/www.quersaberpolitica.com.br\\\/2016\\\/wp-content\\\/uploads\\\/2013\\\/04\\\/blogqspmeiaentrada0.jpg\"},{\"@type\":\"BreadcrumbList\",\"@id\":\"https:\\\/\\\/blogdofarnesio.com.br\\\/?p=112740#breadcrumb\",\"itemListElement\":[{\"@type\":\"ListItem\",\"position\":1,\"name\":\"In\u00edcio\",\"item\":\"https:\\\/\\\/blogdofarnesio.com.br\\\/\"},{\"@type\":\"ListItem\",\"position\":2,\"name\":\"CARTEIRAS DE ESTUDANTE PASSAM A SER EMITIDAS A PARTIR DE HOJE EM PETROLINA\"}]},{\"@type\":\"WebSite\",\"@id\":\"https:\\\/\\\/blogdofarnesio.com.br\\\/#website\",\"url\":\"https:\\\/\\\/blogdofarnesio.com.br\\\/\",\"name\":\"Blog do Farn\u00e9sio\",\"description\":\"Quer Saber Pol\u00edtica?\",\"publisher\":{\"@id\":\"https:\\\/\\\/blogdofarnesio.com.br\\\/#organization\"},\"potentialAction\":[{\"@type\":\"SearchAction\",\"target\":{\"@type\":\"EntryPoint\",\"urlTemplate\":\"https:\\\/\\\/blogdofarnesio.com.br\\\/?s={search_term_string}\"},\"query-input\":{\"@type\":\"PropertyValueSpecification\",\"valueRequired\":true,\"valueName\":\"search_term_string\"}}],\"inLanguage\":\"pt-BR\"},{\"@type\":\"Organization\",\"@id\":\"https:\\\/\\\/blogdofarnesio.com.br\\\/#organization\",\"name\":\"Blog do Farn\u00e9sio\",\"url\":\"https:\\\/\\\/blogdofarnesio.com.br\\\/\",\"logo\":{\"@type\":\"ImageObject\",\"inLanguage\":\"pt-BR\",\"@id\":\"https:\\\/\\\/blogdofarnesio.com.br\\\/#\\\/schema\\\/logo\\\/image\\\/\",\"url\":\"https:\\\/\\\/blogdofarnesio.com.br\\\/wp-content\\\/uploads\\\/2026\\\/03\\\/cropped-logo_new-1.png\",\"contentUrl\":\"https:\\\/\\\/blogdofarnesio.com.br\\\/wp-content\\\/uploads\\\/2026\\\/03\\\/cropped-logo_new-1.png\",\"width\":881,\"height\":685,\"caption\":\"Blog do Farn\u00e9sio\"},\"image\":{\"@id\":\"https:\\\/\\\/blogdofarnesio.com.br\\\/#\\\/schema\\\/logo\\\/image\\\/\"},\"sameAs\":[\"https:\\\/\\\/www.facebook.com\\\/BlogQuerSaberPolitica\\\/\"]},{\"@type\":\"Person\",\"@id\":\"https:\\\/\\\/blogdofarnesio.com.br\\\/#\\\/schema\\\/person\\\/dd1bf5eba40b687199ba45ca6b97dff9\",\"name\":\"teste\",\"image\":{\"@type\":\"ImageObject\",\"inLanguage\":\"pt-BR\",\"@id\":\"https:\\\/\\\/secure.gravatar.com\\\/avatar\\\/2172498d4914b51e1d89a0f97957b035ac4938723a5cac208135d389b6972a6d?s=96&d=mm&r=g\",\"url\":\"https:\\\/\\\/secure.gravatar.com\\\/avatar\\\/2172498d4914b51e1d89a0f97957b035ac4938723a5cac208135d389b6972a6d?s=96&d=mm&r=g\",\"contentUrl\":\"https:\\\/\\\/secure.gravatar.com\\\/avatar\\\/2172498d4914b51e1d89a0f97957b035ac4938723a5cac208135d389b6972a6d?s=96&d=mm&r=g\",\"caption\":\"teste\"},\"url\":\"https:\\\/\\\/blogdofarnesio.com.br\\\/?author=3\"}]}<\/script>\n<!-- \/ Yoast SEO plugin. -->","yoast_head_json":{"title":"CARTEIRAS DE ESTUDANTE PASSAM A SER EMITIDAS A PARTIR DE HOJE EM PETROLINA - Blog do Farn\u00e9sio","robots":{"index":"index","follow":"follow","max-snippet":"max-snippet:-1","max-image-preview":"max-image-preview:large","max-video-preview":"max-video-preview:-1"},"canonical":"https:\/\/blogdofarnesio.com.br\/?p=112740","og_locale":"pt_BR","og_type":"article","og_title":"CARTEIRAS DE ESTUDANTE PASSAM A SER EMITIDAS A PARTIR DE HOJE EM PETROLINA - Blog do Farn\u00e9sio","og_description":"A partir desta segunda-feira (12), os estudantes de Petrolina, no Sert\u00e3o pernambucano, j\u00e1 podem solicitar a emiss\u00e3o da carteira estudantil atrav\u00e9s da Uni\u00e3o dos Estudantes Secundaristas de Pernambuco (Uespe). A novidade este ano \u00e9 que o documento ser\u00e1 entregue na hora da solicita\u00e7\u00e3o quando feita na institui\u00e7\u00e3o de ensino. O prazo de vencimento da carteira de 2014 vai at\u00e9 o m\u00eas de mar\u00e7o de 2015. As escolas e universidades de Petrolina podem solicitar a visita da Uesp atrav\u00e9s do telefone\u00a0(87) 3862 3198. Na data agendada, os alunos da institui\u00e7\u00e3o v\u00e3o receber a carteira na hora da solicita\u00e7\u00e3o. Os estudantes tamb\u00e9m podem fazer a carteira na sede da Uesp, que fica na Rua Doutor Manoel Borba, n\u00ba 1862, Centro de Petrolina.&hellip;","og_url":"https:\/\/blogdofarnesio.com.br\/?p=112740","og_site_name":"Blog do Farn\u00e9sio","article_publisher":"https:\/\/www.facebook.com\/BlogQuerSaberPolitica\/","article_published_time":"2015-01-12T10:00:41+00:00","og_image":[{"url":"http:\/\/www.quersaberpolitica.com.br\/2016\/wp-content\/uploads\/2013\/04\/blogqspmeiaentrada0.jpg","type":"","width":"","height":""}],"author":"teste","twitter_card":"summary_large_image","twitter_misc":{"Escrito por":"teste","Est. tempo de leitura":"1 minuto"},"schema":{"@context":"https:\/\/schema.org","@graph":[{"@type":"Article","@id":"https:\/\/blogdofarnesio.com.br\/?p=112740#article","isPartOf":{"@id":"https:\/\/blogdofarnesio.com.br\/?p=112740"},"author":{"name":"teste","@id":"https:\/\/blogdofarnesio.com.br\/#\/schema\/person\/dd1bf5eba40b687199ba45ca6b97dff9"},"headline":"CARTEIRAS DE ESTUDANTE PASSAM A SER EMITIDAS A PARTIR DE HOJE EM PETROLINA","datePublished":"2015-01-12T10:00:41+00:00","mainEntityOfPage":{"@id":"https:\/\/blogdofarnesio.com.br\/?p=112740"},"wordCount":264,"commentCount":0,"publisher":{"@id":"https:\/\/blogdofarnesio.com.br\/#organization"},"image":{"@id":"https:\/\/blogdofarnesio.com.br\/?p=112740#primaryimage"},"thumbnailUrl":"http:\/\/www.quersaberpolitica.com.br\/2016\/wp-content\/uploads\/2013\/04\/blogqspmeiaentrada0.jpg","articleSection":["Pol\u00edtica"],"inLanguage":"pt-BR","potentialAction":[{"@type":"CommentAction","name":"Comment","target":["https:\/\/blogdofarnesio.com.br\/?p=112740#respond"]}]},{"@type":"WebPage","@id":"https:\/\/blogdofarnesio.com.br\/?p=112740","url":"https:\/\/blogdofarnesio.com.br\/?p=112740","name":"CARTEIRAS DE ESTUDANTE PASSAM A SER EMITIDAS A PARTIR DE HOJE EM PETROLINA - Blog do Farn\u00e9sio","isPartOf":{"@id":"https:\/\/blogdofarnesio.com.br\/#website"},"primaryImageOfPage":{"@id":"https:\/\/blogdofarnesio.com.br\/?p=112740#primaryimage"},"image":{"@id":"https:\/\/blogdofarnesio.com.br\/?p=112740#primaryimage"},"thumbnailUrl":"http:\/\/www.quersaberpolitica.com.br\/2016\/wp-content\/uploads\/2013\/04\/blogqspmeiaentrada0.jpg","datePublished":"2015-01-12T10:00:41+00:00","breadcrumb":{"@id":"https:\/\/blogdofarnesio.com.br\/?p=112740#breadcrumb"},"inLanguage":"pt-BR","potentialAction":[{"@type":"ReadAction","target":["https:\/\/blogdofarnesio.com.br\/?p=112740"]}]},{"@type":"ImageObject","inLanguage":"pt-BR","@id":"https:\/\/blogdofarnesio.com.br\/?p=112740#primaryimage","url":"http:\/\/www.quersaberpolitica.com.br\/2016\/wp-content\/uploads\/2013\/04\/blogqspmeiaentrada0.jpg","contentUrl":"http:\/\/www.quersaberpolitica.com.br\/2016\/wp-content\/uploads\/2013\/04\/blogqspmeiaentrada0.jpg"},{"@type":"BreadcrumbList","@id":"https:\/\/blogdofarnesio.com.br\/?p=112740#breadcrumb","itemListElement":[{"@type":"ListItem","position":1,"name":"In\u00edcio","item":"https:\/\/blogdofarnesio.com.br\/"},{"@type":"ListItem","position":2,"name":"CARTEIRAS DE ESTUDANTE PASSAM A SER EMITIDAS A PARTIR DE HOJE EM PETROLINA"}]},{"@type":"WebSite","@id":"https:\/\/blogdofarnesio.com.br\/#website","url":"https:\/\/blogdofarnesio.com.br\/","name":"Blog do Farn\u00e9sio","description":"Quer Saber Pol\u00edtica?","publisher":{"@id":"https:\/\/blogdofarnesio.com.br\/#organization"},"potentialAction":[{"@type":"SearchAction","target":{"@type":"EntryPoint","urlTemplate":"https:\/\/blogdofarnesio.com.br\/?s={search_term_string}"},"query-input":{"@type":"PropertyValueSpecification","valueRequired":true,"valueName":"search_term_string"}}],"inLanguage":"pt-BR"},{"@type":"Organization","@id":"https:\/\/blogdofarnesio.com.br\/#organization","name":"Blog do Farn\u00e9sio","url":"https:\/\/blogdofarnesio.com.br\/","logo":{"@type":"ImageObject","inLanguage":"pt-BR","@id":"https:\/\/blogdofarnesio.com.br\/#\/schema\/logo\/image\/","url":"https:\/\/blogdofarnesio.com.br\/wp-content\/uploads\/2026\/03\/cropped-logo_new-1.png","contentUrl":"https:\/\/blogdofarnesio.com.br\/wp-content\/uploads\/2026\/03\/cropped-logo_new-1.png","width":881,"height":685,"caption":"Blog do Farn\u00e9sio"},"image":{"@id":"https:\/\/blogdofarnesio.com.br\/#\/schema\/logo\/image\/"},"sameAs":["https:\/\/www.facebook.com\/BlogQuerSaberPolitica\/"]},{"@type":"Person","@id":"https:\/\/blogdofarnesio.com.br\/#\/schema\/person\/dd1bf5eba40b687199ba45ca6b97dff9","name":"teste","image":{"@type":"ImageObject","inLanguage":"pt-BR","@id":"https:\/\/secure.gravatar.com\/avatar\/2172498d4914b51e1d89a0f97957b035ac4938723a5cac208135d389b6972a6d?s=96&d=mm&r=g","url":"https:\/\/secure.gravatar.com\/avatar\/2172498d4914b51e1d89a0f97957b035ac4938723a5cac208135d389b6972a6d?s=96&d=mm&r=g","contentUrl":"https:\/\/secure.gravatar.com\/avatar\/2172498d4914b51e1d89a0f97957b035ac4938723a5cac208135d389b6972a6d?s=96&d=mm&r=g","caption":"teste"},"url":"https:\/\/blogdofarnesio.com.br\/?author=3"}]}},"_links":{"self":[{"href":"https:\/\/blogdofarnesio.com.br\/index.php?rest_route=\/wp\/v2\/posts\/112740","targetHints":{"allow":["GET"]}}],"collection":[{"href":"https:\/\/blogdofarnesio.com.br\/index.php?rest_route=\/wp\/v2\/posts"}],"about":[{"href":"https:\/\/blogdofarnesio.com.br\/index.php?rest_route=\/wp\/v2\/types\/post"}],"author":[{"embeddable":true,"href":"https:\/\/blogdofarnesio.com.br\/index.php?rest_route=\/wp\/v2\/users\/3"}],"replies":[{"embeddable":true,"href":"https:\/\/blogdofarnesio.com.br\/index.php?rest_route=%2Fwp%2Fv2%2Fcomments&post=112740"}],"version-history":[{"count":0,"href":"https:\/\/blogdofarnesio.com.br\/index.php?rest_route=\/wp\/v2\/posts\/112740\/revisions"}],"wp:attachment":[{"href":"https:\/\/blogdofarnesio.com.br\/index.php?rest_route=%2Fwp%2Fv2%2Fmedia&parent=112740"}],"wp:term":[{"taxonomy":"category","embeddable":true,"href":"https:\/\/blogdofarnesio.com.br\/index.php?rest_route=%2Fwp%2Fv2%2Fcategories&post=112740"},{"taxonomy":"post_tag","embeddable":true,"href":"https:\/\/blogdofarnesio.com.br\/index.php?rest_route=%2Fwp%2Fv2%2Ftags&post=112740"}],"curies":[{"name":"wp","href":"https:\/\/api.w.org\/{rel}","templated":true}]}}