{"id":112737,"date":"2015-01-12T08:34:47","date_gmt":"2015-01-12T11:34:47","guid":{"rendered":"http:\/\/www.quersaberpolitica.com.br\/?p=112737"},"modified":"2015-01-11T17:26:47","modified_gmt":"2015-01-11T20:26:47","slug":"senador-fbc-prestigia-posse-na-codeam","status":"publish","type":"post","link":"https:\/\/blogdofarnesio.com.br\/?p=112737","title":{"rendered":"SENADOR FBC PRESTIGIA POSSE NA CODEAM"},"content":{"rendered":"<div style=\"text-align: justify\">\n<p><a href=\"http:\/\/www.folhape.com.br\/blogdafolha\/wp-content\/uploads\/2015\/01\/codeam1.jpg\"><img loading=\"lazy\" decoding=\"async\" class=\"aligncenter\" title=\"codeam\" alt=\"\" src=\"http:\/\/www.folhape.com.br\/blogdafolha\/wp-content\/uploads\/2015\/01\/codeam1.jpg\" width=\"470\" height=\"313\" \/><\/a><\/p>\n<p>(Foto: Divulga\u00e7\u00e3o)<\/p>\n<p>O novo presidente da Comiss\u00e3o de Desenvolvimento do Agreste Meridional (Codeam), o prefeito de Inaj\u00e1, Leonardo Martins, tomou posse na noite dessa sexta-feira, em Garanhuns, na presen\u00e7a do senador Fernando Bezerra Coelho (PSB), os deputados Fernando Filho (PSB \u2013 federal) e Claudiano Filho (estadual \u2013 PSDB), al\u00e9m do presidente da Associa\u00e7\u00e3o Municipalista de Pernambuco, Jos\u00e9 Patriota, e 30 prefeitos do Agreste e Sert\u00e3o.<\/p>\n<p>\u201cVivemos um momento de imensas dificuldades. Nossa bacia leiteira est\u00e1 em crise e v\u00e1rios produtores acabam derramando o leite porque as companhias n\u00e3o h\u00e1 pre\u00e7o poss\u00edvel para a venda. \u00c9 hora de deixar a pol\u00edtica partid\u00e1ria de lado e trabalhar para resolver os graves problemas da nossa regi\u00e3o\u201d, afirmou o novo presidente da Codeam.<\/p>\n<p>O senador Bezerra Coelho, por sua vez, se comprometeu a ajudar os prefeitos. <!--more-->\u201cTerei a porta do gabinete sempre aberta para dialogar e buscar os recursos necess\u00e1rios\u201d, afirmou.<\/p>\n<p>Tamb\u00e9m estiveram presentes o secret\u00e1rio executivo de Articula\u00e7\u00e3o Pol\u00edtica, Anchieta Patriota, representou o Governo do Estado, e o estudante Jo\u00e3o Campos, filho do ex-governador Eduardo Campos.<\/p>\n<\/div>\n","protected":false},"excerpt":{"rendered":"<p>(Foto: Divulga\u00e7\u00e3o) O novo presidente da Comiss\u00e3o de Desenvolvimento do Agreste Meridional (Codeam), o prefeito de Inaj\u00e1, Leonardo Martins, tomou posse na noite dessa sexta-feira, em Garanhuns, na presen\u00e7a do senador Fernando Bezerra Coelho (PSB), os deputados Fernando Filho (PSB \u2013 federal) e Claudiano Filho (estadual \u2013 PSDB), al\u00e9m do presidente da Associa\u00e7\u00e3o Municipalista de Pernambuco, Jos\u00e9 Patriota, e 30 prefeitos do Agreste e Sert\u00e3o. \u201cVivemos um momento de imensas dificuldades. Nossa bacia leiteira est\u00e1 em crise e v\u00e1rios produtores acabam derramando o leite porque as companhias n\u00e3o h\u00e1 pre\u00e7o poss\u00edvel para a venda. \u00c9 hora de deixar a pol\u00edtica partid\u00e1ria de lado e trabalhar para resolver os graves problemas da nossa regi\u00e3o\u201d, afirmou o novo presidente da Codeam. O&hellip; <\/p>\n","protected":false},"author":3,"featured_media":0,"comment_status":"open","ping_status":"open","sticky":false,"template":"","format":"standard","meta":{"_acf_changed":false,"footnotes":""},"categories":[1],"tags":[],"class_list":["post-112737","post","type-post","status-publish","format-standard","hentry","category-politica"],"acf":[],"yoast_head":"<!-- This site is optimized with the Yoast SEO plugin v27.4 - https:\/\/yoast.com\/product\/yoast-seo-wordpress\/ -->\n<title>SENADOR FBC PRESTIGIA POSSE NA CODEAM - Blog do Farn\u00e9sio<\/title>\n<meta name=\"robots\" content=\"index, follow, max-snippet:-1, max-image-preview:large, max-video-preview:-1\" \/>\n<link rel=\"canonical\" href=\"https:\/\/blogdofarnesio.com.br\/?p=112737\" \/>\n<meta property=\"og:locale\" content=\"pt_BR\" \/>\n<meta property=\"og:type\" content=\"article\" \/>\n<meta property=\"og:title\" content=\"SENADOR FBC PRESTIGIA POSSE NA CODEAM - Blog do Farn\u00e9sio\" \/>\n<meta property=\"og:description\" content=\"(Foto: Divulga\u00e7\u00e3o) O novo presidente da Comiss\u00e3o de Desenvolvimento do Agreste Meridional (Codeam), o prefeito de Inaj\u00e1, Leonardo Martins, tomou posse na noite dessa sexta-feira, em Garanhuns, na presen\u00e7a do senador Fernando Bezerra Coelho (PSB), os deputados Fernando Filho (PSB \u2013 federal) e Claudiano Filho (estadual \u2013 PSDB), al\u00e9m do presidente da Associa\u00e7\u00e3o Municipalista de Pernambuco, Jos\u00e9 Patriota, e 30 prefeitos do Agreste e Sert\u00e3o. \u201cVivemos um momento de imensas dificuldades. Nossa bacia leiteira est\u00e1 em crise e v\u00e1rios produtores acabam derramando o leite porque as companhias n\u00e3o h\u00e1 pre\u00e7o poss\u00edvel para a venda. \u00c9 hora de deixar a pol\u00edtica partid\u00e1ria de lado e trabalhar para resolver os graves problemas da nossa regi\u00e3o\u201d, afirmou o novo presidente da Codeam. O&hellip;\" \/>\n<meta property=\"og:url\" content=\"https:\/\/blogdofarnesio.com.br\/?p=112737\" \/>\n<meta property=\"og:site_name\" content=\"Blog do Farn\u00e9sio\" \/>\n<meta property=\"article:publisher\" content=\"https:\/\/www.facebook.com\/BlogQuerSaberPolitica\/\" \/>\n<meta property=\"article:published_time\" content=\"2015-01-12T11:34:47+00:00\" \/>\n<meta property=\"og:image\" content=\"http:\/\/www.folhape.com.br\/blogdafolha\/wp-content\/uploads\/2015\/01\/codeam1.jpg\" \/>\n<meta name=\"author\" content=\"teste\" \/>\n<meta name=\"twitter:card\" content=\"summary_large_image\" \/>\n<meta name=\"twitter:label1\" content=\"Escrito por\" \/>\n\t<meta name=\"twitter:data1\" content=\"teste\" \/>\n\t<meta name=\"twitter:label2\" content=\"Est. tempo de leitura\" \/>\n\t<meta name=\"twitter:data2\" content=\"1 minuto\" \/>\n<script type=\"application\/ld+json\" class=\"yoast-schema-graph\">{\"@context\":\"https:\\\/\\\/schema.org\",\"@graph\":[{\"@type\":\"Article\",\"@id\":\"https:\\\/\\\/blogdofarnesio.com.br\\\/?p=112737#article\",\"isPartOf\":{\"@id\":\"https:\\\/\\\/blogdofarnesio.com.br\\\/?p=112737\"},\"author\":{\"name\":\"teste\",\"@id\":\"https:\\\/\\\/blogdofarnesio.com.br\\\/#\\\/schema\\\/person\\\/dd1bf5eba40b687199ba45ca6b97dff9\"},\"headline\":\"SENADOR FBC PRESTIGIA POSSE NA CODEAM\",\"datePublished\":\"2015-01-12T11:34:47+00:00\",\"mainEntityOfPage\":{\"@id\":\"https:\\\/\\\/blogdofarnesio.com.br\\\/?p=112737\"},\"wordCount\":194,\"commentCount\":0,\"publisher\":{\"@id\":\"https:\\\/\\\/blogdofarnesio.com.br\\\/#organization\"},\"image\":{\"@id\":\"https:\\\/\\\/blogdofarnesio.com.br\\\/?p=112737#primaryimage\"},\"thumbnailUrl\":\"http:\\\/\\\/www.folhape.com.br\\\/blogdafolha\\\/wp-content\\\/uploads\\\/2015\\\/01\\\/codeam1.jpg\",\"articleSection\":[\"Pol\u00edtica\"],\"inLanguage\":\"pt-BR\",\"potentialAction\":[{\"@type\":\"CommentAction\",\"name\":\"Comment\",\"target\":[\"https:\\\/\\\/blogdofarnesio.com.br\\\/?p=112737#respond\"]}]},{\"@type\":\"WebPage\",\"@id\":\"https:\\\/\\\/blogdofarnesio.com.br\\\/?p=112737\",\"url\":\"https:\\\/\\\/blogdofarnesio.com.br\\\/?p=112737\",\"name\":\"SENADOR FBC PRESTIGIA POSSE NA CODEAM - Blog do Farn\u00e9sio\",\"isPartOf\":{\"@id\":\"https:\\\/\\\/blogdofarnesio.com.br\\\/#website\"},\"primaryImageOfPage\":{\"@id\":\"https:\\\/\\\/blogdofarnesio.com.br\\\/?p=112737#primaryimage\"},\"image\":{\"@id\":\"https:\\\/\\\/blogdofarnesio.com.br\\\/?p=112737#primaryimage\"},\"thumbnailUrl\":\"http:\\\/\\\/www.folhape.com.br\\\/blogdafolha\\\/wp-content\\\/uploads\\\/2015\\\/01\\\/codeam1.jpg\",\"datePublished\":\"2015-01-12T11:34:47+00:00\",\"breadcrumb\":{\"@id\":\"https:\\\/\\\/blogdofarnesio.com.br\\\/?p=112737#breadcrumb\"},\"inLanguage\":\"pt-BR\",\"potentialAction\":[{\"@type\":\"ReadAction\",\"target\":[\"https:\\\/\\\/blogdofarnesio.com.br\\\/?p=112737\"]}]},{\"@type\":\"ImageObject\",\"inLanguage\":\"pt-BR\",\"@id\":\"https:\\\/\\\/blogdofarnesio.com.br\\\/?p=112737#primaryimage\",\"url\":\"http:\\\/\\\/www.folhape.com.br\\\/blogdafolha\\\/wp-content\\\/uploads\\\/2015\\\/01\\\/codeam1.jpg\",\"contentUrl\":\"http:\\\/\\\/www.folhape.com.br\\\/blogdafolha\\\/wp-content\\\/uploads\\\/2015\\\/01\\\/codeam1.jpg\"},{\"@type\":\"BreadcrumbList\",\"@id\":\"https:\\\/\\\/blogdofarnesio.com.br\\\/?p=112737#breadcrumb\",\"itemListElement\":[{\"@type\":\"ListItem\",\"position\":1,\"name\":\"In\u00edcio\",\"item\":\"https:\\\/\\\/blogdofarnesio.com.br\\\/\"},{\"@type\":\"ListItem\",\"position\":2,\"name\":\"SENADOR FBC PRESTIGIA POSSE NA CODEAM\"}]},{\"@type\":\"WebSite\",\"@id\":\"https:\\\/\\\/blogdofarnesio.com.br\\\/#website\",\"url\":\"https:\\\/\\\/blogdofarnesio.com.br\\\/\",\"name\":\"Blog do Farn\u00e9sio\",\"description\":\"Quer Saber Pol\u00edtica?\",\"publisher\":{\"@id\":\"https:\\\/\\\/blogdofarnesio.com.br\\\/#organization\"},\"potentialAction\":[{\"@type\":\"SearchAction\",\"target\":{\"@type\":\"EntryPoint\",\"urlTemplate\":\"https:\\\/\\\/blogdofarnesio.com.br\\\/?s={search_term_string}\"},\"query-input\":{\"@type\":\"PropertyValueSpecification\",\"valueRequired\":true,\"valueName\":\"search_term_string\"}}],\"inLanguage\":\"pt-BR\"},{\"@type\":\"Organization\",\"@id\":\"https:\\\/\\\/blogdofarnesio.com.br\\\/#organization\",\"name\":\"Blog do Farn\u00e9sio\",\"url\":\"https:\\\/\\\/blogdofarnesio.com.br\\\/\",\"logo\":{\"@type\":\"ImageObject\",\"inLanguage\":\"pt-BR\",\"@id\":\"https:\\\/\\\/blogdofarnesio.com.br\\\/#\\\/schema\\\/logo\\\/image\\\/\",\"url\":\"https:\\\/\\\/blogdofarnesio.com.br\\\/wp-content\\\/uploads\\\/2026\\\/03\\\/cropped-logo_new-1.png\",\"contentUrl\":\"https:\\\/\\\/blogdofarnesio.com.br\\\/wp-content\\\/uploads\\\/2026\\\/03\\\/cropped-logo_new-1.png\",\"width\":881,\"height\":685,\"caption\":\"Blog do Farn\u00e9sio\"},\"image\":{\"@id\":\"https:\\\/\\\/blogdofarnesio.com.br\\\/#\\\/schema\\\/logo\\\/image\\\/\"},\"sameAs\":[\"https:\\\/\\\/www.facebook.com\\\/BlogQuerSaberPolitica\\\/\"]},{\"@type\":\"Person\",\"@id\":\"https:\\\/\\\/blogdofarnesio.com.br\\\/#\\\/schema\\\/person\\\/dd1bf5eba40b687199ba45ca6b97dff9\",\"name\":\"teste\",\"image\":{\"@type\":\"ImageObject\",\"inLanguage\":\"pt-BR\",\"@id\":\"https:\\\/\\\/secure.gravatar.com\\\/avatar\\\/2172498d4914b51e1d89a0f97957b035ac4938723a5cac208135d389b6972a6d?s=96&d=mm&r=g\",\"url\":\"https:\\\/\\\/secure.gravatar.com\\\/avatar\\\/2172498d4914b51e1d89a0f97957b035ac4938723a5cac208135d389b6972a6d?s=96&d=mm&r=g\",\"contentUrl\":\"https:\\\/\\\/secure.gravatar.com\\\/avatar\\\/2172498d4914b51e1d89a0f97957b035ac4938723a5cac208135d389b6972a6d?s=96&d=mm&r=g\",\"caption\":\"teste\"},\"url\":\"https:\\\/\\\/blogdofarnesio.com.br\\\/?author=3\"}]}<\/script>\n<!-- \/ Yoast SEO plugin. -->","yoast_head_json":{"title":"SENADOR FBC PRESTIGIA POSSE NA CODEAM - Blog do Farn\u00e9sio","robots":{"index":"index","follow":"follow","max-snippet":"max-snippet:-1","max-image-preview":"max-image-preview:large","max-video-preview":"max-video-preview:-1"},"canonical":"https:\/\/blogdofarnesio.com.br\/?p=112737","og_locale":"pt_BR","og_type":"article","og_title":"SENADOR FBC PRESTIGIA POSSE NA CODEAM - Blog do Farn\u00e9sio","og_description":"(Foto: Divulga\u00e7\u00e3o) O novo presidente da Comiss\u00e3o de Desenvolvimento do Agreste Meridional (Codeam), o prefeito de Inaj\u00e1, Leonardo Martins, tomou posse na noite dessa sexta-feira, em Garanhuns, na presen\u00e7a do senador Fernando Bezerra Coelho (PSB), os deputados Fernando Filho (PSB \u2013 federal) e Claudiano Filho (estadual \u2013 PSDB), al\u00e9m do presidente da Associa\u00e7\u00e3o Municipalista de Pernambuco, Jos\u00e9 Patriota, e 30 prefeitos do Agreste e Sert\u00e3o. \u201cVivemos um momento de imensas dificuldades. Nossa bacia leiteira est\u00e1 em crise e v\u00e1rios produtores acabam derramando o leite porque as companhias n\u00e3o h\u00e1 pre\u00e7o poss\u00edvel para a venda. \u00c9 hora de deixar a pol\u00edtica partid\u00e1ria de lado e trabalhar para resolver os graves problemas da nossa regi\u00e3o\u201d, afirmou o novo presidente da Codeam. O&hellip;","og_url":"https:\/\/blogdofarnesio.com.br\/?p=112737","og_site_name":"Blog do Farn\u00e9sio","article_publisher":"https:\/\/www.facebook.com\/BlogQuerSaberPolitica\/","article_published_time":"2015-01-12T11:34:47+00:00","og_image":[{"url":"http:\/\/www.folhape.com.br\/blogdafolha\/wp-content\/uploads\/2015\/01\/codeam1.jpg","type":"","width":"","height":""}],"author":"teste","twitter_card":"summary_large_image","twitter_misc":{"Escrito por":"teste","Est. tempo de leitura":"1 minuto"},"schema":{"@context":"https:\/\/schema.org","@graph":[{"@type":"Article","@id":"https:\/\/blogdofarnesio.com.br\/?p=112737#article","isPartOf":{"@id":"https:\/\/blogdofarnesio.com.br\/?p=112737"},"author":{"name":"teste","@id":"https:\/\/blogdofarnesio.com.br\/#\/schema\/person\/dd1bf5eba40b687199ba45ca6b97dff9"},"headline":"SENADOR FBC PRESTIGIA POSSE NA CODEAM","datePublished":"2015-01-12T11:34:47+00:00","mainEntityOfPage":{"@id":"https:\/\/blogdofarnesio.com.br\/?p=112737"},"wordCount":194,"commentCount":0,"publisher":{"@id":"https:\/\/blogdofarnesio.com.br\/#organization"},"image":{"@id":"https:\/\/blogdofarnesio.com.br\/?p=112737#primaryimage"},"thumbnailUrl":"http:\/\/www.folhape.com.br\/blogdafolha\/wp-content\/uploads\/2015\/01\/codeam1.jpg","articleSection":["Pol\u00edtica"],"inLanguage":"pt-BR","potentialAction":[{"@type":"CommentAction","name":"Comment","target":["https:\/\/blogdofarnesio.com.br\/?p=112737#respond"]}]},{"@type":"WebPage","@id":"https:\/\/blogdofarnesio.com.br\/?p=112737","url":"https:\/\/blogdofarnesio.com.br\/?p=112737","name":"SENADOR FBC PRESTIGIA POSSE NA CODEAM - Blog do Farn\u00e9sio","isPartOf":{"@id":"https:\/\/blogdofarnesio.com.br\/#website"},"primaryImageOfPage":{"@id":"https:\/\/blogdofarnesio.com.br\/?p=112737#primaryimage"},"image":{"@id":"https:\/\/blogdofarnesio.com.br\/?p=112737#primaryimage"},"thumbnailUrl":"http:\/\/www.folhape.com.br\/blogdafolha\/wp-content\/uploads\/2015\/01\/codeam1.jpg","datePublished":"2015-01-12T11:34:47+00:00","breadcrumb":{"@id":"https:\/\/blogdofarnesio.com.br\/?p=112737#breadcrumb"},"inLanguage":"pt-BR","potentialAction":[{"@type":"ReadAction","target":["https:\/\/blogdofarnesio.com.br\/?p=112737"]}]},{"@type":"ImageObject","inLanguage":"pt-BR","@id":"https:\/\/blogdofarnesio.com.br\/?p=112737#primaryimage","url":"http:\/\/www.folhape.com.br\/blogdafolha\/wp-content\/uploads\/2015\/01\/codeam1.jpg","contentUrl":"http:\/\/www.folhape.com.br\/blogdafolha\/wp-content\/uploads\/2015\/01\/codeam1.jpg"},{"@type":"BreadcrumbList","@id":"https:\/\/blogdofarnesio.com.br\/?p=112737#breadcrumb","itemListElement":[{"@type":"ListItem","position":1,"name":"In\u00edcio","item":"https:\/\/blogdofarnesio.com.br\/"},{"@type":"ListItem","position":2,"name":"SENADOR FBC PRESTIGIA POSSE NA CODEAM"}]},{"@type":"WebSite","@id":"https:\/\/blogdofarnesio.com.br\/#website","url":"https:\/\/blogdofarnesio.com.br\/","name":"Blog do Farn\u00e9sio","description":"Quer Saber Pol\u00edtica?","publisher":{"@id":"https:\/\/blogdofarnesio.com.br\/#organization"},"potentialAction":[{"@type":"SearchAction","target":{"@type":"EntryPoint","urlTemplate":"https:\/\/blogdofarnesio.com.br\/?s={search_term_string}"},"query-input":{"@type":"PropertyValueSpecification","valueRequired":true,"valueName":"search_term_string"}}],"inLanguage":"pt-BR"},{"@type":"Organization","@id":"https:\/\/blogdofarnesio.com.br\/#organization","name":"Blog do Farn\u00e9sio","url":"https:\/\/blogdofarnesio.com.br\/","logo":{"@type":"ImageObject","inLanguage":"pt-BR","@id":"https:\/\/blogdofarnesio.com.br\/#\/schema\/logo\/image\/","url":"https:\/\/blogdofarnesio.com.br\/wp-content\/uploads\/2026\/03\/cropped-logo_new-1.png","contentUrl":"https:\/\/blogdofarnesio.com.br\/wp-content\/uploads\/2026\/03\/cropped-logo_new-1.png","width":881,"height":685,"caption":"Blog do Farn\u00e9sio"},"image":{"@id":"https:\/\/blogdofarnesio.com.br\/#\/schema\/logo\/image\/"},"sameAs":["https:\/\/www.facebook.com\/BlogQuerSaberPolitica\/"]},{"@type":"Person","@id":"https:\/\/blogdofarnesio.com.br\/#\/schema\/person\/dd1bf5eba40b687199ba45ca6b97dff9","name":"teste","image":{"@type":"ImageObject","inLanguage":"pt-BR","@id":"https:\/\/secure.gravatar.com\/avatar\/2172498d4914b51e1d89a0f97957b035ac4938723a5cac208135d389b6972a6d?s=96&d=mm&r=g","url":"https:\/\/secure.gravatar.com\/avatar\/2172498d4914b51e1d89a0f97957b035ac4938723a5cac208135d389b6972a6d?s=96&d=mm&r=g","contentUrl":"https:\/\/secure.gravatar.com\/avatar\/2172498d4914b51e1d89a0f97957b035ac4938723a5cac208135d389b6972a6d?s=96&d=mm&r=g","caption":"teste"},"url":"https:\/\/blogdofarnesio.com.br\/?author=3"}]}},"_links":{"self":[{"href":"https:\/\/blogdofarnesio.com.br\/index.php?rest_route=\/wp\/v2\/posts\/112737","targetHints":{"allow":["GET"]}}],"collection":[{"href":"https:\/\/blogdofarnesio.com.br\/index.php?rest_route=\/wp\/v2\/posts"}],"about":[{"href":"https:\/\/blogdofarnesio.com.br\/index.php?rest_route=\/wp\/v2\/types\/post"}],"author":[{"embeddable":true,"href":"https:\/\/blogdofarnesio.com.br\/index.php?rest_route=\/wp\/v2\/users\/3"}],"replies":[{"embeddable":true,"href":"https:\/\/blogdofarnesio.com.br\/index.php?rest_route=%2Fwp%2Fv2%2Fcomments&post=112737"}],"version-history":[{"count":0,"href":"https:\/\/blogdofarnesio.com.br\/index.php?rest_route=\/wp\/v2\/posts\/112737\/revisions"}],"wp:attachment":[{"href":"https:\/\/blogdofarnesio.com.br\/index.php?rest_route=%2Fwp%2Fv2%2Fmedia&parent=112737"}],"wp:term":[{"taxonomy":"category","embeddable":true,"href":"https:\/\/blogdofarnesio.com.br\/index.php?rest_route=%2Fwp%2Fv2%2Fcategories&post=112737"},{"taxonomy":"post_tag","embeddable":true,"href":"https:\/\/blogdofarnesio.com.br\/index.php?rest_route=%2Fwp%2Fv2%2Ftags&post=112737"}],"curies":[{"name":"wp","href":"https:\/\/api.w.org\/{rel}","templated":true}]}}