{"id":112718,"date":"2015-01-11T12:00:16","date_gmt":"2015-01-11T15:00:16","guid":{"rendered":"http:\/\/www.quersaberpolitica.com.br\/?p=112718"},"modified":"2015-01-11T08:29:30","modified_gmt":"2015-01-11T11:29:30","slug":"deputados-de-pernambuco-dao-um-tempo-nas-ferias-pra-aumentar-os-proprios-salarios","status":"publish","type":"post","link":"https:\/\/blogdofarnesio.com.br\/?p=112718","title":{"rendered":"DEPUTADOS DE PERNAMBUCO D\u00c3O UM TEMPO NAS F\u00c9RIAS PRA AUMENTAR OS PR\u00d3PRIOS SAL\u00c1RIOS"},"content":{"rendered":"<h1><a href=\"http:\/\/www.lagoagrandenoticia.com\/wp-content\/uploads\/2015\/01\/20150110043536_cv_ALEPEplenario2_gde.jpg\"><img loading=\"lazy\" decoding=\"async\" class=\"aligncenter\" alt=\"20150110043536_cv_ALEPEplenario2_gde\" src=\"http:\/\/www.lagoagrandenoticia.com\/wp-content\/uploads\/2015\/01\/20150110043536_cv_ALEPEplenario2_gde.jpg\" width=\"380\" height=\"284\" \/><\/a><\/h1>\n<div style=\"text-align: justify\">\n<p>Deputados estaduais, em recesso desde o dia 23 de dezembro, retornam segunda-feira \u00e0 Assembleia Legislativa de Pernambuco para a vota\u00e7\u00e3o extraordin\u00e1ria do reajuste dos sal\u00e1rios dos novos parlamentares que ingressar\u00e3o na Casa de Joaquim Nabuco a partir de fevereiro. O processo deve durar at\u00e9 quarta-feira. Antes de ser aprovado, o Projeto de Lei precisa passar pela Comiss\u00e3o de Constitui\u00e7\u00e3o e Justi\u00e7a antes de ir para vota\u00e7\u00e3o final e enviado para san\u00e7\u00e3o do governador.<\/p>\n<p>O aumento foi aprovado na C\u00e2mara Federal, no fim do ano passado, e, por lei, gera um \u201cefeito cascata\u201d nas assembleias e c\u00e2maras municipais de todo o pa\u00eds. Em Pernambuco, os vencimentos dos deputados estaduais chegar\u00e3o a aproximadamente R$ 25,3 mil, caso os parlamentares aprovem o teto m\u00e1ximo, que \u00e9 de 75% do sal\u00e1rio de um deputado federal<\/p>\n<p>A \u201cvolta ao trabalho\u201d precisou ser articulada pelos parlamentares, pois a aprova\u00e7\u00e3o em Bras\u00edlia aconteceu \u00e0s v\u00e9speras do in\u00edcio do recesso em Pernambuco e n\u00e3o houve tempo h\u00e1bil para ser votada. Caso n\u00e3o ocorresse, os deputados da pr\u00f3xima legislatura ficariam com os sal\u00e1rios congelados durante os pr\u00f3ximos quatro anos, j\u00e1 que os novatos n\u00e3o podem legislar em causa pr\u00f3pria, de acordo com a Constitui\u00e7\u00e3o Federal.<!--more--><\/p>\n<p>O presidente da Assembleia Legislativa, Guilherme Uchoa (PDT), acredita que n\u00e3o deve haver sobressaltos na aprova\u00e7\u00e3o do projeto. \u201cN\u00e3o podemos demorar, pois os novos deputados chegam em fevereiro. A vota\u00e7\u00e3o \u00e9 por maioria absoluta, ent\u00e3o com 25 deputados ela j\u00e1 pode ser aprovada. O valor bruto dos sal\u00e1rios dever\u00e1 chegar a R$ 25,3 mil e o l\u00edquido dever\u00e1 ficar na casa dos R$ 17 mil. Acredito que at\u00e9 quarta o processo estar\u00e1 finalizado\u201d, explicou o parlamentar.<\/p>\n<p><strong>Saiba mais<\/strong><\/p>\n<p><strong>Reajuste aprovado pela C\u00e2mara dos Deputados<\/strong><\/p>\n<p>Deputados federais e senadores<br \/>\nR$ 26.723,13<br \/>\nR$ 33.763,00<\/p>\n<p>Previs\u00e3o de reajuste para os deputados estaduais*<br \/>\nR$ 20.042,35<br \/>\nR$ 25.322,25<\/p>\n<p>6,41%<br \/>\n\u00e9 a infla\u00e7\u00e3o de 2014 de acordo com IPCA<\/p>\n<p>26,3%<br \/>\n\u00e9 o percentual de aumento que os deputados estaduais poder\u00e3o ter em caso de aprova\u00e7\u00e3o do reajuste<\/p>\n<p>R$ 982.075,15<br \/>\n\u00e9 quanto os deputados estaduais custam mensalmente \u00e0 Assembleia Legislativa de Pernambuco atualmente<\/p>\n<p>R$ 1.240.790,25<br \/>\n\u00e9 quanto a Assembleia passar\u00e1 a desembolsar mensalmente para pagar a remunera\u00e7\u00e3o dos deputados em caso de reajuste<\/p>\n<p>R$ 3,1 milh\u00f5es<br \/>\n\u00e9 o valor que a Assembleia gastar\u00e1 a mais por ano para pagar os proventos dos parlamentares estaduais<\/p>\n<p>Blog do Magno<\/p>\n<\/div>\n","protected":false},"excerpt":{"rendered":"<p>Deputados estaduais, em recesso desde o dia 23 de dezembro, retornam segunda-feira \u00e0 Assembleia Legislativa de Pernambuco para a vota\u00e7\u00e3o extraordin\u00e1ria do reajuste dos sal\u00e1rios dos novos parlamentares que ingressar\u00e3o na Casa de Joaquim Nabuco a partir de fevereiro. O processo deve durar at\u00e9 quarta-feira. Antes de ser aprovado, o Projeto de Lei precisa passar pela Comiss\u00e3o de Constitui\u00e7\u00e3o e Justi\u00e7a antes de ir para vota\u00e7\u00e3o final e enviado para san\u00e7\u00e3o do governador. O aumento foi aprovado na C\u00e2mara Federal, no fim do ano passado, e, por lei, gera um \u201cefeito cascata\u201d nas assembleias e c\u00e2maras municipais de todo o pa\u00eds. Em Pernambuco, os vencimentos dos deputados estaduais chegar\u00e3o a aproximadamente R$ 25,3 mil, caso os parlamentares aprovem o teto&hellip; <\/p>\n","protected":false},"author":3,"featured_media":0,"comment_status":"open","ping_status":"open","sticky":false,"template":"","format":"standard","meta":{"_acf_changed":false,"footnotes":""},"categories":[1],"tags":[],"class_list":["post-112718","post","type-post","status-publish","format-standard","hentry","category-politica"],"acf":[],"yoast_head":"<!-- This site is optimized with the Yoast SEO plugin v27.4 - https:\/\/yoast.com\/product\/yoast-seo-wordpress\/ -->\n<title>DEPUTADOS DE PERNAMBUCO D\u00c3O UM TEMPO NAS F\u00c9RIAS PRA AUMENTAR OS PR\u00d3PRIOS SAL\u00c1RIOS - Blog do Farn\u00e9sio<\/title>\n<meta name=\"robots\" content=\"index, follow, max-snippet:-1, max-image-preview:large, max-video-preview:-1\" \/>\n<link rel=\"canonical\" href=\"https:\/\/blogdofarnesio.com.br\/?p=112718\" \/>\n<meta property=\"og:locale\" content=\"pt_BR\" \/>\n<meta property=\"og:type\" content=\"article\" \/>\n<meta property=\"og:title\" content=\"DEPUTADOS DE PERNAMBUCO D\u00c3O UM TEMPO NAS F\u00c9RIAS PRA AUMENTAR OS PR\u00d3PRIOS SAL\u00c1RIOS - Blog do Farn\u00e9sio\" \/>\n<meta property=\"og:description\" content=\"Deputados estaduais, em recesso desde o dia 23 de dezembro, retornam segunda-feira \u00e0 Assembleia Legislativa de Pernambuco para a vota\u00e7\u00e3o extraordin\u00e1ria do reajuste dos sal\u00e1rios dos novos parlamentares que ingressar\u00e3o na Casa de Joaquim Nabuco a partir de fevereiro. O processo deve durar at\u00e9 quarta-feira. Antes de ser aprovado, o Projeto de Lei precisa passar pela Comiss\u00e3o de Constitui\u00e7\u00e3o e Justi\u00e7a antes de ir para vota\u00e7\u00e3o final e enviado para san\u00e7\u00e3o do governador. O aumento foi aprovado na C\u00e2mara Federal, no fim do ano passado, e, por lei, gera um \u201cefeito cascata\u201d nas assembleias e c\u00e2maras municipais de todo o pa\u00eds. Em Pernambuco, os vencimentos dos deputados estaduais chegar\u00e3o a aproximadamente R$ 25,3 mil, caso os parlamentares aprovem o teto&hellip;\" \/>\n<meta property=\"og:url\" content=\"https:\/\/blogdofarnesio.com.br\/?p=112718\" \/>\n<meta property=\"og:site_name\" content=\"Blog do Farn\u00e9sio\" \/>\n<meta property=\"article:publisher\" content=\"https:\/\/www.facebook.com\/BlogQuerSaberPolitica\/\" \/>\n<meta property=\"article:published_time\" content=\"2015-01-11T15:00:16+00:00\" \/>\n<meta property=\"og:image\" content=\"http:\/\/www.lagoagrandenoticia.com\/wp-content\/uploads\/2015\/01\/20150110043536_cv_ALEPEplenario2_gde.jpg\" \/>\n<meta name=\"author\" content=\"teste\" \/>\n<meta name=\"twitter:card\" content=\"summary_large_image\" \/>\n<meta name=\"twitter:label1\" content=\"Escrito por\" \/>\n\t<meta name=\"twitter:data1\" content=\"teste\" \/>\n\t<meta name=\"twitter:label2\" content=\"Est. tempo de leitura\" \/>\n\t<meta name=\"twitter:data2\" content=\"2 minutos\" \/>\n<script type=\"application\/ld+json\" class=\"yoast-schema-graph\">{\"@context\":\"https:\\\/\\\/schema.org\",\"@graph\":[{\"@type\":\"Article\",\"@id\":\"https:\\\/\\\/blogdofarnesio.com.br\\\/?p=112718#article\",\"isPartOf\":{\"@id\":\"https:\\\/\\\/blogdofarnesio.com.br\\\/?p=112718\"},\"author\":{\"name\":\"teste\",\"@id\":\"https:\\\/\\\/blogdofarnesio.com.br\\\/#\\\/schema\\\/person\\\/dd1bf5eba40b687199ba45ca6b97dff9\"},\"headline\":\"DEPUTADOS DE PERNAMBUCO D\u00c3O UM TEMPO NAS F\u00c9RIAS PRA AUMENTAR OS PR\u00d3PRIOS SAL\u00c1RIOS\",\"datePublished\":\"2015-01-11T15:00:16+00:00\",\"mainEntityOfPage\":{\"@id\":\"https:\\\/\\\/blogdofarnesio.com.br\\\/?p=112718\"},\"wordCount\":420,\"commentCount\":0,\"publisher\":{\"@id\":\"https:\\\/\\\/blogdofarnesio.com.br\\\/#organization\"},\"image\":{\"@id\":\"https:\\\/\\\/blogdofarnesio.com.br\\\/?p=112718#primaryimage\"},\"thumbnailUrl\":\"http:\\\/\\\/www.lagoagrandenoticia.com\\\/wp-content\\\/uploads\\\/2015\\\/01\\\/20150110043536_cv_ALEPEplenario2_gde.jpg\",\"articleSection\":[\"Pol\u00edtica\"],\"inLanguage\":\"pt-BR\",\"potentialAction\":[{\"@type\":\"CommentAction\",\"name\":\"Comment\",\"target\":[\"https:\\\/\\\/blogdofarnesio.com.br\\\/?p=112718#respond\"]}]},{\"@type\":\"WebPage\",\"@id\":\"https:\\\/\\\/blogdofarnesio.com.br\\\/?p=112718\",\"url\":\"https:\\\/\\\/blogdofarnesio.com.br\\\/?p=112718\",\"name\":\"DEPUTADOS DE PERNAMBUCO D\u00c3O UM TEMPO NAS F\u00c9RIAS PRA AUMENTAR OS PR\u00d3PRIOS SAL\u00c1RIOS - Blog do Farn\u00e9sio\",\"isPartOf\":{\"@id\":\"https:\\\/\\\/blogdofarnesio.com.br\\\/#website\"},\"primaryImageOfPage\":{\"@id\":\"https:\\\/\\\/blogdofarnesio.com.br\\\/?p=112718#primaryimage\"},\"image\":{\"@id\":\"https:\\\/\\\/blogdofarnesio.com.br\\\/?p=112718#primaryimage\"},\"thumbnailUrl\":\"http:\\\/\\\/www.lagoagrandenoticia.com\\\/wp-content\\\/uploads\\\/2015\\\/01\\\/20150110043536_cv_ALEPEplenario2_gde.jpg\",\"datePublished\":\"2015-01-11T15:00:16+00:00\",\"breadcrumb\":{\"@id\":\"https:\\\/\\\/blogdofarnesio.com.br\\\/?p=112718#breadcrumb\"},\"inLanguage\":\"pt-BR\",\"potentialAction\":[{\"@type\":\"ReadAction\",\"target\":[\"https:\\\/\\\/blogdofarnesio.com.br\\\/?p=112718\"]}]},{\"@type\":\"ImageObject\",\"inLanguage\":\"pt-BR\",\"@id\":\"https:\\\/\\\/blogdofarnesio.com.br\\\/?p=112718#primaryimage\",\"url\":\"http:\\\/\\\/www.lagoagrandenoticia.com\\\/wp-content\\\/uploads\\\/2015\\\/01\\\/20150110043536_cv_ALEPEplenario2_gde.jpg\",\"contentUrl\":\"http:\\\/\\\/www.lagoagrandenoticia.com\\\/wp-content\\\/uploads\\\/2015\\\/01\\\/20150110043536_cv_ALEPEplenario2_gde.jpg\"},{\"@type\":\"BreadcrumbList\",\"@id\":\"https:\\\/\\\/blogdofarnesio.com.br\\\/?p=112718#breadcrumb\",\"itemListElement\":[{\"@type\":\"ListItem\",\"position\":1,\"name\":\"In\u00edcio\",\"item\":\"https:\\\/\\\/blogdofarnesio.com.br\\\/\"},{\"@type\":\"ListItem\",\"position\":2,\"name\":\"DEPUTADOS DE PERNAMBUCO D\u00c3O UM TEMPO NAS F\u00c9RIAS PRA AUMENTAR OS PR\u00d3PRIOS SAL\u00c1RIOS\"}]},{\"@type\":\"WebSite\",\"@id\":\"https:\\\/\\\/blogdofarnesio.com.br\\\/#website\",\"url\":\"https:\\\/\\\/blogdofarnesio.com.br\\\/\",\"name\":\"Blog do Farn\u00e9sio\",\"description\":\"Quer Saber Pol\u00edtica?\",\"publisher\":{\"@id\":\"https:\\\/\\\/blogdofarnesio.com.br\\\/#organization\"},\"potentialAction\":[{\"@type\":\"SearchAction\",\"target\":{\"@type\":\"EntryPoint\",\"urlTemplate\":\"https:\\\/\\\/blogdofarnesio.com.br\\\/?s={search_term_string}\"},\"query-input\":{\"@type\":\"PropertyValueSpecification\",\"valueRequired\":true,\"valueName\":\"search_term_string\"}}],\"inLanguage\":\"pt-BR\"},{\"@type\":\"Organization\",\"@id\":\"https:\\\/\\\/blogdofarnesio.com.br\\\/#organization\",\"name\":\"Blog do Farn\u00e9sio\",\"url\":\"https:\\\/\\\/blogdofarnesio.com.br\\\/\",\"logo\":{\"@type\":\"ImageObject\",\"inLanguage\":\"pt-BR\",\"@id\":\"https:\\\/\\\/blogdofarnesio.com.br\\\/#\\\/schema\\\/logo\\\/image\\\/\",\"url\":\"https:\\\/\\\/blogdofarnesio.com.br\\\/wp-content\\\/uploads\\\/2026\\\/03\\\/cropped-logo_new-1.png\",\"contentUrl\":\"https:\\\/\\\/blogdofarnesio.com.br\\\/wp-content\\\/uploads\\\/2026\\\/03\\\/cropped-logo_new-1.png\",\"width\":881,\"height\":685,\"caption\":\"Blog do Farn\u00e9sio\"},\"image\":{\"@id\":\"https:\\\/\\\/blogdofarnesio.com.br\\\/#\\\/schema\\\/logo\\\/image\\\/\"},\"sameAs\":[\"https:\\\/\\\/www.facebook.com\\\/BlogQuerSaberPolitica\\\/\"]},{\"@type\":\"Person\",\"@id\":\"https:\\\/\\\/blogdofarnesio.com.br\\\/#\\\/schema\\\/person\\\/dd1bf5eba40b687199ba45ca6b97dff9\",\"name\":\"teste\",\"image\":{\"@type\":\"ImageObject\",\"inLanguage\":\"pt-BR\",\"@id\":\"https:\\\/\\\/secure.gravatar.com\\\/avatar\\\/2172498d4914b51e1d89a0f97957b035ac4938723a5cac208135d389b6972a6d?s=96&d=mm&r=g\",\"url\":\"https:\\\/\\\/secure.gravatar.com\\\/avatar\\\/2172498d4914b51e1d89a0f97957b035ac4938723a5cac208135d389b6972a6d?s=96&d=mm&r=g\",\"contentUrl\":\"https:\\\/\\\/secure.gravatar.com\\\/avatar\\\/2172498d4914b51e1d89a0f97957b035ac4938723a5cac208135d389b6972a6d?s=96&d=mm&r=g\",\"caption\":\"teste\"},\"url\":\"https:\\\/\\\/blogdofarnesio.com.br\\\/?author=3\"}]}<\/script>\n<!-- \/ Yoast SEO plugin. -->","yoast_head_json":{"title":"DEPUTADOS DE PERNAMBUCO D\u00c3O UM TEMPO NAS F\u00c9RIAS PRA AUMENTAR OS PR\u00d3PRIOS SAL\u00c1RIOS - Blog do Farn\u00e9sio","robots":{"index":"index","follow":"follow","max-snippet":"max-snippet:-1","max-image-preview":"max-image-preview:large","max-video-preview":"max-video-preview:-1"},"canonical":"https:\/\/blogdofarnesio.com.br\/?p=112718","og_locale":"pt_BR","og_type":"article","og_title":"DEPUTADOS DE PERNAMBUCO D\u00c3O UM TEMPO NAS F\u00c9RIAS PRA AUMENTAR OS PR\u00d3PRIOS SAL\u00c1RIOS - Blog do Farn\u00e9sio","og_description":"Deputados estaduais, em recesso desde o dia 23 de dezembro, retornam segunda-feira \u00e0 Assembleia Legislativa de Pernambuco para a vota\u00e7\u00e3o extraordin\u00e1ria do reajuste dos sal\u00e1rios dos novos parlamentares que ingressar\u00e3o na Casa de Joaquim Nabuco a partir de fevereiro. O processo deve durar at\u00e9 quarta-feira. Antes de ser aprovado, o Projeto de Lei precisa passar pela Comiss\u00e3o de Constitui\u00e7\u00e3o e Justi\u00e7a antes de ir para vota\u00e7\u00e3o final e enviado para san\u00e7\u00e3o do governador. O aumento foi aprovado na C\u00e2mara Federal, no fim do ano passado, e, por lei, gera um \u201cefeito cascata\u201d nas assembleias e c\u00e2maras municipais de todo o pa\u00eds. Em Pernambuco, os vencimentos dos deputados estaduais chegar\u00e3o a aproximadamente R$ 25,3 mil, caso os parlamentares aprovem o teto&hellip;","og_url":"https:\/\/blogdofarnesio.com.br\/?p=112718","og_site_name":"Blog do Farn\u00e9sio","article_publisher":"https:\/\/www.facebook.com\/BlogQuerSaberPolitica\/","article_published_time":"2015-01-11T15:00:16+00:00","og_image":[{"url":"http:\/\/www.lagoagrandenoticia.com\/wp-content\/uploads\/2015\/01\/20150110043536_cv_ALEPEplenario2_gde.jpg","type":"","width":"","height":""}],"author":"teste","twitter_card":"summary_large_image","twitter_misc":{"Escrito por":"teste","Est. tempo de leitura":"2 minutos"},"schema":{"@context":"https:\/\/schema.org","@graph":[{"@type":"Article","@id":"https:\/\/blogdofarnesio.com.br\/?p=112718#article","isPartOf":{"@id":"https:\/\/blogdofarnesio.com.br\/?p=112718"},"author":{"name":"teste","@id":"https:\/\/blogdofarnesio.com.br\/#\/schema\/person\/dd1bf5eba40b687199ba45ca6b97dff9"},"headline":"DEPUTADOS DE PERNAMBUCO D\u00c3O UM TEMPO NAS F\u00c9RIAS PRA AUMENTAR OS PR\u00d3PRIOS SAL\u00c1RIOS","datePublished":"2015-01-11T15:00:16+00:00","mainEntityOfPage":{"@id":"https:\/\/blogdofarnesio.com.br\/?p=112718"},"wordCount":420,"commentCount":0,"publisher":{"@id":"https:\/\/blogdofarnesio.com.br\/#organization"},"image":{"@id":"https:\/\/blogdofarnesio.com.br\/?p=112718#primaryimage"},"thumbnailUrl":"http:\/\/www.lagoagrandenoticia.com\/wp-content\/uploads\/2015\/01\/20150110043536_cv_ALEPEplenario2_gde.jpg","articleSection":["Pol\u00edtica"],"inLanguage":"pt-BR","potentialAction":[{"@type":"CommentAction","name":"Comment","target":["https:\/\/blogdofarnesio.com.br\/?p=112718#respond"]}]},{"@type":"WebPage","@id":"https:\/\/blogdofarnesio.com.br\/?p=112718","url":"https:\/\/blogdofarnesio.com.br\/?p=112718","name":"DEPUTADOS DE PERNAMBUCO D\u00c3O UM TEMPO NAS F\u00c9RIAS PRA AUMENTAR OS PR\u00d3PRIOS SAL\u00c1RIOS - Blog do Farn\u00e9sio","isPartOf":{"@id":"https:\/\/blogdofarnesio.com.br\/#website"},"primaryImageOfPage":{"@id":"https:\/\/blogdofarnesio.com.br\/?p=112718#primaryimage"},"image":{"@id":"https:\/\/blogdofarnesio.com.br\/?p=112718#primaryimage"},"thumbnailUrl":"http:\/\/www.lagoagrandenoticia.com\/wp-content\/uploads\/2015\/01\/20150110043536_cv_ALEPEplenario2_gde.jpg","datePublished":"2015-01-11T15:00:16+00:00","breadcrumb":{"@id":"https:\/\/blogdofarnesio.com.br\/?p=112718#breadcrumb"},"inLanguage":"pt-BR","potentialAction":[{"@type":"ReadAction","target":["https:\/\/blogdofarnesio.com.br\/?p=112718"]}]},{"@type":"ImageObject","inLanguage":"pt-BR","@id":"https:\/\/blogdofarnesio.com.br\/?p=112718#primaryimage","url":"http:\/\/www.lagoagrandenoticia.com\/wp-content\/uploads\/2015\/01\/20150110043536_cv_ALEPEplenario2_gde.jpg","contentUrl":"http:\/\/www.lagoagrandenoticia.com\/wp-content\/uploads\/2015\/01\/20150110043536_cv_ALEPEplenario2_gde.jpg"},{"@type":"BreadcrumbList","@id":"https:\/\/blogdofarnesio.com.br\/?p=112718#breadcrumb","itemListElement":[{"@type":"ListItem","position":1,"name":"In\u00edcio","item":"https:\/\/blogdofarnesio.com.br\/"},{"@type":"ListItem","position":2,"name":"DEPUTADOS DE PERNAMBUCO D\u00c3O UM TEMPO NAS F\u00c9RIAS PRA AUMENTAR OS PR\u00d3PRIOS SAL\u00c1RIOS"}]},{"@type":"WebSite","@id":"https:\/\/blogdofarnesio.com.br\/#website","url":"https:\/\/blogdofarnesio.com.br\/","name":"Blog do Farn\u00e9sio","description":"Quer Saber Pol\u00edtica?","publisher":{"@id":"https:\/\/blogdofarnesio.com.br\/#organization"},"potentialAction":[{"@type":"SearchAction","target":{"@type":"EntryPoint","urlTemplate":"https:\/\/blogdofarnesio.com.br\/?s={search_term_string}"},"query-input":{"@type":"PropertyValueSpecification","valueRequired":true,"valueName":"search_term_string"}}],"inLanguage":"pt-BR"},{"@type":"Organization","@id":"https:\/\/blogdofarnesio.com.br\/#organization","name":"Blog do Farn\u00e9sio","url":"https:\/\/blogdofarnesio.com.br\/","logo":{"@type":"ImageObject","inLanguage":"pt-BR","@id":"https:\/\/blogdofarnesio.com.br\/#\/schema\/logo\/image\/","url":"https:\/\/blogdofarnesio.com.br\/wp-content\/uploads\/2026\/03\/cropped-logo_new-1.png","contentUrl":"https:\/\/blogdofarnesio.com.br\/wp-content\/uploads\/2026\/03\/cropped-logo_new-1.png","width":881,"height":685,"caption":"Blog do Farn\u00e9sio"},"image":{"@id":"https:\/\/blogdofarnesio.com.br\/#\/schema\/logo\/image\/"},"sameAs":["https:\/\/www.facebook.com\/BlogQuerSaberPolitica\/"]},{"@type":"Person","@id":"https:\/\/blogdofarnesio.com.br\/#\/schema\/person\/dd1bf5eba40b687199ba45ca6b97dff9","name":"teste","image":{"@type":"ImageObject","inLanguage":"pt-BR","@id":"https:\/\/secure.gravatar.com\/avatar\/2172498d4914b51e1d89a0f97957b035ac4938723a5cac208135d389b6972a6d?s=96&d=mm&r=g","url":"https:\/\/secure.gravatar.com\/avatar\/2172498d4914b51e1d89a0f97957b035ac4938723a5cac208135d389b6972a6d?s=96&d=mm&r=g","contentUrl":"https:\/\/secure.gravatar.com\/avatar\/2172498d4914b51e1d89a0f97957b035ac4938723a5cac208135d389b6972a6d?s=96&d=mm&r=g","caption":"teste"},"url":"https:\/\/blogdofarnesio.com.br\/?author=3"}]}},"_links":{"self":[{"href":"https:\/\/blogdofarnesio.com.br\/index.php?rest_route=\/wp\/v2\/posts\/112718","targetHints":{"allow":["GET"]}}],"collection":[{"href":"https:\/\/blogdofarnesio.com.br\/index.php?rest_route=\/wp\/v2\/posts"}],"about":[{"href":"https:\/\/blogdofarnesio.com.br\/index.php?rest_route=\/wp\/v2\/types\/post"}],"author":[{"embeddable":true,"href":"https:\/\/blogdofarnesio.com.br\/index.php?rest_route=\/wp\/v2\/users\/3"}],"replies":[{"embeddable":true,"href":"https:\/\/blogdofarnesio.com.br\/index.php?rest_route=%2Fwp%2Fv2%2Fcomments&post=112718"}],"version-history":[{"count":0,"href":"https:\/\/blogdofarnesio.com.br\/index.php?rest_route=\/wp\/v2\/posts\/112718\/revisions"}],"wp:attachment":[{"href":"https:\/\/blogdofarnesio.com.br\/index.php?rest_route=%2Fwp%2Fv2%2Fmedia&parent=112718"}],"wp:term":[{"taxonomy":"category","embeddable":true,"href":"https:\/\/blogdofarnesio.com.br\/index.php?rest_route=%2Fwp%2Fv2%2Fcategories&post=112718"},{"taxonomy":"post_tag","embeddable":true,"href":"https:\/\/blogdofarnesio.com.br\/index.php?rest_route=%2Fwp%2Fv2%2Ftags&post=112718"}],"curies":[{"name":"wp","href":"https:\/\/api.w.org\/{rel}","templated":true}]}}