{"id":112710,"date":"2015-01-11T10:00:52","date_gmt":"2015-01-11T13:00:52","guid":{"rendered":"http:\/\/www.quersaberpolitica.com.br\/?p=112710"},"modified":"2015-01-11T08:14:10","modified_gmt":"2015-01-11T11:14:10","slug":"15o-encontro-regional-do-mst-esta-sendo-realizado-em-juazeiro","status":"publish","type":"post","link":"https:\/\/blogdofarnesio.com.br\/?p=112710","title":{"rendered":"15\u00ba ENCONTRO REGIONAL DO MST EST\u00c1 SENDO REALIZADO EM JUAZEIRO"},"content":{"rendered":"<p style=\"text-align: justify\" align=\"center\"><a href=\"http:\/\/www.quersaberpolitica.com.br\/2016\/wp-content\/uploads\/2015\/01\/15_Encontro_Regional_Norte_MST-6.jpg\"><img loading=\"lazy\" decoding=\"async\" class=\"alignleft size-medium wp-image-112711\" alt=\"15_Encontro_Regional_Norte_MST (6)\" src=\"http:\/\/www.quersaberpolitica.com.br\/2016\/wp-content\/uploads\/2015\/01\/15_Encontro_Regional_Norte_MST-6-300x190.jpg\" width=\"300\" height=\"190\" srcset=\"https:\/\/blogdofarnesio.com.br\/wp-content\/uploads\/2015\/01\/15_Encontro_Regional_Norte_MST-6-300x190.jpg 300w, https:\/\/blogdofarnesio.com.br\/wp-content\/uploads\/2015\/01\/15_Encontro_Regional_Norte_MST-6.jpg 448w\" sizes=\"auto, (max-width: 300px) 100vw, 300px\" \/><\/a><\/p>\n<p style=\"text-align: justify\">Militantes do Movimento dos Trabalhadores e Trabalhadoras Rurais Sem Terra \u2013 MST participam de 09 a 11 de janeiro, do 15\u00b0 Encontro Regional Norte do MST, nas depend\u00eancias do Gin\u00e1sio de Esportes Alo\u00edsio Viana, em Juazeiro.<\/p>\n<p style=\"text-align: justify\">S\u00e3o cerca de 300 agricultores e agricultoras participantes, oriundos de acampamentos e assentamentos dos diversos munic\u00edpios do Territ\u00f3rio Sert\u00e3o do S\u00e3o Francisco e tamb\u00e9m da microrregi\u00e3o de Senhor do Bonfim, avaliando e planejando as a\u00e7\u00f5es do movimento para o ano de 2015.<\/p>\n<p style=\"text-align: justify\">Na manh\u00e3 desse s\u00e1bado (10), uma mesa pol\u00edtica reuniu lideran\u00e7as do pr\u00f3prio movimento, o vereador Tiano Felix &#8211; PT e o Deputado Federal Valmir Assun\u00e7\u00e3o \u2013 PT\/Bahia, um assentado oriundo do pr\u00f3prio MST e que defende as lutas de reforma agr\u00e1ria e demais movimentos sociais no Congresso Nacional.<!--more--><\/p>\n<p style=\"text-align: justify\">Em sua fala, o deputado Valmir Assun\u00e7\u00e3o destacou os desafios e conquistas da luta pela reforma agr\u00e1ria no pa\u00eds, mas tamb\u00e9m destacou a import\u00e2ncia de reagir \u00e0s for\u00e7as do latif\u00fandio, incluindo a contesta\u00e7\u00e3o \u00e0 nova Ministra da Agricultura, K\u00e1tia Abreu, que afirmara de que n\u00e3o h\u00e1 mais latif\u00fandio no pa\u00eds:\u00a0<i>\u201c\u00c9 ignor\u00e2ncia pol\u00edtica a ministra dizer que n\u00e3o h\u00e1 mais latif\u00fandio, quando a Constitui\u00e7\u00e3o \u00e9 clara e diz que terra improdutiva deve ir para a reforma agr\u00e1ria, cumprir fun\u00e7\u00e3o social<\/i>\u201d.<\/p>\n<p style=\"text-align: justify\">Esse \u00e9 o 15\u00ba Encontro Regional Norte do MST, que acontece anualmente como um momento de an\u00e1lise de conjuntura pol\u00edtica e planejamento de a\u00e7\u00f5es, como explica o Coordenador do MST na regional, Paulo Cesar:<i>\u201cA inten\u00e7\u00e3o \u00e9 dar continuidade \u00e0 organiza\u00e7\u00e3o do movimento na regi\u00e3o, consolidar as conquistas em pol\u00edticas p\u00fablicas nos assentamentos e fazer avan\u00e7ar as lutas por reforma agr\u00e1ria\u201d,<\/i>\u00a0pontuou.<\/p>\n<p style=\"text-align: justify\">O MST \u00e9 considerado um dos movimentos sociais mais organizados no Brasil, tanto em quantidade de militantes quanto em capacidade de press\u00e3o social. Com quase 400 mil fam\u00edlias assentadas e centenas de ocupa\u00e7\u00f5es em todo o pa\u00eds, defende a Reforma Agr\u00e1ria como uma das necessidades essenciais para a constru\u00e7\u00e3o de uma sociedade mais justa e igualit\u00e1ria, incluindo a melhoria da qualidade de vida.<\/p>\n<p style=\"text-align: justify\">\n<p style=\"text-align: justify\" align=\"right\"><b>10\/01\/2015<\/b><\/p>\n<p style=\"text-align: justify\"><b>Ascom Vereador Tiano Felix<\/b><\/p>\n","protected":false},"excerpt":{"rendered":"<p>Militantes do Movimento dos Trabalhadores e Trabalhadoras Rurais Sem Terra \u2013 MST participam de 09 a 11 de janeiro, do 15\u00b0 Encontro Regional Norte do MST, nas depend\u00eancias do Gin\u00e1sio de Esportes Alo\u00edsio Viana, em Juazeiro. S\u00e3o cerca de 300 agricultores e agricultoras participantes, oriundos de acampamentos e assentamentos dos diversos munic\u00edpios do Territ\u00f3rio Sert\u00e3o do S\u00e3o Francisco e tamb\u00e9m da microrregi\u00e3o de Senhor do Bonfim, avaliando e planejando as a\u00e7\u00f5es do movimento para o ano de 2015. Na manh\u00e3 desse s\u00e1bado (10), uma mesa pol\u00edtica reuniu lideran\u00e7as do pr\u00f3prio movimento, o vereador Tiano Felix &#8211; PT e o Deputado Federal Valmir Assun\u00e7\u00e3o \u2013 PT\/Bahia, um assentado oriundo do pr\u00f3prio MST e que defende as lutas de reforma agr\u00e1ria e&hellip; <\/p>\n","protected":false},"author":3,"featured_media":0,"comment_status":"open","ping_status":"open","sticky":false,"template":"","format":"standard","meta":{"_acf_changed":false,"footnotes":""},"categories":[26],"tags":[],"class_list":["post-112710","post","type-post","status-publish","format-standard","hentry","category-agricultura"],"acf":[],"yoast_head":"<!-- This site is optimized with the Yoast SEO plugin v27.4 - https:\/\/yoast.com\/product\/yoast-seo-wordpress\/ -->\n<title>15\u00ba ENCONTRO REGIONAL DO MST EST\u00c1 SENDO REALIZADO EM JUAZEIRO - Blog do Farn\u00e9sio<\/title>\n<meta name=\"robots\" content=\"index, follow, max-snippet:-1, max-image-preview:large, max-video-preview:-1\" \/>\n<link rel=\"canonical\" href=\"https:\/\/blogdofarnesio.com.br\/?p=112710\" \/>\n<meta property=\"og:locale\" content=\"pt_BR\" \/>\n<meta property=\"og:type\" content=\"article\" \/>\n<meta property=\"og:title\" content=\"15\u00ba ENCONTRO REGIONAL DO MST EST\u00c1 SENDO REALIZADO EM JUAZEIRO - Blog do Farn\u00e9sio\" \/>\n<meta property=\"og:description\" content=\"Militantes do Movimento dos Trabalhadores e Trabalhadoras Rurais Sem Terra \u2013 MST participam de 09 a 11 de janeiro, do 15\u00b0 Encontro Regional Norte do MST, nas depend\u00eancias do Gin\u00e1sio de Esportes Alo\u00edsio Viana, em Juazeiro. S\u00e3o cerca de 300 agricultores e agricultoras participantes, oriundos de acampamentos e assentamentos dos diversos munic\u00edpios do Territ\u00f3rio Sert\u00e3o do S\u00e3o Francisco e tamb\u00e9m da microrregi\u00e3o de Senhor do Bonfim, avaliando e planejando as a\u00e7\u00f5es do movimento para o ano de 2015. Na manh\u00e3 desse s\u00e1bado (10), uma mesa pol\u00edtica reuniu lideran\u00e7as do pr\u00f3prio movimento, o vereador Tiano Felix &#8211; PT e o Deputado Federal Valmir Assun\u00e7\u00e3o \u2013 PT\/Bahia, um assentado oriundo do pr\u00f3prio MST e que defende as lutas de reforma agr\u00e1ria e&hellip;\" \/>\n<meta property=\"og:url\" content=\"https:\/\/blogdofarnesio.com.br\/?p=112710\" \/>\n<meta property=\"og:site_name\" content=\"Blog do Farn\u00e9sio\" \/>\n<meta property=\"article:publisher\" content=\"https:\/\/www.facebook.com\/BlogQuerSaberPolitica\/\" \/>\n<meta property=\"article:published_time\" content=\"2015-01-11T13:00:52+00:00\" \/>\n<meta property=\"og:image\" content=\"http:\/\/www.quersaberpolitica.com.br\/2016\/wp-content\/uploads\/2015\/01\/15_Encontro_Regional_Norte_MST-6-300x190.jpg\" \/>\n<meta name=\"author\" content=\"teste\" \/>\n<meta name=\"twitter:card\" content=\"summary_large_image\" \/>\n<meta name=\"twitter:label1\" content=\"Escrito por\" \/>\n\t<meta name=\"twitter:data1\" content=\"teste\" \/>\n\t<meta name=\"twitter:label2\" content=\"Est. tempo de leitura\" \/>\n\t<meta name=\"twitter:data2\" content=\"2 minutos\" \/>\n<script type=\"application\/ld+json\" class=\"yoast-schema-graph\">{\"@context\":\"https:\\\/\\\/schema.org\",\"@graph\":[{\"@type\":\"Article\",\"@id\":\"https:\\\/\\\/blogdofarnesio.com.br\\\/?p=112710#article\",\"isPartOf\":{\"@id\":\"https:\\\/\\\/blogdofarnesio.com.br\\\/?p=112710\"},\"author\":{\"name\":\"teste\",\"@id\":\"https:\\\/\\\/blogdofarnesio.com.br\\\/#\\\/schema\\\/person\\\/dd1bf5eba40b687199ba45ca6b97dff9\"},\"headline\":\"15\u00ba ENCONTRO REGIONAL DO MST EST\u00c1 SENDO REALIZADO EM JUAZEIRO\",\"datePublished\":\"2015-01-11T13:00:52+00:00\",\"mainEntityOfPage\":{\"@id\":\"https:\\\/\\\/blogdofarnesio.com.br\\\/?p=112710\"},\"wordCount\":382,\"commentCount\":0,\"publisher\":{\"@id\":\"https:\\\/\\\/blogdofarnesio.com.br\\\/#organization\"},\"image\":{\"@id\":\"https:\\\/\\\/blogdofarnesio.com.br\\\/?p=112710#primaryimage\"},\"thumbnailUrl\":\"http:\\\/\\\/www.quersaberpolitica.com.br\\\/2016\\\/wp-content\\\/uploads\\\/2015\\\/01\\\/15_Encontro_Regional_Norte_MST-6-300x190.jpg\",\"articleSection\":[\"Agricultura\"],\"inLanguage\":\"pt-BR\",\"potentialAction\":[{\"@type\":\"CommentAction\",\"name\":\"Comment\",\"target\":[\"https:\\\/\\\/blogdofarnesio.com.br\\\/?p=112710#respond\"]}]},{\"@type\":\"WebPage\",\"@id\":\"https:\\\/\\\/blogdofarnesio.com.br\\\/?p=112710\",\"url\":\"https:\\\/\\\/blogdofarnesio.com.br\\\/?p=112710\",\"name\":\"15\u00ba ENCONTRO REGIONAL DO MST EST\u00c1 SENDO REALIZADO EM JUAZEIRO - Blog do Farn\u00e9sio\",\"isPartOf\":{\"@id\":\"https:\\\/\\\/blogdofarnesio.com.br\\\/#website\"},\"primaryImageOfPage\":{\"@id\":\"https:\\\/\\\/blogdofarnesio.com.br\\\/?p=112710#primaryimage\"},\"image\":{\"@id\":\"https:\\\/\\\/blogdofarnesio.com.br\\\/?p=112710#primaryimage\"},\"thumbnailUrl\":\"http:\\\/\\\/www.quersaberpolitica.com.br\\\/2016\\\/wp-content\\\/uploads\\\/2015\\\/01\\\/15_Encontro_Regional_Norte_MST-6-300x190.jpg\",\"datePublished\":\"2015-01-11T13:00:52+00:00\",\"breadcrumb\":{\"@id\":\"https:\\\/\\\/blogdofarnesio.com.br\\\/?p=112710#breadcrumb\"},\"inLanguage\":\"pt-BR\",\"potentialAction\":[{\"@type\":\"ReadAction\",\"target\":[\"https:\\\/\\\/blogdofarnesio.com.br\\\/?p=112710\"]}]},{\"@type\":\"ImageObject\",\"inLanguage\":\"pt-BR\",\"@id\":\"https:\\\/\\\/blogdofarnesio.com.br\\\/?p=112710#primaryimage\",\"url\":\"http:\\\/\\\/www.quersaberpolitica.com.br\\\/2016\\\/wp-content\\\/uploads\\\/2015\\\/01\\\/15_Encontro_Regional_Norte_MST-6-300x190.jpg\",\"contentUrl\":\"http:\\\/\\\/www.quersaberpolitica.com.br\\\/2016\\\/wp-content\\\/uploads\\\/2015\\\/01\\\/15_Encontro_Regional_Norte_MST-6-300x190.jpg\"},{\"@type\":\"BreadcrumbList\",\"@id\":\"https:\\\/\\\/blogdofarnesio.com.br\\\/?p=112710#breadcrumb\",\"itemListElement\":[{\"@type\":\"ListItem\",\"position\":1,\"name\":\"In\u00edcio\",\"item\":\"https:\\\/\\\/blogdofarnesio.com.br\\\/\"},{\"@type\":\"ListItem\",\"position\":2,\"name\":\"15\u00ba ENCONTRO REGIONAL DO MST EST\u00c1 SENDO REALIZADO EM JUAZEIRO\"}]},{\"@type\":\"WebSite\",\"@id\":\"https:\\\/\\\/blogdofarnesio.com.br\\\/#website\",\"url\":\"https:\\\/\\\/blogdofarnesio.com.br\\\/\",\"name\":\"Blog do Farn\u00e9sio\",\"description\":\"Quer Saber Pol\u00edtica?\",\"publisher\":{\"@id\":\"https:\\\/\\\/blogdofarnesio.com.br\\\/#organization\"},\"potentialAction\":[{\"@type\":\"SearchAction\",\"target\":{\"@type\":\"EntryPoint\",\"urlTemplate\":\"https:\\\/\\\/blogdofarnesio.com.br\\\/?s={search_term_string}\"},\"query-input\":{\"@type\":\"PropertyValueSpecification\",\"valueRequired\":true,\"valueName\":\"search_term_string\"}}],\"inLanguage\":\"pt-BR\"},{\"@type\":\"Organization\",\"@id\":\"https:\\\/\\\/blogdofarnesio.com.br\\\/#organization\",\"name\":\"Blog do Farn\u00e9sio\",\"url\":\"https:\\\/\\\/blogdofarnesio.com.br\\\/\",\"logo\":{\"@type\":\"ImageObject\",\"inLanguage\":\"pt-BR\",\"@id\":\"https:\\\/\\\/blogdofarnesio.com.br\\\/#\\\/schema\\\/logo\\\/image\\\/\",\"url\":\"https:\\\/\\\/blogdofarnesio.com.br\\\/wp-content\\\/uploads\\\/2026\\\/03\\\/cropped-logo_new-1.png\",\"contentUrl\":\"https:\\\/\\\/blogdofarnesio.com.br\\\/wp-content\\\/uploads\\\/2026\\\/03\\\/cropped-logo_new-1.png\",\"width\":881,\"height\":685,\"caption\":\"Blog do Farn\u00e9sio\"},\"image\":{\"@id\":\"https:\\\/\\\/blogdofarnesio.com.br\\\/#\\\/schema\\\/logo\\\/image\\\/\"},\"sameAs\":[\"https:\\\/\\\/www.facebook.com\\\/BlogQuerSaberPolitica\\\/\"]},{\"@type\":\"Person\",\"@id\":\"https:\\\/\\\/blogdofarnesio.com.br\\\/#\\\/schema\\\/person\\\/dd1bf5eba40b687199ba45ca6b97dff9\",\"name\":\"teste\",\"image\":{\"@type\":\"ImageObject\",\"inLanguage\":\"pt-BR\",\"@id\":\"https:\\\/\\\/secure.gravatar.com\\\/avatar\\\/2172498d4914b51e1d89a0f97957b035ac4938723a5cac208135d389b6972a6d?s=96&d=mm&r=g\",\"url\":\"https:\\\/\\\/secure.gravatar.com\\\/avatar\\\/2172498d4914b51e1d89a0f97957b035ac4938723a5cac208135d389b6972a6d?s=96&d=mm&r=g\",\"contentUrl\":\"https:\\\/\\\/secure.gravatar.com\\\/avatar\\\/2172498d4914b51e1d89a0f97957b035ac4938723a5cac208135d389b6972a6d?s=96&d=mm&r=g\",\"caption\":\"teste\"},\"url\":\"https:\\\/\\\/blogdofarnesio.com.br\\\/?author=3\"}]}<\/script>\n<!-- \/ Yoast SEO plugin. -->","yoast_head_json":{"title":"15\u00ba ENCONTRO REGIONAL DO MST EST\u00c1 SENDO REALIZADO EM JUAZEIRO - Blog do Farn\u00e9sio","robots":{"index":"index","follow":"follow","max-snippet":"max-snippet:-1","max-image-preview":"max-image-preview:large","max-video-preview":"max-video-preview:-1"},"canonical":"https:\/\/blogdofarnesio.com.br\/?p=112710","og_locale":"pt_BR","og_type":"article","og_title":"15\u00ba ENCONTRO REGIONAL DO MST EST\u00c1 SENDO REALIZADO EM JUAZEIRO - Blog do Farn\u00e9sio","og_description":"Militantes do Movimento dos Trabalhadores e Trabalhadoras Rurais Sem Terra \u2013 MST participam de 09 a 11 de janeiro, do 15\u00b0 Encontro Regional Norte do MST, nas depend\u00eancias do Gin\u00e1sio de Esportes Alo\u00edsio Viana, em Juazeiro. S\u00e3o cerca de 300 agricultores e agricultoras participantes, oriundos de acampamentos e assentamentos dos diversos munic\u00edpios do Territ\u00f3rio Sert\u00e3o do S\u00e3o Francisco e tamb\u00e9m da microrregi\u00e3o de Senhor do Bonfim, avaliando e planejando as a\u00e7\u00f5es do movimento para o ano de 2015. Na manh\u00e3 desse s\u00e1bado (10), uma mesa pol\u00edtica reuniu lideran\u00e7as do pr\u00f3prio movimento, o vereador Tiano Felix &#8211; PT e o Deputado Federal Valmir Assun\u00e7\u00e3o \u2013 PT\/Bahia, um assentado oriundo do pr\u00f3prio MST e que defende as lutas de reforma agr\u00e1ria e&hellip;","og_url":"https:\/\/blogdofarnesio.com.br\/?p=112710","og_site_name":"Blog do Farn\u00e9sio","article_publisher":"https:\/\/www.facebook.com\/BlogQuerSaberPolitica\/","article_published_time":"2015-01-11T13:00:52+00:00","og_image":[{"url":"http:\/\/www.quersaberpolitica.com.br\/2016\/wp-content\/uploads\/2015\/01\/15_Encontro_Regional_Norte_MST-6-300x190.jpg","type":"","width":"","height":""}],"author":"teste","twitter_card":"summary_large_image","twitter_misc":{"Escrito por":"teste","Est. tempo de leitura":"2 minutos"},"schema":{"@context":"https:\/\/schema.org","@graph":[{"@type":"Article","@id":"https:\/\/blogdofarnesio.com.br\/?p=112710#article","isPartOf":{"@id":"https:\/\/blogdofarnesio.com.br\/?p=112710"},"author":{"name":"teste","@id":"https:\/\/blogdofarnesio.com.br\/#\/schema\/person\/dd1bf5eba40b687199ba45ca6b97dff9"},"headline":"15\u00ba ENCONTRO REGIONAL DO MST EST\u00c1 SENDO REALIZADO EM JUAZEIRO","datePublished":"2015-01-11T13:00:52+00:00","mainEntityOfPage":{"@id":"https:\/\/blogdofarnesio.com.br\/?p=112710"},"wordCount":382,"commentCount":0,"publisher":{"@id":"https:\/\/blogdofarnesio.com.br\/#organization"},"image":{"@id":"https:\/\/blogdofarnesio.com.br\/?p=112710#primaryimage"},"thumbnailUrl":"http:\/\/www.quersaberpolitica.com.br\/2016\/wp-content\/uploads\/2015\/01\/15_Encontro_Regional_Norte_MST-6-300x190.jpg","articleSection":["Agricultura"],"inLanguage":"pt-BR","potentialAction":[{"@type":"CommentAction","name":"Comment","target":["https:\/\/blogdofarnesio.com.br\/?p=112710#respond"]}]},{"@type":"WebPage","@id":"https:\/\/blogdofarnesio.com.br\/?p=112710","url":"https:\/\/blogdofarnesio.com.br\/?p=112710","name":"15\u00ba ENCONTRO REGIONAL DO MST EST\u00c1 SENDO REALIZADO EM JUAZEIRO - Blog do Farn\u00e9sio","isPartOf":{"@id":"https:\/\/blogdofarnesio.com.br\/#website"},"primaryImageOfPage":{"@id":"https:\/\/blogdofarnesio.com.br\/?p=112710#primaryimage"},"image":{"@id":"https:\/\/blogdofarnesio.com.br\/?p=112710#primaryimage"},"thumbnailUrl":"http:\/\/www.quersaberpolitica.com.br\/2016\/wp-content\/uploads\/2015\/01\/15_Encontro_Regional_Norte_MST-6-300x190.jpg","datePublished":"2015-01-11T13:00:52+00:00","breadcrumb":{"@id":"https:\/\/blogdofarnesio.com.br\/?p=112710#breadcrumb"},"inLanguage":"pt-BR","potentialAction":[{"@type":"ReadAction","target":["https:\/\/blogdofarnesio.com.br\/?p=112710"]}]},{"@type":"ImageObject","inLanguage":"pt-BR","@id":"https:\/\/blogdofarnesio.com.br\/?p=112710#primaryimage","url":"http:\/\/www.quersaberpolitica.com.br\/2016\/wp-content\/uploads\/2015\/01\/15_Encontro_Regional_Norte_MST-6-300x190.jpg","contentUrl":"http:\/\/www.quersaberpolitica.com.br\/2016\/wp-content\/uploads\/2015\/01\/15_Encontro_Regional_Norte_MST-6-300x190.jpg"},{"@type":"BreadcrumbList","@id":"https:\/\/blogdofarnesio.com.br\/?p=112710#breadcrumb","itemListElement":[{"@type":"ListItem","position":1,"name":"In\u00edcio","item":"https:\/\/blogdofarnesio.com.br\/"},{"@type":"ListItem","position":2,"name":"15\u00ba ENCONTRO REGIONAL DO MST EST\u00c1 SENDO REALIZADO EM JUAZEIRO"}]},{"@type":"WebSite","@id":"https:\/\/blogdofarnesio.com.br\/#website","url":"https:\/\/blogdofarnesio.com.br\/","name":"Blog do Farn\u00e9sio","description":"Quer Saber Pol\u00edtica?","publisher":{"@id":"https:\/\/blogdofarnesio.com.br\/#organization"},"potentialAction":[{"@type":"SearchAction","target":{"@type":"EntryPoint","urlTemplate":"https:\/\/blogdofarnesio.com.br\/?s={search_term_string}"},"query-input":{"@type":"PropertyValueSpecification","valueRequired":true,"valueName":"search_term_string"}}],"inLanguage":"pt-BR"},{"@type":"Organization","@id":"https:\/\/blogdofarnesio.com.br\/#organization","name":"Blog do Farn\u00e9sio","url":"https:\/\/blogdofarnesio.com.br\/","logo":{"@type":"ImageObject","inLanguage":"pt-BR","@id":"https:\/\/blogdofarnesio.com.br\/#\/schema\/logo\/image\/","url":"https:\/\/blogdofarnesio.com.br\/wp-content\/uploads\/2026\/03\/cropped-logo_new-1.png","contentUrl":"https:\/\/blogdofarnesio.com.br\/wp-content\/uploads\/2026\/03\/cropped-logo_new-1.png","width":881,"height":685,"caption":"Blog do Farn\u00e9sio"},"image":{"@id":"https:\/\/blogdofarnesio.com.br\/#\/schema\/logo\/image\/"},"sameAs":["https:\/\/www.facebook.com\/BlogQuerSaberPolitica\/"]},{"@type":"Person","@id":"https:\/\/blogdofarnesio.com.br\/#\/schema\/person\/dd1bf5eba40b687199ba45ca6b97dff9","name":"teste","image":{"@type":"ImageObject","inLanguage":"pt-BR","@id":"https:\/\/secure.gravatar.com\/avatar\/2172498d4914b51e1d89a0f97957b035ac4938723a5cac208135d389b6972a6d?s=96&d=mm&r=g","url":"https:\/\/secure.gravatar.com\/avatar\/2172498d4914b51e1d89a0f97957b035ac4938723a5cac208135d389b6972a6d?s=96&d=mm&r=g","contentUrl":"https:\/\/secure.gravatar.com\/avatar\/2172498d4914b51e1d89a0f97957b035ac4938723a5cac208135d389b6972a6d?s=96&d=mm&r=g","caption":"teste"},"url":"https:\/\/blogdofarnesio.com.br\/?author=3"}]}},"_links":{"self":[{"href":"https:\/\/blogdofarnesio.com.br\/index.php?rest_route=\/wp\/v2\/posts\/112710","targetHints":{"allow":["GET"]}}],"collection":[{"href":"https:\/\/blogdofarnesio.com.br\/index.php?rest_route=\/wp\/v2\/posts"}],"about":[{"href":"https:\/\/blogdofarnesio.com.br\/index.php?rest_route=\/wp\/v2\/types\/post"}],"author":[{"embeddable":true,"href":"https:\/\/blogdofarnesio.com.br\/index.php?rest_route=\/wp\/v2\/users\/3"}],"replies":[{"embeddable":true,"href":"https:\/\/blogdofarnesio.com.br\/index.php?rest_route=%2Fwp%2Fv2%2Fcomments&post=112710"}],"version-history":[{"count":0,"href":"https:\/\/blogdofarnesio.com.br\/index.php?rest_route=\/wp\/v2\/posts\/112710\/revisions"}],"wp:attachment":[{"href":"https:\/\/blogdofarnesio.com.br\/index.php?rest_route=%2Fwp%2Fv2%2Fmedia&parent=112710"}],"wp:term":[{"taxonomy":"category","embeddable":true,"href":"https:\/\/blogdofarnesio.com.br\/index.php?rest_route=%2Fwp%2Fv2%2Fcategories&post=112710"},{"taxonomy":"post_tag","embeddable":true,"href":"https:\/\/blogdofarnesio.com.br\/index.php?rest_route=%2Fwp%2Fv2%2Ftags&post=112710"}],"curies":[{"name":"wp","href":"https:\/\/api.w.org\/{rel}","templated":true}]}}