{"id":112652,"date":"2015-01-10T14:00:52","date_gmt":"2015-01-10T17:00:52","guid":{"rendered":"http:\/\/www.quersaberpolitica.com.br\/?p=112652"},"modified":"2015-01-10T08:26:24","modified_gmt":"2015-01-10T11:26:24","slug":"governador-de-pernambuco-empossa-98-gestores-e-enaltece-modelo-de-gestao-de-pe","status":"publish","type":"post","link":"https:\/\/blogdofarnesio.com.br\/?p=112652","title":{"rendered":"GOVERNADOR DE PERNAMBUCO EMPOSSA 98 GESTORES E ENALTECE MODELO DE GEST\u00c3O DE PE"},"content":{"rendered":"<figure id=\"attachment_77275\" aria-describedby=\"caption-attachment-77275\" style=\"width: 300px\" class=\"wp-caption aligncenter\"><a href=\"http:\/\/www.quersaberpolitica.com.br\/2016\/wp-content\/uploads\/2014\/03\/blogqsppsbpaulocamara-Foto-Farn\u00e9sio-Silva2.jpg\"><img loading=\"lazy\" decoding=\"async\" class=\"size-medium wp-image-77275\" alt=\"Paulo C\u00e2mara Foto Farn\u00e9sio Silva\" src=\"http:\/\/www.quersaberpolitica.com.br\/2016\/wp-content\/uploads\/2014\/03\/blogqsppsbpaulocamara-Foto-Farn\u00e9sio-Silva2-300x168.jpg\" width=\"300\" height=\"168\" srcset=\"https:\/\/blogdofarnesio.com.br\/wp-content\/uploads\/2014\/03\/blogqsppsbpaulocamara-Foto-Farn\u00e9sio-Silva2-300x168.jpg 300w, https:\/\/blogdofarnesio.com.br\/wp-content\/uploads\/2014\/03\/blogqsppsbpaulocamara-Foto-Farn\u00e9sio-Silva2.jpg 448w\" sizes=\"auto, (max-width: 300px) 100vw, 300px\" \/><\/a><figcaption id=\"caption-attachment-77275\" class=\"wp-caption-text\">Paulo C\u00e2mara Foto Farn\u00e9sio Silva<\/figcaption><\/figure>\n<p style=\"text-align: justify\">Refor\u00e7ar o monitoramento das metas priorit\u00e1rias e a administra\u00e7\u00e3o do or\u00e7amento do Estado. Essas s\u00e3o algumas das atividades a serem desempenhadas pelos 98 novos gestores governamentais, que foram empossados, na manh\u00e3 de ontem (9), pelo governador Paulo C\u00e2mara, em solenidade realizada no audit\u00f3rio do Banco Central. Nomeado em dezembro de 2014, o grupo foi aprovado em concurso da Secretaria de Planejamento e Gest\u00e3o (Seplag), em 2010, com 220 vagas. Ao discursar para os servidores, familiares e secret\u00e1rios estaduais, o chefe do Executivo destacou a import\u00e2ncia do modelo de gest\u00e3o constru\u00eddo em Pernambuco no Governo de Eduardo Campos.<\/p>\n<p style=\"text-align: justify\">&#8220;N\u00e3o foi f\u00e1cil fazer um modelo de gest\u00e3o como funciona hoje, que fa\u00e7a as coisas acontecerem. O que \u00e9 que a popula\u00e7\u00e3o espera de n\u00f3s, o que \u00e9 que esses \u00faltimos 20 anos mostraram da popula\u00e7\u00e3o brasileira? Mostraram que o Estado tem que ser fortalecido, que o Estado n\u00e3o tem que ser diminu\u00eddo. O Estado tem que funcionar, principalmente, para aqueles que mais precisam. E \u00e9 esse conceito do nosso modelo de gest\u00e3o. Um Estado que funcione, um Estado que arrecade sem aumentar imposto, que tenha despesas controladas, aplicadas naquilo que \u00e9 importante, cortando aquilo que pode cortar e ampliando onde tem que ampliar. Um Estado que tenha estrat\u00e9gia, vis\u00e3o de futuro, que n\u00e3o pense s\u00f3 no imediato&#8221;, argumentou Paulo C\u00e2mara.<\/p>\n<p style=\"text-align: justify\"><!--more--><\/p>\n<p style=\"text-align: justify\">Em seguida, o governador ressaltou que, para o modelo funcionar, as institui\u00e7\u00f5es precisavam estar fortalecidas. &#8220;Naquele momento ficava muito claro que esse modelo de gest\u00e3o s\u00f3 iria funcionar se tiv\u00e9ssemos as institui\u00e7\u00f5es fortalecidas, com pessoas comprometidas, pensando diferente. Que pensassem em um Estado que planeja, executa, que ouve, que tem a humildade de reconhecer erros e fazer as corre\u00e7\u00f5es\u201d, pontuou C\u00e2mara.<\/p>\n<p style=\"text-align: justify\">Com a chegada dos novos profissionais, a Seplag poder\u00e1 conduzir com maior efici\u00eancia as diversas tarefas inerentes ao modelo Todos por Pernambuco e ao Sistema de Planejamento. Inicialmente, a carreira do gestor governamental era denominada de analista de Planejamento, Or\u00e7amento e Gest\u00e3o. Hoje, esses profissionais s\u00e3o respons\u00e1veis por importantes processos de trabalho, atuando na implanta\u00e7\u00e3o de melhorias no modelo de gest\u00e3o e na implementa\u00e7\u00e3o da gest\u00e3o por resultados em \u00e1reas espec\u00edficas.<\/p>\n<p style=\"text-align: justify\">Secret\u00e1rio de Planejamento e servidor p\u00fablico de carreira do Tribunal de Conta do Estado, Danilo Cabral convocou os novos servidores ao \u201cestado do fazer\u201d e salientou que a nomea\u00e7\u00e3o dos gestores \u00e9 um ato de valoriza\u00e7\u00e3o do servi\u00e7o p\u00fablico. \u201c\u00c9 a rearfima\u00e7\u00e3o daquilo que a gente entende que deve ser o Estado; que \u00e9 Estado de entregar \u00e0s pessoas aquilo que \u00e9 de direito do cidad\u00e3o. Quando a gente faz a contrapresta\u00e7\u00e3o do servi\u00e7o p\u00fablico atrav\u00e9s dos diversos entes da federa\u00e7\u00e3o, n\u00f3s estamos devolvendo ao cidad\u00e3o aquilo que, a duras penas, eles t\u00eam direito a adquirir atrav\u00e9s do pagamento de impostos\u201d, arrematou.<\/p>\n<p style=\"text-align: justify\">Formada em psicologia com p\u00f3s-gradua\u00e7\u00e3o em Gest\u00e3o de Desenvolvimento Humano e Organizacional, Louise de Lavour, 34 anos, relembrou a longa trajet\u00f3ria percorrida at\u00e9 a aprova\u00e7\u00e3o no certame e posse nesta manh\u00e3. \u201cFoi um concurso dif\u00edcil, tiveram quest\u00f5es abertas e discursivas, que \u00e9 uma novidade para os concurseiros. Al\u00e9m do curso de forma\u00e7\u00e3o, que era eliminat\u00f3rio. Ent\u00e3o, estou muito feliz por estar hoje aqui\u201d, disse, com um largo sorriso.<\/p>\n<p style=\"text-align: justify\">Ao lembrar sua posse, h\u00e1 exatos 20 anos, como auditor do Tribunal Tribunal de Contas do Estado (TCE), o governador convocou os novos gestores a contribuir para melhoria de Pernambuco trabalhando com \u201cempenho\u201d e \u201ccolabora\u00e7\u00e3o\u201d. \u201cCheguem com esse intuito e vontade: de servir ao povo. E voc\u00eas ver\u00e3o que \u00e9 uma tarefa muito desafiadora, mas muito gratificante. Gratificante porque n\u00f3s vemos nas ruas o reconhecimento da popula\u00e7\u00e3o. Pe\u00e7o, apenas, uma coisa a voc\u00eas: tratem bem as pessoas, o p\u00fablico, seus colegas. Sirvam como voc\u00eas gostariam de ser servidos se precisassem de algum atendimento do Estado; porque \u00e9 isso que a popula\u00e7\u00e3o espera da gente. Um tratamento digno, profissionalismo, determina\u00e7\u00e3o, e, acima de tudo, vontade de servir a Pernambuco\u201d, conclamou Paulo C\u00e2mara, ao afirmar que os gestores ter\u00e3o um governador que quer \u201cconstruir junto com voc\u00eas um Estado melhor para se viver, que funcione e chegue a todos.&#8221;<\/p>\n<p style=\"text-align: justify\">CALEND\u00c1RIO &#8211; Os novos analistas entram em efetivo exerc\u00edcio na pr\u00f3xima ter\u00e7a-feira (13), com uma rotina de capacita\u00e7\u00e3o. Na primeira semana, fazem curso de ambienta\u00e7\u00e3o para conhecer o funcionamento da Seplag, os processos internos de cada \u00e1rea e o papel de um analista de Planejamento, Or\u00e7amento e Gest\u00e3o. J\u00e1 nos dias 21 e 22, os novos servidores passam por uma entrevista com os secret\u00e1rios-executivos da Seplag, para que o perfil de cada um seja conhecido. A \u00faltima etapa, que segue at\u00e9 o dia 5 de fevereiro, consiste em treinamento t\u00e9cnico gerencial, que inclui a apresenta\u00e7\u00e3o do modelo de gest\u00e3o do Governo, culminando na distribui\u00e7\u00e3o de todos os profissionais na secretarias estaduais at\u00e9 o dia 19 de fevereiro.<\/p>\n<p style=\"text-align: justify\">BALAN\u00c7O &#8211; O Estado contabiliza conta, hoje, com 102 analistas. Desse total, 67 est\u00e3o na Seplag, nas \u00e1reas administrativa, de monitoramento, gest\u00e3o, financeira e de or\u00e7amento. Outros 35 est\u00e3o nos n\u00facleos setorias, apoiando as secretarias de Educa\u00e7\u00e3o, Sa\u00fade e Seguran\u00e7a P\u00fablica no monitoramento das a\u00e7\u00f5es e execu\u00e7\u00e3o do modelo de gest\u00e3o. O quantitativo de analistas que comp\u00f5e o quadro de servidores do governo foi definido por estudo espec\u00edfico, que dimensionou as equipes que seriam necess\u00e1rias para o funcionamento do Sistema em Rede.<\/p>\n<p style=\"text-align: justify\">LINHA DO TEMPO &#8211; O primeiro concurso p\u00fablico para o cargo foi realizado no final de 2009. Das 220 vagas ofertadas, apenas 15 candidatos conseguiram aprova\u00e7\u00e3o. Em 2010, foi realizado novo certame para preenchimento das vagas em aberto, que resultou na aprova\u00e7\u00e3o de 205 analistas. Do total de aprovados, 100 profissionais foram nomeados em fevereiro de 2011. Uma nova convoca\u00e7\u00e3o, com 14 aprovados, foi realizada em 2014.<\/p>\n<p><em>Fonte: Secretaria de Imprensa de Pernambuco<\/em><\/p>\n","protected":false},"excerpt":{"rendered":"<p>Refor\u00e7ar o monitoramento das metas priorit\u00e1rias e a administra\u00e7\u00e3o do or\u00e7amento do Estado. Essas s\u00e3o algumas das atividades a serem desempenhadas pelos 98 novos gestores governamentais, que foram empossados, na manh\u00e3 de ontem (9), pelo governador Paulo C\u00e2mara, em solenidade realizada no audit\u00f3rio do Banco Central. Nomeado em dezembro de 2014, o grupo foi aprovado em concurso da Secretaria de Planejamento e Gest\u00e3o (Seplag), em 2010, com 220 vagas. Ao discursar para os servidores, familiares e secret\u00e1rios estaduais, o chefe do Executivo destacou a import\u00e2ncia do modelo de gest\u00e3o constru\u00eddo em Pernambuco no Governo de Eduardo Campos. &#8220;N\u00e3o foi f\u00e1cil fazer um modelo de gest\u00e3o como funciona hoje, que fa\u00e7a as coisas acontecerem. O que \u00e9 que a popula\u00e7\u00e3o espera&hellip; <\/p>\n","protected":false},"author":3,"featured_media":0,"comment_status":"open","ping_status":"open","sticky":false,"template":"","format":"standard","meta":{"_acf_changed":false,"footnotes":""},"categories":[1],"tags":[],"class_list":["post-112652","post","type-post","status-publish","format-standard","hentry","category-politica"],"acf":[],"yoast_head":"<!-- This site is optimized with the Yoast SEO plugin v27.4 - https:\/\/yoast.com\/product\/yoast-seo-wordpress\/ -->\n<title>GOVERNADOR DE PERNAMBUCO EMPOSSA 98 GESTORES E ENALTECE MODELO DE GEST\u00c3O DE PE - Blog do Farn\u00e9sio<\/title>\n<meta name=\"robots\" content=\"index, follow, max-snippet:-1, max-image-preview:large, max-video-preview:-1\" \/>\n<link rel=\"canonical\" href=\"https:\/\/blogdofarnesio.com.br\/?p=112652\" \/>\n<meta property=\"og:locale\" content=\"pt_BR\" \/>\n<meta property=\"og:type\" content=\"article\" \/>\n<meta property=\"og:title\" content=\"GOVERNADOR DE PERNAMBUCO EMPOSSA 98 GESTORES E ENALTECE MODELO DE GEST\u00c3O DE PE - Blog do Farn\u00e9sio\" \/>\n<meta property=\"og:description\" content=\"Refor\u00e7ar o monitoramento das metas priorit\u00e1rias e a administra\u00e7\u00e3o do or\u00e7amento do Estado. Essas s\u00e3o algumas das atividades a serem desempenhadas pelos 98 novos gestores governamentais, que foram empossados, na manh\u00e3 de ontem (9), pelo governador Paulo C\u00e2mara, em solenidade realizada no audit\u00f3rio do Banco Central. Nomeado em dezembro de 2014, o grupo foi aprovado em concurso da Secretaria de Planejamento e Gest\u00e3o (Seplag), em 2010, com 220 vagas. Ao discursar para os servidores, familiares e secret\u00e1rios estaduais, o chefe do Executivo destacou a import\u00e2ncia do modelo de gest\u00e3o constru\u00eddo em Pernambuco no Governo de Eduardo Campos. &#8220;N\u00e3o foi f\u00e1cil fazer um modelo de gest\u00e3o como funciona hoje, que fa\u00e7a as coisas acontecerem. O que \u00e9 que a popula\u00e7\u00e3o espera&hellip;\" \/>\n<meta property=\"og:url\" content=\"https:\/\/blogdofarnesio.com.br\/?p=112652\" \/>\n<meta property=\"og:site_name\" content=\"Blog do Farn\u00e9sio\" \/>\n<meta property=\"article:publisher\" content=\"https:\/\/www.facebook.com\/BlogQuerSaberPolitica\/\" \/>\n<meta property=\"article:published_time\" content=\"2015-01-10T17:00:52+00:00\" \/>\n<meta name=\"author\" content=\"teste\" \/>\n<meta name=\"twitter:card\" content=\"summary_large_image\" \/>\n<meta name=\"twitter:label1\" content=\"Escrito por\" \/>\n\t<meta name=\"twitter:data1\" content=\"teste\" \/>\n\t<meta name=\"twitter:label2\" content=\"Est. tempo de leitura\" \/>\n\t<meta name=\"twitter:data2\" content=\"5 minutos\" \/>\n<script type=\"application\/ld+json\" class=\"yoast-schema-graph\">{\"@context\":\"https:\\\/\\\/schema.org\",\"@graph\":[{\"@type\":\"Article\",\"@id\":\"https:\\\/\\\/blogdofarnesio.com.br\\\/?p=112652#article\",\"isPartOf\":{\"@id\":\"https:\\\/\\\/blogdofarnesio.com.br\\\/?p=112652\"},\"author\":{\"name\":\"teste\",\"@id\":\"https:\\\/\\\/blogdofarnesio.com.br\\\/#\\\/schema\\\/person\\\/dd1bf5eba40b687199ba45ca6b97dff9\"},\"headline\":\"GOVERNADOR DE PERNAMBUCO EMPOSSA 98 GESTORES E ENALTECE MODELO DE GEST\u00c3O DE PE\",\"datePublished\":\"2015-01-10T17:00:52+00:00\",\"mainEntityOfPage\":{\"@id\":\"https:\\\/\\\/blogdofarnesio.com.br\\\/?p=112652\"},\"wordCount\":1047,\"commentCount\":0,\"publisher\":{\"@id\":\"https:\\\/\\\/blogdofarnesio.com.br\\\/#organization\"},\"articleSection\":[\"Pol\u00edtica\"],\"inLanguage\":\"pt-BR\",\"potentialAction\":[{\"@type\":\"CommentAction\",\"name\":\"Comment\",\"target\":[\"https:\\\/\\\/blogdofarnesio.com.br\\\/?p=112652#respond\"]}]},{\"@type\":\"WebPage\",\"@id\":\"https:\\\/\\\/blogdofarnesio.com.br\\\/?p=112652\",\"url\":\"https:\\\/\\\/blogdofarnesio.com.br\\\/?p=112652\",\"name\":\"GOVERNADOR DE PERNAMBUCO EMPOSSA 98 GESTORES E ENALTECE MODELO DE GEST\u00c3O DE PE - Blog do Farn\u00e9sio\",\"isPartOf\":{\"@id\":\"https:\\\/\\\/blogdofarnesio.com.br\\\/#website\"},\"datePublished\":\"2015-01-10T17:00:52+00:00\",\"breadcrumb\":{\"@id\":\"https:\\\/\\\/blogdofarnesio.com.br\\\/?p=112652#breadcrumb\"},\"inLanguage\":\"pt-BR\",\"potentialAction\":[{\"@type\":\"ReadAction\",\"target\":[\"https:\\\/\\\/blogdofarnesio.com.br\\\/?p=112652\"]}]},{\"@type\":\"BreadcrumbList\",\"@id\":\"https:\\\/\\\/blogdofarnesio.com.br\\\/?p=112652#breadcrumb\",\"itemListElement\":[{\"@type\":\"ListItem\",\"position\":1,\"name\":\"In\u00edcio\",\"item\":\"https:\\\/\\\/blogdofarnesio.com.br\\\/\"},{\"@type\":\"ListItem\",\"position\":2,\"name\":\"GOVERNADOR DE PERNAMBUCO EMPOSSA 98 GESTORES E ENALTECE MODELO DE GEST\u00c3O DE PE\"}]},{\"@type\":\"WebSite\",\"@id\":\"https:\\\/\\\/blogdofarnesio.com.br\\\/#website\",\"url\":\"https:\\\/\\\/blogdofarnesio.com.br\\\/\",\"name\":\"Blog do Farn\u00e9sio\",\"description\":\"Quer Saber Pol\u00edtica?\",\"publisher\":{\"@id\":\"https:\\\/\\\/blogdofarnesio.com.br\\\/#organization\"},\"potentialAction\":[{\"@type\":\"SearchAction\",\"target\":{\"@type\":\"EntryPoint\",\"urlTemplate\":\"https:\\\/\\\/blogdofarnesio.com.br\\\/?s={search_term_string}\"},\"query-input\":{\"@type\":\"PropertyValueSpecification\",\"valueRequired\":true,\"valueName\":\"search_term_string\"}}],\"inLanguage\":\"pt-BR\"},{\"@type\":\"Organization\",\"@id\":\"https:\\\/\\\/blogdofarnesio.com.br\\\/#organization\",\"name\":\"Blog do Farn\u00e9sio\",\"url\":\"https:\\\/\\\/blogdofarnesio.com.br\\\/\",\"logo\":{\"@type\":\"ImageObject\",\"inLanguage\":\"pt-BR\",\"@id\":\"https:\\\/\\\/blogdofarnesio.com.br\\\/#\\\/schema\\\/logo\\\/image\\\/\",\"url\":\"https:\\\/\\\/blogdofarnesio.com.br\\\/wp-content\\\/uploads\\\/2026\\\/03\\\/cropped-logo_new-1.png\",\"contentUrl\":\"https:\\\/\\\/blogdofarnesio.com.br\\\/wp-content\\\/uploads\\\/2026\\\/03\\\/cropped-logo_new-1.png\",\"width\":881,\"height\":685,\"caption\":\"Blog do Farn\u00e9sio\"},\"image\":{\"@id\":\"https:\\\/\\\/blogdofarnesio.com.br\\\/#\\\/schema\\\/logo\\\/image\\\/\"},\"sameAs\":[\"https:\\\/\\\/www.facebook.com\\\/BlogQuerSaberPolitica\\\/\"]},{\"@type\":\"Person\",\"@id\":\"https:\\\/\\\/blogdofarnesio.com.br\\\/#\\\/schema\\\/person\\\/dd1bf5eba40b687199ba45ca6b97dff9\",\"name\":\"teste\",\"image\":{\"@type\":\"ImageObject\",\"inLanguage\":\"pt-BR\",\"@id\":\"https:\\\/\\\/secure.gravatar.com\\\/avatar\\\/2172498d4914b51e1d89a0f97957b035ac4938723a5cac208135d389b6972a6d?s=96&d=mm&r=g\",\"url\":\"https:\\\/\\\/secure.gravatar.com\\\/avatar\\\/2172498d4914b51e1d89a0f97957b035ac4938723a5cac208135d389b6972a6d?s=96&d=mm&r=g\",\"contentUrl\":\"https:\\\/\\\/secure.gravatar.com\\\/avatar\\\/2172498d4914b51e1d89a0f97957b035ac4938723a5cac208135d389b6972a6d?s=96&d=mm&r=g\",\"caption\":\"teste\"},\"url\":\"https:\\\/\\\/blogdofarnesio.com.br\\\/?author=3\"}]}<\/script>\n<!-- \/ Yoast SEO plugin. -->","yoast_head_json":{"title":"GOVERNADOR DE PERNAMBUCO EMPOSSA 98 GESTORES E ENALTECE MODELO DE GEST\u00c3O DE PE - Blog do Farn\u00e9sio","robots":{"index":"index","follow":"follow","max-snippet":"max-snippet:-1","max-image-preview":"max-image-preview:large","max-video-preview":"max-video-preview:-1"},"canonical":"https:\/\/blogdofarnesio.com.br\/?p=112652","og_locale":"pt_BR","og_type":"article","og_title":"GOVERNADOR DE PERNAMBUCO EMPOSSA 98 GESTORES E ENALTECE MODELO DE GEST\u00c3O DE PE - Blog do Farn\u00e9sio","og_description":"Refor\u00e7ar o monitoramento das metas priorit\u00e1rias e a administra\u00e7\u00e3o do or\u00e7amento do Estado. Essas s\u00e3o algumas das atividades a serem desempenhadas pelos 98 novos gestores governamentais, que foram empossados, na manh\u00e3 de ontem (9), pelo governador Paulo C\u00e2mara, em solenidade realizada no audit\u00f3rio do Banco Central. Nomeado em dezembro de 2014, o grupo foi aprovado em concurso da Secretaria de Planejamento e Gest\u00e3o (Seplag), em 2010, com 220 vagas. Ao discursar para os servidores, familiares e secret\u00e1rios estaduais, o chefe do Executivo destacou a import\u00e2ncia do modelo de gest\u00e3o constru\u00eddo em Pernambuco no Governo de Eduardo Campos. &#8220;N\u00e3o foi f\u00e1cil fazer um modelo de gest\u00e3o como funciona hoje, que fa\u00e7a as coisas acontecerem. O que \u00e9 que a popula\u00e7\u00e3o espera&hellip;","og_url":"https:\/\/blogdofarnesio.com.br\/?p=112652","og_site_name":"Blog do Farn\u00e9sio","article_publisher":"https:\/\/www.facebook.com\/BlogQuerSaberPolitica\/","article_published_time":"2015-01-10T17:00:52+00:00","author":"teste","twitter_card":"summary_large_image","twitter_misc":{"Escrito por":"teste","Est. tempo de leitura":"5 minutos"},"schema":{"@context":"https:\/\/schema.org","@graph":[{"@type":"Article","@id":"https:\/\/blogdofarnesio.com.br\/?p=112652#article","isPartOf":{"@id":"https:\/\/blogdofarnesio.com.br\/?p=112652"},"author":{"name":"teste","@id":"https:\/\/blogdofarnesio.com.br\/#\/schema\/person\/dd1bf5eba40b687199ba45ca6b97dff9"},"headline":"GOVERNADOR DE PERNAMBUCO EMPOSSA 98 GESTORES E ENALTECE MODELO DE GEST\u00c3O DE PE","datePublished":"2015-01-10T17:00:52+00:00","mainEntityOfPage":{"@id":"https:\/\/blogdofarnesio.com.br\/?p=112652"},"wordCount":1047,"commentCount":0,"publisher":{"@id":"https:\/\/blogdofarnesio.com.br\/#organization"},"articleSection":["Pol\u00edtica"],"inLanguage":"pt-BR","potentialAction":[{"@type":"CommentAction","name":"Comment","target":["https:\/\/blogdofarnesio.com.br\/?p=112652#respond"]}]},{"@type":"WebPage","@id":"https:\/\/blogdofarnesio.com.br\/?p=112652","url":"https:\/\/blogdofarnesio.com.br\/?p=112652","name":"GOVERNADOR DE PERNAMBUCO EMPOSSA 98 GESTORES E ENALTECE MODELO DE GEST\u00c3O DE PE - Blog do Farn\u00e9sio","isPartOf":{"@id":"https:\/\/blogdofarnesio.com.br\/#website"},"datePublished":"2015-01-10T17:00:52+00:00","breadcrumb":{"@id":"https:\/\/blogdofarnesio.com.br\/?p=112652#breadcrumb"},"inLanguage":"pt-BR","potentialAction":[{"@type":"ReadAction","target":["https:\/\/blogdofarnesio.com.br\/?p=112652"]}]},{"@type":"BreadcrumbList","@id":"https:\/\/blogdofarnesio.com.br\/?p=112652#breadcrumb","itemListElement":[{"@type":"ListItem","position":1,"name":"In\u00edcio","item":"https:\/\/blogdofarnesio.com.br\/"},{"@type":"ListItem","position":2,"name":"GOVERNADOR DE PERNAMBUCO EMPOSSA 98 GESTORES E ENALTECE MODELO DE GEST\u00c3O DE PE"}]},{"@type":"WebSite","@id":"https:\/\/blogdofarnesio.com.br\/#website","url":"https:\/\/blogdofarnesio.com.br\/","name":"Blog do Farn\u00e9sio","description":"Quer Saber Pol\u00edtica?","publisher":{"@id":"https:\/\/blogdofarnesio.com.br\/#organization"},"potentialAction":[{"@type":"SearchAction","target":{"@type":"EntryPoint","urlTemplate":"https:\/\/blogdofarnesio.com.br\/?s={search_term_string}"},"query-input":{"@type":"PropertyValueSpecification","valueRequired":true,"valueName":"search_term_string"}}],"inLanguage":"pt-BR"},{"@type":"Organization","@id":"https:\/\/blogdofarnesio.com.br\/#organization","name":"Blog do Farn\u00e9sio","url":"https:\/\/blogdofarnesio.com.br\/","logo":{"@type":"ImageObject","inLanguage":"pt-BR","@id":"https:\/\/blogdofarnesio.com.br\/#\/schema\/logo\/image\/","url":"https:\/\/blogdofarnesio.com.br\/wp-content\/uploads\/2026\/03\/cropped-logo_new-1.png","contentUrl":"https:\/\/blogdofarnesio.com.br\/wp-content\/uploads\/2026\/03\/cropped-logo_new-1.png","width":881,"height":685,"caption":"Blog do Farn\u00e9sio"},"image":{"@id":"https:\/\/blogdofarnesio.com.br\/#\/schema\/logo\/image\/"},"sameAs":["https:\/\/www.facebook.com\/BlogQuerSaberPolitica\/"]},{"@type":"Person","@id":"https:\/\/blogdofarnesio.com.br\/#\/schema\/person\/dd1bf5eba40b687199ba45ca6b97dff9","name":"teste","image":{"@type":"ImageObject","inLanguage":"pt-BR","@id":"https:\/\/secure.gravatar.com\/avatar\/2172498d4914b51e1d89a0f97957b035ac4938723a5cac208135d389b6972a6d?s=96&d=mm&r=g","url":"https:\/\/secure.gravatar.com\/avatar\/2172498d4914b51e1d89a0f97957b035ac4938723a5cac208135d389b6972a6d?s=96&d=mm&r=g","contentUrl":"https:\/\/secure.gravatar.com\/avatar\/2172498d4914b51e1d89a0f97957b035ac4938723a5cac208135d389b6972a6d?s=96&d=mm&r=g","caption":"teste"},"url":"https:\/\/blogdofarnesio.com.br\/?author=3"}]}},"_links":{"self":[{"href":"https:\/\/blogdofarnesio.com.br\/index.php?rest_route=\/wp\/v2\/posts\/112652","targetHints":{"allow":["GET"]}}],"collection":[{"href":"https:\/\/blogdofarnesio.com.br\/index.php?rest_route=\/wp\/v2\/posts"}],"about":[{"href":"https:\/\/blogdofarnesio.com.br\/index.php?rest_route=\/wp\/v2\/types\/post"}],"author":[{"embeddable":true,"href":"https:\/\/blogdofarnesio.com.br\/index.php?rest_route=\/wp\/v2\/users\/3"}],"replies":[{"embeddable":true,"href":"https:\/\/blogdofarnesio.com.br\/index.php?rest_route=%2Fwp%2Fv2%2Fcomments&post=112652"}],"version-history":[{"count":0,"href":"https:\/\/blogdofarnesio.com.br\/index.php?rest_route=\/wp\/v2\/posts\/112652\/revisions"}],"wp:attachment":[{"href":"https:\/\/blogdofarnesio.com.br\/index.php?rest_route=%2Fwp%2Fv2%2Fmedia&parent=112652"}],"wp:term":[{"taxonomy":"category","embeddable":true,"href":"https:\/\/blogdofarnesio.com.br\/index.php?rest_route=%2Fwp%2Fv2%2Fcategories&post=112652"},{"taxonomy":"post_tag","embeddable":true,"href":"https:\/\/blogdofarnesio.com.br\/index.php?rest_route=%2Fwp%2Fv2%2Ftags&post=112652"}],"curies":[{"name":"wp","href":"https:\/\/api.w.org\/{rel}","templated":true}]}}