{"id":112640,"date":"2015-01-12T08:00:49","date_gmt":"2015-01-12T11:00:49","guid":{"rendered":"http:\/\/www.quersaberpolitica.com.br\/?p=112640"},"modified":"2015-01-09T20:49:02","modified_gmt":"2015-01-09T23:49:02","slug":"matriculas-para-o-projovem-urbano-em-juazeiro-abrem-na-proxima-segunda-12","status":"publish","type":"post","link":"https:\/\/blogdofarnesio.com.br\/?p=112640","title":{"rendered":"MATR\u00cdCULAS PARA O PROJOVEM URBANO EM JUAZEIRO ABREM A PARTIR DE HOJE (12)"},"content":{"rendered":"<p style=\"text-align: justify\"><a href=\"http:\/\/www.quersaberpolitica.com.br\/2016\/wp-content\/uploads\/2015\/01\/blogqsp.projovem-urbano2.jpg\"><img loading=\"lazy\" decoding=\"async\" class=\"aligncenter size-medium wp-image-112641\" alt=\"blogqsp.projovem-urbano2\" src=\"http:\/\/www.quersaberpolitica.com.br\/2016\/wp-content\/uploads\/2015\/01\/blogqsp.projovem-urbano2-300x200.jpg\" width=\"300\" height=\"200\" srcset=\"https:\/\/blogdofarnesio.com.br\/wp-content\/uploads\/2015\/01\/blogqsp.projovem-urbano2-300x200.jpg 300w, https:\/\/blogdofarnesio.com.br\/wp-content\/uploads\/2015\/01\/blogqsp.projovem-urbano2.jpg 448w\" sizes=\"auto, (max-width: 300px) 100vw, 300px\" \/><\/a><\/p>\n<p style=\"text-align: justify\">A Secretaria de Educa\u00e7\u00e3o e Esportes (SEDUC), atrav\u00e9s da Diretoria de Programas e Projetos, abre nesta segunda-feira (12), as matr\u00edculas de 2015 para o Projovem Urbano. Os interessados precisam ter de 18 a 29 anos, saber ler e escrever, n\u00e3o ter conclu\u00eddo ainda o ensino fundamental e devem apresentar carteira de identidade; CPF; comprovante de resid\u00eancia; declara\u00e7\u00e3o ou hist\u00f3rico escolar; e se possuir, o N\u00famero de Inscri\u00e7\u00e3o Social (NIS). As matr\u00edculas ser\u00e3o feitas nos Col\u00e9gios Paulo VI e Haydee Fonseca, das 08h \u00e0s 12h e de 14h \u00e0s 18h, al\u00e9m da SEDUC, das 8h \u00e0s 14h.<\/p>\n<p style=\"text-align: justify\">O Projovem Urbano \u00e9 um programa do Governo Federal em parceria com a Prefeitura Municipal de Juazeiro. Ele tem o objetivo de promover a reintegra\u00e7\u00e3o de jovens e adultos ao processo social, educacional e seu desenvolvimento humano atrav\u00e9s da conclus\u00e3o do Ensino Fundamental, da qualifica\u00e7\u00e3o profissional b\u00e1sica, da participa\u00e7\u00e3o cidad\u00e3 e inclus\u00e3o digital. Para esse ano de 2015 h\u00e1 400 vagas dispon\u00edveis.<\/p>\n<p style=\"text-align: justify\"><!--more--><\/p>\n<p style=\"text-align: justify\">De acordo com a Diretora de Programas e Projetos, Renata Carla Gouveia, participar do Projovem \u201c\u00e9 uma excelente oportunidade, pois em 18 meses esses estudantes de 18 a 29 anos podem concluir o Ensino Fundamental, que na fase regular demoraria nove anos. Eles recebem uma ajuda de custo de R$100,00 mensais, se qualificam profissionalmente e saem com mais chances para entrar no mercado de trabalho\u201d.<\/p>\n<p style=\"text-align: justify\">Segundo informa\u00e7\u00f5es da Diretoria, os alunos que tiverem filhos e n\u00e3o puderem deix\u00e1-los em casa, podem lev\u00e1-los consigo para a escola, pois todos os n\u00facleos possuem uma sala de acolhimento onde as crian\u00e7as ser\u00e3o alimentadas assistidas por profissionais qualificados.<\/p>\n<p style=\"text-align: justify\"><i><span style=\"text-decoration: underline\">Por Ram\u00e1iana Leal\/ SEDUC<\/span><\/i><\/p>\n","protected":false},"excerpt":{"rendered":"<p>A Secretaria de Educa\u00e7\u00e3o e Esportes (SEDUC), atrav\u00e9s da Diretoria de Programas e Projetos, abre nesta segunda-feira (12), as matr\u00edculas de 2015 para o Projovem Urbano. Os interessados precisam ter de 18 a 29 anos, saber ler e escrever, n\u00e3o ter conclu\u00eddo ainda o ensino fundamental e devem apresentar carteira de identidade; CPF; comprovante de resid\u00eancia; declara\u00e7\u00e3o ou hist\u00f3rico escolar; e se possuir, o N\u00famero de Inscri\u00e7\u00e3o Social (NIS). As matr\u00edculas ser\u00e3o feitas nos Col\u00e9gios Paulo VI e Haydee Fonseca, das 08h \u00e0s 12h e de 14h \u00e0s 18h, al\u00e9m da SEDUC, das 8h \u00e0s 14h. O Projovem Urbano \u00e9 um programa do Governo Federal em parceria com a Prefeitura Municipal de Juazeiro. Ele tem o objetivo de promover a&hellip; <\/p>\n","protected":false},"author":3,"featured_media":0,"comment_status":"open","ping_status":"open","sticky":false,"template":"","format":"standard","meta":{"_acf_changed":false,"footnotes":""},"categories":[22],"tags":[],"class_list":["post-112640","post","type-post","status-publish","format-standard","hentry","category-acao-social"],"acf":[],"yoast_head":"<!-- This site is optimized with the Yoast SEO plugin v27.4 - https:\/\/yoast.com\/product\/yoast-seo-wordpress\/ -->\n<title>MATR\u00cdCULAS PARA O PROJOVEM URBANO EM JUAZEIRO ABREM A PARTIR DE HOJE (12) - Blog do Farn\u00e9sio<\/title>\n<meta name=\"robots\" content=\"index, follow, max-snippet:-1, max-image-preview:large, max-video-preview:-1\" \/>\n<link rel=\"canonical\" href=\"https:\/\/blogdofarnesio.com.br\/?p=112640\" \/>\n<meta property=\"og:locale\" content=\"pt_BR\" \/>\n<meta property=\"og:type\" content=\"article\" \/>\n<meta property=\"og:title\" content=\"MATR\u00cdCULAS PARA O PROJOVEM URBANO EM JUAZEIRO ABREM A PARTIR DE HOJE (12) - Blog do Farn\u00e9sio\" \/>\n<meta property=\"og:description\" content=\"A Secretaria de Educa\u00e7\u00e3o e Esportes (SEDUC), atrav\u00e9s da Diretoria de Programas e Projetos, abre nesta segunda-feira (12), as matr\u00edculas de 2015 para o Projovem Urbano. Os interessados precisam ter de 18 a 29 anos, saber ler e escrever, n\u00e3o ter conclu\u00eddo ainda o ensino fundamental e devem apresentar carteira de identidade; CPF; comprovante de resid\u00eancia; declara\u00e7\u00e3o ou hist\u00f3rico escolar; e se possuir, o N\u00famero de Inscri\u00e7\u00e3o Social (NIS). As matr\u00edculas ser\u00e3o feitas nos Col\u00e9gios Paulo VI e Haydee Fonseca, das 08h \u00e0s 12h e de 14h \u00e0s 18h, al\u00e9m da SEDUC, das 8h \u00e0s 14h. O Projovem Urbano \u00e9 um programa do Governo Federal em parceria com a Prefeitura Municipal de Juazeiro. Ele tem o objetivo de promover a&hellip;\" \/>\n<meta property=\"og:url\" content=\"https:\/\/blogdofarnesio.com.br\/?p=112640\" \/>\n<meta property=\"og:site_name\" content=\"Blog do Farn\u00e9sio\" \/>\n<meta property=\"article:publisher\" content=\"https:\/\/www.facebook.com\/BlogQuerSaberPolitica\/\" \/>\n<meta property=\"article:published_time\" content=\"2015-01-12T11:00:49+00:00\" \/>\n<meta property=\"og:image\" content=\"http:\/\/www.quersaberpolitica.com.br\/2016\/wp-content\/uploads\/2015\/01\/blogqsp.projovem-urbano2-300x200.jpg\" \/>\n<meta name=\"author\" content=\"teste\" \/>\n<meta name=\"twitter:card\" content=\"summary_large_image\" \/>\n<meta name=\"twitter:label1\" content=\"Escrito por\" \/>\n\t<meta name=\"twitter:data1\" content=\"teste\" \/>\n\t<meta name=\"twitter:label2\" content=\"Est. tempo de leitura\" \/>\n\t<meta name=\"twitter:data2\" content=\"1 minuto\" \/>\n<script type=\"application\/ld+json\" class=\"yoast-schema-graph\">{\"@context\":\"https:\\\/\\\/schema.org\",\"@graph\":[{\"@type\":\"Article\",\"@id\":\"https:\\\/\\\/blogdofarnesio.com.br\\\/?p=112640#article\",\"isPartOf\":{\"@id\":\"https:\\\/\\\/blogdofarnesio.com.br\\\/?p=112640\"},\"author\":{\"name\":\"teste\",\"@id\":\"https:\\\/\\\/blogdofarnesio.com.br\\\/#\\\/schema\\\/person\\\/dd1bf5eba40b687199ba45ca6b97dff9\"},\"headline\":\"MATR\u00cdCULAS PARA O PROJOVEM URBANO EM JUAZEIRO ABREM A PARTIR DE HOJE (12)\",\"datePublished\":\"2015-01-12T11:00:49+00:00\",\"mainEntityOfPage\":{\"@id\":\"https:\\\/\\\/blogdofarnesio.com.br\\\/?p=112640\"},\"wordCount\":298,\"commentCount\":0,\"publisher\":{\"@id\":\"https:\\\/\\\/blogdofarnesio.com.br\\\/#organization\"},\"image\":{\"@id\":\"https:\\\/\\\/blogdofarnesio.com.br\\\/?p=112640#primaryimage\"},\"thumbnailUrl\":\"http:\\\/\\\/www.quersaberpolitica.com.br\\\/2016\\\/wp-content\\\/uploads\\\/2015\\\/01\\\/blogqsp.projovem-urbano2-300x200.jpg\",\"articleSection\":[\"A\u00e7\u00e3o Social\"],\"inLanguage\":\"pt-BR\",\"potentialAction\":[{\"@type\":\"CommentAction\",\"name\":\"Comment\",\"target\":[\"https:\\\/\\\/blogdofarnesio.com.br\\\/?p=112640#respond\"]}]},{\"@type\":\"WebPage\",\"@id\":\"https:\\\/\\\/blogdofarnesio.com.br\\\/?p=112640\",\"url\":\"https:\\\/\\\/blogdofarnesio.com.br\\\/?p=112640\",\"name\":\"MATR\u00cdCULAS PARA O PROJOVEM URBANO EM JUAZEIRO ABREM A PARTIR DE HOJE (12) - Blog do Farn\u00e9sio\",\"isPartOf\":{\"@id\":\"https:\\\/\\\/blogdofarnesio.com.br\\\/#website\"},\"primaryImageOfPage\":{\"@id\":\"https:\\\/\\\/blogdofarnesio.com.br\\\/?p=112640#primaryimage\"},\"image\":{\"@id\":\"https:\\\/\\\/blogdofarnesio.com.br\\\/?p=112640#primaryimage\"},\"thumbnailUrl\":\"http:\\\/\\\/www.quersaberpolitica.com.br\\\/2016\\\/wp-content\\\/uploads\\\/2015\\\/01\\\/blogqsp.projovem-urbano2-300x200.jpg\",\"datePublished\":\"2015-01-12T11:00:49+00:00\",\"breadcrumb\":{\"@id\":\"https:\\\/\\\/blogdofarnesio.com.br\\\/?p=112640#breadcrumb\"},\"inLanguage\":\"pt-BR\",\"potentialAction\":[{\"@type\":\"ReadAction\",\"target\":[\"https:\\\/\\\/blogdofarnesio.com.br\\\/?p=112640\"]}]},{\"@type\":\"ImageObject\",\"inLanguage\":\"pt-BR\",\"@id\":\"https:\\\/\\\/blogdofarnesio.com.br\\\/?p=112640#primaryimage\",\"url\":\"http:\\\/\\\/www.quersaberpolitica.com.br\\\/2016\\\/wp-content\\\/uploads\\\/2015\\\/01\\\/blogqsp.projovem-urbano2-300x200.jpg\",\"contentUrl\":\"http:\\\/\\\/www.quersaberpolitica.com.br\\\/2016\\\/wp-content\\\/uploads\\\/2015\\\/01\\\/blogqsp.projovem-urbano2-300x200.jpg\"},{\"@type\":\"BreadcrumbList\",\"@id\":\"https:\\\/\\\/blogdofarnesio.com.br\\\/?p=112640#breadcrumb\",\"itemListElement\":[{\"@type\":\"ListItem\",\"position\":1,\"name\":\"In\u00edcio\",\"item\":\"https:\\\/\\\/blogdofarnesio.com.br\\\/\"},{\"@type\":\"ListItem\",\"position\":2,\"name\":\"MATR\u00cdCULAS PARA O PROJOVEM URBANO EM JUAZEIRO ABREM A PARTIR DE HOJE (12)\"}]},{\"@type\":\"WebSite\",\"@id\":\"https:\\\/\\\/blogdofarnesio.com.br\\\/#website\",\"url\":\"https:\\\/\\\/blogdofarnesio.com.br\\\/\",\"name\":\"Blog do Farn\u00e9sio\",\"description\":\"Quer Saber Pol\u00edtica?\",\"publisher\":{\"@id\":\"https:\\\/\\\/blogdofarnesio.com.br\\\/#organization\"},\"potentialAction\":[{\"@type\":\"SearchAction\",\"target\":{\"@type\":\"EntryPoint\",\"urlTemplate\":\"https:\\\/\\\/blogdofarnesio.com.br\\\/?s={search_term_string}\"},\"query-input\":{\"@type\":\"PropertyValueSpecification\",\"valueRequired\":true,\"valueName\":\"search_term_string\"}}],\"inLanguage\":\"pt-BR\"},{\"@type\":\"Organization\",\"@id\":\"https:\\\/\\\/blogdofarnesio.com.br\\\/#organization\",\"name\":\"Blog do Farn\u00e9sio\",\"url\":\"https:\\\/\\\/blogdofarnesio.com.br\\\/\",\"logo\":{\"@type\":\"ImageObject\",\"inLanguage\":\"pt-BR\",\"@id\":\"https:\\\/\\\/blogdofarnesio.com.br\\\/#\\\/schema\\\/logo\\\/image\\\/\",\"url\":\"https:\\\/\\\/blogdofarnesio.com.br\\\/wp-content\\\/uploads\\\/2026\\\/03\\\/cropped-logo_new-1.png\",\"contentUrl\":\"https:\\\/\\\/blogdofarnesio.com.br\\\/wp-content\\\/uploads\\\/2026\\\/03\\\/cropped-logo_new-1.png\",\"width\":881,\"height\":685,\"caption\":\"Blog do Farn\u00e9sio\"},\"image\":{\"@id\":\"https:\\\/\\\/blogdofarnesio.com.br\\\/#\\\/schema\\\/logo\\\/image\\\/\"},\"sameAs\":[\"https:\\\/\\\/www.facebook.com\\\/BlogQuerSaberPolitica\\\/\"]},{\"@type\":\"Person\",\"@id\":\"https:\\\/\\\/blogdofarnesio.com.br\\\/#\\\/schema\\\/person\\\/dd1bf5eba40b687199ba45ca6b97dff9\",\"name\":\"teste\",\"image\":{\"@type\":\"ImageObject\",\"inLanguage\":\"pt-BR\",\"@id\":\"https:\\\/\\\/secure.gravatar.com\\\/avatar\\\/2172498d4914b51e1d89a0f97957b035ac4938723a5cac208135d389b6972a6d?s=96&d=mm&r=g\",\"url\":\"https:\\\/\\\/secure.gravatar.com\\\/avatar\\\/2172498d4914b51e1d89a0f97957b035ac4938723a5cac208135d389b6972a6d?s=96&d=mm&r=g\",\"contentUrl\":\"https:\\\/\\\/secure.gravatar.com\\\/avatar\\\/2172498d4914b51e1d89a0f97957b035ac4938723a5cac208135d389b6972a6d?s=96&d=mm&r=g\",\"caption\":\"teste\"},\"url\":\"https:\\\/\\\/blogdofarnesio.com.br\\\/?author=3\"}]}<\/script>\n<!-- \/ Yoast SEO plugin. -->","yoast_head_json":{"title":"MATR\u00cdCULAS PARA O PROJOVEM URBANO EM JUAZEIRO ABREM A PARTIR DE HOJE (12) - Blog do Farn\u00e9sio","robots":{"index":"index","follow":"follow","max-snippet":"max-snippet:-1","max-image-preview":"max-image-preview:large","max-video-preview":"max-video-preview:-1"},"canonical":"https:\/\/blogdofarnesio.com.br\/?p=112640","og_locale":"pt_BR","og_type":"article","og_title":"MATR\u00cdCULAS PARA O PROJOVEM URBANO EM JUAZEIRO ABREM A PARTIR DE HOJE (12) - Blog do Farn\u00e9sio","og_description":"A Secretaria de Educa\u00e7\u00e3o e Esportes (SEDUC), atrav\u00e9s da Diretoria de Programas e Projetos, abre nesta segunda-feira (12), as matr\u00edculas de 2015 para o Projovem Urbano. Os interessados precisam ter de 18 a 29 anos, saber ler e escrever, n\u00e3o ter conclu\u00eddo ainda o ensino fundamental e devem apresentar carteira de identidade; CPF; comprovante de resid\u00eancia; declara\u00e7\u00e3o ou hist\u00f3rico escolar; e se possuir, o N\u00famero de Inscri\u00e7\u00e3o Social (NIS). As matr\u00edculas ser\u00e3o feitas nos Col\u00e9gios Paulo VI e Haydee Fonseca, das 08h \u00e0s 12h e de 14h \u00e0s 18h, al\u00e9m da SEDUC, das 8h \u00e0s 14h. O Projovem Urbano \u00e9 um programa do Governo Federal em parceria com a Prefeitura Municipal de Juazeiro. Ele tem o objetivo de promover a&hellip;","og_url":"https:\/\/blogdofarnesio.com.br\/?p=112640","og_site_name":"Blog do Farn\u00e9sio","article_publisher":"https:\/\/www.facebook.com\/BlogQuerSaberPolitica\/","article_published_time":"2015-01-12T11:00:49+00:00","og_image":[{"url":"http:\/\/www.quersaberpolitica.com.br\/2016\/wp-content\/uploads\/2015\/01\/blogqsp.projovem-urbano2-300x200.jpg","type":"","width":"","height":""}],"author":"teste","twitter_card":"summary_large_image","twitter_misc":{"Escrito por":"teste","Est. tempo de leitura":"1 minuto"},"schema":{"@context":"https:\/\/schema.org","@graph":[{"@type":"Article","@id":"https:\/\/blogdofarnesio.com.br\/?p=112640#article","isPartOf":{"@id":"https:\/\/blogdofarnesio.com.br\/?p=112640"},"author":{"name":"teste","@id":"https:\/\/blogdofarnesio.com.br\/#\/schema\/person\/dd1bf5eba40b687199ba45ca6b97dff9"},"headline":"MATR\u00cdCULAS PARA O PROJOVEM URBANO EM JUAZEIRO ABREM A PARTIR DE HOJE (12)","datePublished":"2015-01-12T11:00:49+00:00","mainEntityOfPage":{"@id":"https:\/\/blogdofarnesio.com.br\/?p=112640"},"wordCount":298,"commentCount":0,"publisher":{"@id":"https:\/\/blogdofarnesio.com.br\/#organization"},"image":{"@id":"https:\/\/blogdofarnesio.com.br\/?p=112640#primaryimage"},"thumbnailUrl":"http:\/\/www.quersaberpolitica.com.br\/2016\/wp-content\/uploads\/2015\/01\/blogqsp.projovem-urbano2-300x200.jpg","articleSection":["A\u00e7\u00e3o Social"],"inLanguage":"pt-BR","potentialAction":[{"@type":"CommentAction","name":"Comment","target":["https:\/\/blogdofarnesio.com.br\/?p=112640#respond"]}]},{"@type":"WebPage","@id":"https:\/\/blogdofarnesio.com.br\/?p=112640","url":"https:\/\/blogdofarnesio.com.br\/?p=112640","name":"MATR\u00cdCULAS PARA O PROJOVEM URBANO EM JUAZEIRO ABREM A PARTIR DE HOJE (12) - Blog do Farn\u00e9sio","isPartOf":{"@id":"https:\/\/blogdofarnesio.com.br\/#website"},"primaryImageOfPage":{"@id":"https:\/\/blogdofarnesio.com.br\/?p=112640#primaryimage"},"image":{"@id":"https:\/\/blogdofarnesio.com.br\/?p=112640#primaryimage"},"thumbnailUrl":"http:\/\/www.quersaberpolitica.com.br\/2016\/wp-content\/uploads\/2015\/01\/blogqsp.projovem-urbano2-300x200.jpg","datePublished":"2015-01-12T11:00:49+00:00","breadcrumb":{"@id":"https:\/\/blogdofarnesio.com.br\/?p=112640#breadcrumb"},"inLanguage":"pt-BR","potentialAction":[{"@type":"ReadAction","target":["https:\/\/blogdofarnesio.com.br\/?p=112640"]}]},{"@type":"ImageObject","inLanguage":"pt-BR","@id":"https:\/\/blogdofarnesio.com.br\/?p=112640#primaryimage","url":"http:\/\/www.quersaberpolitica.com.br\/2016\/wp-content\/uploads\/2015\/01\/blogqsp.projovem-urbano2-300x200.jpg","contentUrl":"http:\/\/www.quersaberpolitica.com.br\/2016\/wp-content\/uploads\/2015\/01\/blogqsp.projovem-urbano2-300x200.jpg"},{"@type":"BreadcrumbList","@id":"https:\/\/blogdofarnesio.com.br\/?p=112640#breadcrumb","itemListElement":[{"@type":"ListItem","position":1,"name":"In\u00edcio","item":"https:\/\/blogdofarnesio.com.br\/"},{"@type":"ListItem","position":2,"name":"MATR\u00cdCULAS PARA O PROJOVEM URBANO EM JUAZEIRO ABREM A PARTIR DE HOJE (12)"}]},{"@type":"WebSite","@id":"https:\/\/blogdofarnesio.com.br\/#website","url":"https:\/\/blogdofarnesio.com.br\/","name":"Blog do Farn\u00e9sio","description":"Quer Saber Pol\u00edtica?","publisher":{"@id":"https:\/\/blogdofarnesio.com.br\/#organization"},"potentialAction":[{"@type":"SearchAction","target":{"@type":"EntryPoint","urlTemplate":"https:\/\/blogdofarnesio.com.br\/?s={search_term_string}"},"query-input":{"@type":"PropertyValueSpecification","valueRequired":true,"valueName":"search_term_string"}}],"inLanguage":"pt-BR"},{"@type":"Organization","@id":"https:\/\/blogdofarnesio.com.br\/#organization","name":"Blog do Farn\u00e9sio","url":"https:\/\/blogdofarnesio.com.br\/","logo":{"@type":"ImageObject","inLanguage":"pt-BR","@id":"https:\/\/blogdofarnesio.com.br\/#\/schema\/logo\/image\/","url":"https:\/\/blogdofarnesio.com.br\/wp-content\/uploads\/2026\/03\/cropped-logo_new-1.png","contentUrl":"https:\/\/blogdofarnesio.com.br\/wp-content\/uploads\/2026\/03\/cropped-logo_new-1.png","width":881,"height":685,"caption":"Blog do Farn\u00e9sio"},"image":{"@id":"https:\/\/blogdofarnesio.com.br\/#\/schema\/logo\/image\/"},"sameAs":["https:\/\/www.facebook.com\/BlogQuerSaberPolitica\/"]},{"@type":"Person","@id":"https:\/\/blogdofarnesio.com.br\/#\/schema\/person\/dd1bf5eba40b687199ba45ca6b97dff9","name":"teste","image":{"@type":"ImageObject","inLanguage":"pt-BR","@id":"https:\/\/secure.gravatar.com\/avatar\/2172498d4914b51e1d89a0f97957b035ac4938723a5cac208135d389b6972a6d?s=96&d=mm&r=g","url":"https:\/\/secure.gravatar.com\/avatar\/2172498d4914b51e1d89a0f97957b035ac4938723a5cac208135d389b6972a6d?s=96&d=mm&r=g","contentUrl":"https:\/\/secure.gravatar.com\/avatar\/2172498d4914b51e1d89a0f97957b035ac4938723a5cac208135d389b6972a6d?s=96&d=mm&r=g","caption":"teste"},"url":"https:\/\/blogdofarnesio.com.br\/?author=3"}]}},"_links":{"self":[{"href":"https:\/\/blogdofarnesio.com.br\/index.php?rest_route=\/wp\/v2\/posts\/112640","targetHints":{"allow":["GET"]}}],"collection":[{"href":"https:\/\/blogdofarnesio.com.br\/index.php?rest_route=\/wp\/v2\/posts"}],"about":[{"href":"https:\/\/blogdofarnesio.com.br\/index.php?rest_route=\/wp\/v2\/types\/post"}],"author":[{"embeddable":true,"href":"https:\/\/blogdofarnesio.com.br\/index.php?rest_route=\/wp\/v2\/users\/3"}],"replies":[{"embeddable":true,"href":"https:\/\/blogdofarnesio.com.br\/index.php?rest_route=%2Fwp%2Fv2%2Fcomments&post=112640"}],"version-history":[{"count":0,"href":"https:\/\/blogdofarnesio.com.br\/index.php?rest_route=\/wp\/v2\/posts\/112640\/revisions"}],"wp:attachment":[{"href":"https:\/\/blogdofarnesio.com.br\/index.php?rest_route=%2Fwp%2Fv2%2Fmedia&parent=112640"}],"wp:term":[{"taxonomy":"category","embeddable":true,"href":"https:\/\/blogdofarnesio.com.br\/index.php?rest_route=%2Fwp%2Fv2%2Fcategories&post=112640"},{"taxonomy":"post_tag","embeddable":true,"href":"https:\/\/blogdofarnesio.com.br\/index.php?rest_route=%2Fwp%2Fv2%2Ftags&post=112640"}],"curies":[{"name":"wp","href":"https:\/\/api.w.org\/{rel}","templated":true}]}}