{"id":11228,"date":"2012-02-17T10:50:05","date_gmt":"2012-02-17T10:50:05","guid":{"rendered":"http:\/\/www.quersaberpolitica.com.br?p=11228"},"modified":"-0001-11-30T00:00:00","modified_gmt":"-0001-11-30T03:00:00","slug":"mais-um-empreendimento-imobiliario-e-entregue-em-petrolina","status":"publish","type":"post","link":"https:\/\/blogdofarnesio.com.br\/?p=11228","title":{"rendered":"Mais um empreendimento imobili\u00e1rio \u00e9 entregue em Petrolina"},"content":{"rendered":"<p style=\"text-align: justify;\"><span style=\"font-size: small;\"><a rel=\"lightbox\" href=\"http:\/\/www.quersaberpolitica.com.br\/2016\/wp-content\/uploads\/2012\/12\/blogqspempreendimentohabitacaopetjl1.jpg\"><img loading=\"lazy\" decoding=\"async\" style=\"margin-top: 5px; margin-bottom: 5px; margin-left: 10px; margin-right: 10px; float: left;\" title=\"Imagem Divulga&ccedil;&atilde;o\" src=\"http:\/\/www.quersaberpolitica.com.br\/2016\/wp-content\/uploads\/2012\/12\/blogqspempreendimentohabitacaopetjl1.jpg\" alt=\"\" width=\"200\" height=\"133\" \/><\/a>Na noite dessa quarta-feira (15), o prefeito Julio Lossio, acompanhado pelo gestor de obras do Munic&iacute;pio, Rog&eacute;rio Valen&ccedil;a, do Diretor-Presidente da Ag&ecirc;ncia Municipal do Meio Ambiente (AMMA), Geraldo Junior e do superintende de Habita&ccedil;&atilde;o, Edinaldo Lima, participou da solenidade de inaugura&ccedil;&atilde;o do Clube Residence Petrus, no Centro de Petrolina. No evento tamb&eacute;m estiveram presentes o Diretor-Presidente da empresa, Paulo Nunes, demais representantes e convidados.<\/span><\/p>\n<p style=\"text-align: justify;\"><span style=\"font-size: small;\">O Clube Residence Petrus possui 68 apartamentos, sendo quatro por andar com 03 quartos e uma &aacute;rea de 100m&sup2; cada. O local tamb&eacute;m oferece clube de lazer com academia, sal&atilde;o de jogos, brinquedoteca, espa&ccedil;o para gourmet, quadra poliesportiva, entre outros.<\/span><\/p>\n<p style=\"text-align: justify;\"><span style=\"font-size: small;\">Segundo o Diretor-Presidente da Jotanunes Construtora, Paulo Nunes, a entrega do edif&iacute;cio &eacute; uma satisfa&ccedil;&atilde;o por mais um compromisso cumprido. &#8220;Petrolina &eacute; uma cidade em pleno desenvolvimento e nosso objetivo com esse empreendimento &eacute; acompanhar esse crescimento, proporcionando qualidade de vida e conforto &agrave;s pessoas&#8221;, disse.<\/span><\/p>\n<p style=\"text-align: justify;\"><span style=\"font-size: small;\">&#8220;Petrolina &eacute; destaque hoje pelo crescimento imobili&aacute;rio na regi&atilde;o. Em breve, estaremos entregando &agrave;s fam&iacute;lias contempladas atrav&eacute;s do Programa Habitacional, mil apartamentos que est&atilde;o sendo constru&iacute;dos pela Jotanunes. Ent&atilde;o, ficamos felizes em receber uma empresa de grande porte para nossa cidade que por meio de suas edifica&ccedil;&otilde;es traz mais status para o munic&iacute;pio, gera&ccedil;&atilde;o de emprego e qualidade de vida&#8221;, avaliou o prefeito Julio Lossio.<\/span><\/p>\n<p style=\"text-align: justify;\"><span style=\"font-size: small;\">Na solenidade de inaugura&ccedil;&atilde;o, o Padre Manoel Rodrigues aben&ccedil;oou o local e realizou uma homilia do evangelho lido. A empresa Jotanunes &eacute; parceira da Prefeitura Municipal de Petrolina no Programa Habitacional Minha Casa, Minha Vida e possui mais de 25 anos no mercado imobili&aacute;rio e 10 na regi&atilde;o do Vale do S&atilde;o Francisco.<\/span><\/p>\n<p style=\"text-align: justify;\"><span style=\"font-size: small;\">(Ascom PMP)<\/span><\/p>\n","protected":false},"excerpt":{"rendered":"<p>Na noite dessa quarta-feira (15), o prefeito Julio Lossio, acompanhado pelo gestor de obras do Munic&iacute;pio, Rog&eacute;rio Valen&ccedil;a, do Diretor-Presidente da Ag&ecirc;ncia Municipal do Meio Ambiente (AMMA), Geraldo Junior e do superintende de Habita&ccedil;&atilde;o, Edinaldo Lima, participou da solenidade de inaugura&ccedil;&atilde;o do Clube Residence Petrus, no Centro de Petrolina. No evento tamb&eacute;m estiveram presentes o Diretor-Presidente da empresa, Paulo Nunes, demais representantes e convidados. O Clube Residence Petrus possui 68 apartamentos, sendo quatro por andar com 03 quartos e uma &aacute;rea de 100m&sup2; cada. O local tamb&eacute;m oferece clube de lazer com academia, sal&atilde;o de jogos, brinquedoteca, espa&ccedil;o para gourmet, quadra poliesportiva, entre outros. Segundo o Diretor-Presidente da Jotanunes Construtora, Paulo Nunes, a entrega do edif&iacute;cio &eacute; uma satisfa&ccedil;&atilde;o por&hellip; <\/p>\n","protected":false},"author":0,"featured_media":0,"comment_status":"open","ping_status":"open","sticky":false,"template":"","format":"standard","meta":{"_acf_changed":false,"footnotes":""},"categories":[1],"tags":[],"class_list":["post-11228","post","type-post","status-publish","format-standard","hentry","category-politica"],"acf":[],"yoast_head":"<!-- This site is optimized with the Yoast SEO plugin v27.4 - https:\/\/yoast.com\/product\/yoast-seo-wordpress\/ -->\n<title>Mais um empreendimento imobili\u00e1rio \u00e9 entregue em Petrolina - Blog do Farn\u00e9sio<\/title>\n<meta name=\"robots\" content=\"index, follow, max-snippet:-1, max-image-preview:large, max-video-preview:-1\" \/>\n<link rel=\"canonical\" href=\"https:\/\/blogdofarnesio.com.br\/?p=11228\" \/>\n<meta property=\"og:locale\" content=\"pt_BR\" \/>\n<meta property=\"og:type\" content=\"article\" \/>\n<meta property=\"og:title\" content=\"Mais um empreendimento imobili\u00e1rio \u00e9 entregue em Petrolina - Blog do Farn\u00e9sio\" \/>\n<meta property=\"og:description\" content=\"Na noite dessa quarta-feira (15), o prefeito Julio Lossio, acompanhado pelo gestor de obras do Munic&iacute;pio, Rog&eacute;rio Valen&ccedil;a, do Diretor-Presidente da Ag&ecirc;ncia Municipal do Meio Ambiente (AMMA), Geraldo Junior e do superintende de Habita&ccedil;&atilde;o, Edinaldo Lima, participou da solenidade de inaugura&ccedil;&atilde;o do Clube Residence Petrus, no Centro de Petrolina. No evento tamb&eacute;m estiveram presentes o Diretor-Presidente da empresa, Paulo Nunes, demais representantes e convidados. O Clube Residence Petrus possui 68 apartamentos, sendo quatro por andar com 03 quartos e uma &aacute;rea de 100m&sup2; cada. O local tamb&eacute;m oferece clube de lazer com academia, sal&atilde;o de jogos, brinquedoteca, espa&ccedil;o para gourmet, quadra poliesportiva, entre outros. Segundo o Diretor-Presidente da Jotanunes Construtora, Paulo Nunes, a entrega do edif&iacute;cio &eacute; uma satisfa&ccedil;&atilde;o por&hellip;\" \/>\n<meta property=\"og:url\" content=\"https:\/\/blogdofarnesio.com.br\/?p=11228\" \/>\n<meta property=\"og:site_name\" content=\"Blog do Farn\u00e9sio\" \/>\n<meta property=\"article:publisher\" content=\"https:\/\/www.facebook.com\/BlogQuerSaberPolitica\/\" \/>\n<meta property=\"article:published_time\" content=\"2012-02-17T10:50:05+00:00\" \/>\n<meta property=\"og:image\" content=\"http:\/\/www.quersaberpolitica.com.br\/2016\/wp-content\/uploads\/2012\/12\/blogqspempreendimentohabitacaopetjl1.jpg\" \/>\n<meta name=\"twitter:card\" content=\"summary_large_image\" \/>\n<meta name=\"twitter:label1\" content=\"Est. tempo de leitura\" \/>\n\t<meta name=\"twitter:data1\" content=\"2 minutos\" \/>\n<script type=\"application\/ld+json\" class=\"yoast-schema-graph\">{\"@context\":\"https:\\\/\\\/schema.org\",\"@graph\":[{\"@type\":\"Article\",\"@id\":\"https:\\\/\\\/blogdofarnesio.com.br\\\/?p=11228#article\",\"isPartOf\":{\"@id\":\"https:\\\/\\\/blogdofarnesio.com.br\\\/?p=11228\"},\"author\":{\"name\":\"\",\"@id\":\"\"},\"headline\":\"Mais um empreendimento imobili\u00e1rio \u00e9 entregue em Petrolina\",\"datePublished\":\"2012-02-17T10:50:05+00:00\",\"mainEntityOfPage\":{\"@id\":\"https:\\\/\\\/blogdofarnesio.com.br\\\/?p=11228\"},\"wordCount\":337,\"commentCount\":0,\"publisher\":{\"@id\":\"https:\\\/\\\/blogdofarnesio.com.br\\\/#organization\"},\"image\":{\"@id\":\"https:\\\/\\\/blogdofarnesio.com.br\\\/?p=11228#primaryimage\"},\"thumbnailUrl\":\"http:\\\/\\\/www.quersaberpolitica.com.br\\\/2016\\\/wp-content\\\/uploads\\\/2012\\\/12\\\/blogqspempreendimentohabitacaopetjl1.jpg\",\"articleSection\":[\"Pol\u00edtica\"],\"inLanguage\":\"pt-BR\",\"potentialAction\":[{\"@type\":\"CommentAction\",\"name\":\"Comment\",\"target\":[\"https:\\\/\\\/blogdofarnesio.com.br\\\/?p=11228#respond\"]}]},{\"@type\":\"WebPage\",\"@id\":\"https:\\\/\\\/blogdofarnesio.com.br\\\/?p=11228\",\"url\":\"https:\\\/\\\/blogdofarnesio.com.br\\\/?p=11228\",\"name\":\"Mais um empreendimento imobili\u00e1rio \u00e9 entregue em Petrolina - Blog do Farn\u00e9sio\",\"isPartOf\":{\"@id\":\"https:\\\/\\\/blogdofarnesio.com.br\\\/#website\"},\"primaryImageOfPage\":{\"@id\":\"https:\\\/\\\/blogdofarnesio.com.br\\\/?p=11228#primaryimage\"},\"image\":{\"@id\":\"https:\\\/\\\/blogdofarnesio.com.br\\\/?p=11228#primaryimage\"},\"thumbnailUrl\":\"http:\\\/\\\/www.quersaberpolitica.com.br\\\/2016\\\/wp-content\\\/uploads\\\/2012\\\/12\\\/blogqspempreendimentohabitacaopetjl1.jpg\",\"datePublished\":\"2012-02-17T10:50:05+00:00\",\"breadcrumb\":{\"@id\":\"https:\\\/\\\/blogdofarnesio.com.br\\\/?p=11228#breadcrumb\"},\"inLanguage\":\"pt-BR\",\"potentialAction\":[{\"@type\":\"ReadAction\",\"target\":[\"https:\\\/\\\/blogdofarnesio.com.br\\\/?p=11228\"]}]},{\"@type\":\"ImageObject\",\"inLanguage\":\"pt-BR\",\"@id\":\"https:\\\/\\\/blogdofarnesio.com.br\\\/?p=11228#primaryimage\",\"url\":\"http:\\\/\\\/www.quersaberpolitica.com.br\\\/2016\\\/wp-content\\\/uploads\\\/2012\\\/12\\\/blogqspempreendimentohabitacaopetjl1.jpg\",\"contentUrl\":\"http:\\\/\\\/www.quersaberpolitica.com.br\\\/2016\\\/wp-content\\\/uploads\\\/2012\\\/12\\\/blogqspempreendimentohabitacaopetjl1.jpg\"},{\"@type\":\"BreadcrumbList\",\"@id\":\"https:\\\/\\\/blogdofarnesio.com.br\\\/?p=11228#breadcrumb\",\"itemListElement\":[{\"@type\":\"ListItem\",\"position\":1,\"name\":\"In\u00edcio\",\"item\":\"https:\\\/\\\/blogdofarnesio.com.br\\\/\"},{\"@type\":\"ListItem\",\"position\":2,\"name\":\"Mais um empreendimento imobili\u00e1rio \u00e9 entregue em Petrolina\"}]},{\"@type\":\"WebSite\",\"@id\":\"https:\\\/\\\/blogdofarnesio.com.br\\\/#website\",\"url\":\"https:\\\/\\\/blogdofarnesio.com.br\\\/\",\"name\":\"Blog do Farn\u00e9sio\",\"description\":\"Quer Saber Pol\u00edtica?\",\"publisher\":{\"@id\":\"https:\\\/\\\/blogdofarnesio.com.br\\\/#organization\"},\"potentialAction\":[{\"@type\":\"SearchAction\",\"target\":{\"@type\":\"EntryPoint\",\"urlTemplate\":\"https:\\\/\\\/blogdofarnesio.com.br\\\/?s={search_term_string}\"},\"query-input\":{\"@type\":\"PropertyValueSpecification\",\"valueRequired\":true,\"valueName\":\"search_term_string\"}}],\"inLanguage\":\"pt-BR\"},{\"@type\":\"Organization\",\"@id\":\"https:\\\/\\\/blogdofarnesio.com.br\\\/#organization\",\"name\":\"Blog do Farn\u00e9sio\",\"url\":\"https:\\\/\\\/blogdofarnesio.com.br\\\/\",\"logo\":{\"@type\":\"ImageObject\",\"inLanguage\":\"pt-BR\",\"@id\":\"https:\\\/\\\/blogdofarnesio.com.br\\\/#\\\/schema\\\/logo\\\/image\\\/\",\"url\":\"https:\\\/\\\/blogdofarnesio.com.br\\\/wp-content\\\/uploads\\\/2026\\\/03\\\/cropped-logo_new-1.png\",\"contentUrl\":\"https:\\\/\\\/blogdofarnesio.com.br\\\/wp-content\\\/uploads\\\/2026\\\/03\\\/cropped-logo_new-1.png\",\"width\":881,\"height\":685,\"caption\":\"Blog do Farn\u00e9sio\"},\"image\":{\"@id\":\"https:\\\/\\\/blogdofarnesio.com.br\\\/#\\\/schema\\\/logo\\\/image\\\/\"},\"sameAs\":[\"https:\\\/\\\/www.facebook.com\\\/BlogQuerSaberPolitica\\\/\"]}]}<\/script>\n<!-- \/ Yoast SEO plugin. -->","yoast_head_json":{"title":"Mais um empreendimento imobili\u00e1rio \u00e9 entregue em Petrolina - Blog do Farn\u00e9sio","robots":{"index":"index","follow":"follow","max-snippet":"max-snippet:-1","max-image-preview":"max-image-preview:large","max-video-preview":"max-video-preview:-1"},"canonical":"https:\/\/blogdofarnesio.com.br\/?p=11228","og_locale":"pt_BR","og_type":"article","og_title":"Mais um empreendimento imobili\u00e1rio \u00e9 entregue em Petrolina - Blog do Farn\u00e9sio","og_description":"Na noite dessa quarta-feira (15), o prefeito Julio Lossio, acompanhado pelo gestor de obras do Munic&iacute;pio, Rog&eacute;rio Valen&ccedil;a, do Diretor-Presidente da Ag&ecirc;ncia Municipal do Meio Ambiente (AMMA), Geraldo Junior e do superintende de Habita&ccedil;&atilde;o, Edinaldo Lima, participou da solenidade de inaugura&ccedil;&atilde;o do Clube Residence Petrus, no Centro de Petrolina. No evento tamb&eacute;m estiveram presentes o Diretor-Presidente da empresa, Paulo Nunes, demais representantes e convidados. O Clube Residence Petrus possui 68 apartamentos, sendo quatro por andar com 03 quartos e uma &aacute;rea de 100m&sup2; cada. O local tamb&eacute;m oferece clube de lazer com academia, sal&atilde;o de jogos, brinquedoteca, espa&ccedil;o para gourmet, quadra poliesportiva, entre outros. Segundo o Diretor-Presidente da Jotanunes Construtora, Paulo Nunes, a entrega do edif&iacute;cio &eacute; uma satisfa&ccedil;&atilde;o por&hellip;","og_url":"https:\/\/blogdofarnesio.com.br\/?p=11228","og_site_name":"Blog do Farn\u00e9sio","article_publisher":"https:\/\/www.facebook.com\/BlogQuerSaberPolitica\/","article_published_time":"2012-02-17T10:50:05+00:00","og_image":[{"url":"http:\/\/www.quersaberpolitica.com.br\/2016\/wp-content\/uploads\/2012\/12\/blogqspempreendimentohabitacaopetjl1.jpg","type":"","width":"","height":""}],"twitter_card":"summary_large_image","twitter_misc":{"Est. tempo de leitura":"2 minutos"},"schema":{"@context":"https:\/\/schema.org","@graph":[{"@type":"Article","@id":"https:\/\/blogdofarnesio.com.br\/?p=11228#article","isPartOf":{"@id":"https:\/\/blogdofarnesio.com.br\/?p=11228"},"author":{"name":"","@id":""},"headline":"Mais um empreendimento imobili\u00e1rio \u00e9 entregue em Petrolina","datePublished":"2012-02-17T10:50:05+00:00","mainEntityOfPage":{"@id":"https:\/\/blogdofarnesio.com.br\/?p=11228"},"wordCount":337,"commentCount":0,"publisher":{"@id":"https:\/\/blogdofarnesio.com.br\/#organization"},"image":{"@id":"https:\/\/blogdofarnesio.com.br\/?p=11228#primaryimage"},"thumbnailUrl":"http:\/\/www.quersaberpolitica.com.br\/2016\/wp-content\/uploads\/2012\/12\/blogqspempreendimentohabitacaopetjl1.jpg","articleSection":["Pol\u00edtica"],"inLanguage":"pt-BR","potentialAction":[{"@type":"CommentAction","name":"Comment","target":["https:\/\/blogdofarnesio.com.br\/?p=11228#respond"]}]},{"@type":"WebPage","@id":"https:\/\/blogdofarnesio.com.br\/?p=11228","url":"https:\/\/blogdofarnesio.com.br\/?p=11228","name":"Mais um empreendimento imobili\u00e1rio \u00e9 entregue em Petrolina - Blog do Farn\u00e9sio","isPartOf":{"@id":"https:\/\/blogdofarnesio.com.br\/#website"},"primaryImageOfPage":{"@id":"https:\/\/blogdofarnesio.com.br\/?p=11228#primaryimage"},"image":{"@id":"https:\/\/blogdofarnesio.com.br\/?p=11228#primaryimage"},"thumbnailUrl":"http:\/\/www.quersaberpolitica.com.br\/2016\/wp-content\/uploads\/2012\/12\/blogqspempreendimentohabitacaopetjl1.jpg","datePublished":"2012-02-17T10:50:05+00:00","breadcrumb":{"@id":"https:\/\/blogdofarnesio.com.br\/?p=11228#breadcrumb"},"inLanguage":"pt-BR","potentialAction":[{"@type":"ReadAction","target":["https:\/\/blogdofarnesio.com.br\/?p=11228"]}]},{"@type":"ImageObject","inLanguage":"pt-BR","@id":"https:\/\/blogdofarnesio.com.br\/?p=11228#primaryimage","url":"http:\/\/www.quersaberpolitica.com.br\/2016\/wp-content\/uploads\/2012\/12\/blogqspempreendimentohabitacaopetjl1.jpg","contentUrl":"http:\/\/www.quersaberpolitica.com.br\/2016\/wp-content\/uploads\/2012\/12\/blogqspempreendimentohabitacaopetjl1.jpg"},{"@type":"BreadcrumbList","@id":"https:\/\/blogdofarnesio.com.br\/?p=11228#breadcrumb","itemListElement":[{"@type":"ListItem","position":1,"name":"In\u00edcio","item":"https:\/\/blogdofarnesio.com.br\/"},{"@type":"ListItem","position":2,"name":"Mais um empreendimento imobili\u00e1rio \u00e9 entregue em Petrolina"}]},{"@type":"WebSite","@id":"https:\/\/blogdofarnesio.com.br\/#website","url":"https:\/\/blogdofarnesio.com.br\/","name":"Blog do Farn\u00e9sio","description":"Quer Saber Pol\u00edtica?","publisher":{"@id":"https:\/\/blogdofarnesio.com.br\/#organization"},"potentialAction":[{"@type":"SearchAction","target":{"@type":"EntryPoint","urlTemplate":"https:\/\/blogdofarnesio.com.br\/?s={search_term_string}"},"query-input":{"@type":"PropertyValueSpecification","valueRequired":true,"valueName":"search_term_string"}}],"inLanguage":"pt-BR"},{"@type":"Organization","@id":"https:\/\/blogdofarnesio.com.br\/#organization","name":"Blog do Farn\u00e9sio","url":"https:\/\/blogdofarnesio.com.br\/","logo":{"@type":"ImageObject","inLanguage":"pt-BR","@id":"https:\/\/blogdofarnesio.com.br\/#\/schema\/logo\/image\/","url":"https:\/\/blogdofarnesio.com.br\/wp-content\/uploads\/2026\/03\/cropped-logo_new-1.png","contentUrl":"https:\/\/blogdofarnesio.com.br\/wp-content\/uploads\/2026\/03\/cropped-logo_new-1.png","width":881,"height":685,"caption":"Blog do Farn\u00e9sio"},"image":{"@id":"https:\/\/blogdofarnesio.com.br\/#\/schema\/logo\/image\/"},"sameAs":["https:\/\/www.facebook.com\/BlogQuerSaberPolitica\/"]}]}},"_links":{"self":[{"href":"https:\/\/blogdofarnesio.com.br\/index.php?rest_route=\/wp\/v2\/posts\/11228","targetHints":{"allow":["GET"]}}],"collection":[{"href":"https:\/\/blogdofarnesio.com.br\/index.php?rest_route=\/wp\/v2\/posts"}],"about":[{"href":"https:\/\/blogdofarnesio.com.br\/index.php?rest_route=\/wp\/v2\/types\/post"}],"replies":[{"embeddable":true,"href":"https:\/\/blogdofarnesio.com.br\/index.php?rest_route=%2Fwp%2Fv2%2Fcomments&post=11228"}],"version-history":[{"count":0,"href":"https:\/\/blogdofarnesio.com.br\/index.php?rest_route=\/wp\/v2\/posts\/11228\/revisions"}],"wp:attachment":[{"href":"https:\/\/blogdofarnesio.com.br\/index.php?rest_route=%2Fwp%2Fv2%2Fmedia&parent=11228"}],"wp:term":[{"taxonomy":"category","embeddable":true,"href":"https:\/\/blogdofarnesio.com.br\/index.php?rest_route=%2Fwp%2Fv2%2Fcategories&post=11228"},{"taxonomy":"post_tag","embeddable":true,"href":"https:\/\/blogdofarnesio.com.br\/index.php?rest_route=%2Fwp%2Fv2%2Ftags&post=11228"}],"curies":[{"name":"wp","href":"https:\/\/api.w.org\/{rel}","templated":true}]}}