{"id":11179,"date":"2012-02-15T10:22:18","date_gmt":"2012-02-15T10:22:18","guid":{"rendered":"http:\/\/www.quersaberpolitica.com.br?p=11179"},"modified":"2012-02-15T10:51:40","modified_gmt":"2012-02-15T10:51:40","slug":"prefeitura-convida-foliao-para-curtir-a-programacao-da-folia-no-vale-dos-vinhos-\u2013-carnaval-2012","status":"publish","type":"post","link":"https:\/\/blogdofarnesio.com.br\/?p=11179","title":{"rendered":"Prefeitura convida foli\u00e3o para curtir a programa\u00e7\u00e3o da Folia no Vale dos Vinhos \u2013 Carnaval 2012"},"content":{"rendered":"<p style=\"text-align: justify; \"><span style=\"font-size: small;\"><a rel=\"lightbox\" href=\"http:\/\/www.quersaberpolitica.com.br\/2016\/wp-content\/uploads\/2012\/12\/blogqsp_carnaval.gif\"><img loading=\"lazy\" decoding=\"async\" style=\"margin-top: 5px; margin-bottom: 5px; margin-left: 10px; margin-right: 10px; float: right; \" title=\"Imagem Ilustrativa\" src=\"http:\/\/www.quersaberpolitica.com.br\/2016\/wp-content\/uploads\/2012\/12\/blogqsp_carnaval.gif\" alt=\"\" width=\"200\" height=\"196\" \/><\/a>Para homenagear a voca&ccedil;&atilde;o econ&ocirc;mica da regi&atilde;o do Vale do S&atilde;o Francisco e valorizar a cultura da festa de Momo, este ano o carnaval de Petrolina ter&aacute; como tema: &#8220;Folia no Vale dos Vinhos: Fantasias de Carnaval no Vale&#8221;. Com atra&ccedil;&otilde;es regionais e nacionais o carnaval promete levar fam&iacute;lias inteiras para as ruas da cidade e integrar toda a comunidade.<\/span><\/p>\n<p style=\"text-align: justify; \"><span style=\"font-size: small;\">De acordo com informa&ccedil;&otilde;es das Secretarias de Cultura e de Desenvolvimento Econ&ocirc;mico, Turismo e Eventos do Munic&iacute;pio, v&aacute;rias atividades foram programadas para os dias de festa com destaque para as Oficinas de Frevo que acontecem desde esta segunda-feira (13) e v&atilde;o at&eacute; dia 17, o Concurso de Fantasias, o Bloco Nova Semente, al&eacute;m das Orquestras de Frevo, Blocos de Rua e as atra&ccedil;&otilde;es regionais e nacionais nos p&oacute;los do centro, localizados na Pra&ccedil;a 21 de setembro e na Orla. Confira a programa&ccedil;&atilde;o:<\/span><\/p>\n<p style=\"text-align: justify; \"><span style=\"font-size: small;\">Obs: A Programa&ccedil;&atilde;o completa voc&ecirc;s poder&atilde;o conferir no site a partir de amanh&atilde;, dia 15\/02. <br \/> <\/span><\/p>\n<p style=\"text-align: justify; \"><span style=\"font-size: small;\"><strong>PROGRAMA&Ccedil;&Atilde;O DO CARNAVAL DE PETROLINA<\/strong><\/span><\/p>\n<p style=\"text-align: justify; \"><span style=\"font-size: small;\"><strong>FOLIA NO VALE DOS VINHOS: FANTASIAS NO CARNAVAL DO VALE<\/strong><\/span><\/p>\n<p style=\"text-align: justify; \"><span style=\"font-size: small;\"><strong>PR&Eacute;VIAS CARNAVALESCAS<\/strong><\/span><\/p>\n<p style=\"text-align: justify; \"><span style=\"font-size: small;\">13 a 17 de fevereiro, segunda a sexta-feira<\/span><\/p>\n<p style=\"text-align: justify; \"><span style=\"font-size: small;\">Oficinas de Frevo<\/span><\/p>\n<p style=\"text-align: justify; \"><span style=\"font-size: small;\">8h &agrave;s 11h &#8211; Cras do Jo&atilde;o de Deus<\/span><\/p>\n<p style=\"text-align: justify; \"><span style=\"font-size: small;\">8h &agrave;s 11h &#8211; Associa&ccedil;&atilde;o dos Moradores do bairro Fernando Idalino<\/span><\/p>\n<p style=\"text-align: justify; \"><span style=\"font-size: small;\">14h &agrave;s 17h &#8211; na Escola Adelino Almeida no bairro Areia Branca<\/span><\/p>\n<p style=\"text-align: justify; \"><span style=\"font-size: small;\">19h &agrave;s 20h30 &#8211; no Palco da Orla (dias 13 e 14\/02)<\/span><\/p>\n<p style=\"text-align: justify; \"><span style=\"font-size: small;\">18h30 &agrave;s 19h30 &#8211; na Quadra de Esportes da Cohab III (dias 15 e 16\/02)<\/span><\/p>\n<p style=\"text-align: justify; \"><span style=\"font-size: small;\"><br \/><\/span><\/p>\n<p style=\"text-align: justify; \"><span style=\"font-size: small;\">14 de fevereiro, ter&ccedil;a-feira<\/span><\/p>\n<p style=\"text-align: justify; \"><span style=\"font-size: small;\">17h30min. Orquestra de Frevo do Bolinha &#8211; Petrolina-PE<\/span><\/p>\n<p style=\"text-align: justify; \"><span style=\"font-size: small;\">Local: Tenda Cultural da Av. Souza Filho<\/span><\/p>\n<p style=\"text-align: justify; \"><span style=\"font-size: small;\"><br \/><\/span><\/p>\n<p style=\"text-align: justify; \"><span style=\"font-size: small;\">15 de fevereiro, quarta-feira <\/span><\/p>\n<p style=\"text-align: justify; \"><span style=\"font-size: small;\">16h30min. Bloco do Nova Semente com Frevuca e Orquestra Novo Esquema<\/span><\/p>\n<p style=\"text-align: justify; \"><span style=\"font-size: small;\">Local: Sa&iacute;da do Cal&ccedil;ad&atilde;o Bahia da Av. Souza Filho at&eacute; a Pra&ccedil;a da 21 de Setembro<\/span><\/p>\n<p style=\"text-align: justify; \"><span style=\"font-size: small;\"><br \/><\/span><\/p>\n<p style=\"text-align: justify; \"><span style=\"font-size: small;\">16 de fevereiro, quinta-feira<\/span><\/p>\n<p style=\"text-align: justify; \"><span style=\"font-size: small;\">15h &agrave;s 18h &#8211; Carnaval da Integra&ccedil;&atilde;o dos Programas Sociais com Orquestra Skala<\/span><\/p>\n<p style=\"text-align: justify; \"><span style=\"font-size: small;\">Local: Centro de Conviv&ecirc;ncia dos Idosos &#8211; Mimi Cruz, bairro Alto do Cocar<\/span><\/p>\n<p style=\"text-align: justify; \"><span style=\"font-size: small;\">17h &#8211; Lan&ccedil;amento da Frevuca 2 com Orquestra de Frevo Petrolina e os Blocos: Os Brucutus, Os que Ficaram, Bloco do Senac, Bloco da Melhor Idade do Sesc e Meninos do Sesc.<\/span><\/p>\n<p style=\"text-align: justify; \"><span style=\"font-size: small;\">Sa&iacute;da do Senac &agrave; Pra&ccedil;a da 21 de Setembro.<\/span><\/p>\n<p style=\"text-align: justify; \"><span style=\"font-size: small;\">18h &#8211; Baque Opar&aacute; (grupo de percuss&atilde;o &#8211; maracatu de baque virado, ciranda, coco, afox&eacute;) &#8211; Petrolina-PE<\/span><\/p>\n<p style=\"text-align: justify; \"><span style=\"font-size: small;\">Local: Pra&ccedil;a da 21 de Setembro<\/span><\/p>\n<p style=\"text-align: justify; \"><span style=\"font-size: small;\">17h30 &#8211; Bloco J&aacute; Vai Tarde &#8211; Petrolina-PE<\/span><\/p>\n<p style=\"text-align: justify; \"><span style=\"font-size: small;\">Local: Pra&ccedil;a da 21 de Setembro<\/span><\/p>\n<p style=\"text-align: justify; \"><span style=\"font-size: small;\"><br \/><\/span><\/p>\n<p style=\"text-align: justify; \"><span style=\"font-size: small;\">17 de fevereiro, sexta-feira<\/span><\/p>\n<p style=\"text-align: justify; \"><span style=\"font-size: small;\">15h &agrave;s 16h30 &#8211; Carnaval Solid&aacute;rio com a Orquestra de Frevo A Rebarba<\/span><\/p>\n<p style=\"text-align: justify; \"><span style=\"font-size: small;\">Local: Casa Geri&aacute;trica<\/span><\/p>\n<p style=\"text-align: justify; \"><span style=\"font-size: small;\">17h &#8211; Bloco Sou Legal Sou Especial com Frevuca e Orquestra de Frevo do Bolinha &#8211; Petrolina-PE<\/span><\/p>\n<p style=\"text-align: justify; \"><span style=\"font-size: small;\">Sa&iacute;da Pra&ccedil;a das Algarobas para a Pra&ccedil;a da 21 de Setembro<\/span><\/p>\n<p style=\"text-align: justify; \"><span style=\"font-size: small;\"><br \/><\/span><\/p>\n<p style=\"text-align: justify; \"><span style=\"font-size: small;\"><strong>PROGRAMA&Ccedil;&Atilde;O DO CARNAVAL OFICIAL<\/strong><\/span><\/p>\n<p style=\"text-align: justify; \"><span style=\"font-size: small;\">P&Oacute;LO CENTRO (PRA&Ccedil;A DA 21 DE SETEMBRO E ORLA)<\/span><\/p>\n<p style=\"text-align: justify; \"><span style=\"font-size: small;\">18 de fevereiro, s&aacute;bado<\/span><\/p>\n<p style=\"text-align: justify; \"><span style=\"font-size: small;\">CORETO<\/span><\/p>\n<p style=\"text-align: justify; \"><span style=\"font-size: small;\">20h &agrave;s 00h Orquestra e Banda Frevarte<\/span><\/p>\n<p style=\"text-align: justify; \"><span style=\"font-size: small;\">BLOCOS<\/span><\/p>\n<p style=\"text-align: justify; \"><span style=\"font-size: small;\">9h30 &#8211; Driblando o Craque<\/span><\/p>\n<p style=\"text-align: justify; \"><span style=\"font-size: small;\">Local: Pra&ccedil;a do Galo at&eacute; a Pra&ccedil;a da 21 de Setembro<\/span><\/p>\n<p style=\"text-align: justify; \"><span style=\"font-size: small;\">16h &#8211; Bloco Cabar&eacute; das Ilus&otilde;es com Orquestra Metais em Brasa &#8211; Senhor do Bonfim-BA<\/span><\/p>\n<p style=\"text-align: justify; \"><span style=\"font-size: small;\">Local: Sa&iacute;da da Orla I de Petrolina no Tann&acute;s Bar, seguindo para a Porta do Rio at&eacute; a Pra&ccedil;a da 21 de Setembro<\/span><\/p>\n<p style=\"text-align: justify; \"><span style=\"font-size: small;\">18h &#8211; Bloco As Cachorras com a Orquestra Metais de Ouro &#8211; Petrolina-PE<\/span><\/p>\n<p style=\"text-align: justify; \"><span style=\"font-size: small;\">Local: Sa&iacute;da da Travessa Ant&ocirc;nio Padilha at&eacute; a Pra&ccedil;a da 21 de Setembro<\/span><\/p>\n<p style=\"text-align: justify; \"><span style=\"font-size: small;\">19h &#8211; Maracatujaba &#8211; Petrolina-PE<\/span><\/p>\n<p style=\"text-align: justify; \"><span style=\"font-size: small;\">Local: Pra&ccedil;a da 21 de Setembro<\/span><\/p>\n<p style=\"text-align: justify; \"><span style=\"font-size: small;\">19h &#8211; Bloco Os que Ficaram com Orquestra de Frevo do Bolinha<\/span><\/p>\n<p style=\"text-align: justify; \"><span style=\"font-size: small;\">Local: Sa&iacute;da do Hotel Ibis at&eacute; a Pra&ccedil;a da 21 de Setembro<\/span><\/p>\n<p style=\"text-align: justify; \"><span style=\"font-size: small;\">19h &#8211; Bloco Rurais na Folia com Trio e Orquestra Magia<\/span><\/p>\n<p style=\"text-align: justify; \"><span style=\"font-size: small;\">Local: Sa&iacute;da da sede do Sindicato dos Trabalhadores Rurais na Av. das Na&ccedil;&otilde;es at&eacute; a Pra&ccedil;a da 21 de Setembro<\/span><\/p>\n<p style=\"text-align: justify; \"><span style=\"font-size: small;\">19h30 &#8211; Lavagem do Carnaval &#8211; Associa&ccedil;&atilde;o Esp&iacute;rita e culto-afro brasileiro de Petrolina<\/span><\/p>\n<p style=\"text-align: justify; \"><span style=\"font-size: small;\">Local: Pra&ccedil;a da 21 de Setembro<\/span><\/p>\n<p style=\"text-align: justify; \"><span style=\"font-size: small;\"><br \/><\/span><\/p>\n<p style=\"text-align: justify; \"><span style=\"font-size: small;\">Palco da Orla<\/span><\/p>\n<p style=\"text-align: justify; \"><span style=\"font-size: small;\">21h &#8211; Cabelo de Serpente<\/span><\/p>\n<p style=\"text-align: justify; \"><span style=\"font-size: small;\">22h20 &#8211; Z&eacute; Manoel<\/span><\/p>\n<p style=\"text-align: justify; \"><span style=\"font-size: small;\">23h40 &#8211; Allexa<\/span><\/p>\n<p style=\"text-align: justify; \"><span style=\"font-size: small;\">1h &#8211; Margareth Menezes<\/span><\/p>\n<p style=\"text-align: justify; \"><span style=\"font-size: small;\"><br \/><\/span><\/p>\n<p style=\"text-align: justify; \"><span style=\"font-size: small;\">19 de fevereiro, domingo<\/span><\/p>\n<p style=\"text-align: justify; \"><span style=\"font-size: small;\">CORETO<\/span><\/p>\n<p style=\"text-align: justify; \"><span style=\"font-size: small;\">20h &agrave;s 00h &#8211; Orquestra e Banda Frevarte<\/span><\/p>\n<p style=\"text-align: justify; \"><span style=\"font-size: small;\">BLOCOS<\/span><\/p>\n<p style=\"text-align: justify; \"><span style=\"font-size: small;\">17h &#8211; Bloco Os Brucutus com Orquestra A Rebarba<\/span><\/p>\n<p style=\"text-align: justify; \"><span style=\"font-size: small;\">Sa&iacute;da Monumento da integra&ccedil;&atilde;o at&eacute; Pra&ccedil;a 21 de setembro<\/span><\/p>\n<p style=\"text-align: justify; \"><span style=\"font-size: small;\">18h &#8211; Bloco Her&oacute;i ou Malandro<\/span><\/p>\n<p style=\"text-align: justify; \"><span style=\"font-size: small;\">17h30 &#8211; Bloco Carranca Dourada com Orquestra de Frevo do Bolinha<\/span><\/p>\n<p style=\"text-align: justify; \"><span style=\"font-size: small;\">Local: Pra&ccedil;a da 21 de Setembro<\/span><\/p>\n<p style=\"text-align: justify; \"><span style=\"font-size: small;\"><br \/><\/span><\/p>\n<p style=\"text-align: justify; \"><span style=\"font-size: small;\">21h &#8211; Palco da Orla<\/span><\/p>\n<p style=\"text-align: justify; \"><span style=\"font-size: small;\">21h &#8211; Ana Costa<\/span><\/p>\n<p style=\"text-align: justify; \"><span style=\"font-size: small;\">22h20 &#8211; Orquestra Adelmo Apol&ocirc;nio<\/span><\/p>\n<p style=\"text-align: justify; \"><span style=\"font-size: small;\">23h40 &#8211; Conxitas<\/span><\/p>\n<p style=\"text-align: justify; \"><span style=\"font-size: small;\">1h &#8211; Grupo Bongar<\/span><\/p>\n<p style=\"text-align: justify; \"><span style=\"font-size: small;\"><br \/><\/span><\/p>\n<p style=\"text-align: justify; \"><span style=\"font-size: small;\">20 de fevereiro, segunda-feira<\/span><\/p>\n<p style=\"text-align: justify; \"><span style=\"font-size: small;\">CORETO<\/span><\/p>\n<p style=\"text-align: justify; \"><span style=\"font-size: small;\">20h &agrave;s 00h &#8211; Orquestra e Banda Frevarte<\/span><\/p>\n<p style=\"text-align: justify; \"><span style=\"font-size: small;\">BLOCOS<\/span><\/p>\n<p style=\"text-align: justify; \"><span style=\"font-size: small;\">15h &#8211; Bloco Quem disse que a gente n&atilde;o vinha &#8211; Viol&ecirc;ncia contra a mulher &eacute; coisa de outra cultura com Frevuca e Orquestra Premier<\/span><\/p>\n<p style=\"text-align: justify; \"><span style=\"font-size: small;\">Local: Av. Cardoso de S&aacute;\/ 21 de setembro no final da Porta do Rio<\/span><\/p>\n<p style=\"text-align: justify; \"><span style=\"font-size: small;\">16h &#8211; Bloco Tou Chegando com Frevuca<\/span><\/p>\n<p style=\"text-align: justify; \"><span style=\"font-size: small;\">Local: Rua Manoel Clementino, Centro no Bar do Messinho at&eacute; a Pra&ccedil;a da 21 de Setembro<\/span><\/p>\n<p style=\"text-align: justify; \"><span style=\"font-size: small;\">18h &#8211; Bloco Her&oacute;i ou Malandro &#8211; Petrolina-PE<\/span><\/p>\n<p style=\"text-align: justify; \"><span style=\"font-size: small;\">Local: Pra&ccedil;a da 21 de Setembro<\/span><\/p>\n<p style=\"text-align: justify; \"><span style=\"font-size: small;\">18h30 &#8211; Bloco A Rebarba no Samba<\/span><\/p>\n<p style=\"text-align: justify; \"><span style=\"font-size: small;\">Local: Sa&iacute;da da Tenda Cultural da Av. Souza Filho at&eacute; a Pra&ccedil;a da 21 de Setembro<\/span><\/p>\n<p style=\"text-align: justify; \"><span style=\"font-size: small;\">19h &#8211; Escola de Samba Unidos da Ponte &#8211; Petrolina-PE<\/span><\/p>\n<p style=\"text-align: justify; \"><span style=\"font-size: small;\">Concurso de Fantasias do Carnaval<\/span><\/p>\n<p style=\"text-align: justify; \"><span style=\"font-size: small;\">Pra&ccedil;a da 21 de Setembro<\/span><\/p>\n<p style=\"text-align: justify; \"><span style=\"font-size: small;\">17h &agrave;s 20h &#8211; Concurso de Fantasia Popular Infantil<\/span><\/p>\n<p style=\"text-align: justify; \"><span style=\"font-size: small;\">Premia&ccedil;&atilde;o (1&ordm; lugar R$ 200,00, 2&ordm; lugar R$ 150,00 e 3&ordm; lugar R$ 100,00)<\/span><\/p>\n<p style=\"text-align: justify; \"><span style=\"font-size: small;\">17h &agrave;s 21h &#8211; Concurso de Fantasia Popular Individual a partir de 13 anos<\/span><\/p>\n<p style=\"text-align: justify; \"><span style=\"font-size: small;\">Premia&ccedil;&atilde;o (1&ordm; lugar R$ 300,00, 2&ordm; lugar R$ 200,00 e 3&ordm; lugar R$ 100,00)<\/span><\/p>\n<p style=\"text-align: justify; \"><span style=\"font-size: small;\">17h &agrave;s 21h &#8211; Concurso de Grupos Fantasiados<\/span><\/p>\n<p style=\"text-align: justify; \"><span style=\"font-size: small;\">Premia&ccedil;&atilde;o (1&ordm; lugar R$ 500,00, 2&ordm; lugar R$ 350,00 e 3&ordm; lugar R$ 200,00)<\/span><\/p>\n<p style=\"text-align: justify; \"><span style=\"font-size: small;\">OBS: As inscri&ccedil;&otilde;es ser&atilde;o feitas na hora e o resultado sair&aacute; ap&oacute;s uma hora de finalizadas as inscri&ccedil;&otilde;es que ser&atilde;o realizadas no Quiosque do Concurso.<\/span><\/p>\n<p style=\"text-align: justify; \"><span style=\"font-size: small;\"><br \/><\/span><\/p>\n<p style=\"text-align: justify; \"><span style=\"font-size: small;\">21h &#8211; Palco da Orla<\/span><\/p>\n<p style=\"text-align: justify; \"><span style=\"font-size: small;\">21h &#8211; Samba de V&eacute;io<\/span><\/p>\n<p style=\"text-align: justify; \"><span style=\"font-size: small;\">22h20 &#8211; Tronco di Jurema<\/span><\/p>\n<p style=\"text-align: justify; \"><span style=\"font-size: small;\">23h40 &#8211; Orquestra Lourdinha N&oacute;brega<\/span><\/p>\n<p style=\"text-align: justify; \"><span style=\"font-size: small;\">1h &#8211; Art Popular<\/span><\/p>\n<p style=\"text-align: justify; \"><span style=\"font-size: small;\"><br \/><\/span><\/p>\n<p style=\"text-align: justify; \"><span style=\"font-size: small;\">21 de fevereiro, ter&ccedil;a-feira<\/span><\/p>\n<p style=\"text-align: justify; \"><span style=\"font-size: small;\">CORETO<\/span><\/p>\n<p style=\"text-align: justify; \"><span style=\"font-size: small;\">20h &agrave;s 00h &#8211; Orquestra e Banda Frevarte<\/span><\/p>\n<p style=\"text-align: justify; \"><span style=\"font-size: small;\">BLOCOS<\/span><\/p>\n<p style=\"text-align: justify; \"><span style=\"font-size: small;\">16h &#8211; Bloco e Orquestra A Rebarba<\/span><\/p>\n<p style=\"text-align: justify; \"><span style=\"font-size: small;\">Local: Sa&iacute;da da Rua da Paz &agrave;s 16h no Gercino Coelho at&eacute; a Pra&ccedil;a da 21 de Setembro.<\/span><\/p>\n<p style=\"text-align: justify; \"><span style=\"font-size: small;\">19h &#8211; Maracatujaba &#8211; Petrolina-PE<\/span><\/p>\n<p style=\"text-align: justify; \"><span style=\"font-size: small;\">20h &#8211; Encontro de Blocos<\/span><\/p>\n<p style=\"text-align: justify; \"><span style=\"font-size: small;\">Local: Sa&iacute;da Pra&ccedil;a da 21 de Setembro e percurso do Petrolina Antiga<\/span><\/p>\n<p style=\"text-align: justify; \"><span style=\"font-size: small;\">20h &#8211; Bloco Frevo Mulher com a Orquestra Levanta Poeira &#8211; Petrolina-PE<\/span><\/p>\n<p style=\"text-align: justify; \"><span style=\"font-size: small;\">Local: Pra&ccedil;a das Algarobas at&eacute; a Pra&ccedil;a da 21 de Setembro<\/span><\/p>\n<p style=\"text-align: justify; \"><span style=\"font-size: small;\"><br \/><\/span><\/p>\n<p style=\"text-align: justify; \"><span style=\"font-size: small;\">21h &#8211; Palco da Orla<\/span><\/p>\n<p style=\"text-align: justify; \"><span style=\"font-size: small;\">20h30 &#8211; Selma do Coco<\/span><\/p>\n<p style=\"text-align: justify; \"><span style=\"font-size: small;\">22h &#8211; Geraldo Azevedo<\/span><\/p>\n<p style=\"text-align: justify; \"><span style=\"font-size: small;\">23h30 &#8211; Fabiana Santiago<\/span><\/p>\n<p style=\"text-align: justify; \"><span style=\"font-size: small;\">0h30 &#8211; Z&eacute; Bicudo<\/span><\/p>\n<p style=\"text-align: justify; \"><span style=\"font-size: small;\">1h30 &#8211; Irah Caldeira<\/span><\/p>\n<p style=\"text-align: justify; \"><span style=\"font-size: small;\"><br \/><\/span><\/p>\n<p style=\"text-align: justify; \"><span style=\"font-size: small;\">P&Oacute;LO DA COHAB VI\/ RIO CORRENTE<\/span><\/p>\n<p style=\"text-align: justify; \"><span style=\"font-size: small;\">18 de fevereiro, s&aacute;bado<\/span><\/p>\n<p style=\"text-align: justify; \"><span style=\"font-size: small;\">20h &#8211; Orquestra Levanta Poeira para todos os blocos<\/span><\/p>\n<p style=\"text-align: justify; \"><span style=\"font-size: small;\">Apresenta&ccedil;&atilde;o: Bloco Barbie Girl<\/span><\/p>\n<p style=\"text-align: justify; \"><span style=\"font-size: small;\"><br \/><\/span><\/p>\n<p style=\"text-align: justify; \"><span style=\"font-size: small;\">19 de fevereiro, domingo<\/span><\/p>\n<p style=\"text-align: justify; \"><span style=\"font-size: small;\">19h &agrave;s 20h30 &#8211; Concurso de Swingueira<\/span><\/p>\n<p style=\"text-align: justify; \"><span style=\"font-size: small;\">Premia&ccedil;&atilde;o (1&ordm; lugar R$ 500,00, 2&ordm; lugar R$ 350,00 e 3&ordm; lugar R$ 200,00)<\/span><\/p>\n<p style=\"text-align: justify; \"><span style=\"font-size: small;\">OBS: As inscri&ccedil;&otilde;es devem ser feitas na Secretaria de Cultura no Museu do Sert&atilde;o de 14 a 17 de fevereiro das 9h &agrave;s 16h.<\/span><\/p>\n<p style=\"text-align: justify; \"><span style=\"font-size: small;\">Local: Palco do Rio Corrente<\/span><\/p>\n<p style=\"text-align: justify; \"><span style=\"font-size: small;\"><br \/><\/span><\/p>\n<p style=\"text-align: justify; \"><span style=\"font-size: small;\">20 de fevereiro, segunda-feira<\/span><\/p>\n<p style=\"text-align: justify; \"><span style=\"font-size: small;\">20h &#8211; Bloco Danado de Bom com Orquestra Levanta Poeira<\/span><\/p>\n<p style=\"text-align: justify; \"><span style=\"font-size: small;\">21h &#8211; Bloco Frevuxaxado com Orquestra Levanta Poeira<\/span><\/p>\n<p style=\"text-align: justify; \"><span style=\"font-size: small;\"><br \/><\/span><\/p>\n<p style=\"text-align: justify; \"><span style=\"font-size: small;\">21 de fevereiro, ter&ccedil;a-feira<\/span><\/p>\n<p style=\"text-align: justify; \"><span style=\"font-size: small;\">19h &#8211; Bloco Os que Ficaram com Orquestra de Metais de Ouro<\/span><\/p>\n<p style=\"text-align: justify; \"><span style=\"font-size: small;\"><br \/><\/span><\/p>\n<p style=\"text-align: justify; \"><span style=\"font-size: small;\">P&Oacute;LO DA AREIA BRANCA<\/span><\/p>\n<p style=\"text-align: justify; \"><span style=\"font-size: small;\">21 de fevereiro, ter&ccedil;a-feira<\/span><\/p>\n<p style=\"text-align: justify; \"><span style=\"font-size: small;\">12h &agrave;s 15h &#8211; Corso do Carnaval com Orquestra de Frevo do Bolinha e distribui&ccedil;&atilde;o de dobradinha gratuitamente<\/span><\/p>\n<p style=\"text-align: justify; \"><span style=\"font-size: small;\">Local: Bar Nakara na Av. S&atilde;o Francisco<\/span><\/p>\n<p style=\"text-align: justify; \"><span style=\"font-size: small;\"><br \/><\/span><\/p>\n<p style=\"text-align: justify; \"><span style=\"font-size: small;\">Outros festejos:<\/span><\/p>\n<p style=\"text-align: justify; \"><span style=\"font-size: small;\">16 de fevereiro, quinta-feira<\/span><\/p>\n<p style=\"text-align: justify; \"><span style=\"font-size: small;\">9h &agrave;s 10h Carnaval do Ro&ccedil;ado com Frevuca e Orquestra Novo Esquema<\/span><\/p>\n<p style=\"text-align: justify; \"><span style=\"font-size: small;\">Local: Escola do Ro&ccedil;ado<\/span><\/p>\n<p style=\"text-align: justify; \"><span style=\"font-size: small;\"><br \/><\/span><\/p>\n<p style=\"text-align: justify; \"><span style=\"font-size: small;\">19 de fevereiro, domingo<\/span><\/p>\n<p style=\"text-align: justify; \"><span style=\"font-size: small;\">12h &agrave;s 22h &#8211; Carnabebo com Orquestra Metais de Ouro<\/span><\/p>\n<p style=\"text-align: justify; \"><span style=\"font-size: small;\">Local: Rua 31, Bar K&acute;Pra N&oacute;s, Loteamento Recife<\/span><\/p>\n<p style=\"text-align: justify; \"><span style=\"font-size: small;\">16h &#8211; Bloco Cabar&eacute; das Ilus&otilde;es<\/span><\/p>\n<p style=\"text-align: justify; \"><span style=\"font-size: small;\">Local: Sa&iacute;da da Av. do Cajueiro, Bar do Z&eacute; Can&ccedil;&atilde;o\/ Rei da Charque at&eacute; o Bod&oacute;dromo<\/span><\/p>\n<p style=\"text-align: justify; \"><span style=\"font-size: small;\"><br \/><\/span><\/p>\n<p style=\"text-align: justify; \"><span style=\"font-size: small;\">21 de fevereiro, ter&ccedil;a-feira<\/span><\/p>\n<p style=\"text-align: justify; \"><span style=\"font-size: small;\">11h &agrave;s 18h &#8211; Bloco das Bixas &#8211; Petrolina-PE com Frevuca e Orquestra Premier<\/span><\/p>\n<p style=\"text-align: justify; \"><span style=\"font-size: small;\">Local: Concentra&ccedil;&atilde;o na quadra esportiva do bairro Henrique Leite e pelas ruas do bairro<\/span><\/p>\n<p style=\"text-align: justify; \"><span style=\"font-size: small;\">17h &agrave;s 22h &#8211; Bloco Carnabebo<\/span><\/p>\n<p style=\"text-align: justify; \"><span style=\"font-size: small;\">Local: Travessa da rua 29, Lanchonete &agrave; moda da Casa<\/span><\/p>\n<p style=\"text-align: justify; \"><span style=\"font-size: small;\">15h &#8211; Bloco Saudosa Maloca com Orquestra Bandinha do Chic&atilde;o<\/span><\/p>\n<p style=\"text-align: justify; \"><span style=\"font-size: small;\">Local: Loteamento Recife.<\/span><\/p>\n<p style=\"text-align: justify; \"><span style=\"font-size: small;\">(Ascom PMP)<\/span><\/p>\n","protected":false},"excerpt":{"rendered":"<p>Para homenagear a voca&ccedil;&atilde;o econ&ocirc;mica da regi&atilde;o do Vale do S&atilde;o Francisco e valorizar a cultura da festa de Momo, este ano o carnaval de Petrolina ter&aacute; como tema: &#8220;Folia no Vale dos Vinhos: Fantasias de Carnaval no Vale&#8221;. Com atra&ccedil;&otilde;es regionais e nacionais o carnaval promete levar fam&iacute;lias inteiras para as ruas da cidade e integrar toda a comunidade. De acordo com informa&ccedil;&otilde;es das Secretarias de Cultura e de Desenvolvimento Econ&ocirc;mico, Turismo e Eventos do Munic&iacute;pio, v&aacute;rias atividades foram programadas para os dias de festa com destaque para as Oficinas de Frevo que acontecem desde esta segunda-feira (13) e v&atilde;o at&eacute; dia 17, o Concurso de Fantasias, o Bloco Nova Semente, al&eacute;m das Orquestras de Frevo, Blocos de Rua&hellip; <\/p>\n","protected":false},"author":0,"featured_media":0,"comment_status":"open","ping_status":"open","sticky":false,"template":"","format":"standard","meta":{"_acf_changed":false,"footnotes":""},"categories":[9],"tags":[],"class_list":["post-11179","post","type-post","status-publish","format-standard","hentry","category-policia"],"acf":[],"yoast_head":"<!-- This site is optimized with the Yoast SEO plugin v27.4 - https:\/\/yoast.com\/product\/yoast-seo-wordpress\/ -->\n<title>Prefeitura convida foli\u00e3o para curtir a programa\u00e7\u00e3o da Folia no Vale dos Vinhos \u2013 Carnaval 2012  - Blog do Farn\u00e9sio<\/title>\n<meta name=\"robots\" content=\"index, follow, max-snippet:-1, max-image-preview:large, max-video-preview:-1\" \/>\n<link rel=\"canonical\" href=\"https:\/\/blogdofarnesio.com.br\/?p=11179\" \/>\n<meta property=\"og:locale\" content=\"pt_BR\" \/>\n<meta property=\"og:type\" content=\"article\" \/>\n<meta property=\"og:title\" content=\"Prefeitura convida foli\u00e3o para curtir a programa\u00e7\u00e3o da Folia no Vale dos Vinhos \u2013 Carnaval 2012  - Blog do Farn\u00e9sio\" \/>\n<meta property=\"og:description\" content=\"Para homenagear a voca&ccedil;&atilde;o econ&ocirc;mica da regi&atilde;o do Vale do S&atilde;o Francisco e valorizar a cultura da festa de Momo, este ano o carnaval de Petrolina ter&aacute; como tema: &#8220;Folia no Vale dos Vinhos: Fantasias de Carnaval no Vale&#8221;. Com atra&ccedil;&otilde;es regionais e nacionais o carnaval promete levar fam&iacute;lias inteiras para as ruas da cidade e integrar toda a comunidade. De acordo com informa&ccedil;&otilde;es das Secretarias de Cultura e de Desenvolvimento Econ&ocirc;mico, Turismo e Eventos do Munic&iacute;pio, v&aacute;rias atividades foram programadas para os dias de festa com destaque para as Oficinas de Frevo que acontecem desde esta segunda-feira (13) e v&atilde;o at&eacute; dia 17, o Concurso de Fantasias, o Bloco Nova Semente, al&eacute;m das Orquestras de Frevo, Blocos de Rua&hellip;\" \/>\n<meta property=\"og:url\" content=\"https:\/\/blogdofarnesio.com.br\/?p=11179\" \/>\n<meta property=\"og:site_name\" content=\"Blog do Farn\u00e9sio\" \/>\n<meta property=\"article:publisher\" content=\"https:\/\/www.facebook.com\/BlogQuerSaberPolitica\/\" \/>\n<meta property=\"article:published_time\" content=\"2012-02-15T10:22:18+00:00\" \/>\n<meta property=\"article:modified_time\" content=\"2012-02-15T10:51:40+00:00\" \/>\n<meta property=\"og:image\" content=\"http:\/\/www.quersaberpolitica.com.br\/2016\/wp-content\/uploads\/2012\/12\/blogqsp_carnaval.gif\" \/>\n<meta name=\"twitter:card\" content=\"summary_large_image\" \/>\n<meta name=\"twitter:label1\" content=\"Est. tempo de leitura\" \/>\n\t<meta name=\"twitter:data1\" content=\"8 minutos\" \/>\n<script type=\"application\/ld+json\" class=\"yoast-schema-graph\">{\"@context\":\"https:\\\/\\\/schema.org\",\"@graph\":[{\"@type\":\"Article\",\"@id\":\"https:\\\/\\\/blogdofarnesio.com.br\\\/?p=11179#article\",\"isPartOf\":{\"@id\":\"https:\\\/\\\/blogdofarnesio.com.br\\\/?p=11179\"},\"author\":{\"name\":\"\",\"@id\":\"\"},\"headline\":\"Prefeitura convida foli\u00e3o para curtir a programa\u00e7\u00e3o da Folia no Vale dos Vinhos \u2013 Carnaval 2012\",\"datePublished\":\"2012-02-15T10:22:18+00:00\",\"dateModified\":\"2012-02-15T10:51:40+00:00\",\"mainEntityOfPage\":{\"@id\":\"https:\\\/\\\/blogdofarnesio.com.br\\\/?p=11179\"},\"wordCount\":1632,\"commentCount\":0,\"publisher\":{\"@id\":\"https:\\\/\\\/blogdofarnesio.com.br\\\/#organization\"},\"image\":{\"@id\":\"https:\\\/\\\/blogdofarnesio.com.br\\\/?p=11179#primaryimage\"},\"thumbnailUrl\":\"http:\\\/\\\/www.quersaberpolitica.com.br\\\/2016\\\/wp-content\\\/uploads\\\/2012\\\/12\\\/blogqsp_carnaval.gif\",\"articleSection\":[\"Pol\u00edcia\"],\"inLanguage\":\"pt-BR\",\"potentialAction\":[{\"@type\":\"CommentAction\",\"name\":\"Comment\",\"target\":[\"https:\\\/\\\/blogdofarnesio.com.br\\\/?p=11179#respond\"]}]},{\"@type\":\"WebPage\",\"@id\":\"https:\\\/\\\/blogdofarnesio.com.br\\\/?p=11179\",\"url\":\"https:\\\/\\\/blogdofarnesio.com.br\\\/?p=11179\",\"name\":\"Prefeitura convida foli\u00e3o para curtir a programa\u00e7\u00e3o da Folia no Vale dos Vinhos \u2013 Carnaval 2012 - Blog do Farn\u00e9sio\",\"isPartOf\":{\"@id\":\"https:\\\/\\\/blogdofarnesio.com.br\\\/#website\"},\"primaryImageOfPage\":{\"@id\":\"https:\\\/\\\/blogdofarnesio.com.br\\\/?p=11179#primaryimage\"},\"image\":{\"@id\":\"https:\\\/\\\/blogdofarnesio.com.br\\\/?p=11179#primaryimage\"},\"thumbnailUrl\":\"http:\\\/\\\/www.quersaberpolitica.com.br\\\/2016\\\/wp-content\\\/uploads\\\/2012\\\/12\\\/blogqsp_carnaval.gif\",\"datePublished\":\"2012-02-15T10:22:18+00:00\",\"dateModified\":\"2012-02-15T10:51:40+00:00\",\"breadcrumb\":{\"@id\":\"https:\\\/\\\/blogdofarnesio.com.br\\\/?p=11179#breadcrumb\"},\"inLanguage\":\"pt-BR\",\"potentialAction\":[{\"@type\":\"ReadAction\",\"target\":[\"https:\\\/\\\/blogdofarnesio.com.br\\\/?p=11179\"]}]},{\"@type\":\"ImageObject\",\"inLanguage\":\"pt-BR\",\"@id\":\"https:\\\/\\\/blogdofarnesio.com.br\\\/?p=11179#primaryimage\",\"url\":\"http:\\\/\\\/www.quersaberpolitica.com.br\\\/2016\\\/wp-content\\\/uploads\\\/2012\\\/12\\\/blogqsp_carnaval.gif\",\"contentUrl\":\"http:\\\/\\\/www.quersaberpolitica.com.br\\\/2016\\\/wp-content\\\/uploads\\\/2012\\\/12\\\/blogqsp_carnaval.gif\"},{\"@type\":\"BreadcrumbList\",\"@id\":\"https:\\\/\\\/blogdofarnesio.com.br\\\/?p=11179#breadcrumb\",\"itemListElement\":[{\"@type\":\"ListItem\",\"position\":1,\"name\":\"In\u00edcio\",\"item\":\"https:\\\/\\\/blogdofarnesio.com.br\\\/\"},{\"@type\":\"ListItem\",\"position\":2,\"name\":\"Prefeitura convida foli\u00e3o para curtir a programa\u00e7\u00e3o da Folia no Vale dos Vinhos \u2013 Carnaval 2012\"}]},{\"@type\":\"WebSite\",\"@id\":\"https:\\\/\\\/blogdofarnesio.com.br\\\/#website\",\"url\":\"https:\\\/\\\/blogdofarnesio.com.br\\\/\",\"name\":\"Blog do Farn\u00e9sio\",\"description\":\"Quer Saber Pol\u00edtica?\",\"publisher\":{\"@id\":\"https:\\\/\\\/blogdofarnesio.com.br\\\/#organization\"},\"potentialAction\":[{\"@type\":\"SearchAction\",\"target\":{\"@type\":\"EntryPoint\",\"urlTemplate\":\"https:\\\/\\\/blogdofarnesio.com.br\\\/?s={search_term_string}\"},\"query-input\":{\"@type\":\"PropertyValueSpecification\",\"valueRequired\":true,\"valueName\":\"search_term_string\"}}],\"inLanguage\":\"pt-BR\"},{\"@type\":\"Organization\",\"@id\":\"https:\\\/\\\/blogdofarnesio.com.br\\\/#organization\",\"name\":\"Blog do Farn\u00e9sio\",\"url\":\"https:\\\/\\\/blogdofarnesio.com.br\\\/\",\"logo\":{\"@type\":\"ImageObject\",\"inLanguage\":\"pt-BR\",\"@id\":\"https:\\\/\\\/blogdofarnesio.com.br\\\/#\\\/schema\\\/logo\\\/image\\\/\",\"url\":\"https:\\\/\\\/blogdofarnesio.com.br\\\/wp-content\\\/uploads\\\/2026\\\/03\\\/cropped-logo_new-1.png\",\"contentUrl\":\"https:\\\/\\\/blogdofarnesio.com.br\\\/wp-content\\\/uploads\\\/2026\\\/03\\\/cropped-logo_new-1.png\",\"width\":881,\"height\":685,\"caption\":\"Blog do Farn\u00e9sio\"},\"image\":{\"@id\":\"https:\\\/\\\/blogdofarnesio.com.br\\\/#\\\/schema\\\/logo\\\/image\\\/\"},\"sameAs\":[\"https:\\\/\\\/www.facebook.com\\\/BlogQuerSaberPolitica\\\/\"]}]}<\/script>\n<!-- \/ Yoast SEO plugin. -->","yoast_head_json":{"title":"Prefeitura convida foli\u00e3o para curtir a programa\u00e7\u00e3o da Folia no Vale dos Vinhos \u2013 Carnaval 2012  - Blog do Farn\u00e9sio","robots":{"index":"index","follow":"follow","max-snippet":"max-snippet:-1","max-image-preview":"max-image-preview:large","max-video-preview":"max-video-preview:-1"},"canonical":"https:\/\/blogdofarnesio.com.br\/?p=11179","og_locale":"pt_BR","og_type":"article","og_title":"Prefeitura convida foli\u00e3o para curtir a programa\u00e7\u00e3o da Folia no Vale dos Vinhos \u2013 Carnaval 2012  - Blog do Farn\u00e9sio","og_description":"Para homenagear a voca&ccedil;&atilde;o econ&ocirc;mica da regi&atilde;o do Vale do S&atilde;o Francisco e valorizar a cultura da festa de Momo, este ano o carnaval de Petrolina ter&aacute; como tema: &#8220;Folia no Vale dos Vinhos: Fantasias de Carnaval no Vale&#8221;. Com atra&ccedil;&otilde;es regionais e nacionais o carnaval promete levar fam&iacute;lias inteiras para as ruas da cidade e integrar toda a comunidade. De acordo com informa&ccedil;&otilde;es das Secretarias de Cultura e de Desenvolvimento Econ&ocirc;mico, Turismo e Eventos do Munic&iacute;pio, v&aacute;rias atividades foram programadas para os dias de festa com destaque para as Oficinas de Frevo que acontecem desde esta segunda-feira (13) e v&atilde;o at&eacute; dia 17, o Concurso de Fantasias, o Bloco Nova Semente, al&eacute;m das Orquestras de Frevo, Blocos de Rua&hellip;","og_url":"https:\/\/blogdofarnesio.com.br\/?p=11179","og_site_name":"Blog do Farn\u00e9sio","article_publisher":"https:\/\/www.facebook.com\/BlogQuerSaberPolitica\/","article_published_time":"2012-02-15T10:22:18+00:00","article_modified_time":"2012-02-15T10:51:40+00:00","og_image":[{"url":"http:\/\/www.quersaberpolitica.com.br\/2016\/wp-content\/uploads\/2012\/12\/blogqsp_carnaval.gif","type":"","width":"","height":""}],"twitter_card":"summary_large_image","twitter_misc":{"Est. tempo de leitura":"8 minutos"},"schema":{"@context":"https:\/\/schema.org","@graph":[{"@type":"Article","@id":"https:\/\/blogdofarnesio.com.br\/?p=11179#article","isPartOf":{"@id":"https:\/\/blogdofarnesio.com.br\/?p=11179"},"author":{"name":"","@id":""},"headline":"Prefeitura convida foli\u00e3o para curtir a programa\u00e7\u00e3o da Folia no Vale dos Vinhos \u2013 Carnaval 2012","datePublished":"2012-02-15T10:22:18+00:00","dateModified":"2012-02-15T10:51:40+00:00","mainEntityOfPage":{"@id":"https:\/\/blogdofarnesio.com.br\/?p=11179"},"wordCount":1632,"commentCount":0,"publisher":{"@id":"https:\/\/blogdofarnesio.com.br\/#organization"},"image":{"@id":"https:\/\/blogdofarnesio.com.br\/?p=11179#primaryimage"},"thumbnailUrl":"http:\/\/www.quersaberpolitica.com.br\/2016\/wp-content\/uploads\/2012\/12\/blogqsp_carnaval.gif","articleSection":["Pol\u00edcia"],"inLanguage":"pt-BR","potentialAction":[{"@type":"CommentAction","name":"Comment","target":["https:\/\/blogdofarnesio.com.br\/?p=11179#respond"]}]},{"@type":"WebPage","@id":"https:\/\/blogdofarnesio.com.br\/?p=11179","url":"https:\/\/blogdofarnesio.com.br\/?p=11179","name":"Prefeitura convida foli\u00e3o para curtir a programa\u00e7\u00e3o da Folia no Vale dos Vinhos \u2013 Carnaval 2012 - Blog do Farn\u00e9sio","isPartOf":{"@id":"https:\/\/blogdofarnesio.com.br\/#website"},"primaryImageOfPage":{"@id":"https:\/\/blogdofarnesio.com.br\/?p=11179#primaryimage"},"image":{"@id":"https:\/\/blogdofarnesio.com.br\/?p=11179#primaryimage"},"thumbnailUrl":"http:\/\/www.quersaberpolitica.com.br\/2016\/wp-content\/uploads\/2012\/12\/blogqsp_carnaval.gif","datePublished":"2012-02-15T10:22:18+00:00","dateModified":"2012-02-15T10:51:40+00:00","breadcrumb":{"@id":"https:\/\/blogdofarnesio.com.br\/?p=11179#breadcrumb"},"inLanguage":"pt-BR","potentialAction":[{"@type":"ReadAction","target":["https:\/\/blogdofarnesio.com.br\/?p=11179"]}]},{"@type":"ImageObject","inLanguage":"pt-BR","@id":"https:\/\/blogdofarnesio.com.br\/?p=11179#primaryimage","url":"http:\/\/www.quersaberpolitica.com.br\/2016\/wp-content\/uploads\/2012\/12\/blogqsp_carnaval.gif","contentUrl":"http:\/\/www.quersaberpolitica.com.br\/2016\/wp-content\/uploads\/2012\/12\/blogqsp_carnaval.gif"},{"@type":"BreadcrumbList","@id":"https:\/\/blogdofarnesio.com.br\/?p=11179#breadcrumb","itemListElement":[{"@type":"ListItem","position":1,"name":"In\u00edcio","item":"https:\/\/blogdofarnesio.com.br\/"},{"@type":"ListItem","position":2,"name":"Prefeitura convida foli\u00e3o para curtir a programa\u00e7\u00e3o da Folia no Vale dos Vinhos \u2013 Carnaval 2012"}]},{"@type":"WebSite","@id":"https:\/\/blogdofarnesio.com.br\/#website","url":"https:\/\/blogdofarnesio.com.br\/","name":"Blog do Farn\u00e9sio","description":"Quer Saber Pol\u00edtica?","publisher":{"@id":"https:\/\/blogdofarnesio.com.br\/#organization"},"potentialAction":[{"@type":"SearchAction","target":{"@type":"EntryPoint","urlTemplate":"https:\/\/blogdofarnesio.com.br\/?s={search_term_string}"},"query-input":{"@type":"PropertyValueSpecification","valueRequired":true,"valueName":"search_term_string"}}],"inLanguage":"pt-BR"},{"@type":"Organization","@id":"https:\/\/blogdofarnesio.com.br\/#organization","name":"Blog do Farn\u00e9sio","url":"https:\/\/blogdofarnesio.com.br\/","logo":{"@type":"ImageObject","inLanguage":"pt-BR","@id":"https:\/\/blogdofarnesio.com.br\/#\/schema\/logo\/image\/","url":"https:\/\/blogdofarnesio.com.br\/wp-content\/uploads\/2026\/03\/cropped-logo_new-1.png","contentUrl":"https:\/\/blogdofarnesio.com.br\/wp-content\/uploads\/2026\/03\/cropped-logo_new-1.png","width":881,"height":685,"caption":"Blog do Farn\u00e9sio"},"image":{"@id":"https:\/\/blogdofarnesio.com.br\/#\/schema\/logo\/image\/"},"sameAs":["https:\/\/www.facebook.com\/BlogQuerSaberPolitica\/"]}]}},"_links":{"self":[{"href":"https:\/\/blogdofarnesio.com.br\/index.php?rest_route=\/wp\/v2\/posts\/11179","targetHints":{"allow":["GET"]}}],"collection":[{"href":"https:\/\/blogdofarnesio.com.br\/index.php?rest_route=\/wp\/v2\/posts"}],"about":[{"href":"https:\/\/blogdofarnesio.com.br\/index.php?rest_route=\/wp\/v2\/types\/post"}],"replies":[{"embeddable":true,"href":"https:\/\/blogdofarnesio.com.br\/index.php?rest_route=%2Fwp%2Fv2%2Fcomments&post=11179"}],"version-history":[{"count":0,"href":"https:\/\/blogdofarnesio.com.br\/index.php?rest_route=\/wp\/v2\/posts\/11179\/revisions"}],"wp:attachment":[{"href":"https:\/\/blogdofarnesio.com.br\/index.php?rest_route=%2Fwp%2Fv2%2Fmedia&parent=11179"}],"wp:term":[{"taxonomy":"category","embeddable":true,"href":"https:\/\/blogdofarnesio.com.br\/index.php?rest_route=%2Fwp%2Fv2%2Fcategories&post=11179"},{"taxonomy":"post_tag","embeddable":true,"href":"https:\/\/blogdofarnesio.com.br\/index.php?rest_route=%2Fwp%2Fv2%2Ftags&post=11179"}],"curies":[{"name":"wp","href":"https:\/\/api.w.org\/{rel}","templated":true}]}}