{"id":111740,"date":"2014-12-30T07:30:14","date_gmt":"2014-12-30T10:30:14","guid":{"rendered":"http:\/\/www.quersaberpolitica.com.br\/?p=111740"},"modified":"2014-12-30T09:05:03","modified_gmt":"2014-12-30T12:05:03","slug":"deputado-odacy-amorim-lamenta-morte-do-ex-vereador-ruy-amorim","status":"publish","type":"post","link":"https:\/\/blogdofarnesio.com.br\/?p=111740","title":{"rendered":"DEPUTADO ODACY AMORIM LAMENTA MORTE DO EX-VEREADOR RUY AMORIM"},"content":{"rendered":"<p style=\"text-align: center\"><strong>PRIMEIRO VEREADOR DE OPOSI\u00c7\u00c3O ELEITO EM PETROLINA, RUI AMORIM FOI UM GRANDE CONTESTADOR DO REGIME MILITAR<\/strong><\/p>\n<p><img loading=\"lazy\" decoding=\"async\" class=\"size-medium wp-image-111741 aligncenter\" alt=\"blogqsp.ruyoliveira\" src=\"http:\/\/www.quersaberpolitica.com.br\/2016\/wp-content\/uploads\/2014\/12\/blogqsp.ruyoliveira-300x255.jpg\" width=\"300\" height=\"255\" srcset=\"https:\/\/blogdofarnesio.com.br\/wp-content\/uploads\/2014\/12\/blogqsp.ruyoliveira-300x255.jpg 300w, https:\/\/blogdofarnesio.com.br\/wp-content\/uploads\/2014\/12\/blogqsp.ruyoliveira-352x300.jpg 352w, https:\/\/blogdofarnesio.com.br\/wp-content\/uploads\/2014\/12\/blogqsp.ruyoliveira.jpg 395w\" sizes=\"auto, (max-width: 300px) 100vw, 300px\" \/><\/p>\n<p style=\"text-align: justify\">O deputado estadual, Odacy Amorim (PT-PE), vem a p\u00fablico lamentar a morte do ex-vereador e grande defensor da redemocratiza\u00e7\u00e3o do Pa\u00eds aqui em Pernambuco, Ruy Amorim. Rui foi o primeiro vereador de oposi\u00e7\u00e3o em Petrolina pelo PMDB, seu \u00fanico partido em toda a vida pol\u00edtica. O ex-vereador sofria de diabetes e faleceu na manh\u00e3 de ontem, 29.<\/p>\n<p style=\"text-align: justify\">\u201cRuy era um defensor intransigente da democracia. Um pol\u00edtico \u00e9tico na ess\u00eancia da palavra. Tenho orgulho de ter tido Ruy como consultor pol\u00edtico. N\u00f3s que somos da fam\u00edlia, estamos muito tristes por essa perda, assim como a pol\u00edtica petrolinense e pernambucana\u201d, afirmou Odacy.<\/p>\n<p style=\"text-align: justify\">Ruy Amorim participou intensamente dos \u00faltimos pleitos eleitorais do deputado Odacy Amorim. Integrava o n\u00facleo pol\u00edtico das campanhas do parlamentar petista. O ex-vereador tamb\u00e9m assumiu cargos na prefeitura de Petrolina nos governos de Fernando Bezerra Coelho, hoje senador pelo PSB, e de Odacy entre 2007 e 2008. Ele foi tamb\u00e9m gerente regional do Ipsep no governo Miguel Arraes e da 8\u00aa Ciretran de Petrolina durante o governo Jarbas Vasconcelos<\/p>\n","protected":false},"excerpt":{"rendered":"<p>PRIMEIRO VEREADOR DE OPOSI\u00c7\u00c3O ELEITO EM PETROLINA, RUI AMORIM FOI UM GRANDE CONTESTADOR DO REGIME MILITAR O deputado estadual, Odacy Amorim (PT-PE), vem a p\u00fablico lamentar a morte do ex-vereador e grande defensor da redemocratiza\u00e7\u00e3o do Pa\u00eds aqui em Pernambuco, Ruy Amorim. Rui foi o primeiro vereador de oposi\u00e7\u00e3o em Petrolina pelo PMDB, seu \u00fanico partido em toda a vida pol\u00edtica. O ex-vereador sofria de diabetes e faleceu na manh\u00e3 de ontem, 29. \u201cRuy era um defensor intransigente da democracia. Um pol\u00edtico \u00e9tico na ess\u00eancia da palavra. Tenho orgulho de ter tido Ruy como consultor pol\u00edtico. N\u00f3s que somos da fam\u00edlia, estamos muito tristes por essa perda, assim como a pol\u00edtica petrolinense e pernambucana\u201d, afirmou Odacy. Ruy Amorim participou intensamente&hellip; <\/p>\n","protected":false},"author":7,"featured_media":0,"comment_status":"open","ping_status":"open","sticky":false,"template":"","format":"standard","meta":{"_acf_changed":false,"footnotes":""},"categories":[1],"tags":[],"class_list":["post-111740","post","type-post","status-publish","format-standard","hentry","category-politica"],"acf":[],"yoast_head":"<!-- This site is optimized with the Yoast SEO plugin v27.4 - https:\/\/yoast.com\/product\/yoast-seo-wordpress\/ -->\n<title>DEPUTADO ODACY AMORIM LAMENTA MORTE DO EX-VEREADOR RUY AMORIM - Blog do Farn\u00e9sio<\/title>\n<meta name=\"robots\" content=\"index, follow, max-snippet:-1, max-image-preview:large, max-video-preview:-1\" \/>\n<link rel=\"canonical\" href=\"https:\/\/blogdofarnesio.com.br\/?p=111740\" \/>\n<meta property=\"og:locale\" content=\"pt_BR\" \/>\n<meta property=\"og:type\" content=\"article\" \/>\n<meta property=\"og:title\" content=\"DEPUTADO ODACY AMORIM LAMENTA MORTE DO EX-VEREADOR RUY AMORIM - Blog do Farn\u00e9sio\" \/>\n<meta property=\"og:description\" content=\"PRIMEIRO VEREADOR DE OPOSI\u00c7\u00c3O ELEITO EM PETROLINA, RUI AMORIM FOI UM GRANDE CONTESTADOR DO REGIME MILITAR O deputado estadual, Odacy Amorim (PT-PE), vem a p\u00fablico lamentar a morte do ex-vereador e grande defensor da redemocratiza\u00e7\u00e3o do Pa\u00eds aqui em Pernambuco, Ruy Amorim. Rui foi o primeiro vereador de oposi\u00e7\u00e3o em Petrolina pelo PMDB, seu \u00fanico partido em toda a vida pol\u00edtica. O ex-vereador sofria de diabetes e faleceu na manh\u00e3 de ontem, 29. \u201cRuy era um defensor intransigente da democracia. Um pol\u00edtico \u00e9tico na ess\u00eancia da palavra. Tenho orgulho de ter tido Ruy como consultor pol\u00edtico. N\u00f3s que somos da fam\u00edlia, estamos muito tristes por essa perda, assim como a pol\u00edtica petrolinense e pernambucana\u201d, afirmou Odacy. Ruy Amorim participou intensamente&hellip;\" \/>\n<meta property=\"og:url\" content=\"https:\/\/blogdofarnesio.com.br\/?p=111740\" \/>\n<meta property=\"og:site_name\" content=\"Blog do Farn\u00e9sio\" \/>\n<meta property=\"article:publisher\" content=\"https:\/\/www.facebook.com\/BlogQuerSaberPolitica\/\" \/>\n<meta property=\"article:published_time\" content=\"2014-12-30T10:30:14+00:00\" \/>\n<meta property=\"article:modified_time\" content=\"2014-12-30T12:05:03+00:00\" \/>\n<meta property=\"og:image\" content=\"http:\/\/www.quersaberpolitica.com.br\/2016\/wp-content\/uploads\/2014\/12\/blogqsp.ruyoliveira-300x255.jpg\" \/>\n<meta name=\"twitter:card\" content=\"summary_large_image\" \/>\n<meta name=\"twitter:label1\" content=\"Escrito por\" \/>\n\t<meta name=\"twitter:data1\" content=\"\" \/>\n\t<meta name=\"twitter:label2\" content=\"Est. tempo de leitura\" \/>\n\t<meta name=\"twitter:data2\" content=\"1 minuto\" \/>\n<script type=\"application\/ld+json\" class=\"yoast-schema-graph\">{\"@context\":\"https:\\\/\\\/schema.org\",\"@graph\":[{\"@type\":\"Article\",\"@id\":\"https:\\\/\\\/blogdofarnesio.com.br\\\/?p=111740#article\",\"isPartOf\":{\"@id\":\"https:\\\/\\\/blogdofarnesio.com.br\\\/?p=111740\"},\"author\":{\"name\":\"\",\"@id\":\"\"},\"headline\":\"DEPUTADO ODACY AMORIM LAMENTA MORTE DO EX-VEREADOR RUY AMORIM\",\"datePublished\":\"2014-12-30T10:30:14+00:00\",\"dateModified\":\"2014-12-30T12:05:03+00:00\",\"mainEntityOfPage\":{\"@id\":\"https:\\\/\\\/blogdofarnesio.com.br\\\/?p=111740\"},\"wordCount\":206,\"commentCount\":0,\"publisher\":{\"@id\":\"https:\\\/\\\/blogdofarnesio.com.br\\\/#organization\"},\"image\":{\"@id\":\"https:\\\/\\\/blogdofarnesio.com.br\\\/?p=111740#primaryimage\"},\"thumbnailUrl\":\"http:\\\/\\\/www.quersaberpolitica.com.br\\\/2016\\\/wp-content\\\/uploads\\\/2014\\\/12\\\/blogqsp.ruyoliveira-300x255.jpg\",\"articleSection\":[\"Pol\u00edtica\"],\"inLanguage\":\"pt-BR\",\"potentialAction\":[{\"@type\":\"CommentAction\",\"name\":\"Comment\",\"target\":[\"https:\\\/\\\/blogdofarnesio.com.br\\\/?p=111740#respond\"]}]},{\"@type\":\"WebPage\",\"@id\":\"https:\\\/\\\/blogdofarnesio.com.br\\\/?p=111740\",\"url\":\"https:\\\/\\\/blogdofarnesio.com.br\\\/?p=111740\",\"name\":\"DEPUTADO ODACY AMORIM LAMENTA MORTE DO EX-VEREADOR RUY AMORIM - Blog do Farn\u00e9sio\",\"isPartOf\":{\"@id\":\"https:\\\/\\\/blogdofarnesio.com.br\\\/#website\"},\"primaryImageOfPage\":{\"@id\":\"https:\\\/\\\/blogdofarnesio.com.br\\\/?p=111740#primaryimage\"},\"image\":{\"@id\":\"https:\\\/\\\/blogdofarnesio.com.br\\\/?p=111740#primaryimage\"},\"thumbnailUrl\":\"http:\\\/\\\/www.quersaberpolitica.com.br\\\/2016\\\/wp-content\\\/uploads\\\/2014\\\/12\\\/blogqsp.ruyoliveira-300x255.jpg\",\"datePublished\":\"2014-12-30T10:30:14+00:00\",\"dateModified\":\"2014-12-30T12:05:03+00:00\",\"breadcrumb\":{\"@id\":\"https:\\\/\\\/blogdofarnesio.com.br\\\/?p=111740#breadcrumb\"},\"inLanguage\":\"pt-BR\",\"potentialAction\":[{\"@type\":\"ReadAction\",\"target\":[\"https:\\\/\\\/blogdofarnesio.com.br\\\/?p=111740\"]}]},{\"@type\":\"ImageObject\",\"inLanguage\":\"pt-BR\",\"@id\":\"https:\\\/\\\/blogdofarnesio.com.br\\\/?p=111740#primaryimage\",\"url\":\"http:\\\/\\\/www.quersaberpolitica.com.br\\\/2016\\\/wp-content\\\/uploads\\\/2014\\\/12\\\/blogqsp.ruyoliveira-300x255.jpg\",\"contentUrl\":\"http:\\\/\\\/www.quersaberpolitica.com.br\\\/2016\\\/wp-content\\\/uploads\\\/2014\\\/12\\\/blogqsp.ruyoliveira-300x255.jpg\"},{\"@type\":\"BreadcrumbList\",\"@id\":\"https:\\\/\\\/blogdofarnesio.com.br\\\/?p=111740#breadcrumb\",\"itemListElement\":[{\"@type\":\"ListItem\",\"position\":1,\"name\":\"In\u00edcio\",\"item\":\"https:\\\/\\\/blogdofarnesio.com.br\\\/\"},{\"@type\":\"ListItem\",\"position\":2,\"name\":\"DEPUTADO ODACY AMORIM LAMENTA MORTE DO EX-VEREADOR RUY AMORIM\"}]},{\"@type\":\"WebSite\",\"@id\":\"https:\\\/\\\/blogdofarnesio.com.br\\\/#website\",\"url\":\"https:\\\/\\\/blogdofarnesio.com.br\\\/\",\"name\":\"Blog do Farn\u00e9sio\",\"description\":\"Quer Saber Pol\u00edtica?\",\"publisher\":{\"@id\":\"https:\\\/\\\/blogdofarnesio.com.br\\\/#organization\"},\"potentialAction\":[{\"@type\":\"SearchAction\",\"target\":{\"@type\":\"EntryPoint\",\"urlTemplate\":\"https:\\\/\\\/blogdofarnesio.com.br\\\/?s={search_term_string}\"},\"query-input\":{\"@type\":\"PropertyValueSpecification\",\"valueRequired\":true,\"valueName\":\"search_term_string\"}}],\"inLanguage\":\"pt-BR\"},{\"@type\":\"Organization\",\"@id\":\"https:\\\/\\\/blogdofarnesio.com.br\\\/#organization\",\"name\":\"Blog do Farn\u00e9sio\",\"url\":\"https:\\\/\\\/blogdofarnesio.com.br\\\/\",\"logo\":{\"@type\":\"ImageObject\",\"inLanguage\":\"pt-BR\",\"@id\":\"https:\\\/\\\/blogdofarnesio.com.br\\\/#\\\/schema\\\/logo\\\/image\\\/\",\"url\":\"https:\\\/\\\/blogdofarnesio.com.br\\\/wp-content\\\/uploads\\\/2026\\\/03\\\/cropped-logo_new-1.png\",\"contentUrl\":\"https:\\\/\\\/blogdofarnesio.com.br\\\/wp-content\\\/uploads\\\/2026\\\/03\\\/cropped-logo_new-1.png\",\"width\":881,\"height\":685,\"caption\":\"Blog do Farn\u00e9sio\"},\"image\":{\"@id\":\"https:\\\/\\\/blogdofarnesio.com.br\\\/#\\\/schema\\\/logo\\\/image\\\/\"},\"sameAs\":[\"https:\\\/\\\/www.facebook.com\\\/BlogQuerSaberPolitica\\\/\"]},{\"@type\":\"Person\",\"@id\":\"\",\"url\":\"https:\\\/\\\/blogdofarnesio.com.br\\\/?author=7\"}]}<\/script>\n<!-- \/ Yoast SEO plugin. -->","yoast_head_json":{"title":"DEPUTADO ODACY AMORIM LAMENTA MORTE DO EX-VEREADOR RUY AMORIM - Blog do Farn\u00e9sio","robots":{"index":"index","follow":"follow","max-snippet":"max-snippet:-1","max-image-preview":"max-image-preview:large","max-video-preview":"max-video-preview:-1"},"canonical":"https:\/\/blogdofarnesio.com.br\/?p=111740","og_locale":"pt_BR","og_type":"article","og_title":"DEPUTADO ODACY AMORIM LAMENTA MORTE DO EX-VEREADOR RUY AMORIM - Blog do Farn\u00e9sio","og_description":"PRIMEIRO VEREADOR DE OPOSI\u00c7\u00c3O ELEITO EM PETROLINA, RUI AMORIM FOI UM GRANDE CONTESTADOR DO REGIME MILITAR O deputado estadual, Odacy Amorim (PT-PE), vem a p\u00fablico lamentar a morte do ex-vereador e grande defensor da redemocratiza\u00e7\u00e3o do Pa\u00eds aqui em Pernambuco, Ruy Amorim. Rui foi o primeiro vereador de oposi\u00e7\u00e3o em Petrolina pelo PMDB, seu \u00fanico partido em toda a vida pol\u00edtica. O ex-vereador sofria de diabetes e faleceu na manh\u00e3 de ontem, 29. \u201cRuy era um defensor intransigente da democracia. Um pol\u00edtico \u00e9tico na ess\u00eancia da palavra. Tenho orgulho de ter tido Ruy como consultor pol\u00edtico. N\u00f3s que somos da fam\u00edlia, estamos muito tristes por essa perda, assim como a pol\u00edtica petrolinense e pernambucana\u201d, afirmou Odacy. Ruy Amorim participou intensamente&hellip;","og_url":"https:\/\/blogdofarnesio.com.br\/?p=111740","og_site_name":"Blog do Farn\u00e9sio","article_publisher":"https:\/\/www.facebook.com\/BlogQuerSaberPolitica\/","article_published_time":"2014-12-30T10:30:14+00:00","article_modified_time":"2014-12-30T12:05:03+00:00","og_image":[{"url":"http:\/\/www.quersaberpolitica.com.br\/2016\/wp-content\/uploads\/2014\/12\/blogqsp.ruyoliveira-300x255.jpg","type":"","width":"","height":""}],"twitter_card":"summary_large_image","twitter_misc":{"Escrito por":"","Est. tempo de leitura":"1 minuto"},"schema":{"@context":"https:\/\/schema.org","@graph":[{"@type":"Article","@id":"https:\/\/blogdofarnesio.com.br\/?p=111740#article","isPartOf":{"@id":"https:\/\/blogdofarnesio.com.br\/?p=111740"},"author":{"name":"","@id":""},"headline":"DEPUTADO ODACY AMORIM LAMENTA MORTE DO EX-VEREADOR RUY AMORIM","datePublished":"2014-12-30T10:30:14+00:00","dateModified":"2014-12-30T12:05:03+00:00","mainEntityOfPage":{"@id":"https:\/\/blogdofarnesio.com.br\/?p=111740"},"wordCount":206,"commentCount":0,"publisher":{"@id":"https:\/\/blogdofarnesio.com.br\/#organization"},"image":{"@id":"https:\/\/blogdofarnesio.com.br\/?p=111740#primaryimage"},"thumbnailUrl":"http:\/\/www.quersaberpolitica.com.br\/2016\/wp-content\/uploads\/2014\/12\/blogqsp.ruyoliveira-300x255.jpg","articleSection":["Pol\u00edtica"],"inLanguage":"pt-BR","potentialAction":[{"@type":"CommentAction","name":"Comment","target":["https:\/\/blogdofarnesio.com.br\/?p=111740#respond"]}]},{"@type":"WebPage","@id":"https:\/\/blogdofarnesio.com.br\/?p=111740","url":"https:\/\/blogdofarnesio.com.br\/?p=111740","name":"DEPUTADO ODACY AMORIM LAMENTA MORTE DO EX-VEREADOR RUY AMORIM - Blog do Farn\u00e9sio","isPartOf":{"@id":"https:\/\/blogdofarnesio.com.br\/#website"},"primaryImageOfPage":{"@id":"https:\/\/blogdofarnesio.com.br\/?p=111740#primaryimage"},"image":{"@id":"https:\/\/blogdofarnesio.com.br\/?p=111740#primaryimage"},"thumbnailUrl":"http:\/\/www.quersaberpolitica.com.br\/2016\/wp-content\/uploads\/2014\/12\/blogqsp.ruyoliveira-300x255.jpg","datePublished":"2014-12-30T10:30:14+00:00","dateModified":"2014-12-30T12:05:03+00:00","breadcrumb":{"@id":"https:\/\/blogdofarnesio.com.br\/?p=111740#breadcrumb"},"inLanguage":"pt-BR","potentialAction":[{"@type":"ReadAction","target":["https:\/\/blogdofarnesio.com.br\/?p=111740"]}]},{"@type":"ImageObject","inLanguage":"pt-BR","@id":"https:\/\/blogdofarnesio.com.br\/?p=111740#primaryimage","url":"http:\/\/www.quersaberpolitica.com.br\/2016\/wp-content\/uploads\/2014\/12\/blogqsp.ruyoliveira-300x255.jpg","contentUrl":"http:\/\/www.quersaberpolitica.com.br\/2016\/wp-content\/uploads\/2014\/12\/blogqsp.ruyoliveira-300x255.jpg"},{"@type":"BreadcrumbList","@id":"https:\/\/blogdofarnesio.com.br\/?p=111740#breadcrumb","itemListElement":[{"@type":"ListItem","position":1,"name":"In\u00edcio","item":"https:\/\/blogdofarnesio.com.br\/"},{"@type":"ListItem","position":2,"name":"DEPUTADO ODACY AMORIM LAMENTA MORTE DO EX-VEREADOR RUY AMORIM"}]},{"@type":"WebSite","@id":"https:\/\/blogdofarnesio.com.br\/#website","url":"https:\/\/blogdofarnesio.com.br\/","name":"Blog do Farn\u00e9sio","description":"Quer Saber Pol\u00edtica?","publisher":{"@id":"https:\/\/blogdofarnesio.com.br\/#organization"},"potentialAction":[{"@type":"SearchAction","target":{"@type":"EntryPoint","urlTemplate":"https:\/\/blogdofarnesio.com.br\/?s={search_term_string}"},"query-input":{"@type":"PropertyValueSpecification","valueRequired":true,"valueName":"search_term_string"}}],"inLanguage":"pt-BR"},{"@type":"Organization","@id":"https:\/\/blogdofarnesio.com.br\/#organization","name":"Blog do Farn\u00e9sio","url":"https:\/\/blogdofarnesio.com.br\/","logo":{"@type":"ImageObject","inLanguage":"pt-BR","@id":"https:\/\/blogdofarnesio.com.br\/#\/schema\/logo\/image\/","url":"https:\/\/blogdofarnesio.com.br\/wp-content\/uploads\/2026\/03\/cropped-logo_new-1.png","contentUrl":"https:\/\/blogdofarnesio.com.br\/wp-content\/uploads\/2026\/03\/cropped-logo_new-1.png","width":881,"height":685,"caption":"Blog do Farn\u00e9sio"},"image":{"@id":"https:\/\/blogdofarnesio.com.br\/#\/schema\/logo\/image\/"},"sameAs":["https:\/\/www.facebook.com\/BlogQuerSaberPolitica\/"]},{"@type":"Person","@id":"","url":"https:\/\/blogdofarnesio.com.br\/?author=7"}]}},"_links":{"self":[{"href":"https:\/\/blogdofarnesio.com.br\/index.php?rest_route=\/wp\/v2\/posts\/111740","targetHints":{"allow":["GET"]}}],"collection":[{"href":"https:\/\/blogdofarnesio.com.br\/index.php?rest_route=\/wp\/v2\/posts"}],"about":[{"href":"https:\/\/blogdofarnesio.com.br\/index.php?rest_route=\/wp\/v2\/types\/post"}],"author":[{"embeddable":true,"href":"https:\/\/blogdofarnesio.com.br\/index.php?rest_route=\/wp\/v2\/users\/7"}],"replies":[{"embeddable":true,"href":"https:\/\/blogdofarnesio.com.br\/index.php?rest_route=%2Fwp%2Fv2%2Fcomments&post=111740"}],"version-history":[{"count":0,"href":"https:\/\/blogdofarnesio.com.br\/index.php?rest_route=\/wp\/v2\/posts\/111740\/revisions"}],"wp:attachment":[{"href":"https:\/\/blogdofarnesio.com.br\/index.php?rest_route=%2Fwp%2Fv2%2Fmedia&parent=111740"}],"wp:term":[{"taxonomy":"category","embeddable":true,"href":"https:\/\/blogdofarnesio.com.br\/index.php?rest_route=%2Fwp%2Fv2%2Fcategories&post=111740"},{"taxonomy":"post_tag","embeddable":true,"href":"https:\/\/blogdofarnesio.com.br\/index.php?rest_route=%2Fwp%2Fv2%2Ftags&post=111740"}],"curies":[{"name":"wp","href":"https:\/\/api.w.org\/{rel}","templated":true}]}}