{"id":111718,"date":"2014-12-30T08:01:07","date_gmt":"2014-12-30T11:01:07","guid":{"rendered":"http:\/\/www.quersaberpolitica.com.br\/?p=111718"},"modified":"2014-12-29T17:24:46","modified_gmt":"2014-12-29T20:24:46","slug":"novo-ministro-do-esporte-leva-cartao-vermelho-de-associacao-dos-atletas","status":"publish","type":"post","link":"https:\/\/blogdofarnesio.com.br\/?p=111718","title":{"rendered":"NOVO MINISTRO DO ESPORTE LEVA CART\u00c3O VERMELHO DE ASSOCIA\u00c7\u00c3O DOS ATLETAS"},"content":{"rendered":"<div>\n<div>por Estad\u00e3o Conte\u00fado<\/div>\n<div><img decoding=\"async\" class=\"aligncenter\" title=\"Organiza\u00e7\u00e3o de atletas condena escolha do novo ministro do Esporte\" alt=\"Organiza\u00e7\u00e3o de atletas condena escolha do novo ministro do Esporte\" src=\"http:\/\/www.bahianoticias.com.br\/fotos\/estadao_noticias\/62771\/xIMAGEM_NOTICIA_5.jpg.pagespeed.ic.R8bD04GSKr.jpg\" \/><\/p>\n<div style=\"text-align: center\">Foto: Divulga\u00e7\u00e3o<\/div>\n<\/div>\n<div><\/div>\n<\/div>\n<div style=\"text-align: justify\">A Atletas pelo Brasil, organiza\u00e7\u00e3o presidida pela ex-jogadora de v\u00f4lei Ana Moser, divulgou nesta segunda-feira um nota oficial em que condena a nomea\u00e7\u00e3o do deputado federal George Hilton (PRB-MG) para o comando do Minist\u00e9rio do Esporte, anunciada na semana passada pela presidente Dilma Rousseff, al\u00e9m de criticar o modo como o nome foi escolhido.<\/div>\n<div style=\"text-align: justify\"><\/div>\n<div style=\"text-align: justify\">\u00a0&#8220;Exigimos muito mais respeito e cuidado com tudo que envolve o tema Esporte no Brasil. O que est\u00e1 muito longe de acontecer quando constatamos os crit\u00e9rios, ou a falta deles, que foram usados para a escolha do novo ministro&#8221;, afirma a Atletas pelo Brasil, organiza\u00e7\u00e3o sem fins lucrativos que re\u00fane atletas e ex-atletas de diferentes gera\u00e7\u00f5es e modalidades pela melhoria do esporte.<\/div>\n<div style=\"text-align: justify\"><\/div>\n<div style=\"text-align: justify\">Al\u00e9m disso, a entidade destaca que a escolha do parlamentar para o minist\u00e9rio teve crit\u00e9rios apenas pol\u00edticos. &#8220;A nomea\u00e7\u00e3o com crit\u00e9rio unicamente pol\u00edtico, na maior parte das vezes, traz consigo o aumento da inefici\u00eancia de gest\u00e3o, descontinuidade da pol\u00edtica, rein\u00edcio de convencimentos e processos e tudo isso com custo aos cofres p\u00fablicos&#8221;, continua a organiza\u00e7\u00e3o.<\/p>\n<p style=\"text-align: center\"><img decoding=\"async\" class=\"aligncenter\" alt=\"\" src=\"http:\/\/www.bahianoticias.com.br\/ckfinder\/userfiles\/images\/380x252xAna-Moser-Gustavo-Alves-Div.jpg.pagespeed.ic.-OS-Q-9bkn.jpg\" \/><em>Ana Moser \u00e9 presidente da Atletas pelo Brasil.<br \/>\n(Foto: Gustavo Alves\/ Divulga\u00e7\u00e3o)<\/em><\/p>\n<p style=\"text-align: center\"><!--more--><\/p>\n<p>A Atletas pelo Brasil tamb\u00e9m lembrou a proximidade dos Jogos Ol\u00edmpicos de 2016, no Rio, e avaliou que Dilma perdeu uma excelente oportunidade de agir para melhorar a gest\u00e3o do esporte no Brasil. &#8220;\u00c0s v\u00e9speras das Olimp\u00edadas, a Presidente Dilma abriu m\u00e3o de uma oportunidade de melhorar a gest\u00e3o do esporte. Decepcionou todo um setor de atletas, jornalistas, empres\u00e1rios, organiza\u00e7\u00f5es, trabalhadores e amantes do esporte em geral&#8221;, afirma, destacando que conquistas de atletas brasileiros nem sempre possuem rela\u00e7\u00e3o com a pol\u00edtica esportiva do Pa\u00eds.\u00a0&#8220;E n\u00f3s, atletas, n\u00e3o podemos mais ser mais usados simplesmente para fotos conjuntas em momentos de vit\u00f3ria nacional. Vamos ser francos, essas conquistas s\u00e3o muitas vezes obtidas a despeito da pol\u00edtica esportiva, da legisla\u00e7\u00e3o e da condu\u00e7\u00e3o nacional do esporte. E, em alguns casos, encontrando at\u00e9 for\u00e7as contr\u00e1rias a dificultar o caminho. Se os governantes querem estar ao lado das vit\u00f3rias, devem tomar consci\u00eancia da sua enorme responsabilidade nas derrotas&#8221;, prossegue a entidade.<img decoding=\"async\" alt=\"\" src=\"http:\/\/www.bahianoticias.com.br\/ckfinder\/userfiles\/images\/380x218x201502_atletas-materia.jpg.pagespeed.ic.J0LDbUsLXw.jpg\" \/><br \/>\n<em>Foto: Divulga\u00e7\u00e3o<\/em><\/p>\n<p>Para a Atletas do Brasil, a defini\u00e7\u00e3o do novo ministro indiciou o &#8220;desprest\u00edgio&#8221; do esporte com as autoridades p\u00fablicas do Pa\u00eds. &#8220;Seguimos em frente pois acreditamos em um Pa\u00eds melhor, mas reiteramos aqui hoje que, como cidad\u00e3os e cidad\u00e3s brasileiros, nos sentimos envergonhados e desprestigiados, vendo que o esporte no Brasil continua sendo encarado como algo menor&#8221;, conclui a Atletas pelo Brasil, que re\u00fane nomes como Bernardinho, Cafu, Gustavo Borges, Kak\u00e1, Fl\u00e1vio Canto, Paulo Andr\u00e9, Fernando Meligeni, Hort\u00eancia e Rubens Barrichello.\u00a0A nomea\u00e7\u00e3o de Hilton causou surpresa nos meios esportivos, por significar a descontinuidade da administra\u00e7\u00e3o de Aldo Rebelo. A pedido de Dilma, Rebelo deixou de concorrer \u00e0 reelei\u00e7\u00e3o para ficar \u00e0 frente da pasta na Copa do Mundo. O PC do B tinha esperan\u00e7as de que Rebelo permaneceria \u00e0 frente do Esporte tamb\u00e9m na Olimp\u00edada do Rio.\u00a0A pasta tem import\u00e2ncia estrat\u00e9gica por fazer parte da Autoridade P\u00fablica Ol\u00edmpica, cons\u00f3rcio que re\u00fane o Estado e a Prefeitura do Rio e gerencia as obras da competi\u00e7\u00e3o. Al\u00e9m disso, Rebelo \u00e9 um dos interlocutores do Comit\u00ea Ol\u00edmpico Internacional no Brasil.<\/p>\n<\/div>\n","protected":false},"excerpt":{"rendered":"<p>por Estad\u00e3o Conte\u00fado Foto: Divulga\u00e7\u00e3o A Atletas pelo Brasil, organiza\u00e7\u00e3o presidida pela ex-jogadora de v\u00f4lei Ana Moser, divulgou nesta segunda-feira um nota oficial em que condena a nomea\u00e7\u00e3o do deputado federal George Hilton (PRB-MG) para o comando do Minist\u00e9rio do Esporte, anunciada na semana passada pela presidente Dilma Rousseff, al\u00e9m de criticar o modo como o nome foi escolhido. \u00a0&#8220;Exigimos muito mais respeito e cuidado com tudo que envolve o tema Esporte no Brasil. O que est\u00e1 muito longe de acontecer quando constatamos os crit\u00e9rios, ou a falta deles, que foram usados para a escolha do novo ministro&#8221;, afirma a Atletas pelo Brasil, organiza\u00e7\u00e3o sem fins lucrativos que re\u00fane atletas e ex-atletas de diferentes gera\u00e7\u00f5es e modalidades pela melhoria do&hellip; <\/p>\n","protected":false},"author":3,"featured_media":0,"comment_status":"open","ping_status":"open","sticky":false,"template":"","format":"standard","meta":{"_acf_changed":false,"footnotes":""},"categories":[1],"tags":[],"class_list":["post-111718","post","type-post","status-publish","format-standard","hentry","category-politica"],"acf":[],"yoast_head":"<!-- This site is optimized with the Yoast SEO plugin v27.4 - https:\/\/yoast.com\/product\/yoast-seo-wordpress\/ -->\n<title>NOVO MINISTRO DO ESPORTE LEVA CART\u00c3O VERMELHO DE ASSOCIA\u00c7\u00c3O DOS ATLETAS - Blog do Farn\u00e9sio<\/title>\n<meta name=\"robots\" content=\"index, follow, max-snippet:-1, max-image-preview:large, max-video-preview:-1\" \/>\n<link rel=\"canonical\" href=\"https:\/\/blogdofarnesio.com.br\/?p=111718\" \/>\n<meta property=\"og:locale\" content=\"pt_BR\" \/>\n<meta property=\"og:type\" content=\"article\" \/>\n<meta property=\"og:title\" content=\"NOVO MINISTRO DO ESPORTE LEVA CART\u00c3O VERMELHO DE ASSOCIA\u00c7\u00c3O DOS ATLETAS - Blog do Farn\u00e9sio\" \/>\n<meta property=\"og:description\" content=\"por Estad\u00e3o Conte\u00fado Foto: Divulga\u00e7\u00e3o A Atletas pelo Brasil, organiza\u00e7\u00e3o presidida pela ex-jogadora de v\u00f4lei Ana Moser, divulgou nesta segunda-feira um nota oficial em que condena a nomea\u00e7\u00e3o do deputado federal George Hilton (PRB-MG) para o comando do Minist\u00e9rio do Esporte, anunciada na semana passada pela presidente Dilma Rousseff, al\u00e9m de criticar o modo como o nome foi escolhido. \u00a0&#8220;Exigimos muito mais respeito e cuidado com tudo que envolve o tema Esporte no Brasil. O que est\u00e1 muito longe de acontecer quando constatamos os crit\u00e9rios, ou a falta deles, que foram usados para a escolha do novo ministro&#8221;, afirma a Atletas pelo Brasil, organiza\u00e7\u00e3o sem fins lucrativos que re\u00fane atletas e ex-atletas de diferentes gera\u00e7\u00f5es e modalidades pela melhoria do&hellip;\" \/>\n<meta property=\"og:url\" content=\"https:\/\/blogdofarnesio.com.br\/?p=111718\" \/>\n<meta property=\"og:site_name\" content=\"Blog do Farn\u00e9sio\" \/>\n<meta property=\"article:publisher\" content=\"https:\/\/www.facebook.com\/BlogQuerSaberPolitica\/\" \/>\n<meta property=\"article:published_time\" content=\"2014-12-30T11:01:07+00:00\" \/>\n<meta property=\"og:image\" content=\"http:\/\/www.bahianoticias.com.br\/fotos\/estadao_noticias\/62771\/xIMAGEM_NOTICIA_5.jpg.pagespeed.ic.R8bD04GSKr.jpg\" \/>\n<meta name=\"author\" content=\"teste\" \/>\n<meta name=\"twitter:card\" content=\"summary_large_image\" \/>\n<meta name=\"twitter:label1\" content=\"Escrito por\" \/>\n\t<meta name=\"twitter:data1\" content=\"teste\" \/>\n\t<meta name=\"twitter:label2\" content=\"Est. tempo de leitura\" \/>\n\t<meta name=\"twitter:data2\" content=\"3 minutos\" \/>\n<script type=\"application\/ld+json\" class=\"yoast-schema-graph\">{\"@context\":\"https:\\\/\\\/schema.org\",\"@graph\":[{\"@type\":\"Article\",\"@id\":\"https:\\\/\\\/blogdofarnesio.com.br\\\/?p=111718#article\",\"isPartOf\":{\"@id\":\"https:\\\/\\\/blogdofarnesio.com.br\\\/?p=111718\"},\"author\":{\"name\":\"teste\",\"@id\":\"https:\\\/\\\/blogdofarnesio.com.br\\\/#\\\/schema\\\/person\\\/dd1bf5eba40b687199ba45ca6b97dff9\"},\"headline\":\"NOVO MINISTRO DO ESPORTE LEVA CART\u00c3O VERMELHO DE ASSOCIA\u00c7\u00c3O DOS ATLETAS\",\"datePublished\":\"2014-12-30T11:01:07+00:00\",\"mainEntityOfPage\":{\"@id\":\"https:\\\/\\\/blogdofarnesio.com.br\\\/?p=111718\"},\"wordCount\":608,\"commentCount\":0,\"publisher\":{\"@id\":\"https:\\\/\\\/blogdofarnesio.com.br\\\/#organization\"},\"image\":{\"@id\":\"https:\\\/\\\/blogdofarnesio.com.br\\\/?p=111718#primaryimage\"},\"thumbnailUrl\":\"http:\\\/\\\/www.bahianoticias.com.br\\\/fotos\\\/estadao_noticias\\\/62771\\\/xIMAGEM_NOTICIA_5.jpg.pagespeed.ic.R8bD04GSKr.jpg\",\"articleSection\":[\"Pol\u00edtica\"],\"inLanguage\":\"pt-BR\",\"potentialAction\":[{\"@type\":\"CommentAction\",\"name\":\"Comment\",\"target\":[\"https:\\\/\\\/blogdofarnesio.com.br\\\/?p=111718#respond\"]}]},{\"@type\":\"WebPage\",\"@id\":\"https:\\\/\\\/blogdofarnesio.com.br\\\/?p=111718\",\"url\":\"https:\\\/\\\/blogdofarnesio.com.br\\\/?p=111718\",\"name\":\"NOVO MINISTRO DO ESPORTE LEVA CART\u00c3O VERMELHO DE ASSOCIA\u00c7\u00c3O DOS ATLETAS - Blog do Farn\u00e9sio\",\"isPartOf\":{\"@id\":\"https:\\\/\\\/blogdofarnesio.com.br\\\/#website\"},\"primaryImageOfPage\":{\"@id\":\"https:\\\/\\\/blogdofarnesio.com.br\\\/?p=111718#primaryimage\"},\"image\":{\"@id\":\"https:\\\/\\\/blogdofarnesio.com.br\\\/?p=111718#primaryimage\"},\"thumbnailUrl\":\"http:\\\/\\\/www.bahianoticias.com.br\\\/fotos\\\/estadao_noticias\\\/62771\\\/xIMAGEM_NOTICIA_5.jpg.pagespeed.ic.R8bD04GSKr.jpg\",\"datePublished\":\"2014-12-30T11:01:07+00:00\",\"breadcrumb\":{\"@id\":\"https:\\\/\\\/blogdofarnesio.com.br\\\/?p=111718#breadcrumb\"},\"inLanguage\":\"pt-BR\",\"potentialAction\":[{\"@type\":\"ReadAction\",\"target\":[\"https:\\\/\\\/blogdofarnesio.com.br\\\/?p=111718\"]}]},{\"@type\":\"ImageObject\",\"inLanguage\":\"pt-BR\",\"@id\":\"https:\\\/\\\/blogdofarnesio.com.br\\\/?p=111718#primaryimage\",\"url\":\"http:\\\/\\\/www.bahianoticias.com.br\\\/fotos\\\/estadao_noticias\\\/62771\\\/xIMAGEM_NOTICIA_5.jpg.pagespeed.ic.R8bD04GSKr.jpg\",\"contentUrl\":\"http:\\\/\\\/www.bahianoticias.com.br\\\/fotos\\\/estadao_noticias\\\/62771\\\/xIMAGEM_NOTICIA_5.jpg.pagespeed.ic.R8bD04GSKr.jpg\"},{\"@type\":\"BreadcrumbList\",\"@id\":\"https:\\\/\\\/blogdofarnesio.com.br\\\/?p=111718#breadcrumb\",\"itemListElement\":[{\"@type\":\"ListItem\",\"position\":1,\"name\":\"In\u00edcio\",\"item\":\"https:\\\/\\\/blogdofarnesio.com.br\\\/\"},{\"@type\":\"ListItem\",\"position\":2,\"name\":\"NOVO MINISTRO DO ESPORTE LEVA CART\u00c3O VERMELHO DE ASSOCIA\u00c7\u00c3O DOS ATLETAS\"}]},{\"@type\":\"WebSite\",\"@id\":\"https:\\\/\\\/blogdofarnesio.com.br\\\/#website\",\"url\":\"https:\\\/\\\/blogdofarnesio.com.br\\\/\",\"name\":\"Blog do Farn\u00e9sio\",\"description\":\"Quer Saber Pol\u00edtica?\",\"publisher\":{\"@id\":\"https:\\\/\\\/blogdofarnesio.com.br\\\/#organization\"},\"potentialAction\":[{\"@type\":\"SearchAction\",\"target\":{\"@type\":\"EntryPoint\",\"urlTemplate\":\"https:\\\/\\\/blogdofarnesio.com.br\\\/?s={search_term_string}\"},\"query-input\":{\"@type\":\"PropertyValueSpecification\",\"valueRequired\":true,\"valueName\":\"search_term_string\"}}],\"inLanguage\":\"pt-BR\"},{\"@type\":\"Organization\",\"@id\":\"https:\\\/\\\/blogdofarnesio.com.br\\\/#organization\",\"name\":\"Blog do Farn\u00e9sio\",\"url\":\"https:\\\/\\\/blogdofarnesio.com.br\\\/\",\"logo\":{\"@type\":\"ImageObject\",\"inLanguage\":\"pt-BR\",\"@id\":\"https:\\\/\\\/blogdofarnesio.com.br\\\/#\\\/schema\\\/logo\\\/image\\\/\",\"url\":\"https:\\\/\\\/blogdofarnesio.com.br\\\/wp-content\\\/uploads\\\/2026\\\/03\\\/cropped-logo_new-1.png\",\"contentUrl\":\"https:\\\/\\\/blogdofarnesio.com.br\\\/wp-content\\\/uploads\\\/2026\\\/03\\\/cropped-logo_new-1.png\",\"width\":881,\"height\":685,\"caption\":\"Blog do Farn\u00e9sio\"},\"image\":{\"@id\":\"https:\\\/\\\/blogdofarnesio.com.br\\\/#\\\/schema\\\/logo\\\/image\\\/\"},\"sameAs\":[\"https:\\\/\\\/www.facebook.com\\\/BlogQuerSaberPolitica\\\/\"]},{\"@type\":\"Person\",\"@id\":\"https:\\\/\\\/blogdofarnesio.com.br\\\/#\\\/schema\\\/person\\\/dd1bf5eba40b687199ba45ca6b97dff9\",\"name\":\"teste\",\"image\":{\"@type\":\"ImageObject\",\"inLanguage\":\"pt-BR\",\"@id\":\"https:\\\/\\\/secure.gravatar.com\\\/avatar\\\/2172498d4914b51e1d89a0f97957b035ac4938723a5cac208135d389b6972a6d?s=96&d=mm&r=g\",\"url\":\"https:\\\/\\\/secure.gravatar.com\\\/avatar\\\/2172498d4914b51e1d89a0f97957b035ac4938723a5cac208135d389b6972a6d?s=96&d=mm&r=g\",\"contentUrl\":\"https:\\\/\\\/secure.gravatar.com\\\/avatar\\\/2172498d4914b51e1d89a0f97957b035ac4938723a5cac208135d389b6972a6d?s=96&d=mm&r=g\",\"caption\":\"teste\"},\"url\":\"https:\\\/\\\/blogdofarnesio.com.br\\\/?author=3\"}]}<\/script>\n<!-- \/ Yoast SEO plugin. -->","yoast_head_json":{"title":"NOVO MINISTRO DO ESPORTE LEVA CART\u00c3O VERMELHO DE ASSOCIA\u00c7\u00c3O DOS ATLETAS - Blog do Farn\u00e9sio","robots":{"index":"index","follow":"follow","max-snippet":"max-snippet:-1","max-image-preview":"max-image-preview:large","max-video-preview":"max-video-preview:-1"},"canonical":"https:\/\/blogdofarnesio.com.br\/?p=111718","og_locale":"pt_BR","og_type":"article","og_title":"NOVO MINISTRO DO ESPORTE LEVA CART\u00c3O VERMELHO DE ASSOCIA\u00c7\u00c3O DOS ATLETAS - Blog do Farn\u00e9sio","og_description":"por Estad\u00e3o Conte\u00fado Foto: Divulga\u00e7\u00e3o A Atletas pelo Brasil, organiza\u00e7\u00e3o presidida pela ex-jogadora de v\u00f4lei Ana Moser, divulgou nesta segunda-feira um nota oficial em que condena a nomea\u00e7\u00e3o do deputado federal George Hilton (PRB-MG) para o comando do Minist\u00e9rio do Esporte, anunciada na semana passada pela presidente Dilma Rousseff, al\u00e9m de criticar o modo como o nome foi escolhido. \u00a0&#8220;Exigimos muito mais respeito e cuidado com tudo que envolve o tema Esporte no Brasil. O que est\u00e1 muito longe de acontecer quando constatamos os crit\u00e9rios, ou a falta deles, que foram usados para a escolha do novo ministro&#8221;, afirma a Atletas pelo Brasil, organiza\u00e7\u00e3o sem fins lucrativos que re\u00fane atletas e ex-atletas de diferentes gera\u00e7\u00f5es e modalidades pela melhoria do&hellip;","og_url":"https:\/\/blogdofarnesio.com.br\/?p=111718","og_site_name":"Blog do Farn\u00e9sio","article_publisher":"https:\/\/www.facebook.com\/BlogQuerSaberPolitica\/","article_published_time":"2014-12-30T11:01:07+00:00","og_image":[{"url":"http:\/\/www.bahianoticias.com.br\/fotos\/estadao_noticias\/62771\/xIMAGEM_NOTICIA_5.jpg.pagespeed.ic.R8bD04GSKr.jpg","type":"","width":"","height":""}],"author":"teste","twitter_card":"summary_large_image","twitter_misc":{"Escrito por":"teste","Est. tempo de leitura":"3 minutos"},"schema":{"@context":"https:\/\/schema.org","@graph":[{"@type":"Article","@id":"https:\/\/blogdofarnesio.com.br\/?p=111718#article","isPartOf":{"@id":"https:\/\/blogdofarnesio.com.br\/?p=111718"},"author":{"name":"teste","@id":"https:\/\/blogdofarnesio.com.br\/#\/schema\/person\/dd1bf5eba40b687199ba45ca6b97dff9"},"headline":"NOVO MINISTRO DO ESPORTE LEVA CART\u00c3O VERMELHO DE ASSOCIA\u00c7\u00c3O DOS ATLETAS","datePublished":"2014-12-30T11:01:07+00:00","mainEntityOfPage":{"@id":"https:\/\/blogdofarnesio.com.br\/?p=111718"},"wordCount":608,"commentCount":0,"publisher":{"@id":"https:\/\/blogdofarnesio.com.br\/#organization"},"image":{"@id":"https:\/\/blogdofarnesio.com.br\/?p=111718#primaryimage"},"thumbnailUrl":"http:\/\/www.bahianoticias.com.br\/fotos\/estadao_noticias\/62771\/xIMAGEM_NOTICIA_5.jpg.pagespeed.ic.R8bD04GSKr.jpg","articleSection":["Pol\u00edtica"],"inLanguage":"pt-BR","potentialAction":[{"@type":"CommentAction","name":"Comment","target":["https:\/\/blogdofarnesio.com.br\/?p=111718#respond"]}]},{"@type":"WebPage","@id":"https:\/\/blogdofarnesio.com.br\/?p=111718","url":"https:\/\/blogdofarnesio.com.br\/?p=111718","name":"NOVO MINISTRO DO ESPORTE LEVA CART\u00c3O VERMELHO DE ASSOCIA\u00c7\u00c3O DOS ATLETAS - Blog do Farn\u00e9sio","isPartOf":{"@id":"https:\/\/blogdofarnesio.com.br\/#website"},"primaryImageOfPage":{"@id":"https:\/\/blogdofarnesio.com.br\/?p=111718#primaryimage"},"image":{"@id":"https:\/\/blogdofarnesio.com.br\/?p=111718#primaryimage"},"thumbnailUrl":"http:\/\/www.bahianoticias.com.br\/fotos\/estadao_noticias\/62771\/xIMAGEM_NOTICIA_5.jpg.pagespeed.ic.R8bD04GSKr.jpg","datePublished":"2014-12-30T11:01:07+00:00","breadcrumb":{"@id":"https:\/\/blogdofarnesio.com.br\/?p=111718#breadcrumb"},"inLanguage":"pt-BR","potentialAction":[{"@type":"ReadAction","target":["https:\/\/blogdofarnesio.com.br\/?p=111718"]}]},{"@type":"ImageObject","inLanguage":"pt-BR","@id":"https:\/\/blogdofarnesio.com.br\/?p=111718#primaryimage","url":"http:\/\/www.bahianoticias.com.br\/fotos\/estadao_noticias\/62771\/xIMAGEM_NOTICIA_5.jpg.pagespeed.ic.R8bD04GSKr.jpg","contentUrl":"http:\/\/www.bahianoticias.com.br\/fotos\/estadao_noticias\/62771\/xIMAGEM_NOTICIA_5.jpg.pagespeed.ic.R8bD04GSKr.jpg"},{"@type":"BreadcrumbList","@id":"https:\/\/blogdofarnesio.com.br\/?p=111718#breadcrumb","itemListElement":[{"@type":"ListItem","position":1,"name":"In\u00edcio","item":"https:\/\/blogdofarnesio.com.br\/"},{"@type":"ListItem","position":2,"name":"NOVO MINISTRO DO ESPORTE LEVA CART\u00c3O VERMELHO DE ASSOCIA\u00c7\u00c3O DOS ATLETAS"}]},{"@type":"WebSite","@id":"https:\/\/blogdofarnesio.com.br\/#website","url":"https:\/\/blogdofarnesio.com.br\/","name":"Blog do Farn\u00e9sio","description":"Quer Saber Pol\u00edtica?","publisher":{"@id":"https:\/\/blogdofarnesio.com.br\/#organization"},"potentialAction":[{"@type":"SearchAction","target":{"@type":"EntryPoint","urlTemplate":"https:\/\/blogdofarnesio.com.br\/?s={search_term_string}"},"query-input":{"@type":"PropertyValueSpecification","valueRequired":true,"valueName":"search_term_string"}}],"inLanguage":"pt-BR"},{"@type":"Organization","@id":"https:\/\/blogdofarnesio.com.br\/#organization","name":"Blog do Farn\u00e9sio","url":"https:\/\/blogdofarnesio.com.br\/","logo":{"@type":"ImageObject","inLanguage":"pt-BR","@id":"https:\/\/blogdofarnesio.com.br\/#\/schema\/logo\/image\/","url":"https:\/\/blogdofarnesio.com.br\/wp-content\/uploads\/2026\/03\/cropped-logo_new-1.png","contentUrl":"https:\/\/blogdofarnesio.com.br\/wp-content\/uploads\/2026\/03\/cropped-logo_new-1.png","width":881,"height":685,"caption":"Blog do Farn\u00e9sio"},"image":{"@id":"https:\/\/blogdofarnesio.com.br\/#\/schema\/logo\/image\/"},"sameAs":["https:\/\/www.facebook.com\/BlogQuerSaberPolitica\/"]},{"@type":"Person","@id":"https:\/\/blogdofarnesio.com.br\/#\/schema\/person\/dd1bf5eba40b687199ba45ca6b97dff9","name":"teste","image":{"@type":"ImageObject","inLanguage":"pt-BR","@id":"https:\/\/secure.gravatar.com\/avatar\/2172498d4914b51e1d89a0f97957b035ac4938723a5cac208135d389b6972a6d?s=96&d=mm&r=g","url":"https:\/\/secure.gravatar.com\/avatar\/2172498d4914b51e1d89a0f97957b035ac4938723a5cac208135d389b6972a6d?s=96&d=mm&r=g","contentUrl":"https:\/\/secure.gravatar.com\/avatar\/2172498d4914b51e1d89a0f97957b035ac4938723a5cac208135d389b6972a6d?s=96&d=mm&r=g","caption":"teste"},"url":"https:\/\/blogdofarnesio.com.br\/?author=3"}]}},"_links":{"self":[{"href":"https:\/\/blogdofarnesio.com.br\/index.php?rest_route=\/wp\/v2\/posts\/111718","targetHints":{"allow":["GET"]}}],"collection":[{"href":"https:\/\/blogdofarnesio.com.br\/index.php?rest_route=\/wp\/v2\/posts"}],"about":[{"href":"https:\/\/blogdofarnesio.com.br\/index.php?rest_route=\/wp\/v2\/types\/post"}],"author":[{"embeddable":true,"href":"https:\/\/blogdofarnesio.com.br\/index.php?rest_route=\/wp\/v2\/users\/3"}],"replies":[{"embeddable":true,"href":"https:\/\/blogdofarnesio.com.br\/index.php?rest_route=%2Fwp%2Fv2%2Fcomments&post=111718"}],"version-history":[{"count":0,"href":"https:\/\/blogdofarnesio.com.br\/index.php?rest_route=\/wp\/v2\/posts\/111718\/revisions"}],"wp:attachment":[{"href":"https:\/\/blogdofarnesio.com.br\/index.php?rest_route=%2Fwp%2Fv2%2Fmedia&parent=111718"}],"wp:term":[{"taxonomy":"category","embeddable":true,"href":"https:\/\/blogdofarnesio.com.br\/index.php?rest_route=%2Fwp%2Fv2%2Fcategories&post=111718"},{"taxonomy":"post_tag","embeddable":true,"href":"https:\/\/blogdofarnesio.com.br\/index.php?rest_route=%2Fwp%2Fv2%2Ftags&post=111718"}],"curies":[{"name":"wp","href":"https:\/\/api.w.org\/{rel}","templated":true}]}}