{"id":111629,"date":"2014-12-28T17:10:05","date_gmt":"2014-12-28T20:10:05","guid":{"rendered":"http:\/\/www.quersaberpolitica.com.br\/?p=111629"},"modified":"2014-12-28T16:50:28","modified_gmt":"2014-12-28T19:50:28","slug":"sergio-moro-e-petrolao-sao-eleitos-personalidade-e-fato-do-ano-na-enquete-da-veja","status":"publish","type":"post","link":"https:\/\/blogdofarnesio.com.br\/?p=111629","title":{"rendered":"SERGIO MORO E PETROL\u00c3O S\u00c3O ELEITOS PERSONALIDADE E FATO DO ANO NA ENQUETE DA VEJA"},"content":{"rendered":"<div style=\"text-align: justify\"><img loading=\"lazy\" decoding=\"async\" class=\"aligncenter\" title=\"O juiz federal de Curitiba Sergio Moro, respons\u00e1vel pela Opera\u00e7\u00e3o Lava Jato\" alt=\"O juiz federal de Curitiba Sergio Moro, respons\u00e1vel pela Opera\u00e7\u00e3o Lava Jato\" src=\"http:\/\/veja1.abrilm.com.br\/assets\/images\/2014\/12\/252007\/brasil-juiz-sergio-moro-baixa-20141205-002-size-598.jpeg?1417815161\" width=\"478\" height=\"269\" \/><\/p>\n<p style=\"text-align: center\"><em>O juiz federal de Curitiba Sergio Moro, respons\u00e1vel pela Opera\u00e7\u00e3o Lava Jato\u00a0(Ricardo Borges\/Folhapress)<\/em><\/p>\n<\/div>\n<p style=\"text-align: justify\">O ano de 2014 ficar\u00e1 marcado como aquele em que o Brasil foi apresentado ao petrol\u00e3o, maior esc\u00e2ndalo de corrup\u00e7\u00e3o hist\u00f3ria da Rep\u00fablica. N\u00e3o \u00e0 toa, o esquema \u2013 armado durante os governos do PT com o objetivo de financiar campanhas pol\u00edticas e, de quebra, enriquecer bandidos do colarinho-branco \u2013 foi apontado como o acontecimento mais marcante do ano em\u00a0<a href=\"http:\/\/veja.abril.com.br\/vida-digital\/personalidade-e-fato-2014\/personalidade.html\"><strong>enquete especial promovida por VEJA.com em parceria com o Twitter<\/strong><\/a>.<\/p>\n<p style=\"text-align: justify\">J\u00e1 o juiz federal S\u00e9rgio Moro, o homem por tr\u00e1s de cada decis\u00e3o que levou\u00a0empres\u00e1rios de sucesso\u00a0para a cadeia na esteira do esc\u00e2ndalo, foi eleito Personalidade do Ano.<\/p>\n<p style=\"text-align: justify\">A vota\u00e7\u00e3o\u00a0foi\u00a0<a href=\"http:\/\/veja.abril.com.br\/noticia\/vida-digital\/eleja-a-personalidade-e-o-fato-do-ano-de-2014\"><strong>aberta em 11 de dezembro<\/strong><\/a>\u00a0e encerrada na noite desta sexta-feira. Concorriam aos t\u00edtulos de Personalidade e Fato do Ano, respectivamente, 16 pessoas e 16 acontecimentos indicados pelos editores de VEJA.com que marcaram o ano de 2014.<!--more--><\/p>\n<p style=\"text-align: justify\">Foram computadas as mensagens publicadas no Twitter que continham, simultaneamente, o texto\u00a0<strong>#VejaPersonalidade<\/strong>\u00a0e o nome de um dos candidatos antecedido do s\u00edmbolo hashtag \u2014 por exemplo:\u00a0<strong>#SergioMoro<\/strong>. O mesmo valia para a vota\u00e7\u00e3o do Fato do Ano, para a qual foram considerados tu\u00edtes contendo a hashtag\u00a0<strong>#VejaFato<\/strong>\u00a0acompanhado de um dos candidatos a evento mais marcante de 2014, como\u00a0<strong>#EpidemiaDeEbola<\/strong>, em refer\u00eancia ao surto da doen\u00e7a que assustou o mundo.<\/p>\n<p style=\"text-align: justify\">Cada tu\u00edte correspondia a um voto. Mais de 345.000 votos foram computados. Este foi o segundo ano da parceria entre VEJA e o Twitter. Em 2013\u00a0<a href=\"http:\/\/veja.abril.com.br\/noticia\/vida-digital\/neymar-a-personalidade-do-ano-em-enquete-veja-twitter\"><strong>o atacante Neymar<\/strong><\/a>, do Barcelona e da sele\u00e7\u00e3o brasileira, foi eleito com\u00a0mais de 13.000 dos 57.000 votos computados \u2014 ou 22% do total.<\/p>\n<h2>Juiz respons\u00e1vel por levar \u00e0 frente as investiga\u00e7\u00f5es que trouxeram o esc\u00e2ndalo \u00e0 tona desbancaram outros 15 fatos e personalidades. Confira o resultado<\/h2>\n<p style=\"text-align: justify\"><strong>Consequ\u00eancias imprevis\u00edveis \u2013<\/strong>\u00a0Descoberto a partir da Opera\u00e7\u00e3o Lava Jato da Pol\u00edcia Federal, o petrol\u00e3o desviou\u00a0pelo\u00a0menos 10 bilh\u00f5es de reais. As investiga\u00e7\u00f5es sobre o esquema\u00a0apresentaram\u00a0o pa\u00eds ao lado obscuro do funcionamento das empreiteiras \u2013 um complexo mundo de negociatas abastecidas cotidianamente com propinas milion\u00e1rias. Pelo menos 28 pol\u00edticos j\u00e1 tiveram seus nomes citados por delatores do esc\u00e2ndalo, de deputados a ministros de Estado, de governadores ao presidente do Congresso. Com cifras que transformaram o esc\u00e2ndalo do mensal\u00e3o em um caso para tribunal de pequenas causas, como definiu o ministro do Supremo\u00a0Gilmar Mendes, o petrol\u00e3o foi eleito Fato do Ano com 23.663 votos, ou 74% do total. E o fantasma do esc\u00e2ndalo seguir\u00e1 a assombrar pol\u00edticos e empres\u00e1rios ao longo do ano que vem: a Procuradoria-Geral da Rep\u00fablica apresentar\u00e1 em fevereiro ao Supremo Tribunal Federal\u00a0os pedidos de abertura de inqu\u00e9rito contra parlamentares e autoridades citados nas dela\u00e7\u00f5es.\u00a0At\u00e9 agora, um deputado foi cassado em decorr\u00eancia da Lava Jato:\u00a0o ex-petista Andr\u00e9\u00a0Vargas.<\/p>\n<p style=\"text-align: justify\">J\u00e1 as empreiteiras envolvidas no esc\u00e2ndalo enfrentam n\u00e3o apenas o risco da puni\u00e7\u00e3o criminal como a possibilidade de serem\u00a0declaradas inid\u00f4neas a partir de 2015. Desse modo, as construtoras respons\u00e1veis por tocar quase todas as grandes obras do pa\u00eds ficariam impedidas de prestar servi\u00e7os ao governo federal. O cen\u00e1rio imprevis\u00edvel\u00a0para o pr\u00f3ximo ano inclui ainda os desdobramentos de a\u00e7\u00f5es contra a Petrobras instauradas nos Estados Unidos. Diante de tais n\u00fameros, o petrol\u00e3o ultrapassou na enquete especial fatos como a epidemia de ebola (4.162 votos, 13%), o fen\u00f4meno\u00a0<em>A Culpa \u00c9 das Estrelas<\/em>\u00a0(2.431 votos, 8%), a morte de Eduardo Campos (529 votos, 2%) e a derrota, por 7 a 1, da sele\u00e7\u00e3o brasileira para a Alemanha na semifinal da Copa do Mundo (399\u00a0votos, 1%).<\/p>\n<p style=\"text-align: justify\"><strong>O ano de Moro \u2013\u00a0<\/strong>Respons\u00e1vel pelas a\u00e7\u00f5es resultantes da Lava Jato em primeira inst\u00e2ncia, S\u00e9rgio Moro \u00e9 hoje o magistrado mais respeitado pelos colegas na Justi\u00e7a Federal. E tamb\u00e9m um \u00eddolo nacional. Se a complexidade dos crimes investigados pela opera\u00e7\u00e3o colocou o juiz da 13\u00aa Vara Federal de Curitiba diante do maior desafio de sua carreira, representou tamb\u00e9m sua consagra\u00e7\u00e3o. Moro venceu a corrida pelo t\u00edtulo de Personalidade do Ano com 160.637 votos, ou 47% do total. Ficou \u00e0 frente de personagens que se destacaram ao longo de 2014 no Brasil e no exterior \u2013 e que atuam em \u00e1reas t\u00e3o diversas quanto m\u00fasica, cinema, pol\u00edtica, economia, matem\u00e1tica, futebol e tecnologia.\u00a0A lista dos cinco mais votados tem na sequ\u00eancia a cantora americana Taylor Swift, 143.383 votos (42%), seguida pelo senador A\u00e9cio Neves (PSDB), 16.196 votos (5%). A ex-senadora Marina Silva aparece na quarta coloca\u00e7\u00e3o, com 12.650 votos (4%). E a Nobel da Paz Malala Yousafzai, na quinta, com 6.371 (2%).<\/p>\n<p style=\"text-align: justify\">Moro ter\u00e1 pela frente um 2015 agitado: como ele mesmo j\u00e1 afirmou, h\u00e1\u00a0ind\u00edcios de que os crimes de corrup\u00e7\u00e3o e propinas &#8220;transcenderam a Petrobras&#8221;. As investiga\u00e7\u00f5es, portanto, continuam. O Minist\u00e9rio P\u00fablico Federal garante que as den\u00fancias apresentadas at\u00e9 aqui formam apenas &#8220;o primeiro pacote&#8221;. Um dos maiores especialistas do pa\u00eds em crimes financeiros, o magistrado de 43 anos carrega a responsabilidade de levar adiante os processos decorrentes da Opera\u00e7\u00e3o Lava Jato em primeira inst\u00e2ncia. J\u00e1 aceitou as den\u00fancias do Minist\u00e9rio P\u00fablico contra 39 alvos da opera\u00e7\u00e3o \u2013 entre eles presidentes e diretores das maiores empreiteiras do pa\u00eds, al\u00e9m do ex-diretor da Petrobras Nestor Cerver\u00f3. Foi tamb\u00e9m quem colocou na cadeia os integrantes do Clube do Bilh\u00e3o, cartel de empreiteiras que decidia o pre\u00e7o das obras na Petrobras. Em maio, contornou o risco de liberta\u00e7\u00e3o de r\u00e9us determinada por liminar do ministro Teori Zavascki. Alvo de poderosos cujos interesses foram contrariados em decorr\u00eancia da Lava Jato, Moro teve a condu\u00e7\u00e3o dos processos validada em dezembro pelo Supremo.<\/p>\n","protected":false},"excerpt":{"rendered":"<p>O juiz federal de Curitiba Sergio Moro, respons\u00e1vel pela Opera\u00e7\u00e3o Lava Jato\u00a0(Ricardo Borges\/Folhapress) O ano de 2014 ficar\u00e1 marcado como aquele em que o Brasil foi apresentado ao petrol\u00e3o, maior esc\u00e2ndalo de corrup\u00e7\u00e3o hist\u00f3ria da Rep\u00fablica. N\u00e3o \u00e0 toa, o esquema \u2013 armado durante os governos do PT com o objetivo de financiar campanhas pol\u00edticas e, de quebra, enriquecer bandidos do colarinho-branco \u2013 foi apontado como o acontecimento mais marcante do ano em\u00a0enquete especial promovida por VEJA.com em parceria com o Twitter. J\u00e1 o juiz federal S\u00e9rgio Moro, o homem por tr\u00e1s de cada decis\u00e3o que levou\u00a0empres\u00e1rios de sucesso\u00a0para a cadeia na esteira do esc\u00e2ndalo, foi eleito Personalidade do Ano. A vota\u00e7\u00e3o\u00a0foi\u00a0aberta em 11 de dezembro\u00a0e encerrada na noite desta&hellip; <\/p>\n","protected":false},"author":3,"featured_media":0,"comment_status":"open","ping_status":"open","sticky":false,"template":"","format":"standard","meta":{"_acf_changed":false,"footnotes":""},"categories":[51],"tags":[],"class_list":["post-111629","post","type-post","status-publish","format-standard","hentry","category-pesquisa"],"acf":[],"yoast_head":"<!-- This site is optimized with the Yoast SEO plugin v27.4 - https:\/\/yoast.com\/product\/yoast-seo-wordpress\/ -->\n<title>SERGIO MORO E PETROL\u00c3O S\u00c3O ELEITOS PERSONALIDADE E FATO DO ANO NA ENQUETE DA VEJA - Blog do Farn\u00e9sio<\/title>\n<meta name=\"robots\" content=\"index, follow, max-snippet:-1, max-image-preview:large, max-video-preview:-1\" \/>\n<link rel=\"canonical\" href=\"https:\/\/blogdofarnesio.com.br\/?p=111629\" \/>\n<meta property=\"og:locale\" content=\"pt_BR\" \/>\n<meta property=\"og:type\" content=\"article\" \/>\n<meta property=\"og:title\" content=\"SERGIO MORO E PETROL\u00c3O S\u00c3O ELEITOS PERSONALIDADE E FATO DO ANO NA ENQUETE DA VEJA - Blog do Farn\u00e9sio\" \/>\n<meta property=\"og:description\" content=\"O juiz federal de Curitiba Sergio Moro, respons\u00e1vel pela Opera\u00e7\u00e3o Lava Jato\u00a0(Ricardo Borges\/Folhapress) O ano de 2014 ficar\u00e1 marcado como aquele em que o Brasil foi apresentado ao petrol\u00e3o, maior esc\u00e2ndalo de corrup\u00e7\u00e3o hist\u00f3ria da Rep\u00fablica. N\u00e3o \u00e0 toa, o esquema \u2013 armado durante os governos do PT com o objetivo de financiar campanhas pol\u00edticas e, de quebra, enriquecer bandidos do colarinho-branco \u2013 foi apontado como o acontecimento mais marcante do ano em\u00a0enquete especial promovida por VEJA.com em parceria com o Twitter. J\u00e1 o juiz federal S\u00e9rgio Moro, o homem por tr\u00e1s de cada decis\u00e3o que levou\u00a0empres\u00e1rios de sucesso\u00a0para a cadeia na esteira do esc\u00e2ndalo, foi eleito Personalidade do Ano. A vota\u00e7\u00e3o\u00a0foi\u00a0aberta em 11 de dezembro\u00a0e encerrada na noite desta&hellip;\" \/>\n<meta property=\"og:url\" content=\"https:\/\/blogdofarnesio.com.br\/?p=111629\" \/>\n<meta property=\"og:site_name\" content=\"Blog do Farn\u00e9sio\" \/>\n<meta property=\"article:publisher\" content=\"https:\/\/www.facebook.com\/BlogQuerSaberPolitica\/\" \/>\n<meta property=\"article:published_time\" content=\"2014-12-28T20:10:05+00:00\" \/>\n<meta property=\"og:image\" content=\"http:\/\/veja1.abrilm.com.br\/assets\/images\/2014\/12\/252007\/brasil-juiz-sergio-moro-baixa-20141205-002-size-598.jpeg?1417815161\" \/>\n<meta name=\"author\" content=\"teste\" \/>\n<meta name=\"twitter:card\" content=\"summary_large_image\" \/>\n<meta name=\"twitter:label1\" content=\"Escrito por\" \/>\n\t<meta name=\"twitter:data1\" content=\"teste\" \/>\n\t<meta name=\"twitter:label2\" content=\"Est. tempo de leitura\" \/>\n\t<meta name=\"twitter:data2\" content=\"5 minutos\" \/>\n<script type=\"application\/ld+json\" class=\"yoast-schema-graph\">{\"@context\":\"https:\\\/\\\/schema.org\",\"@graph\":[{\"@type\":\"Article\",\"@id\":\"https:\\\/\\\/blogdofarnesio.com.br\\\/?p=111629#article\",\"isPartOf\":{\"@id\":\"https:\\\/\\\/blogdofarnesio.com.br\\\/?p=111629\"},\"author\":{\"name\":\"teste\",\"@id\":\"https:\\\/\\\/blogdofarnesio.com.br\\\/#\\\/schema\\\/person\\\/dd1bf5eba40b687199ba45ca6b97dff9\"},\"headline\":\"SERGIO MORO E PETROL\u00c3O S\u00c3O ELEITOS PERSONALIDADE E FATO DO ANO NA ENQUETE DA VEJA\",\"datePublished\":\"2014-12-28T20:10:05+00:00\",\"mainEntityOfPage\":{\"@id\":\"https:\\\/\\\/blogdofarnesio.com.br\\\/?p=111629\"},\"wordCount\":984,\"commentCount\":0,\"publisher\":{\"@id\":\"https:\\\/\\\/blogdofarnesio.com.br\\\/#organization\"},\"image\":{\"@id\":\"https:\\\/\\\/blogdofarnesio.com.br\\\/?p=111629#primaryimage\"},\"thumbnailUrl\":\"http:\\\/\\\/veja1.abrilm.com.br\\\/assets\\\/images\\\/2014\\\/12\\\/252007\\\/brasil-juiz-sergio-moro-baixa-20141205-002-size-598.jpeg?1417815161\",\"articleSection\":[\"Pesquisa\"],\"inLanguage\":\"pt-BR\",\"potentialAction\":[{\"@type\":\"CommentAction\",\"name\":\"Comment\",\"target\":[\"https:\\\/\\\/blogdofarnesio.com.br\\\/?p=111629#respond\"]}]},{\"@type\":\"WebPage\",\"@id\":\"https:\\\/\\\/blogdofarnesio.com.br\\\/?p=111629\",\"url\":\"https:\\\/\\\/blogdofarnesio.com.br\\\/?p=111629\",\"name\":\"SERGIO MORO E PETROL\u00c3O S\u00c3O ELEITOS PERSONALIDADE E FATO DO ANO NA ENQUETE DA VEJA - Blog do Farn\u00e9sio\",\"isPartOf\":{\"@id\":\"https:\\\/\\\/blogdofarnesio.com.br\\\/#website\"},\"primaryImageOfPage\":{\"@id\":\"https:\\\/\\\/blogdofarnesio.com.br\\\/?p=111629#primaryimage\"},\"image\":{\"@id\":\"https:\\\/\\\/blogdofarnesio.com.br\\\/?p=111629#primaryimage\"},\"thumbnailUrl\":\"http:\\\/\\\/veja1.abrilm.com.br\\\/assets\\\/images\\\/2014\\\/12\\\/252007\\\/brasil-juiz-sergio-moro-baixa-20141205-002-size-598.jpeg?1417815161\",\"datePublished\":\"2014-12-28T20:10:05+00:00\",\"breadcrumb\":{\"@id\":\"https:\\\/\\\/blogdofarnesio.com.br\\\/?p=111629#breadcrumb\"},\"inLanguage\":\"pt-BR\",\"potentialAction\":[{\"@type\":\"ReadAction\",\"target\":[\"https:\\\/\\\/blogdofarnesio.com.br\\\/?p=111629\"]}]},{\"@type\":\"ImageObject\",\"inLanguage\":\"pt-BR\",\"@id\":\"https:\\\/\\\/blogdofarnesio.com.br\\\/?p=111629#primaryimage\",\"url\":\"http:\\\/\\\/veja1.abrilm.com.br\\\/assets\\\/images\\\/2014\\\/12\\\/252007\\\/brasil-juiz-sergio-moro-baixa-20141205-002-size-598.jpeg?1417815161\",\"contentUrl\":\"http:\\\/\\\/veja1.abrilm.com.br\\\/assets\\\/images\\\/2014\\\/12\\\/252007\\\/brasil-juiz-sergio-moro-baixa-20141205-002-size-598.jpeg?1417815161\"},{\"@type\":\"BreadcrumbList\",\"@id\":\"https:\\\/\\\/blogdofarnesio.com.br\\\/?p=111629#breadcrumb\",\"itemListElement\":[{\"@type\":\"ListItem\",\"position\":1,\"name\":\"In\u00edcio\",\"item\":\"https:\\\/\\\/blogdofarnesio.com.br\\\/\"},{\"@type\":\"ListItem\",\"position\":2,\"name\":\"SERGIO MORO E PETROL\u00c3O S\u00c3O ELEITOS PERSONALIDADE E FATO DO ANO NA ENQUETE DA VEJA\"}]},{\"@type\":\"WebSite\",\"@id\":\"https:\\\/\\\/blogdofarnesio.com.br\\\/#website\",\"url\":\"https:\\\/\\\/blogdofarnesio.com.br\\\/\",\"name\":\"Blog do Farn\u00e9sio\",\"description\":\"Quer Saber Pol\u00edtica?\",\"publisher\":{\"@id\":\"https:\\\/\\\/blogdofarnesio.com.br\\\/#organization\"},\"potentialAction\":[{\"@type\":\"SearchAction\",\"target\":{\"@type\":\"EntryPoint\",\"urlTemplate\":\"https:\\\/\\\/blogdofarnesio.com.br\\\/?s={search_term_string}\"},\"query-input\":{\"@type\":\"PropertyValueSpecification\",\"valueRequired\":true,\"valueName\":\"search_term_string\"}}],\"inLanguage\":\"pt-BR\"},{\"@type\":\"Organization\",\"@id\":\"https:\\\/\\\/blogdofarnesio.com.br\\\/#organization\",\"name\":\"Blog do Farn\u00e9sio\",\"url\":\"https:\\\/\\\/blogdofarnesio.com.br\\\/\",\"logo\":{\"@type\":\"ImageObject\",\"inLanguage\":\"pt-BR\",\"@id\":\"https:\\\/\\\/blogdofarnesio.com.br\\\/#\\\/schema\\\/logo\\\/image\\\/\",\"url\":\"https:\\\/\\\/blogdofarnesio.com.br\\\/wp-content\\\/uploads\\\/2026\\\/03\\\/cropped-logo_new-1.png\",\"contentUrl\":\"https:\\\/\\\/blogdofarnesio.com.br\\\/wp-content\\\/uploads\\\/2026\\\/03\\\/cropped-logo_new-1.png\",\"width\":881,\"height\":685,\"caption\":\"Blog do Farn\u00e9sio\"},\"image\":{\"@id\":\"https:\\\/\\\/blogdofarnesio.com.br\\\/#\\\/schema\\\/logo\\\/image\\\/\"},\"sameAs\":[\"https:\\\/\\\/www.facebook.com\\\/BlogQuerSaberPolitica\\\/\"]},{\"@type\":\"Person\",\"@id\":\"https:\\\/\\\/blogdofarnesio.com.br\\\/#\\\/schema\\\/person\\\/dd1bf5eba40b687199ba45ca6b97dff9\",\"name\":\"teste\",\"image\":{\"@type\":\"ImageObject\",\"inLanguage\":\"pt-BR\",\"@id\":\"https:\\\/\\\/secure.gravatar.com\\\/avatar\\\/2172498d4914b51e1d89a0f97957b035ac4938723a5cac208135d389b6972a6d?s=96&d=mm&r=g\",\"url\":\"https:\\\/\\\/secure.gravatar.com\\\/avatar\\\/2172498d4914b51e1d89a0f97957b035ac4938723a5cac208135d389b6972a6d?s=96&d=mm&r=g\",\"contentUrl\":\"https:\\\/\\\/secure.gravatar.com\\\/avatar\\\/2172498d4914b51e1d89a0f97957b035ac4938723a5cac208135d389b6972a6d?s=96&d=mm&r=g\",\"caption\":\"teste\"},\"url\":\"https:\\\/\\\/blogdofarnesio.com.br\\\/?author=3\"}]}<\/script>\n<!-- \/ Yoast SEO plugin. -->","yoast_head_json":{"title":"SERGIO MORO E PETROL\u00c3O S\u00c3O ELEITOS PERSONALIDADE E FATO DO ANO NA ENQUETE DA VEJA - Blog do Farn\u00e9sio","robots":{"index":"index","follow":"follow","max-snippet":"max-snippet:-1","max-image-preview":"max-image-preview:large","max-video-preview":"max-video-preview:-1"},"canonical":"https:\/\/blogdofarnesio.com.br\/?p=111629","og_locale":"pt_BR","og_type":"article","og_title":"SERGIO MORO E PETROL\u00c3O S\u00c3O ELEITOS PERSONALIDADE E FATO DO ANO NA ENQUETE DA VEJA - Blog do Farn\u00e9sio","og_description":"O juiz federal de Curitiba Sergio Moro, respons\u00e1vel pela Opera\u00e7\u00e3o Lava Jato\u00a0(Ricardo Borges\/Folhapress) O ano de 2014 ficar\u00e1 marcado como aquele em que o Brasil foi apresentado ao petrol\u00e3o, maior esc\u00e2ndalo de corrup\u00e7\u00e3o hist\u00f3ria da Rep\u00fablica. N\u00e3o \u00e0 toa, o esquema \u2013 armado durante os governos do PT com o objetivo de financiar campanhas pol\u00edticas e, de quebra, enriquecer bandidos do colarinho-branco \u2013 foi apontado como o acontecimento mais marcante do ano em\u00a0enquete especial promovida por VEJA.com em parceria com o Twitter. J\u00e1 o juiz federal S\u00e9rgio Moro, o homem por tr\u00e1s de cada decis\u00e3o que levou\u00a0empres\u00e1rios de sucesso\u00a0para a cadeia na esteira do esc\u00e2ndalo, foi eleito Personalidade do Ano. A vota\u00e7\u00e3o\u00a0foi\u00a0aberta em 11 de dezembro\u00a0e encerrada na noite desta&hellip;","og_url":"https:\/\/blogdofarnesio.com.br\/?p=111629","og_site_name":"Blog do Farn\u00e9sio","article_publisher":"https:\/\/www.facebook.com\/BlogQuerSaberPolitica\/","article_published_time":"2014-12-28T20:10:05+00:00","og_image":[{"url":"http:\/\/veja1.abrilm.com.br\/assets\/images\/2014\/12\/252007\/brasil-juiz-sergio-moro-baixa-20141205-002-size-598.jpeg?1417815161","type":"","width":"","height":""}],"author":"teste","twitter_card":"summary_large_image","twitter_misc":{"Escrito por":"teste","Est. tempo de leitura":"5 minutos"},"schema":{"@context":"https:\/\/schema.org","@graph":[{"@type":"Article","@id":"https:\/\/blogdofarnesio.com.br\/?p=111629#article","isPartOf":{"@id":"https:\/\/blogdofarnesio.com.br\/?p=111629"},"author":{"name":"teste","@id":"https:\/\/blogdofarnesio.com.br\/#\/schema\/person\/dd1bf5eba40b687199ba45ca6b97dff9"},"headline":"SERGIO MORO E PETROL\u00c3O S\u00c3O ELEITOS PERSONALIDADE E FATO DO ANO NA ENQUETE DA VEJA","datePublished":"2014-12-28T20:10:05+00:00","mainEntityOfPage":{"@id":"https:\/\/blogdofarnesio.com.br\/?p=111629"},"wordCount":984,"commentCount":0,"publisher":{"@id":"https:\/\/blogdofarnesio.com.br\/#organization"},"image":{"@id":"https:\/\/blogdofarnesio.com.br\/?p=111629#primaryimage"},"thumbnailUrl":"http:\/\/veja1.abrilm.com.br\/assets\/images\/2014\/12\/252007\/brasil-juiz-sergio-moro-baixa-20141205-002-size-598.jpeg?1417815161","articleSection":["Pesquisa"],"inLanguage":"pt-BR","potentialAction":[{"@type":"CommentAction","name":"Comment","target":["https:\/\/blogdofarnesio.com.br\/?p=111629#respond"]}]},{"@type":"WebPage","@id":"https:\/\/blogdofarnesio.com.br\/?p=111629","url":"https:\/\/blogdofarnesio.com.br\/?p=111629","name":"SERGIO MORO E PETROL\u00c3O S\u00c3O ELEITOS PERSONALIDADE E FATO DO ANO NA ENQUETE DA VEJA - Blog do Farn\u00e9sio","isPartOf":{"@id":"https:\/\/blogdofarnesio.com.br\/#website"},"primaryImageOfPage":{"@id":"https:\/\/blogdofarnesio.com.br\/?p=111629#primaryimage"},"image":{"@id":"https:\/\/blogdofarnesio.com.br\/?p=111629#primaryimage"},"thumbnailUrl":"http:\/\/veja1.abrilm.com.br\/assets\/images\/2014\/12\/252007\/brasil-juiz-sergio-moro-baixa-20141205-002-size-598.jpeg?1417815161","datePublished":"2014-12-28T20:10:05+00:00","breadcrumb":{"@id":"https:\/\/blogdofarnesio.com.br\/?p=111629#breadcrumb"},"inLanguage":"pt-BR","potentialAction":[{"@type":"ReadAction","target":["https:\/\/blogdofarnesio.com.br\/?p=111629"]}]},{"@type":"ImageObject","inLanguage":"pt-BR","@id":"https:\/\/blogdofarnesio.com.br\/?p=111629#primaryimage","url":"http:\/\/veja1.abrilm.com.br\/assets\/images\/2014\/12\/252007\/brasil-juiz-sergio-moro-baixa-20141205-002-size-598.jpeg?1417815161","contentUrl":"http:\/\/veja1.abrilm.com.br\/assets\/images\/2014\/12\/252007\/brasil-juiz-sergio-moro-baixa-20141205-002-size-598.jpeg?1417815161"},{"@type":"BreadcrumbList","@id":"https:\/\/blogdofarnesio.com.br\/?p=111629#breadcrumb","itemListElement":[{"@type":"ListItem","position":1,"name":"In\u00edcio","item":"https:\/\/blogdofarnesio.com.br\/"},{"@type":"ListItem","position":2,"name":"SERGIO MORO E PETROL\u00c3O S\u00c3O ELEITOS PERSONALIDADE E FATO DO ANO NA ENQUETE DA VEJA"}]},{"@type":"WebSite","@id":"https:\/\/blogdofarnesio.com.br\/#website","url":"https:\/\/blogdofarnesio.com.br\/","name":"Blog do Farn\u00e9sio","description":"Quer Saber Pol\u00edtica?","publisher":{"@id":"https:\/\/blogdofarnesio.com.br\/#organization"},"potentialAction":[{"@type":"SearchAction","target":{"@type":"EntryPoint","urlTemplate":"https:\/\/blogdofarnesio.com.br\/?s={search_term_string}"},"query-input":{"@type":"PropertyValueSpecification","valueRequired":true,"valueName":"search_term_string"}}],"inLanguage":"pt-BR"},{"@type":"Organization","@id":"https:\/\/blogdofarnesio.com.br\/#organization","name":"Blog do Farn\u00e9sio","url":"https:\/\/blogdofarnesio.com.br\/","logo":{"@type":"ImageObject","inLanguage":"pt-BR","@id":"https:\/\/blogdofarnesio.com.br\/#\/schema\/logo\/image\/","url":"https:\/\/blogdofarnesio.com.br\/wp-content\/uploads\/2026\/03\/cropped-logo_new-1.png","contentUrl":"https:\/\/blogdofarnesio.com.br\/wp-content\/uploads\/2026\/03\/cropped-logo_new-1.png","width":881,"height":685,"caption":"Blog do Farn\u00e9sio"},"image":{"@id":"https:\/\/blogdofarnesio.com.br\/#\/schema\/logo\/image\/"},"sameAs":["https:\/\/www.facebook.com\/BlogQuerSaberPolitica\/"]},{"@type":"Person","@id":"https:\/\/blogdofarnesio.com.br\/#\/schema\/person\/dd1bf5eba40b687199ba45ca6b97dff9","name":"teste","image":{"@type":"ImageObject","inLanguage":"pt-BR","@id":"https:\/\/secure.gravatar.com\/avatar\/2172498d4914b51e1d89a0f97957b035ac4938723a5cac208135d389b6972a6d?s=96&d=mm&r=g","url":"https:\/\/secure.gravatar.com\/avatar\/2172498d4914b51e1d89a0f97957b035ac4938723a5cac208135d389b6972a6d?s=96&d=mm&r=g","contentUrl":"https:\/\/secure.gravatar.com\/avatar\/2172498d4914b51e1d89a0f97957b035ac4938723a5cac208135d389b6972a6d?s=96&d=mm&r=g","caption":"teste"},"url":"https:\/\/blogdofarnesio.com.br\/?author=3"}]}},"_links":{"self":[{"href":"https:\/\/blogdofarnesio.com.br\/index.php?rest_route=\/wp\/v2\/posts\/111629","targetHints":{"allow":["GET"]}}],"collection":[{"href":"https:\/\/blogdofarnesio.com.br\/index.php?rest_route=\/wp\/v2\/posts"}],"about":[{"href":"https:\/\/blogdofarnesio.com.br\/index.php?rest_route=\/wp\/v2\/types\/post"}],"author":[{"embeddable":true,"href":"https:\/\/blogdofarnesio.com.br\/index.php?rest_route=\/wp\/v2\/users\/3"}],"replies":[{"embeddable":true,"href":"https:\/\/blogdofarnesio.com.br\/index.php?rest_route=%2Fwp%2Fv2%2Fcomments&post=111629"}],"version-history":[{"count":0,"href":"https:\/\/blogdofarnesio.com.br\/index.php?rest_route=\/wp\/v2\/posts\/111629\/revisions"}],"wp:attachment":[{"href":"https:\/\/blogdofarnesio.com.br\/index.php?rest_route=%2Fwp%2Fv2%2Fmedia&parent=111629"}],"wp:term":[{"taxonomy":"category","embeddable":true,"href":"https:\/\/blogdofarnesio.com.br\/index.php?rest_route=%2Fwp%2Fv2%2Fcategories&post=111629"},{"taxonomy":"post_tag","embeddable":true,"href":"https:\/\/blogdofarnesio.com.br\/index.php?rest_route=%2Fwp%2Fv2%2Ftags&post=111629"}],"curies":[{"name":"wp","href":"https:\/\/api.w.org\/{rel}","templated":true}]}}