{"id":111615,"date":"2014-12-28T16:00:23","date_gmt":"2014-12-28T19:00:23","guid":{"rendered":"http:\/\/www.quersaberpolitica.com.br\/?p=111615"},"modified":"2014-12-28T16:00:23","modified_gmt":"2014-12-28T19:00:23","slug":"ex-executiva-do-banco-santander-acusa-o-pt-e-lula-de-exigirem-sua-demissao-apos-carta-contra-dilma","status":"publish","type":"post","link":"https:\/\/blogdofarnesio.com.br\/?p=111615","title":{"rendered":"EX-EXECUTIVA DO BANCO SANTANDER ACUSA O PT E LULA DE EXIGIREM SUA DEMISS\u00c3O AP\u00d3S CARTA CONTRA DILMA"},"content":{"rendered":"<div style=\"text-align: justify\"><img loading=\"lazy\" decoding=\"async\" class=\"aligncenter\" alt=\"\" src=\"http:\/\/www.politicalivre.com.br\/wp-content\/thumbgen_cache\/f299fce7112fc03f895c1ed178d5e948.png\" width=\"472\" height=\"256\" \/>Uma ex-superintendente do Banco Santander \u00a0entrou com uma a\u00e7\u00e3o na Justi\u00e7a do Trabalho em que acusa o PT e o ex-presidente Luiz In\u00e1cio Lula da Silva de \u201cexigirem\u201d sua demiss\u00e3o. Segundo o Estado de S. Paulo, Sinara Polycarpo Figueiredo\u00a0<span style=\"color: #333333;font-style: normal;line-height: 24.375px\">(foto),<\/span>\u00a0atuava na Superintend\u00eancia de Consultoria de Investimentos Select (clientes de alta renda) da empresa e foi desligada em julho, ap\u00f3s uma\u00a0<a href=\"http:\/\/www.bahianoticias.com.br\/noticia\/158025-presidente-do-santander-afirma-que-responsavel-por-carta-anti-dilma-foi-demitido.html\" target=\"_blank\"><strong>carta do banco sugerir aos clientes que a reelei\u00e7\u00e3o da presidente Dilma Rousseff poderia causar \u201criscos\u201d \u00e0 economia nacional<\/strong><\/a>.<\/div>\n<div style=\"text-align: justify\"><\/div>\n<div style=\"text-align: justify\">No processo, contudo, a executiva defende que n\u00e3o tinha conhecimento da mensagem, que n\u00e3o foi submetida \u00e0 sua revis\u00e3o, sendo encaminhado por uma analista financeira &#8220;diretamente ao Departamento de Marketing, que providenciou a remessa aos clientes&#8221;. A ex-funcion\u00e1ria pede a nulidade da rescis\u00e3o contratual, sua recontrata\u00e7\u00e3o no cargo com as vantagens e benef\u00edcios, e uma indeniza\u00e7\u00e3o por danos materiais e morais estimada em 200 vezes o sal\u00e1rio que ela recebia na \u00e9poca da pol\u00eamica \u2013 que girava em torno de R$ 40 mil.<!--more--><\/div>\n<p><img decoding=\"async\" class=\"aligncenter\" title=\"Executiva acusa PT e Lula de \u2018exigirem\u2019 sua demiss\u00e3o ap\u00f3s carta contra Dilma\" alt=\"Executiva acusa PT e Lula de \u2018exigirem\u2019 sua demiss\u00e3o ap\u00f3s carta contra Dilma\" src=\"http:\/\/www.bahianoticias.com.br\/fotos\/principal_noticias\/165120\/xIMAGEM_NOTICIA_5.jpg.pagespeed.ic.w8eEosiOAb.jpg\" \/><\/p>\n<div style=\"text-align: justify\">Sinara alega que &#8220;o PT, atrav\u00e9s de seus m\u00e1ximos dirigentes, inclusive o ex-presidente Luiz In\u00e1cio Lula da Silva,<a href=\"http:\/\/www.bahianoticias.com.br\/noticia\/157995-lula-diz-que-executiva-do-santander-nao-entende-039-porra-nenhuma-de-brasil-039.html\" target=\"_blank\"><strong>\u00a0exigiu em manifesta\u00e7\u00f5es p\u00fablicas<\/strong><\/a>, em entrevistas para toda imprensa do pa\u00eds, a demiss\u00e3o de empregados do Santander&#8221;.<\/div>\n<div style=\"text-align: justify\"><\/div>\n<div style=\"text-align: justify\">No texto remetido \u00e0 Justi\u00e7a, os advogados Rubens Tavares Aidar e Paulo Alves Esteves afirmam que \u201chouve imediata subservi\u00eancia do banco \u00e0s for\u00e7as pol\u00edticas, ao clamor pol\u00edtico partid\u00e1rio&#8221;, e que o banco &#8220;cedeu o poder de comando do empregador ao PT, de modo t\u00e3o servil que o pr\u00f3prio presidente do partido foi o arauto para a imprensa de que os empregados do setor seriam demitidos&#8221;.<\/div>\n<div style=\"text-align: justify\"><\/div>\n<div style=\"text-align: justify\">O Santander informou que n\u00e3o se manifesta em casos sob exame da Justi\u00e7a. O PT afirmou que n\u00e3o vai se pronunciar sobre o assunto.<\/div>\n","protected":false},"excerpt":{"rendered":"<p>Uma ex-superintendente do Banco Santander \u00a0entrou com uma a\u00e7\u00e3o na Justi\u00e7a do Trabalho em que acusa o PT e o ex-presidente Luiz In\u00e1cio Lula da Silva de \u201cexigirem\u201d sua demiss\u00e3o. Segundo o Estado de S. Paulo, Sinara Polycarpo Figueiredo\u00a0(foto),\u00a0atuava na Superintend\u00eancia de Consultoria de Investimentos Select (clientes de alta renda) da empresa e foi desligada em julho, ap\u00f3s uma\u00a0carta do banco sugerir aos clientes que a reelei\u00e7\u00e3o da presidente Dilma Rousseff poderia causar \u201criscos\u201d \u00e0 economia nacional. No processo, contudo, a executiva defende que n\u00e3o tinha conhecimento da mensagem, que n\u00e3o foi submetida \u00e0 sua revis\u00e3o, sendo encaminhado por uma analista financeira &#8220;diretamente ao Departamento de Marketing, que providenciou a remessa aos clientes&#8221;. A ex-funcion\u00e1ria pede a nulidade da rescis\u00e3o&hellip; <\/p>\n","protected":false},"author":3,"featured_media":0,"comment_status":"open","ping_status":"open","sticky":false,"template":"","format":"standard","meta":{"_acf_changed":false,"footnotes":""},"categories":[1],"tags":[],"class_list":["post-111615","post","type-post","status-publish","format-standard","hentry","category-politica"],"acf":[],"yoast_head":"<!-- This site is optimized with the Yoast SEO plugin v27.4 - https:\/\/yoast.com\/product\/yoast-seo-wordpress\/ -->\n<title>EX-EXECUTIVA DO BANCO SANTANDER ACUSA O PT E LULA DE EXIGIREM SUA DEMISS\u00c3O AP\u00d3S CARTA CONTRA DILMA - Blog do Farn\u00e9sio<\/title>\n<meta name=\"robots\" content=\"index, follow, max-snippet:-1, max-image-preview:large, max-video-preview:-1\" \/>\n<link rel=\"canonical\" href=\"https:\/\/blogdofarnesio.com.br\/?p=111615\" \/>\n<meta property=\"og:locale\" content=\"pt_BR\" \/>\n<meta property=\"og:type\" content=\"article\" \/>\n<meta property=\"og:title\" content=\"EX-EXECUTIVA DO BANCO SANTANDER ACUSA O PT E LULA DE EXIGIREM SUA DEMISS\u00c3O AP\u00d3S CARTA CONTRA DILMA - Blog do Farn\u00e9sio\" \/>\n<meta property=\"og:description\" content=\"Uma ex-superintendente do Banco Santander \u00a0entrou com uma a\u00e7\u00e3o na Justi\u00e7a do Trabalho em que acusa o PT e o ex-presidente Luiz In\u00e1cio Lula da Silva de \u201cexigirem\u201d sua demiss\u00e3o. Segundo o Estado de S. Paulo, Sinara Polycarpo Figueiredo\u00a0(foto),\u00a0atuava na Superintend\u00eancia de Consultoria de Investimentos Select (clientes de alta renda) da empresa e foi desligada em julho, ap\u00f3s uma\u00a0carta do banco sugerir aos clientes que a reelei\u00e7\u00e3o da presidente Dilma Rousseff poderia causar \u201criscos\u201d \u00e0 economia nacional. No processo, contudo, a executiva defende que n\u00e3o tinha conhecimento da mensagem, que n\u00e3o foi submetida \u00e0 sua revis\u00e3o, sendo encaminhado por uma analista financeira &#8220;diretamente ao Departamento de Marketing, que providenciou a remessa aos clientes&#8221;. A ex-funcion\u00e1ria pede a nulidade da rescis\u00e3o&hellip;\" \/>\n<meta property=\"og:url\" content=\"https:\/\/blogdofarnesio.com.br\/?p=111615\" \/>\n<meta property=\"og:site_name\" content=\"Blog do Farn\u00e9sio\" \/>\n<meta property=\"article:publisher\" content=\"https:\/\/www.facebook.com\/BlogQuerSaberPolitica\/\" \/>\n<meta property=\"article:published_time\" content=\"2014-12-28T19:00:23+00:00\" \/>\n<meta property=\"og:image\" content=\"http:\/\/www.politicalivre.com.br\/wp-content\/thumbgen_cache\/f299fce7112fc03f895c1ed178d5e948.png\" \/>\n<meta name=\"author\" content=\"teste\" \/>\n<meta name=\"twitter:card\" content=\"summary_large_image\" \/>\n<meta name=\"twitter:label1\" content=\"Escrito por\" \/>\n\t<meta name=\"twitter:data1\" content=\"teste\" \/>\n\t<meta name=\"twitter:label2\" content=\"Est. tempo de leitura\" \/>\n\t<meta name=\"twitter:data2\" content=\"2 minutos\" \/>\n<script type=\"application\/ld+json\" class=\"yoast-schema-graph\">{\"@context\":\"https:\\\/\\\/schema.org\",\"@graph\":[{\"@type\":\"Article\",\"@id\":\"https:\\\/\\\/blogdofarnesio.com.br\\\/?p=111615#article\",\"isPartOf\":{\"@id\":\"https:\\\/\\\/blogdofarnesio.com.br\\\/?p=111615\"},\"author\":{\"name\":\"teste\",\"@id\":\"https:\\\/\\\/blogdofarnesio.com.br\\\/#\\\/schema\\\/person\\\/dd1bf5eba40b687199ba45ca6b97dff9\"},\"headline\":\"EX-EXECUTIVA DO BANCO SANTANDER ACUSA O PT E LULA DE EXIGIREM SUA DEMISS\u00c3O AP\u00d3S CARTA CONTRA DILMA\",\"datePublished\":\"2014-12-28T19:00:23+00:00\",\"mainEntityOfPage\":{\"@id\":\"https:\\\/\\\/blogdofarnesio.com.br\\\/?p=111615\"},\"wordCount\":335,\"commentCount\":0,\"publisher\":{\"@id\":\"https:\\\/\\\/blogdofarnesio.com.br\\\/#organization\"},\"image\":{\"@id\":\"https:\\\/\\\/blogdofarnesio.com.br\\\/?p=111615#primaryimage\"},\"thumbnailUrl\":\"http:\\\/\\\/www.politicalivre.com.br\\\/wp-content\\\/thumbgen_cache\\\/f299fce7112fc03f895c1ed178d5e948.png\",\"articleSection\":[\"Pol\u00edtica\"],\"inLanguage\":\"pt-BR\",\"potentialAction\":[{\"@type\":\"CommentAction\",\"name\":\"Comment\",\"target\":[\"https:\\\/\\\/blogdofarnesio.com.br\\\/?p=111615#respond\"]}]},{\"@type\":\"WebPage\",\"@id\":\"https:\\\/\\\/blogdofarnesio.com.br\\\/?p=111615\",\"url\":\"https:\\\/\\\/blogdofarnesio.com.br\\\/?p=111615\",\"name\":\"EX-EXECUTIVA DO BANCO SANTANDER ACUSA O PT E LULA DE EXIGIREM SUA DEMISS\u00c3O AP\u00d3S CARTA CONTRA DILMA - Blog do Farn\u00e9sio\",\"isPartOf\":{\"@id\":\"https:\\\/\\\/blogdofarnesio.com.br\\\/#website\"},\"primaryImageOfPage\":{\"@id\":\"https:\\\/\\\/blogdofarnesio.com.br\\\/?p=111615#primaryimage\"},\"image\":{\"@id\":\"https:\\\/\\\/blogdofarnesio.com.br\\\/?p=111615#primaryimage\"},\"thumbnailUrl\":\"http:\\\/\\\/www.politicalivre.com.br\\\/wp-content\\\/thumbgen_cache\\\/f299fce7112fc03f895c1ed178d5e948.png\",\"datePublished\":\"2014-12-28T19:00:23+00:00\",\"breadcrumb\":{\"@id\":\"https:\\\/\\\/blogdofarnesio.com.br\\\/?p=111615#breadcrumb\"},\"inLanguage\":\"pt-BR\",\"potentialAction\":[{\"@type\":\"ReadAction\",\"target\":[\"https:\\\/\\\/blogdofarnesio.com.br\\\/?p=111615\"]}]},{\"@type\":\"ImageObject\",\"inLanguage\":\"pt-BR\",\"@id\":\"https:\\\/\\\/blogdofarnesio.com.br\\\/?p=111615#primaryimage\",\"url\":\"http:\\\/\\\/www.politicalivre.com.br\\\/wp-content\\\/thumbgen_cache\\\/f299fce7112fc03f895c1ed178d5e948.png\",\"contentUrl\":\"http:\\\/\\\/www.politicalivre.com.br\\\/wp-content\\\/thumbgen_cache\\\/f299fce7112fc03f895c1ed178d5e948.png\"},{\"@type\":\"BreadcrumbList\",\"@id\":\"https:\\\/\\\/blogdofarnesio.com.br\\\/?p=111615#breadcrumb\",\"itemListElement\":[{\"@type\":\"ListItem\",\"position\":1,\"name\":\"In\u00edcio\",\"item\":\"https:\\\/\\\/blogdofarnesio.com.br\\\/\"},{\"@type\":\"ListItem\",\"position\":2,\"name\":\"EX-EXECUTIVA DO BANCO SANTANDER ACUSA O PT E LULA DE EXIGIREM SUA DEMISS\u00c3O AP\u00d3S CARTA CONTRA DILMA\"}]},{\"@type\":\"WebSite\",\"@id\":\"https:\\\/\\\/blogdofarnesio.com.br\\\/#website\",\"url\":\"https:\\\/\\\/blogdofarnesio.com.br\\\/\",\"name\":\"Blog do Farn\u00e9sio\",\"description\":\"Quer Saber Pol\u00edtica?\",\"publisher\":{\"@id\":\"https:\\\/\\\/blogdofarnesio.com.br\\\/#organization\"},\"potentialAction\":[{\"@type\":\"SearchAction\",\"target\":{\"@type\":\"EntryPoint\",\"urlTemplate\":\"https:\\\/\\\/blogdofarnesio.com.br\\\/?s={search_term_string}\"},\"query-input\":{\"@type\":\"PropertyValueSpecification\",\"valueRequired\":true,\"valueName\":\"search_term_string\"}}],\"inLanguage\":\"pt-BR\"},{\"@type\":\"Organization\",\"@id\":\"https:\\\/\\\/blogdofarnesio.com.br\\\/#organization\",\"name\":\"Blog do Farn\u00e9sio\",\"url\":\"https:\\\/\\\/blogdofarnesio.com.br\\\/\",\"logo\":{\"@type\":\"ImageObject\",\"inLanguage\":\"pt-BR\",\"@id\":\"https:\\\/\\\/blogdofarnesio.com.br\\\/#\\\/schema\\\/logo\\\/image\\\/\",\"url\":\"https:\\\/\\\/blogdofarnesio.com.br\\\/wp-content\\\/uploads\\\/2026\\\/03\\\/cropped-logo_new-1.png\",\"contentUrl\":\"https:\\\/\\\/blogdofarnesio.com.br\\\/wp-content\\\/uploads\\\/2026\\\/03\\\/cropped-logo_new-1.png\",\"width\":881,\"height\":685,\"caption\":\"Blog do Farn\u00e9sio\"},\"image\":{\"@id\":\"https:\\\/\\\/blogdofarnesio.com.br\\\/#\\\/schema\\\/logo\\\/image\\\/\"},\"sameAs\":[\"https:\\\/\\\/www.facebook.com\\\/BlogQuerSaberPolitica\\\/\"]},{\"@type\":\"Person\",\"@id\":\"https:\\\/\\\/blogdofarnesio.com.br\\\/#\\\/schema\\\/person\\\/dd1bf5eba40b687199ba45ca6b97dff9\",\"name\":\"teste\",\"image\":{\"@type\":\"ImageObject\",\"inLanguage\":\"pt-BR\",\"@id\":\"https:\\\/\\\/secure.gravatar.com\\\/avatar\\\/2172498d4914b51e1d89a0f97957b035ac4938723a5cac208135d389b6972a6d?s=96&d=mm&r=g\",\"url\":\"https:\\\/\\\/secure.gravatar.com\\\/avatar\\\/2172498d4914b51e1d89a0f97957b035ac4938723a5cac208135d389b6972a6d?s=96&d=mm&r=g\",\"contentUrl\":\"https:\\\/\\\/secure.gravatar.com\\\/avatar\\\/2172498d4914b51e1d89a0f97957b035ac4938723a5cac208135d389b6972a6d?s=96&d=mm&r=g\",\"caption\":\"teste\"},\"url\":\"https:\\\/\\\/blogdofarnesio.com.br\\\/?author=3\"}]}<\/script>\n<!-- \/ Yoast SEO plugin. -->","yoast_head_json":{"title":"EX-EXECUTIVA DO BANCO SANTANDER ACUSA O PT E LULA DE EXIGIREM SUA DEMISS\u00c3O AP\u00d3S CARTA CONTRA DILMA - Blog do Farn\u00e9sio","robots":{"index":"index","follow":"follow","max-snippet":"max-snippet:-1","max-image-preview":"max-image-preview:large","max-video-preview":"max-video-preview:-1"},"canonical":"https:\/\/blogdofarnesio.com.br\/?p=111615","og_locale":"pt_BR","og_type":"article","og_title":"EX-EXECUTIVA DO BANCO SANTANDER ACUSA O PT E LULA DE EXIGIREM SUA DEMISS\u00c3O AP\u00d3S CARTA CONTRA DILMA - Blog do Farn\u00e9sio","og_description":"Uma ex-superintendente do Banco Santander \u00a0entrou com uma a\u00e7\u00e3o na Justi\u00e7a do Trabalho em que acusa o PT e o ex-presidente Luiz In\u00e1cio Lula da Silva de \u201cexigirem\u201d sua demiss\u00e3o. Segundo o Estado de S. Paulo, Sinara Polycarpo Figueiredo\u00a0(foto),\u00a0atuava na Superintend\u00eancia de Consultoria de Investimentos Select (clientes de alta renda) da empresa e foi desligada em julho, ap\u00f3s uma\u00a0carta do banco sugerir aos clientes que a reelei\u00e7\u00e3o da presidente Dilma Rousseff poderia causar \u201criscos\u201d \u00e0 economia nacional. No processo, contudo, a executiva defende que n\u00e3o tinha conhecimento da mensagem, que n\u00e3o foi submetida \u00e0 sua revis\u00e3o, sendo encaminhado por uma analista financeira &#8220;diretamente ao Departamento de Marketing, que providenciou a remessa aos clientes&#8221;. A ex-funcion\u00e1ria pede a nulidade da rescis\u00e3o&hellip;","og_url":"https:\/\/blogdofarnesio.com.br\/?p=111615","og_site_name":"Blog do Farn\u00e9sio","article_publisher":"https:\/\/www.facebook.com\/BlogQuerSaberPolitica\/","article_published_time":"2014-12-28T19:00:23+00:00","og_image":[{"url":"http:\/\/www.politicalivre.com.br\/wp-content\/thumbgen_cache\/f299fce7112fc03f895c1ed178d5e948.png","type":"","width":"","height":""}],"author":"teste","twitter_card":"summary_large_image","twitter_misc":{"Escrito por":"teste","Est. tempo de leitura":"2 minutos"},"schema":{"@context":"https:\/\/schema.org","@graph":[{"@type":"Article","@id":"https:\/\/blogdofarnesio.com.br\/?p=111615#article","isPartOf":{"@id":"https:\/\/blogdofarnesio.com.br\/?p=111615"},"author":{"name":"teste","@id":"https:\/\/blogdofarnesio.com.br\/#\/schema\/person\/dd1bf5eba40b687199ba45ca6b97dff9"},"headline":"EX-EXECUTIVA DO BANCO SANTANDER ACUSA O PT E LULA DE EXIGIREM SUA DEMISS\u00c3O AP\u00d3S CARTA CONTRA DILMA","datePublished":"2014-12-28T19:00:23+00:00","mainEntityOfPage":{"@id":"https:\/\/blogdofarnesio.com.br\/?p=111615"},"wordCount":335,"commentCount":0,"publisher":{"@id":"https:\/\/blogdofarnesio.com.br\/#organization"},"image":{"@id":"https:\/\/blogdofarnesio.com.br\/?p=111615#primaryimage"},"thumbnailUrl":"http:\/\/www.politicalivre.com.br\/wp-content\/thumbgen_cache\/f299fce7112fc03f895c1ed178d5e948.png","articleSection":["Pol\u00edtica"],"inLanguage":"pt-BR","potentialAction":[{"@type":"CommentAction","name":"Comment","target":["https:\/\/blogdofarnesio.com.br\/?p=111615#respond"]}]},{"@type":"WebPage","@id":"https:\/\/blogdofarnesio.com.br\/?p=111615","url":"https:\/\/blogdofarnesio.com.br\/?p=111615","name":"EX-EXECUTIVA DO BANCO SANTANDER ACUSA O PT E LULA DE EXIGIREM SUA DEMISS\u00c3O AP\u00d3S CARTA CONTRA DILMA - Blog do Farn\u00e9sio","isPartOf":{"@id":"https:\/\/blogdofarnesio.com.br\/#website"},"primaryImageOfPage":{"@id":"https:\/\/blogdofarnesio.com.br\/?p=111615#primaryimage"},"image":{"@id":"https:\/\/blogdofarnesio.com.br\/?p=111615#primaryimage"},"thumbnailUrl":"http:\/\/www.politicalivre.com.br\/wp-content\/thumbgen_cache\/f299fce7112fc03f895c1ed178d5e948.png","datePublished":"2014-12-28T19:00:23+00:00","breadcrumb":{"@id":"https:\/\/blogdofarnesio.com.br\/?p=111615#breadcrumb"},"inLanguage":"pt-BR","potentialAction":[{"@type":"ReadAction","target":["https:\/\/blogdofarnesio.com.br\/?p=111615"]}]},{"@type":"ImageObject","inLanguage":"pt-BR","@id":"https:\/\/blogdofarnesio.com.br\/?p=111615#primaryimage","url":"http:\/\/www.politicalivre.com.br\/wp-content\/thumbgen_cache\/f299fce7112fc03f895c1ed178d5e948.png","contentUrl":"http:\/\/www.politicalivre.com.br\/wp-content\/thumbgen_cache\/f299fce7112fc03f895c1ed178d5e948.png"},{"@type":"BreadcrumbList","@id":"https:\/\/blogdofarnesio.com.br\/?p=111615#breadcrumb","itemListElement":[{"@type":"ListItem","position":1,"name":"In\u00edcio","item":"https:\/\/blogdofarnesio.com.br\/"},{"@type":"ListItem","position":2,"name":"EX-EXECUTIVA DO BANCO SANTANDER ACUSA O PT E LULA DE EXIGIREM SUA DEMISS\u00c3O AP\u00d3S CARTA CONTRA DILMA"}]},{"@type":"WebSite","@id":"https:\/\/blogdofarnesio.com.br\/#website","url":"https:\/\/blogdofarnesio.com.br\/","name":"Blog do Farn\u00e9sio","description":"Quer Saber Pol\u00edtica?","publisher":{"@id":"https:\/\/blogdofarnesio.com.br\/#organization"},"potentialAction":[{"@type":"SearchAction","target":{"@type":"EntryPoint","urlTemplate":"https:\/\/blogdofarnesio.com.br\/?s={search_term_string}"},"query-input":{"@type":"PropertyValueSpecification","valueRequired":true,"valueName":"search_term_string"}}],"inLanguage":"pt-BR"},{"@type":"Organization","@id":"https:\/\/blogdofarnesio.com.br\/#organization","name":"Blog do Farn\u00e9sio","url":"https:\/\/blogdofarnesio.com.br\/","logo":{"@type":"ImageObject","inLanguage":"pt-BR","@id":"https:\/\/blogdofarnesio.com.br\/#\/schema\/logo\/image\/","url":"https:\/\/blogdofarnesio.com.br\/wp-content\/uploads\/2026\/03\/cropped-logo_new-1.png","contentUrl":"https:\/\/blogdofarnesio.com.br\/wp-content\/uploads\/2026\/03\/cropped-logo_new-1.png","width":881,"height":685,"caption":"Blog do Farn\u00e9sio"},"image":{"@id":"https:\/\/blogdofarnesio.com.br\/#\/schema\/logo\/image\/"},"sameAs":["https:\/\/www.facebook.com\/BlogQuerSaberPolitica\/"]},{"@type":"Person","@id":"https:\/\/blogdofarnesio.com.br\/#\/schema\/person\/dd1bf5eba40b687199ba45ca6b97dff9","name":"teste","image":{"@type":"ImageObject","inLanguage":"pt-BR","@id":"https:\/\/secure.gravatar.com\/avatar\/2172498d4914b51e1d89a0f97957b035ac4938723a5cac208135d389b6972a6d?s=96&d=mm&r=g","url":"https:\/\/secure.gravatar.com\/avatar\/2172498d4914b51e1d89a0f97957b035ac4938723a5cac208135d389b6972a6d?s=96&d=mm&r=g","contentUrl":"https:\/\/secure.gravatar.com\/avatar\/2172498d4914b51e1d89a0f97957b035ac4938723a5cac208135d389b6972a6d?s=96&d=mm&r=g","caption":"teste"},"url":"https:\/\/blogdofarnesio.com.br\/?author=3"}]}},"_links":{"self":[{"href":"https:\/\/blogdofarnesio.com.br\/index.php?rest_route=\/wp\/v2\/posts\/111615","targetHints":{"allow":["GET"]}}],"collection":[{"href":"https:\/\/blogdofarnesio.com.br\/index.php?rest_route=\/wp\/v2\/posts"}],"about":[{"href":"https:\/\/blogdofarnesio.com.br\/index.php?rest_route=\/wp\/v2\/types\/post"}],"author":[{"embeddable":true,"href":"https:\/\/blogdofarnesio.com.br\/index.php?rest_route=\/wp\/v2\/users\/3"}],"replies":[{"embeddable":true,"href":"https:\/\/blogdofarnesio.com.br\/index.php?rest_route=%2Fwp%2Fv2%2Fcomments&post=111615"}],"version-history":[{"count":0,"href":"https:\/\/blogdofarnesio.com.br\/index.php?rest_route=\/wp\/v2\/posts\/111615\/revisions"}],"wp:attachment":[{"href":"https:\/\/blogdofarnesio.com.br\/index.php?rest_route=%2Fwp%2Fv2%2Fmedia&parent=111615"}],"wp:term":[{"taxonomy":"category","embeddable":true,"href":"https:\/\/blogdofarnesio.com.br\/index.php?rest_route=%2Fwp%2Fv2%2Fcategories&post=111615"},{"taxonomy":"post_tag","embeddable":true,"href":"https:\/\/blogdofarnesio.com.br\/index.php?rest_route=%2Fwp%2Fv2%2Ftags&post=111615"}],"curies":[{"name":"wp","href":"https:\/\/api.w.org\/{rel}","templated":true}]}}