{"id":111577,"date":"2014-12-28T12:00:40","date_gmt":"2014-12-28T15:00:40","guid":{"rendered":"http:\/\/www.quersaberpolitica.com.br\/?p=111577"},"modified":"2014-12-28T08:58:07","modified_gmt":"2014-12-28T11:58:07","slug":"rui-costa-que-alianca-exclusiva-dom-o-pdt","status":"publish","type":"post","link":"https:\/\/blogdofarnesio.com.br\/?p=111577","title":{"rendered":"RUI COSTA QUER ALIAN\u00c7A EXCLUSIVA COM O PDT"},"content":{"rendered":"<h1 style=\"text-align: justify\">Lilian Machado\/Tribuna da Bahia<\/h1>\n<div style=\"text-align: justify\">\n<p><a href=\"http:\/\/www.quersaberpolitica.com.br\/2016\/wp-content\/uploads\/2013\/11\/blogqsp.PDT_.jpg\"><img loading=\"lazy\" decoding=\"async\" class=\"alignleft size-full wp-image-65421\" alt=\"blogqsp.PDT\" src=\"http:\/\/www.quersaberpolitica.com.br\/2016\/wp-content\/uploads\/2013\/11\/blogqsp.PDT_.jpg\" width=\"240\" height=\"221\" \/><\/a>Embora tenha minimizado uma suposta pretens\u00e3o do PDT de formalizar alian\u00e7a com o prefeito da capital baiana, ACM Neto (DEM), durante o seu \u00faltimo encontro oficial com a imprensa, quando ficou marcado o final do an\u00fancio do seu secretariado, \u00e9 certo que o governador eleito Rui Costa (PT) n\u00e3o estaria satisfeito com as movimenta\u00e7\u00f5es dos companheiros.<\/p>\n<p>Neto j\u00e1 informou que os pedetistas devem compor o primeiro escal\u00e3o da sua gest\u00e3o com uma secretaria, o que confirma a negocia\u00e7\u00e3o. Atrav\u00e9s de interlocutores, Rui j\u00e1 teria alertado os aliados sobre o assunto.<\/p>\n<p>O deputado federal Josias Gomes (PT), definido como secret\u00e1rio de Rela\u00e7\u00f5es Institucionais do governo Rui, seria um dos portadores do futuro gestor estadual sobre a rela\u00e7\u00e3o a ser mantida com os partidos.<\/p>\n<p>Apesar de enfatizar a const\u00e2ncia do di\u00e1logo e a liga\u00e7\u00e3o do futuro e do atual governo com o PDT, o novo secret\u00e1rio sinalizou que a gest\u00e3o deseja ter um aliado fiel, sem bra\u00e7os com outras for\u00e7as pol\u00edticas.<\/p>\n<p>\u201cTemos interesse que o PDT continue nosso aliado exclusivo\u201d,<!--more--> disse Josias. Questionado sobre a forte possibilidade de a sigla integrar a coaliz\u00e3o de Neto, na Prefeitura, ele preferiu ponderar, levando em conta que a quest\u00e3o ainda n\u00e3o seria oficial: \u201cN\u00e3o podemos falar sobre hip\u00f3tese. O que fazemos \u00e9 torcer para que continuem conosco. Estamos conversando e temos um carinho pelos companheiros do PDT\u201d, afirmou.<\/p>\n<p>O presidente estadual do PDT, deputado federal F\u00e9lix Mendon\u00e7a, n\u00e3o demonstrou muita preocupa\u00e7\u00e3o com o assunto. Segundo ele, o recado de que Rui n\u00e3o aceitar\u00e1 a presen\u00e7a do partido tamb\u00e9m na Prefeitura de Salvador seria mais especula\u00e7\u00e3o.<\/p>\n<p>\u201cO que existe mais \u00e9 fofoca, algu\u00e9m plantando notas\u201d, disse, numa refer\u00eancia ao assunto que circulou em alguns sites nos \u00faltimos dias. No site Pol\u00edtica Livre foi publicado que \u201cRui teria dito a C\u00edcero Monteiro, seu futuro chefe de gabinete, que o PDT \u00e9 bem- vindo em seu governo, onde ter\u00e1 todo o espa\u00e7o para executar as pol\u00edticas que considerar adequadas ao Estado na \u00e1rea de Agricultura, mas que n\u00e3o pode aceitar que a legenda ajude o maior opositor do PT no Estado\u201d.<\/p>\n<p>Mas informado da declara\u00e7\u00e3o de Josias, o presidente pedetista frisou: \u201cTamb\u00e9m queria que o PT fosse aliado exclusivo do PDT. J\u00e1 pensou se fosse assim?\u201d, indagou, confirmando a possibilidade de o partido conversar com o munic\u00edpio.<\/p>\n<p>O l\u00edder pedetista citou a import\u00e2ncia da alian\u00e7a com o governo. \u201cGanhamos a elei\u00e7\u00e3o e estamos juntos\u201d. Ele tamb\u00e9m ponderou ao afirmar que ainda existe muito tempo pela frente. \u201cO que vai acontecer no futuro a Deus pertence\u201d, disse. O vereador do PDT, Odiosvaldo Vigas, que comanda a executiva municipal, j\u00e1 havia dito para a\u00a0<strong>Tribuna<\/strong>\u00a0que era preciso \u201cquebrar os paradigmas ideol\u00f3gicos de s\u00f3 ser esquerda, direita, ou centro-esquerda\u201d. Ou seja, sinal de que o PDT quer seguir em frente no plano de aliar-se ao Poder nos dois campos: municipal e estadual.<\/p>\n<p>O certo \u00e9 que a irm\u00e3 de F\u00e9lix, a ex-vereadora e ex-secret\u00e1ria estadual de Ci\u00eancia e Tecnologia (Secti), Andr\u00e9a Mendon\u00e7a, foi convidada para integrar alguma pasta na Prefeitura e estaria avaliando o convite, com tend\u00eancia em dizer sim.\u00a0ACM Neto n\u00e3o teria dito ainda qual a pasta a ser comandada, mas especula-se que seja a nova Secretaria de Desenvolvimento, Trabalho e Emprego (Sedes).<\/p>\n<p>No governo, o PDT indicou o nome da secret\u00e1ria de Agricultura Fernanda Mendon\u00e7a e de Nestor Duarte para a Administra\u00e7\u00e3o Penitenci\u00e1ria. Cogita-se tamb\u00e9m a perman\u00eancia de Alexandre Brust na presid\u00eancia da Companhia Brasileira de Pesquisa Mineral (CBPM).<\/p>\n<\/div>\n","protected":false},"excerpt":{"rendered":"<p>Lilian Machado\/Tribuna da Bahia Embora tenha minimizado uma suposta pretens\u00e3o do PDT de formalizar alian\u00e7a com o prefeito da capital baiana, ACM Neto (DEM), durante o seu \u00faltimo encontro oficial com a imprensa, quando ficou marcado o final do an\u00fancio do seu secretariado, \u00e9 certo que o governador eleito Rui Costa (PT) n\u00e3o estaria satisfeito com as movimenta\u00e7\u00f5es dos companheiros. Neto j\u00e1 informou que os pedetistas devem compor o primeiro escal\u00e3o da sua gest\u00e3o com uma secretaria, o que confirma a negocia\u00e7\u00e3o. Atrav\u00e9s de interlocutores, Rui j\u00e1 teria alertado os aliados sobre o assunto. O deputado federal Josias Gomes (PT), definido como secret\u00e1rio de Rela\u00e7\u00f5es Institucionais do governo Rui, seria um dos portadores do futuro gestor estadual sobre a rela\u00e7\u00e3o&hellip; <\/p>\n","protected":false},"author":3,"featured_media":0,"comment_status":"open","ping_status":"open","sticky":false,"template":"","format":"standard","meta":{"_acf_changed":false,"footnotes":""},"categories":[1],"tags":[],"class_list":["post-111577","post","type-post","status-publish","format-standard","hentry","category-politica"],"acf":[],"yoast_head":"<!-- This site is optimized with the Yoast SEO plugin v27.4 - https:\/\/yoast.com\/product\/yoast-seo-wordpress\/ -->\n<title>RUI COSTA QUER ALIAN\u00c7A EXCLUSIVA COM O PDT - Blog do Farn\u00e9sio<\/title>\n<meta name=\"robots\" content=\"index, follow, max-snippet:-1, max-image-preview:large, max-video-preview:-1\" \/>\n<link rel=\"canonical\" href=\"https:\/\/blogdofarnesio.com.br\/?p=111577\" \/>\n<meta property=\"og:locale\" content=\"pt_BR\" \/>\n<meta property=\"og:type\" content=\"article\" \/>\n<meta property=\"og:title\" content=\"RUI COSTA QUER ALIAN\u00c7A EXCLUSIVA COM O PDT - Blog do Farn\u00e9sio\" \/>\n<meta property=\"og:description\" content=\"Lilian Machado\/Tribuna da Bahia Embora tenha minimizado uma suposta pretens\u00e3o do PDT de formalizar alian\u00e7a com o prefeito da capital baiana, ACM Neto (DEM), durante o seu \u00faltimo encontro oficial com a imprensa, quando ficou marcado o final do an\u00fancio do seu secretariado, \u00e9 certo que o governador eleito Rui Costa (PT) n\u00e3o estaria satisfeito com as movimenta\u00e7\u00f5es dos companheiros. Neto j\u00e1 informou que os pedetistas devem compor o primeiro escal\u00e3o da sua gest\u00e3o com uma secretaria, o que confirma a negocia\u00e7\u00e3o. Atrav\u00e9s de interlocutores, Rui j\u00e1 teria alertado os aliados sobre o assunto. O deputado federal Josias Gomes (PT), definido como secret\u00e1rio de Rela\u00e7\u00f5es Institucionais do governo Rui, seria um dos portadores do futuro gestor estadual sobre a rela\u00e7\u00e3o&hellip;\" \/>\n<meta property=\"og:url\" content=\"https:\/\/blogdofarnesio.com.br\/?p=111577\" \/>\n<meta property=\"og:site_name\" content=\"Blog do Farn\u00e9sio\" \/>\n<meta property=\"article:publisher\" content=\"https:\/\/www.facebook.com\/BlogQuerSaberPolitica\/\" \/>\n<meta property=\"article:published_time\" content=\"2014-12-28T15:00:40+00:00\" \/>\n<meta property=\"og:image\" content=\"http:\/\/www.quersaberpolitica.com.br\/2016\/wp-content\/uploads\/2013\/11\/blogqsp.PDT_.jpg\" \/>\n<meta name=\"author\" content=\"teste\" \/>\n<meta name=\"twitter:card\" content=\"summary_large_image\" \/>\n<meta name=\"twitter:label1\" content=\"Escrito por\" \/>\n\t<meta name=\"twitter:data1\" content=\"teste\" \/>\n\t<meta name=\"twitter:label2\" content=\"Est. tempo de leitura\" \/>\n\t<meta name=\"twitter:data2\" content=\"3 minutos\" \/>\n<script type=\"application\/ld+json\" class=\"yoast-schema-graph\">{\"@context\":\"https:\\\/\\\/schema.org\",\"@graph\":[{\"@type\":\"Article\",\"@id\":\"https:\\\/\\\/blogdofarnesio.com.br\\\/?p=111577#article\",\"isPartOf\":{\"@id\":\"https:\\\/\\\/blogdofarnesio.com.br\\\/?p=111577\"},\"author\":{\"name\":\"teste\",\"@id\":\"https:\\\/\\\/blogdofarnesio.com.br\\\/#\\\/schema\\\/person\\\/dd1bf5eba40b687199ba45ca6b97dff9\"},\"headline\":\"RUI COSTA QUER ALIAN\u00c7A EXCLUSIVA COM O PDT\",\"datePublished\":\"2014-12-28T15:00:40+00:00\",\"mainEntityOfPage\":{\"@id\":\"https:\\\/\\\/blogdofarnesio.com.br\\\/?p=111577\"},\"wordCount\":644,\"commentCount\":0,\"publisher\":{\"@id\":\"https:\\\/\\\/blogdofarnesio.com.br\\\/#organization\"},\"image\":{\"@id\":\"https:\\\/\\\/blogdofarnesio.com.br\\\/?p=111577#primaryimage\"},\"thumbnailUrl\":\"http:\\\/\\\/www.quersaberpolitica.com.br\\\/2016\\\/wp-content\\\/uploads\\\/2013\\\/11\\\/blogqsp.PDT_.jpg\",\"articleSection\":[\"Pol\u00edtica\"],\"inLanguage\":\"pt-BR\",\"potentialAction\":[{\"@type\":\"CommentAction\",\"name\":\"Comment\",\"target\":[\"https:\\\/\\\/blogdofarnesio.com.br\\\/?p=111577#respond\"]}]},{\"@type\":\"WebPage\",\"@id\":\"https:\\\/\\\/blogdofarnesio.com.br\\\/?p=111577\",\"url\":\"https:\\\/\\\/blogdofarnesio.com.br\\\/?p=111577\",\"name\":\"RUI COSTA QUER ALIAN\u00c7A EXCLUSIVA COM O PDT - Blog do Farn\u00e9sio\",\"isPartOf\":{\"@id\":\"https:\\\/\\\/blogdofarnesio.com.br\\\/#website\"},\"primaryImageOfPage\":{\"@id\":\"https:\\\/\\\/blogdofarnesio.com.br\\\/?p=111577#primaryimage\"},\"image\":{\"@id\":\"https:\\\/\\\/blogdofarnesio.com.br\\\/?p=111577#primaryimage\"},\"thumbnailUrl\":\"http:\\\/\\\/www.quersaberpolitica.com.br\\\/2016\\\/wp-content\\\/uploads\\\/2013\\\/11\\\/blogqsp.PDT_.jpg\",\"datePublished\":\"2014-12-28T15:00:40+00:00\",\"breadcrumb\":{\"@id\":\"https:\\\/\\\/blogdofarnesio.com.br\\\/?p=111577#breadcrumb\"},\"inLanguage\":\"pt-BR\",\"potentialAction\":[{\"@type\":\"ReadAction\",\"target\":[\"https:\\\/\\\/blogdofarnesio.com.br\\\/?p=111577\"]}]},{\"@type\":\"ImageObject\",\"inLanguage\":\"pt-BR\",\"@id\":\"https:\\\/\\\/blogdofarnesio.com.br\\\/?p=111577#primaryimage\",\"url\":\"http:\\\/\\\/www.quersaberpolitica.com.br\\\/2016\\\/wp-content\\\/uploads\\\/2013\\\/11\\\/blogqsp.PDT_.jpg\",\"contentUrl\":\"http:\\\/\\\/www.quersaberpolitica.com.br\\\/2016\\\/wp-content\\\/uploads\\\/2013\\\/11\\\/blogqsp.PDT_.jpg\"},{\"@type\":\"BreadcrumbList\",\"@id\":\"https:\\\/\\\/blogdofarnesio.com.br\\\/?p=111577#breadcrumb\",\"itemListElement\":[{\"@type\":\"ListItem\",\"position\":1,\"name\":\"In\u00edcio\",\"item\":\"https:\\\/\\\/blogdofarnesio.com.br\\\/\"},{\"@type\":\"ListItem\",\"position\":2,\"name\":\"RUI COSTA QUER ALIAN\u00c7A EXCLUSIVA COM O PDT\"}]},{\"@type\":\"WebSite\",\"@id\":\"https:\\\/\\\/blogdofarnesio.com.br\\\/#website\",\"url\":\"https:\\\/\\\/blogdofarnesio.com.br\\\/\",\"name\":\"Blog do Farn\u00e9sio\",\"description\":\"Quer Saber Pol\u00edtica?\",\"publisher\":{\"@id\":\"https:\\\/\\\/blogdofarnesio.com.br\\\/#organization\"},\"potentialAction\":[{\"@type\":\"SearchAction\",\"target\":{\"@type\":\"EntryPoint\",\"urlTemplate\":\"https:\\\/\\\/blogdofarnesio.com.br\\\/?s={search_term_string}\"},\"query-input\":{\"@type\":\"PropertyValueSpecification\",\"valueRequired\":true,\"valueName\":\"search_term_string\"}}],\"inLanguage\":\"pt-BR\"},{\"@type\":\"Organization\",\"@id\":\"https:\\\/\\\/blogdofarnesio.com.br\\\/#organization\",\"name\":\"Blog do Farn\u00e9sio\",\"url\":\"https:\\\/\\\/blogdofarnesio.com.br\\\/\",\"logo\":{\"@type\":\"ImageObject\",\"inLanguage\":\"pt-BR\",\"@id\":\"https:\\\/\\\/blogdofarnesio.com.br\\\/#\\\/schema\\\/logo\\\/image\\\/\",\"url\":\"https:\\\/\\\/blogdofarnesio.com.br\\\/wp-content\\\/uploads\\\/2026\\\/03\\\/cropped-logo_new-1.png\",\"contentUrl\":\"https:\\\/\\\/blogdofarnesio.com.br\\\/wp-content\\\/uploads\\\/2026\\\/03\\\/cropped-logo_new-1.png\",\"width\":881,\"height\":685,\"caption\":\"Blog do Farn\u00e9sio\"},\"image\":{\"@id\":\"https:\\\/\\\/blogdofarnesio.com.br\\\/#\\\/schema\\\/logo\\\/image\\\/\"},\"sameAs\":[\"https:\\\/\\\/www.facebook.com\\\/BlogQuerSaberPolitica\\\/\"]},{\"@type\":\"Person\",\"@id\":\"https:\\\/\\\/blogdofarnesio.com.br\\\/#\\\/schema\\\/person\\\/dd1bf5eba40b687199ba45ca6b97dff9\",\"name\":\"teste\",\"image\":{\"@type\":\"ImageObject\",\"inLanguage\":\"pt-BR\",\"@id\":\"https:\\\/\\\/secure.gravatar.com\\\/avatar\\\/2172498d4914b51e1d89a0f97957b035ac4938723a5cac208135d389b6972a6d?s=96&d=mm&r=g\",\"url\":\"https:\\\/\\\/secure.gravatar.com\\\/avatar\\\/2172498d4914b51e1d89a0f97957b035ac4938723a5cac208135d389b6972a6d?s=96&d=mm&r=g\",\"contentUrl\":\"https:\\\/\\\/secure.gravatar.com\\\/avatar\\\/2172498d4914b51e1d89a0f97957b035ac4938723a5cac208135d389b6972a6d?s=96&d=mm&r=g\",\"caption\":\"teste\"},\"url\":\"https:\\\/\\\/blogdofarnesio.com.br\\\/?author=3\"}]}<\/script>\n<!-- \/ Yoast SEO plugin. -->","yoast_head_json":{"title":"RUI COSTA QUER ALIAN\u00c7A EXCLUSIVA COM O PDT - Blog do Farn\u00e9sio","robots":{"index":"index","follow":"follow","max-snippet":"max-snippet:-1","max-image-preview":"max-image-preview:large","max-video-preview":"max-video-preview:-1"},"canonical":"https:\/\/blogdofarnesio.com.br\/?p=111577","og_locale":"pt_BR","og_type":"article","og_title":"RUI COSTA QUER ALIAN\u00c7A EXCLUSIVA COM O PDT - Blog do Farn\u00e9sio","og_description":"Lilian Machado\/Tribuna da Bahia Embora tenha minimizado uma suposta pretens\u00e3o do PDT de formalizar alian\u00e7a com o prefeito da capital baiana, ACM Neto (DEM), durante o seu \u00faltimo encontro oficial com a imprensa, quando ficou marcado o final do an\u00fancio do seu secretariado, \u00e9 certo que o governador eleito Rui Costa (PT) n\u00e3o estaria satisfeito com as movimenta\u00e7\u00f5es dos companheiros. Neto j\u00e1 informou que os pedetistas devem compor o primeiro escal\u00e3o da sua gest\u00e3o com uma secretaria, o que confirma a negocia\u00e7\u00e3o. Atrav\u00e9s de interlocutores, Rui j\u00e1 teria alertado os aliados sobre o assunto. O deputado federal Josias Gomes (PT), definido como secret\u00e1rio de Rela\u00e7\u00f5es Institucionais do governo Rui, seria um dos portadores do futuro gestor estadual sobre a rela\u00e7\u00e3o&hellip;","og_url":"https:\/\/blogdofarnesio.com.br\/?p=111577","og_site_name":"Blog do Farn\u00e9sio","article_publisher":"https:\/\/www.facebook.com\/BlogQuerSaberPolitica\/","article_published_time":"2014-12-28T15:00:40+00:00","og_image":[{"url":"http:\/\/www.quersaberpolitica.com.br\/2016\/wp-content\/uploads\/2013\/11\/blogqsp.PDT_.jpg","type":"","width":"","height":""}],"author":"teste","twitter_card":"summary_large_image","twitter_misc":{"Escrito por":"teste","Est. tempo de leitura":"3 minutos"},"schema":{"@context":"https:\/\/schema.org","@graph":[{"@type":"Article","@id":"https:\/\/blogdofarnesio.com.br\/?p=111577#article","isPartOf":{"@id":"https:\/\/blogdofarnesio.com.br\/?p=111577"},"author":{"name":"teste","@id":"https:\/\/blogdofarnesio.com.br\/#\/schema\/person\/dd1bf5eba40b687199ba45ca6b97dff9"},"headline":"RUI COSTA QUER ALIAN\u00c7A EXCLUSIVA COM O PDT","datePublished":"2014-12-28T15:00:40+00:00","mainEntityOfPage":{"@id":"https:\/\/blogdofarnesio.com.br\/?p=111577"},"wordCount":644,"commentCount":0,"publisher":{"@id":"https:\/\/blogdofarnesio.com.br\/#organization"},"image":{"@id":"https:\/\/blogdofarnesio.com.br\/?p=111577#primaryimage"},"thumbnailUrl":"http:\/\/www.quersaberpolitica.com.br\/2016\/wp-content\/uploads\/2013\/11\/blogqsp.PDT_.jpg","articleSection":["Pol\u00edtica"],"inLanguage":"pt-BR","potentialAction":[{"@type":"CommentAction","name":"Comment","target":["https:\/\/blogdofarnesio.com.br\/?p=111577#respond"]}]},{"@type":"WebPage","@id":"https:\/\/blogdofarnesio.com.br\/?p=111577","url":"https:\/\/blogdofarnesio.com.br\/?p=111577","name":"RUI COSTA QUER ALIAN\u00c7A EXCLUSIVA COM O PDT - Blog do Farn\u00e9sio","isPartOf":{"@id":"https:\/\/blogdofarnesio.com.br\/#website"},"primaryImageOfPage":{"@id":"https:\/\/blogdofarnesio.com.br\/?p=111577#primaryimage"},"image":{"@id":"https:\/\/blogdofarnesio.com.br\/?p=111577#primaryimage"},"thumbnailUrl":"http:\/\/www.quersaberpolitica.com.br\/2016\/wp-content\/uploads\/2013\/11\/blogqsp.PDT_.jpg","datePublished":"2014-12-28T15:00:40+00:00","breadcrumb":{"@id":"https:\/\/blogdofarnesio.com.br\/?p=111577#breadcrumb"},"inLanguage":"pt-BR","potentialAction":[{"@type":"ReadAction","target":["https:\/\/blogdofarnesio.com.br\/?p=111577"]}]},{"@type":"ImageObject","inLanguage":"pt-BR","@id":"https:\/\/blogdofarnesio.com.br\/?p=111577#primaryimage","url":"http:\/\/www.quersaberpolitica.com.br\/2016\/wp-content\/uploads\/2013\/11\/blogqsp.PDT_.jpg","contentUrl":"http:\/\/www.quersaberpolitica.com.br\/2016\/wp-content\/uploads\/2013\/11\/blogqsp.PDT_.jpg"},{"@type":"BreadcrumbList","@id":"https:\/\/blogdofarnesio.com.br\/?p=111577#breadcrumb","itemListElement":[{"@type":"ListItem","position":1,"name":"In\u00edcio","item":"https:\/\/blogdofarnesio.com.br\/"},{"@type":"ListItem","position":2,"name":"RUI COSTA QUER ALIAN\u00c7A EXCLUSIVA COM O PDT"}]},{"@type":"WebSite","@id":"https:\/\/blogdofarnesio.com.br\/#website","url":"https:\/\/blogdofarnesio.com.br\/","name":"Blog do Farn\u00e9sio","description":"Quer Saber Pol\u00edtica?","publisher":{"@id":"https:\/\/blogdofarnesio.com.br\/#organization"},"potentialAction":[{"@type":"SearchAction","target":{"@type":"EntryPoint","urlTemplate":"https:\/\/blogdofarnesio.com.br\/?s={search_term_string}"},"query-input":{"@type":"PropertyValueSpecification","valueRequired":true,"valueName":"search_term_string"}}],"inLanguage":"pt-BR"},{"@type":"Organization","@id":"https:\/\/blogdofarnesio.com.br\/#organization","name":"Blog do Farn\u00e9sio","url":"https:\/\/blogdofarnesio.com.br\/","logo":{"@type":"ImageObject","inLanguage":"pt-BR","@id":"https:\/\/blogdofarnesio.com.br\/#\/schema\/logo\/image\/","url":"https:\/\/blogdofarnesio.com.br\/wp-content\/uploads\/2026\/03\/cropped-logo_new-1.png","contentUrl":"https:\/\/blogdofarnesio.com.br\/wp-content\/uploads\/2026\/03\/cropped-logo_new-1.png","width":881,"height":685,"caption":"Blog do Farn\u00e9sio"},"image":{"@id":"https:\/\/blogdofarnesio.com.br\/#\/schema\/logo\/image\/"},"sameAs":["https:\/\/www.facebook.com\/BlogQuerSaberPolitica\/"]},{"@type":"Person","@id":"https:\/\/blogdofarnesio.com.br\/#\/schema\/person\/dd1bf5eba40b687199ba45ca6b97dff9","name":"teste","image":{"@type":"ImageObject","inLanguage":"pt-BR","@id":"https:\/\/secure.gravatar.com\/avatar\/2172498d4914b51e1d89a0f97957b035ac4938723a5cac208135d389b6972a6d?s=96&d=mm&r=g","url":"https:\/\/secure.gravatar.com\/avatar\/2172498d4914b51e1d89a0f97957b035ac4938723a5cac208135d389b6972a6d?s=96&d=mm&r=g","contentUrl":"https:\/\/secure.gravatar.com\/avatar\/2172498d4914b51e1d89a0f97957b035ac4938723a5cac208135d389b6972a6d?s=96&d=mm&r=g","caption":"teste"},"url":"https:\/\/blogdofarnesio.com.br\/?author=3"}]}},"_links":{"self":[{"href":"https:\/\/blogdofarnesio.com.br\/index.php?rest_route=\/wp\/v2\/posts\/111577","targetHints":{"allow":["GET"]}}],"collection":[{"href":"https:\/\/blogdofarnesio.com.br\/index.php?rest_route=\/wp\/v2\/posts"}],"about":[{"href":"https:\/\/blogdofarnesio.com.br\/index.php?rest_route=\/wp\/v2\/types\/post"}],"author":[{"embeddable":true,"href":"https:\/\/blogdofarnesio.com.br\/index.php?rest_route=\/wp\/v2\/users\/3"}],"replies":[{"embeddable":true,"href":"https:\/\/blogdofarnesio.com.br\/index.php?rest_route=%2Fwp%2Fv2%2Fcomments&post=111577"}],"version-history":[{"count":0,"href":"https:\/\/blogdofarnesio.com.br\/index.php?rest_route=\/wp\/v2\/posts\/111577\/revisions"}],"wp:attachment":[{"href":"https:\/\/blogdofarnesio.com.br\/index.php?rest_route=%2Fwp%2Fv2%2Fmedia&parent=111577"}],"wp:term":[{"taxonomy":"category","embeddable":true,"href":"https:\/\/blogdofarnesio.com.br\/index.php?rest_route=%2Fwp%2Fv2%2Fcategories&post=111577"},{"taxonomy":"post_tag","embeddable":true,"href":"https:\/\/blogdofarnesio.com.br\/index.php?rest_route=%2Fwp%2Fv2%2Ftags&post=111577"}],"curies":[{"name":"wp","href":"https:\/\/api.w.org\/{rel}","templated":true}]}}