{"id":111547,"date":"2014-12-29T20:00:58","date_gmt":"2014-12-29T23:00:58","guid":{"rendered":"http:\/\/www.quersaberpolitica.com.br\/?p=111547"},"modified":"2014-12-29T18:03:58","modified_gmt":"2014-12-29T21:03:58","slug":"direto-sento-se-3","status":"publish","type":"post","link":"https:\/\/blogdofarnesio.com.br\/?p=111547","title":{"rendered":"DIRETO SENTO-S\u00c9"},"content":{"rendered":"<p style=\"text-align: justify\">\n<p style=\"text-align: justify\">\n<p style=\"text-align: justify\">\n<p style=\"text-align: justify\"><strong>MUNIC\u00cdPIO COM ECONOMIA ESTAGNADA E ENORME PROBLEM\u00c1TICA SOCIAL<\/strong><\/p>\n<p><img loading=\"lazy\" decoding=\"async\" class=\"size-medium wp-image-105396 aligncenter\" style=\"color: #333333;font-style: normal\" alt=\"blogqsp-sento-s\u00e9\" src=\"http:\/\/www.quersaberpolitica.com.br\/2016\/wp-content\/uploads\/2014\/11\/blogqsp-sento-s\u00e9-300x225.jpg\" width=\"300\" height=\"225\" srcset=\"https:\/\/blogdofarnesio.com.br\/wp-content\/uploads\/2014\/11\/blogqsp-sento-s\u00e9-300x225.jpg 300w, https:\/\/blogdofarnesio.com.br\/wp-content\/uploads\/2014\/11\/blogqsp-sento-s\u00e9.jpg 400w\" sizes=\"auto, (max-width: 300px) 100vw, 300px\" \/>Refletir sobre a Economia \u00e9 preocupar-se com os agravantes sociais. Economia, no sentido amplo da palavra, quer dizer: \u201cEconomia \u00e9 o conjunto de normas que definem a produ\u00e7\u00e3o, distribui\u00e7\u00e3o, armazenamento e consumo de bens\u201d!<\/p>\n<p style=\"text-align: justify\">Sento-S\u00e9 produz muito menos do que pode. Enorme parte da sociedade vive fora, ou quase fora do processo produtivo. Se n\u00e3o fossem os programas sociais federais, que beneficia grane parte da popula\u00e7\u00e3o, mesmo com os questionamentos l\u00f3gicos, a situa\u00e7\u00e3o econ\u00f4mica e social, estaria ainda pior.<\/p>\n<p style=\"text-align: justify\"><!--more--><\/p>\n<p style=\"text-align: justify\">A maior contradi\u00e7\u00e3o do munic\u00edpio est\u00e1 na diferen\u00e7a entre a car\u00eancia social e o conjunto de potenciais naturais para a produ\u00e7\u00e3o agropecu\u00e1ria, aquicultura e mineral.<\/p>\n<p style=\"text-align: justify\">A nossa economia municipal \u00e9 \u201cirm\u00e3 g\u00eamea\u201d do nosso Sistema Pol\u00edtico tradicional, ultraconservador, analisado em diversas mat\u00e9rias que tratou do assunto na imprensa regional de forma direta e indireta.<\/p>\n<p style=\"text-align: justify\">A Economia do Munic\u00edpio se destacou na sua hist\u00f3ria, por momentos de sucessos sazonais e localizados: extra\u00e7\u00e3o do leite da mani\u00e7oba, cera da carna\u00faba, pluma de ema, couro de jacar\u00e9 e lagartos e fibra de caro\u00e1 nos anos 40; extra\u00e7\u00e3o do cristal de rocha (cristal branco) no povoado do Mimo na d\u00e9cada 50; garimpo de ametista da Mina das Cabeludas nas d\u00e9cadas de 60 e 70; produ\u00e7\u00e3o de cebola na borda do Lago nas d\u00e9cadas de 80 e 90.<\/p>\n<p style=\"text-align: justify\">A arrecada\u00e7\u00e3o municipal via Prefeitura, em sua quase totalidade, foi gasto sem planejamento, nem cuidados legais, deixando de manter os servi\u00e7os p\u00fablicos, evitando a melhoria da estrutura urbana e reduzindo a circula\u00e7\u00e3o desse dinheiro no comercio e na economia geral municipal com preju\u00edzos incalcul\u00e1veis para a popula\u00e7\u00e3o.<\/p>\n<p style=\"text-align: justify\">Essa analise serve para todos os outros munic\u00edpios do mesmo porte na regi\u00e3o, considerando as poucas diferen\u00e7as localizadas, e, mais ou menos duas d\u00e9cadas de atraso que Sento-S\u00e9, tem se comparado com eles.<\/p>\n<p style=\"text-align: justify\">Mesmo assim, podemos olhar para tr\u00e1s e observar que a nossa realidade Econ\u00f4mica e Social j\u00e1 foi mais problem\u00e1tica, de maior atraso, deixando claro que quando a popula\u00e7\u00e3o em maioria aprender entender da sua realidade, a se organizar, a fazer projeto coletivo para atrair dinheiro p\u00fablico e usar as riquezas naturais para produzir e comercializar profissionalmente, e, v\u00ea e tratar a coisa p\u00fablica com interesse predominantemente p\u00fablico, passaremos a ser um munic\u00edpio muito melhor para se viver.<\/p>\n<p style=\"text-align: justify\"><strong><em>Lauren\u00e7o Aguiar. Estudioso da Realidade Municipal.<\/em><\/strong><\/p>\n","protected":false},"excerpt":{"rendered":"<p>MUNIC\u00cdPIO COM ECONOMIA ESTAGNADA E ENORME PROBLEM\u00c1TICA SOCIAL Refletir sobre a Economia \u00e9 preocupar-se com os agravantes sociais. Economia, no sentido amplo da palavra, quer dizer: \u201cEconomia \u00e9 o conjunto de normas que definem a produ\u00e7\u00e3o, distribui\u00e7\u00e3o, armazenamento e consumo de bens\u201d! Sento-S\u00e9 produz muito menos do que pode. Enorme parte da sociedade vive fora, ou quase fora do processo produtivo. Se n\u00e3o fossem os programas sociais federais, que beneficia grane parte da popula\u00e7\u00e3o, mesmo com os questionamentos l\u00f3gicos, a situa\u00e7\u00e3o econ\u00f4mica e social, estaria ainda pior.<\/p>\n","protected":false},"author":7,"featured_media":0,"comment_status":"open","ping_status":"open","sticky":false,"template":"","format":"standard","meta":{"_acf_changed":false,"footnotes":""},"categories":[27],"tags":[],"class_list":["post-111547","post","type-post","status-publish","format-standard","hentry","category-cidades"],"acf":[],"yoast_head":"<!-- This site is optimized with the Yoast SEO plugin v27.4 - https:\/\/yoast.com\/product\/yoast-seo-wordpress\/ -->\n<title>DIRETO SENTO-S\u00c9 - Blog do Farn\u00e9sio<\/title>\n<meta name=\"robots\" content=\"index, follow, max-snippet:-1, max-image-preview:large, max-video-preview:-1\" \/>\n<link rel=\"canonical\" href=\"https:\/\/blogdofarnesio.com.br\/?p=111547\" \/>\n<meta property=\"og:locale\" content=\"pt_BR\" \/>\n<meta property=\"og:type\" content=\"article\" \/>\n<meta property=\"og:title\" content=\"DIRETO SENTO-S\u00c9 - Blog do Farn\u00e9sio\" \/>\n<meta property=\"og:description\" content=\"MUNIC\u00cdPIO COM ECONOMIA ESTAGNADA E ENORME PROBLEM\u00c1TICA SOCIAL Refletir sobre a Economia \u00e9 preocupar-se com os agravantes sociais. Economia, no sentido amplo da palavra, quer dizer: \u201cEconomia \u00e9 o conjunto de normas que definem a produ\u00e7\u00e3o, distribui\u00e7\u00e3o, armazenamento e consumo de bens\u201d! Sento-S\u00e9 produz muito menos do que pode. Enorme parte da sociedade vive fora, ou quase fora do processo produtivo. Se n\u00e3o fossem os programas sociais federais, que beneficia grane parte da popula\u00e7\u00e3o, mesmo com os questionamentos l\u00f3gicos, a situa\u00e7\u00e3o econ\u00f4mica e social, estaria ainda pior.\" \/>\n<meta property=\"og:url\" content=\"https:\/\/blogdofarnesio.com.br\/?p=111547\" \/>\n<meta property=\"og:site_name\" content=\"Blog do Farn\u00e9sio\" \/>\n<meta property=\"article:publisher\" content=\"https:\/\/www.facebook.com\/BlogQuerSaberPolitica\/\" \/>\n<meta property=\"article:published_time\" content=\"2014-12-29T23:00:58+00:00\" \/>\n<meta name=\"twitter:card\" content=\"summary_large_image\" \/>\n<meta name=\"twitter:label1\" content=\"Escrito por\" \/>\n\t<meta name=\"twitter:data1\" content=\"\" \/>\n\t<meta name=\"twitter:label2\" content=\"Est. tempo de leitura\" \/>\n\t<meta name=\"twitter:data2\" content=\"2 minutos\" \/>\n<script type=\"application\/ld+json\" class=\"yoast-schema-graph\">{\"@context\":\"https:\\\/\\\/schema.org\",\"@graph\":[{\"@type\":\"Article\",\"@id\":\"https:\\\/\\\/blogdofarnesio.com.br\\\/?p=111547#article\",\"isPartOf\":{\"@id\":\"https:\\\/\\\/blogdofarnesio.com.br\\\/?p=111547\"},\"author\":{\"name\":\"\",\"@id\":\"\"},\"headline\":\"DIRETO SENTO-S\u00c9\",\"datePublished\":\"2014-12-29T23:00:58+00:00\",\"mainEntityOfPage\":{\"@id\":\"https:\\\/\\\/blogdofarnesio.com.br\\\/?p=111547\"},\"wordCount\":424,\"commentCount\":0,\"publisher\":{\"@id\":\"https:\\\/\\\/blogdofarnesio.com.br\\\/#organization\"},\"articleSection\":[\"Cidades\"],\"inLanguage\":\"pt-BR\",\"potentialAction\":[{\"@type\":\"CommentAction\",\"name\":\"Comment\",\"target\":[\"https:\\\/\\\/blogdofarnesio.com.br\\\/?p=111547#respond\"]}]},{\"@type\":\"WebPage\",\"@id\":\"https:\\\/\\\/blogdofarnesio.com.br\\\/?p=111547\",\"url\":\"https:\\\/\\\/blogdofarnesio.com.br\\\/?p=111547\",\"name\":\"DIRETO SENTO-S\u00c9 - Blog do Farn\u00e9sio\",\"isPartOf\":{\"@id\":\"https:\\\/\\\/blogdofarnesio.com.br\\\/#website\"},\"datePublished\":\"2014-12-29T23:00:58+00:00\",\"breadcrumb\":{\"@id\":\"https:\\\/\\\/blogdofarnesio.com.br\\\/?p=111547#breadcrumb\"},\"inLanguage\":\"pt-BR\",\"potentialAction\":[{\"@type\":\"ReadAction\",\"target\":[\"https:\\\/\\\/blogdofarnesio.com.br\\\/?p=111547\"]}]},{\"@type\":\"BreadcrumbList\",\"@id\":\"https:\\\/\\\/blogdofarnesio.com.br\\\/?p=111547#breadcrumb\",\"itemListElement\":[{\"@type\":\"ListItem\",\"position\":1,\"name\":\"In\u00edcio\",\"item\":\"https:\\\/\\\/blogdofarnesio.com.br\\\/\"},{\"@type\":\"ListItem\",\"position\":2,\"name\":\"DIRETO SENTO-S\u00c9\"}]},{\"@type\":\"WebSite\",\"@id\":\"https:\\\/\\\/blogdofarnesio.com.br\\\/#website\",\"url\":\"https:\\\/\\\/blogdofarnesio.com.br\\\/\",\"name\":\"Blog do Farn\u00e9sio\",\"description\":\"Quer Saber Pol\u00edtica?\",\"publisher\":{\"@id\":\"https:\\\/\\\/blogdofarnesio.com.br\\\/#organization\"},\"potentialAction\":[{\"@type\":\"SearchAction\",\"target\":{\"@type\":\"EntryPoint\",\"urlTemplate\":\"https:\\\/\\\/blogdofarnesio.com.br\\\/?s={search_term_string}\"},\"query-input\":{\"@type\":\"PropertyValueSpecification\",\"valueRequired\":true,\"valueName\":\"search_term_string\"}}],\"inLanguage\":\"pt-BR\"},{\"@type\":\"Organization\",\"@id\":\"https:\\\/\\\/blogdofarnesio.com.br\\\/#organization\",\"name\":\"Blog do Farn\u00e9sio\",\"url\":\"https:\\\/\\\/blogdofarnesio.com.br\\\/\",\"logo\":{\"@type\":\"ImageObject\",\"inLanguage\":\"pt-BR\",\"@id\":\"https:\\\/\\\/blogdofarnesio.com.br\\\/#\\\/schema\\\/logo\\\/image\\\/\",\"url\":\"https:\\\/\\\/blogdofarnesio.com.br\\\/wp-content\\\/uploads\\\/2026\\\/03\\\/cropped-logo_new-1.png\",\"contentUrl\":\"https:\\\/\\\/blogdofarnesio.com.br\\\/wp-content\\\/uploads\\\/2026\\\/03\\\/cropped-logo_new-1.png\",\"width\":881,\"height\":685,\"caption\":\"Blog do Farn\u00e9sio\"},\"image\":{\"@id\":\"https:\\\/\\\/blogdofarnesio.com.br\\\/#\\\/schema\\\/logo\\\/image\\\/\"},\"sameAs\":[\"https:\\\/\\\/www.facebook.com\\\/BlogQuerSaberPolitica\\\/\"]},{\"@type\":\"Person\",\"@id\":\"\",\"url\":\"https:\\\/\\\/blogdofarnesio.com.br\\\/?author=7\"}]}<\/script>\n<!-- \/ Yoast SEO plugin. -->","yoast_head_json":{"title":"DIRETO SENTO-S\u00c9 - Blog do Farn\u00e9sio","robots":{"index":"index","follow":"follow","max-snippet":"max-snippet:-1","max-image-preview":"max-image-preview:large","max-video-preview":"max-video-preview:-1"},"canonical":"https:\/\/blogdofarnesio.com.br\/?p=111547","og_locale":"pt_BR","og_type":"article","og_title":"DIRETO SENTO-S\u00c9 - Blog do Farn\u00e9sio","og_description":"MUNIC\u00cdPIO COM ECONOMIA ESTAGNADA E ENORME PROBLEM\u00c1TICA SOCIAL Refletir sobre a Economia \u00e9 preocupar-se com os agravantes sociais. Economia, no sentido amplo da palavra, quer dizer: \u201cEconomia \u00e9 o conjunto de normas que definem a produ\u00e7\u00e3o, distribui\u00e7\u00e3o, armazenamento e consumo de bens\u201d! Sento-S\u00e9 produz muito menos do que pode. Enorme parte da sociedade vive fora, ou quase fora do processo produtivo. Se n\u00e3o fossem os programas sociais federais, que beneficia grane parte da popula\u00e7\u00e3o, mesmo com os questionamentos l\u00f3gicos, a situa\u00e7\u00e3o econ\u00f4mica e social, estaria ainda pior.","og_url":"https:\/\/blogdofarnesio.com.br\/?p=111547","og_site_name":"Blog do Farn\u00e9sio","article_publisher":"https:\/\/www.facebook.com\/BlogQuerSaberPolitica\/","article_published_time":"2014-12-29T23:00:58+00:00","twitter_card":"summary_large_image","twitter_misc":{"Escrito por":"","Est. tempo de leitura":"2 minutos"},"schema":{"@context":"https:\/\/schema.org","@graph":[{"@type":"Article","@id":"https:\/\/blogdofarnesio.com.br\/?p=111547#article","isPartOf":{"@id":"https:\/\/blogdofarnesio.com.br\/?p=111547"},"author":{"name":"","@id":""},"headline":"DIRETO SENTO-S\u00c9","datePublished":"2014-12-29T23:00:58+00:00","mainEntityOfPage":{"@id":"https:\/\/blogdofarnesio.com.br\/?p=111547"},"wordCount":424,"commentCount":0,"publisher":{"@id":"https:\/\/blogdofarnesio.com.br\/#organization"},"articleSection":["Cidades"],"inLanguage":"pt-BR","potentialAction":[{"@type":"CommentAction","name":"Comment","target":["https:\/\/blogdofarnesio.com.br\/?p=111547#respond"]}]},{"@type":"WebPage","@id":"https:\/\/blogdofarnesio.com.br\/?p=111547","url":"https:\/\/blogdofarnesio.com.br\/?p=111547","name":"DIRETO SENTO-S\u00c9 - Blog do Farn\u00e9sio","isPartOf":{"@id":"https:\/\/blogdofarnesio.com.br\/#website"},"datePublished":"2014-12-29T23:00:58+00:00","breadcrumb":{"@id":"https:\/\/blogdofarnesio.com.br\/?p=111547#breadcrumb"},"inLanguage":"pt-BR","potentialAction":[{"@type":"ReadAction","target":["https:\/\/blogdofarnesio.com.br\/?p=111547"]}]},{"@type":"BreadcrumbList","@id":"https:\/\/blogdofarnesio.com.br\/?p=111547#breadcrumb","itemListElement":[{"@type":"ListItem","position":1,"name":"In\u00edcio","item":"https:\/\/blogdofarnesio.com.br\/"},{"@type":"ListItem","position":2,"name":"DIRETO SENTO-S\u00c9"}]},{"@type":"WebSite","@id":"https:\/\/blogdofarnesio.com.br\/#website","url":"https:\/\/blogdofarnesio.com.br\/","name":"Blog do Farn\u00e9sio","description":"Quer Saber Pol\u00edtica?","publisher":{"@id":"https:\/\/blogdofarnesio.com.br\/#organization"},"potentialAction":[{"@type":"SearchAction","target":{"@type":"EntryPoint","urlTemplate":"https:\/\/blogdofarnesio.com.br\/?s={search_term_string}"},"query-input":{"@type":"PropertyValueSpecification","valueRequired":true,"valueName":"search_term_string"}}],"inLanguage":"pt-BR"},{"@type":"Organization","@id":"https:\/\/blogdofarnesio.com.br\/#organization","name":"Blog do Farn\u00e9sio","url":"https:\/\/blogdofarnesio.com.br\/","logo":{"@type":"ImageObject","inLanguage":"pt-BR","@id":"https:\/\/blogdofarnesio.com.br\/#\/schema\/logo\/image\/","url":"https:\/\/blogdofarnesio.com.br\/wp-content\/uploads\/2026\/03\/cropped-logo_new-1.png","contentUrl":"https:\/\/blogdofarnesio.com.br\/wp-content\/uploads\/2026\/03\/cropped-logo_new-1.png","width":881,"height":685,"caption":"Blog do Farn\u00e9sio"},"image":{"@id":"https:\/\/blogdofarnesio.com.br\/#\/schema\/logo\/image\/"},"sameAs":["https:\/\/www.facebook.com\/BlogQuerSaberPolitica\/"]},{"@type":"Person","@id":"","url":"https:\/\/blogdofarnesio.com.br\/?author=7"}]}},"_links":{"self":[{"href":"https:\/\/blogdofarnesio.com.br\/index.php?rest_route=\/wp\/v2\/posts\/111547","targetHints":{"allow":["GET"]}}],"collection":[{"href":"https:\/\/blogdofarnesio.com.br\/index.php?rest_route=\/wp\/v2\/posts"}],"about":[{"href":"https:\/\/blogdofarnesio.com.br\/index.php?rest_route=\/wp\/v2\/types\/post"}],"author":[{"embeddable":true,"href":"https:\/\/blogdofarnesio.com.br\/index.php?rest_route=\/wp\/v2\/users\/7"}],"replies":[{"embeddable":true,"href":"https:\/\/blogdofarnesio.com.br\/index.php?rest_route=%2Fwp%2Fv2%2Fcomments&post=111547"}],"version-history":[{"count":0,"href":"https:\/\/blogdofarnesio.com.br\/index.php?rest_route=\/wp\/v2\/posts\/111547\/revisions"}],"wp:attachment":[{"href":"https:\/\/blogdofarnesio.com.br\/index.php?rest_route=%2Fwp%2Fv2%2Fmedia&parent=111547"}],"wp:term":[{"taxonomy":"category","embeddable":true,"href":"https:\/\/blogdofarnesio.com.br\/index.php?rest_route=%2Fwp%2Fv2%2Fcategories&post=111547"},{"taxonomy":"post_tag","embeddable":true,"href":"https:\/\/blogdofarnesio.com.br\/index.php?rest_route=%2Fwp%2Fv2%2Ftags&post=111547"}],"curies":[{"name":"wp","href":"https:\/\/api.w.org\/{rel}","templated":true}]}}