{"id":111543,"date":"2014-12-27T17:00:27","date_gmt":"2014-12-27T20:00:27","guid":{"rendered":"http:\/\/www.quersaberpolitica.com.br\/?p=111543"},"modified":"2014-12-27T14:39:35","modified_gmt":"2014-12-27T17:39:35","slug":"bebado-cantor-renner-se-envolve-em-mais-um-acidente-automobilistico","status":"publish","type":"post","link":"https:\/\/blogdofarnesio.com.br\/?p=111543","title":{"rendered":"B\u00caBADO CANTOR RENNER SE ENVOLVE  EM MAIS UM ACIDENTE AUTOMOBILISTICO"},"content":{"rendered":"<p><abbr><span style=\"color: #000000;font-weight: bold\">Escondendo o rosto com um bon\u00e9, Renner deixou a delegacia no meio da tarde, depois de pagar uma fian\u00e7a de R$ 10 mil.<\/span><\/abbr><\/p>\n<div>\n<h2><img loading=\"lazy\" decoding=\"async\" class=\"aligncenter\" alt=\"\" src=\"http:\/\/s04.video.glbimg.com\/x360\/3857211.jpg\" width=\"448\" height=\"252\" \/><\/h2>\n<\/div>\n<div id=\"materia-letra\">\n<p>O cantor Renner, da dupla sertaneja Rick &amp; Renner, foi detido pela pol\u00edcia por dirigir embriagado, depois de bater o carro nesta sexta-feira (26) de manh\u00e3, em S\u00e3o Paulo.<\/p>\n<p>Escondendo o rosto com um bon\u00e9, Renner deixou a delegacia no meio da tarde, depois de pagar uma fian\u00e7a de R$ 10 mil.<\/p>\n<p>Ele foi preso pela manh\u00e3, quando bateu o carro de luxo que dirigia em um carro estacionado na rua. Ele tentou fugir, bateu em um poste e s\u00f3 parou depois de bater no segundo.<\/p>\n<p>Um homem que trabalha perto gravou com um celular Renner cambaleante, logo ap\u00f3s o acidente.<\/p>\n<p>O dono do carro em que Renner bateu, Joab Moreira, n\u00e3o quis gravar entrevista, mas contou que ele mesmo entrou no carro do cantor e tirou a chave da igni\u00e7\u00e3o para impedir que ele tentasse fugir novamente. Renner foi levado para a delegacia, onde fez o teste do baf\u00f4metro. O exame mostrou que ele tinha tr\u00eas vezes mais \u00e1lcool no organismo do que o limite m\u00e1ximo permitido.<\/p>\n<p>A dupla sertaneja Rick &amp; Renner surgiu em 1986, e j\u00e1 tem 17 discos lan\u00e7ados. Em 2001, Renner se envolveu em outro acidente. Ele perdeu o controle do carro, na rodovia que liga Piracicaba a Campinas, atravessou a pista e matou um casal que vinha de moto no sentido contr\u00e1rio.<\/p>\n<p>Sete anos depois, o cantor foi condenado a pagar uma indeniza\u00e7\u00e3o de dois mil sal\u00e1rios-m\u00ednimos. Mas, de acordo com o advogado da fam\u00edlia das v\u00edtimas, o valor ainda n\u00e3o foi pago e ele tenta bloquear bens do cantor na Justi\u00e7a.<\/p>\n<p>Por esse novo acidente, Renner vai ser indiciado por embriaguez ao volante e fuga de local de acidente.<\/p>\n<p>Segundo o Boletim de Ocorr\u00eancia, ele estava com a carteira de motorista vencida h\u00e1 mais de 4 anos, desde maio 2010. No momento do acidente havia um outro homem dentro do carro, que foi identificado como sendo um morador de rua.<\/p>\n<p>Gl\u00e9cio Mariano, advogado do Renner: Ele estava indo pro lugar e deu a carona pra pessoa, s\u00f3 isso.<br \/>\nJornal Nacional: Pra um morador de rua?<br \/>\nGl\u00e9cio Mariano: isso.<\/p>\n<p>O advogado de Renner n\u00e3o soube dizer de onde estava vindo nem para onde ia o cantor. E admitiu que ele havia bebido vodca e cerveja.<\/p>\n<\/div>\n","protected":false},"excerpt":{"rendered":"<p>Escondendo o rosto com um bon\u00e9, Renner deixou a delegacia no meio da tarde, depois de pagar uma fian\u00e7a de R$ 10 mil. O cantor Renner, da dupla sertaneja Rick &amp; Renner, foi detido pela pol\u00edcia por dirigir embriagado, depois de bater o carro nesta sexta-feira (26) de manh\u00e3, em S\u00e3o Paulo. Escondendo o rosto com um bon\u00e9, Renner deixou a delegacia no meio da tarde, depois de pagar uma fian\u00e7a de R$ 10 mil. Ele foi preso pela manh\u00e3, quando bateu o carro de luxo que dirigia em um carro estacionado na rua. Ele tentou fugir, bateu em um poste e s\u00f3 parou depois de bater no segundo. Um homem que trabalha perto gravou com um celular Renner cambaleante,&hellip; <\/p>\n","protected":false},"author":3,"featured_media":0,"comment_status":"open","ping_status":"open","sticky":false,"template":"","format":"standard","meta":{"_acf_changed":false,"footnotes":""},"categories":[21],"tags":[],"class_list":["post-111543","post","type-post","status-publish","format-standard","hentry","category-transito"],"acf":[],"yoast_head":"<!-- This site is optimized with the Yoast SEO plugin v27.4 - https:\/\/yoast.com\/product\/yoast-seo-wordpress\/ -->\n<title>B\u00caBADO CANTOR RENNER SE ENVOLVE EM MAIS UM ACIDENTE AUTOMOBILISTICO - Blog do Farn\u00e9sio<\/title>\n<meta name=\"robots\" content=\"index, follow, max-snippet:-1, max-image-preview:large, max-video-preview:-1\" \/>\n<link rel=\"canonical\" href=\"https:\/\/blogdofarnesio.com.br\/?p=111543\" \/>\n<meta property=\"og:locale\" content=\"pt_BR\" \/>\n<meta property=\"og:type\" content=\"article\" \/>\n<meta property=\"og:title\" content=\"B\u00caBADO CANTOR RENNER SE ENVOLVE EM MAIS UM ACIDENTE AUTOMOBILISTICO - Blog do Farn\u00e9sio\" \/>\n<meta property=\"og:description\" content=\"Escondendo o rosto com um bon\u00e9, Renner deixou a delegacia no meio da tarde, depois de pagar uma fian\u00e7a de R$ 10 mil. O cantor Renner, da dupla sertaneja Rick &amp; Renner, foi detido pela pol\u00edcia por dirigir embriagado, depois de bater o carro nesta sexta-feira (26) de manh\u00e3, em S\u00e3o Paulo. Escondendo o rosto com um bon\u00e9, Renner deixou a delegacia no meio da tarde, depois de pagar uma fian\u00e7a de R$ 10 mil. Ele foi preso pela manh\u00e3, quando bateu o carro de luxo que dirigia em um carro estacionado na rua. Ele tentou fugir, bateu em um poste e s\u00f3 parou depois de bater no segundo. Um homem que trabalha perto gravou com um celular Renner cambaleante,&hellip;\" \/>\n<meta property=\"og:url\" content=\"https:\/\/blogdofarnesio.com.br\/?p=111543\" \/>\n<meta property=\"og:site_name\" content=\"Blog do Farn\u00e9sio\" \/>\n<meta property=\"article:publisher\" content=\"https:\/\/www.facebook.com\/BlogQuerSaberPolitica\/\" \/>\n<meta property=\"article:published_time\" content=\"2014-12-27T20:00:27+00:00\" \/>\n<meta property=\"og:image\" content=\"http:\/\/s04.video.glbimg.com\/x360\/3857211.jpg\" \/>\n<meta name=\"author\" content=\"teste\" \/>\n<meta name=\"twitter:card\" content=\"summary_large_image\" \/>\n<meta name=\"twitter:label1\" content=\"Escrito por\" \/>\n\t<meta name=\"twitter:data1\" content=\"teste\" \/>\n\t<meta name=\"twitter:label2\" content=\"Est. tempo de leitura\" \/>\n\t<meta name=\"twitter:data2\" content=\"2 minutos\" \/>\n<script type=\"application\/ld+json\" class=\"yoast-schema-graph\">{\"@context\":\"https:\\\/\\\/schema.org\",\"@graph\":[{\"@type\":\"Article\",\"@id\":\"https:\\\/\\\/blogdofarnesio.com.br\\\/?p=111543#article\",\"isPartOf\":{\"@id\":\"https:\\\/\\\/blogdofarnesio.com.br\\\/?p=111543\"},\"author\":{\"name\":\"teste\",\"@id\":\"https:\\\/\\\/blogdofarnesio.com.br\\\/#\\\/schema\\\/person\\\/dd1bf5eba40b687199ba45ca6b97dff9\"},\"headline\":\"B\u00caBADO CANTOR RENNER SE ENVOLVE EM MAIS UM ACIDENTE AUTOMOBILISTICO\",\"datePublished\":\"2014-12-27T20:00:27+00:00\",\"mainEntityOfPage\":{\"@id\":\"https:\\\/\\\/blogdofarnesio.com.br\\\/?p=111543\"},\"wordCount\":420,\"commentCount\":0,\"publisher\":{\"@id\":\"https:\\\/\\\/blogdofarnesio.com.br\\\/#organization\"},\"image\":{\"@id\":\"https:\\\/\\\/blogdofarnesio.com.br\\\/?p=111543#primaryimage\"},\"thumbnailUrl\":\"http:\\\/\\\/s04.video.glbimg.com\\\/x360\\\/3857211.jpg\",\"articleSection\":[\"Tr\u00e2nsito\"],\"inLanguage\":\"pt-BR\",\"potentialAction\":[{\"@type\":\"CommentAction\",\"name\":\"Comment\",\"target\":[\"https:\\\/\\\/blogdofarnesio.com.br\\\/?p=111543#respond\"]}]},{\"@type\":\"WebPage\",\"@id\":\"https:\\\/\\\/blogdofarnesio.com.br\\\/?p=111543\",\"url\":\"https:\\\/\\\/blogdofarnesio.com.br\\\/?p=111543\",\"name\":\"B\u00caBADO CANTOR RENNER SE ENVOLVE EM MAIS UM ACIDENTE AUTOMOBILISTICO - Blog do Farn\u00e9sio\",\"isPartOf\":{\"@id\":\"https:\\\/\\\/blogdofarnesio.com.br\\\/#website\"},\"primaryImageOfPage\":{\"@id\":\"https:\\\/\\\/blogdofarnesio.com.br\\\/?p=111543#primaryimage\"},\"image\":{\"@id\":\"https:\\\/\\\/blogdofarnesio.com.br\\\/?p=111543#primaryimage\"},\"thumbnailUrl\":\"http:\\\/\\\/s04.video.glbimg.com\\\/x360\\\/3857211.jpg\",\"datePublished\":\"2014-12-27T20:00:27+00:00\",\"breadcrumb\":{\"@id\":\"https:\\\/\\\/blogdofarnesio.com.br\\\/?p=111543#breadcrumb\"},\"inLanguage\":\"pt-BR\",\"potentialAction\":[{\"@type\":\"ReadAction\",\"target\":[\"https:\\\/\\\/blogdofarnesio.com.br\\\/?p=111543\"]}]},{\"@type\":\"ImageObject\",\"inLanguage\":\"pt-BR\",\"@id\":\"https:\\\/\\\/blogdofarnesio.com.br\\\/?p=111543#primaryimage\",\"url\":\"http:\\\/\\\/s04.video.glbimg.com\\\/x360\\\/3857211.jpg\",\"contentUrl\":\"http:\\\/\\\/s04.video.glbimg.com\\\/x360\\\/3857211.jpg\"},{\"@type\":\"BreadcrumbList\",\"@id\":\"https:\\\/\\\/blogdofarnesio.com.br\\\/?p=111543#breadcrumb\",\"itemListElement\":[{\"@type\":\"ListItem\",\"position\":1,\"name\":\"In\u00edcio\",\"item\":\"https:\\\/\\\/blogdofarnesio.com.br\\\/\"},{\"@type\":\"ListItem\",\"position\":2,\"name\":\"B\u00caBADO CANTOR RENNER SE ENVOLVE EM MAIS UM ACIDENTE AUTOMOBILISTICO\"}]},{\"@type\":\"WebSite\",\"@id\":\"https:\\\/\\\/blogdofarnesio.com.br\\\/#website\",\"url\":\"https:\\\/\\\/blogdofarnesio.com.br\\\/\",\"name\":\"Blog do Farn\u00e9sio\",\"description\":\"Quer Saber Pol\u00edtica?\",\"publisher\":{\"@id\":\"https:\\\/\\\/blogdofarnesio.com.br\\\/#organization\"},\"potentialAction\":[{\"@type\":\"SearchAction\",\"target\":{\"@type\":\"EntryPoint\",\"urlTemplate\":\"https:\\\/\\\/blogdofarnesio.com.br\\\/?s={search_term_string}\"},\"query-input\":{\"@type\":\"PropertyValueSpecification\",\"valueRequired\":true,\"valueName\":\"search_term_string\"}}],\"inLanguage\":\"pt-BR\"},{\"@type\":\"Organization\",\"@id\":\"https:\\\/\\\/blogdofarnesio.com.br\\\/#organization\",\"name\":\"Blog do Farn\u00e9sio\",\"url\":\"https:\\\/\\\/blogdofarnesio.com.br\\\/\",\"logo\":{\"@type\":\"ImageObject\",\"inLanguage\":\"pt-BR\",\"@id\":\"https:\\\/\\\/blogdofarnesio.com.br\\\/#\\\/schema\\\/logo\\\/image\\\/\",\"url\":\"https:\\\/\\\/blogdofarnesio.com.br\\\/wp-content\\\/uploads\\\/2026\\\/03\\\/cropped-logo_new-1.png\",\"contentUrl\":\"https:\\\/\\\/blogdofarnesio.com.br\\\/wp-content\\\/uploads\\\/2026\\\/03\\\/cropped-logo_new-1.png\",\"width\":881,\"height\":685,\"caption\":\"Blog do Farn\u00e9sio\"},\"image\":{\"@id\":\"https:\\\/\\\/blogdofarnesio.com.br\\\/#\\\/schema\\\/logo\\\/image\\\/\"},\"sameAs\":[\"https:\\\/\\\/www.facebook.com\\\/BlogQuerSaberPolitica\\\/\"]},{\"@type\":\"Person\",\"@id\":\"https:\\\/\\\/blogdofarnesio.com.br\\\/#\\\/schema\\\/person\\\/dd1bf5eba40b687199ba45ca6b97dff9\",\"name\":\"teste\",\"image\":{\"@type\":\"ImageObject\",\"inLanguage\":\"pt-BR\",\"@id\":\"https:\\\/\\\/secure.gravatar.com\\\/avatar\\\/2172498d4914b51e1d89a0f97957b035ac4938723a5cac208135d389b6972a6d?s=96&d=mm&r=g\",\"url\":\"https:\\\/\\\/secure.gravatar.com\\\/avatar\\\/2172498d4914b51e1d89a0f97957b035ac4938723a5cac208135d389b6972a6d?s=96&d=mm&r=g\",\"contentUrl\":\"https:\\\/\\\/secure.gravatar.com\\\/avatar\\\/2172498d4914b51e1d89a0f97957b035ac4938723a5cac208135d389b6972a6d?s=96&d=mm&r=g\",\"caption\":\"teste\"},\"url\":\"https:\\\/\\\/blogdofarnesio.com.br\\\/?author=3\"}]}<\/script>\n<!-- \/ Yoast SEO plugin. -->","yoast_head_json":{"title":"B\u00caBADO CANTOR RENNER SE ENVOLVE EM MAIS UM ACIDENTE AUTOMOBILISTICO - Blog do Farn\u00e9sio","robots":{"index":"index","follow":"follow","max-snippet":"max-snippet:-1","max-image-preview":"max-image-preview:large","max-video-preview":"max-video-preview:-1"},"canonical":"https:\/\/blogdofarnesio.com.br\/?p=111543","og_locale":"pt_BR","og_type":"article","og_title":"B\u00caBADO CANTOR RENNER SE ENVOLVE EM MAIS UM ACIDENTE AUTOMOBILISTICO - Blog do Farn\u00e9sio","og_description":"Escondendo o rosto com um bon\u00e9, Renner deixou a delegacia no meio da tarde, depois de pagar uma fian\u00e7a de R$ 10 mil. O cantor Renner, da dupla sertaneja Rick &amp; Renner, foi detido pela pol\u00edcia por dirigir embriagado, depois de bater o carro nesta sexta-feira (26) de manh\u00e3, em S\u00e3o Paulo. Escondendo o rosto com um bon\u00e9, Renner deixou a delegacia no meio da tarde, depois de pagar uma fian\u00e7a de R$ 10 mil. Ele foi preso pela manh\u00e3, quando bateu o carro de luxo que dirigia em um carro estacionado na rua. Ele tentou fugir, bateu em um poste e s\u00f3 parou depois de bater no segundo. Um homem que trabalha perto gravou com um celular Renner cambaleante,&hellip;","og_url":"https:\/\/blogdofarnesio.com.br\/?p=111543","og_site_name":"Blog do Farn\u00e9sio","article_publisher":"https:\/\/www.facebook.com\/BlogQuerSaberPolitica\/","article_published_time":"2014-12-27T20:00:27+00:00","og_image":[{"url":"http:\/\/s04.video.glbimg.com\/x360\/3857211.jpg","type":"","width":"","height":""}],"author":"teste","twitter_card":"summary_large_image","twitter_misc":{"Escrito por":"teste","Est. tempo de leitura":"2 minutos"},"schema":{"@context":"https:\/\/schema.org","@graph":[{"@type":"Article","@id":"https:\/\/blogdofarnesio.com.br\/?p=111543#article","isPartOf":{"@id":"https:\/\/blogdofarnesio.com.br\/?p=111543"},"author":{"name":"teste","@id":"https:\/\/blogdofarnesio.com.br\/#\/schema\/person\/dd1bf5eba40b687199ba45ca6b97dff9"},"headline":"B\u00caBADO CANTOR RENNER SE ENVOLVE EM MAIS UM ACIDENTE AUTOMOBILISTICO","datePublished":"2014-12-27T20:00:27+00:00","mainEntityOfPage":{"@id":"https:\/\/blogdofarnesio.com.br\/?p=111543"},"wordCount":420,"commentCount":0,"publisher":{"@id":"https:\/\/blogdofarnesio.com.br\/#organization"},"image":{"@id":"https:\/\/blogdofarnesio.com.br\/?p=111543#primaryimage"},"thumbnailUrl":"http:\/\/s04.video.glbimg.com\/x360\/3857211.jpg","articleSection":["Tr\u00e2nsito"],"inLanguage":"pt-BR","potentialAction":[{"@type":"CommentAction","name":"Comment","target":["https:\/\/blogdofarnesio.com.br\/?p=111543#respond"]}]},{"@type":"WebPage","@id":"https:\/\/blogdofarnesio.com.br\/?p=111543","url":"https:\/\/blogdofarnesio.com.br\/?p=111543","name":"B\u00caBADO CANTOR RENNER SE ENVOLVE EM MAIS UM ACIDENTE AUTOMOBILISTICO - Blog do Farn\u00e9sio","isPartOf":{"@id":"https:\/\/blogdofarnesio.com.br\/#website"},"primaryImageOfPage":{"@id":"https:\/\/blogdofarnesio.com.br\/?p=111543#primaryimage"},"image":{"@id":"https:\/\/blogdofarnesio.com.br\/?p=111543#primaryimage"},"thumbnailUrl":"http:\/\/s04.video.glbimg.com\/x360\/3857211.jpg","datePublished":"2014-12-27T20:00:27+00:00","breadcrumb":{"@id":"https:\/\/blogdofarnesio.com.br\/?p=111543#breadcrumb"},"inLanguage":"pt-BR","potentialAction":[{"@type":"ReadAction","target":["https:\/\/blogdofarnesio.com.br\/?p=111543"]}]},{"@type":"ImageObject","inLanguage":"pt-BR","@id":"https:\/\/blogdofarnesio.com.br\/?p=111543#primaryimage","url":"http:\/\/s04.video.glbimg.com\/x360\/3857211.jpg","contentUrl":"http:\/\/s04.video.glbimg.com\/x360\/3857211.jpg"},{"@type":"BreadcrumbList","@id":"https:\/\/blogdofarnesio.com.br\/?p=111543#breadcrumb","itemListElement":[{"@type":"ListItem","position":1,"name":"In\u00edcio","item":"https:\/\/blogdofarnesio.com.br\/"},{"@type":"ListItem","position":2,"name":"B\u00caBADO CANTOR RENNER SE ENVOLVE EM MAIS UM ACIDENTE AUTOMOBILISTICO"}]},{"@type":"WebSite","@id":"https:\/\/blogdofarnesio.com.br\/#website","url":"https:\/\/blogdofarnesio.com.br\/","name":"Blog do Farn\u00e9sio","description":"Quer Saber Pol\u00edtica?","publisher":{"@id":"https:\/\/blogdofarnesio.com.br\/#organization"},"potentialAction":[{"@type":"SearchAction","target":{"@type":"EntryPoint","urlTemplate":"https:\/\/blogdofarnesio.com.br\/?s={search_term_string}"},"query-input":{"@type":"PropertyValueSpecification","valueRequired":true,"valueName":"search_term_string"}}],"inLanguage":"pt-BR"},{"@type":"Organization","@id":"https:\/\/blogdofarnesio.com.br\/#organization","name":"Blog do Farn\u00e9sio","url":"https:\/\/blogdofarnesio.com.br\/","logo":{"@type":"ImageObject","inLanguage":"pt-BR","@id":"https:\/\/blogdofarnesio.com.br\/#\/schema\/logo\/image\/","url":"https:\/\/blogdofarnesio.com.br\/wp-content\/uploads\/2026\/03\/cropped-logo_new-1.png","contentUrl":"https:\/\/blogdofarnesio.com.br\/wp-content\/uploads\/2026\/03\/cropped-logo_new-1.png","width":881,"height":685,"caption":"Blog do Farn\u00e9sio"},"image":{"@id":"https:\/\/blogdofarnesio.com.br\/#\/schema\/logo\/image\/"},"sameAs":["https:\/\/www.facebook.com\/BlogQuerSaberPolitica\/"]},{"@type":"Person","@id":"https:\/\/blogdofarnesio.com.br\/#\/schema\/person\/dd1bf5eba40b687199ba45ca6b97dff9","name":"teste","image":{"@type":"ImageObject","inLanguage":"pt-BR","@id":"https:\/\/secure.gravatar.com\/avatar\/2172498d4914b51e1d89a0f97957b035ac4938723a5cac208135d389b6972a6d?s=96&d=mm&r=g","url":"https:\/\/secure.gravatar.com\/avatar\/2172498d4914b51e1d89a0f97957b035ac4938723a5cac208135d389b6972a6d?s=96&d=mm&r=g","contentUrl":"https:\/\/secure.gravatar.com\/avatar\/2172498d4914b51e1d89a0f97957b035ac4938723a5cac208135d389b6972a6d?s=96&d=mm&r=g","caption":"teste"},"url":"https:\/\/blogdofarnesio.com.br\/?author=3"}]}},"_links":{"self":[{"href":"https:\/\/blogdofarnesio.com.br\/index.php?rest_route=\/wp\/v2\/posts\/111543","targetHints":{"allow":["GET"]}}],"collection":[{"href":"https:\/\/blogdofarnesio.com.br\/index.php?rest_route=\/wp\/v2\/posts"}],"about":[{"href":"https:\/\/blogdofarnesio.com.br\/index.php?rest_route=\/wp\/v2\/types\/post"}],"author":[{"embeddable":true,"href":"https:\/\/blogdofarnesio.com.br\/index.php?rest_route=\/wp\/v2\/users\/3"}],"replies":[{"embeddable":true,"href":"https:\/\/blogdofarnesio.com.br\/index.php?rest_route=%2Fwp%2Fv2%2Fcomments&post=111543"}],"version-history":[{"count":0,"href":"https:\/\/blogdofarnesio.com.br\/index.php?rest_route=\/wp\/v2\/posts\/111543\/revisions"}],"wp:attachment":[{"href":"https:\/\/blogdofarnesio.com.br\/index.php?rest_route=%2Fwp%2Fv2%2Fmedia&parent=111543"}],"wp:term":[{"taxonomy":"category","embeddable":true,"href":"https:\/\/blogdofarnesio.com.br\/index.php?rest_route=%2Fwp%2Fv2%2Fcategories&post=111543"},{"taxonomy":"post_tag","embeddable":true,"href":"https:\/\/blogdofarnesio.com.br\/index.php?rest_route=%2Fwp%2Fv2%2Ftags&post=111543"}],"curies":[{"name":"wp","href":"https:\/\/api.w.org\/{rel}","templated":true}]}}