{"id":111252,"date":"2014-12-23T19:57:53","date_gmt":"2014-12-23T22:57:53","guid":{"rendered":"http:\/\/www.quersaberpolitica.com.br\/?p=111252"},"modified":"2014-12-24T13:17:45","modified_gmt":"2014-12-24T16:17:45","slug":"praca-barao-do-rio-branco-e-inaugurada-em-juazeiro","status":"publish","type":"post","link":"https:\/\/blogdofarnesio.com.br\/?p=111252","title":{"rendered":"CAL\u00c7AD\u00c3O DA PRA\u00c7A BAR\u00c3O DO RIO BRANCO \u00c9 INAUGURADA EM JUAZEIRO"},"content":{"rendered":"<p><img loading=\"lazy\" decoding=\"async\" class=\"size-medium wp-image-111253 alignright\" alt=\"blogqsp.pra\u00e7abaraoriobranco\" src=\"http:\/\/www.quersaberpolitica.com.br\/2016\/wp-content\/uploads\/2014\/12\/blogqsp.pra\u00e7abaraoriobranco-300x224.jpg\" width=\"300\" height=\"224\" srcset=\"https:\/\/blogdofarnesio.com.br\/wp-content\/uploads\/2014\/12\/blogqsp.pra\u00e7abaraoriobranco-300x224.jpg 300w, https:\/\/blogdofarnesio.com.br\/wp-content\/uploads\/2014\/12\/blogqsp.pra\u00e7abaraoriobranco-400x300.jpg 400w, https:\/\/blogdofarnesio.com.br\/wp-content\/uploads\/2014\/12\/blogqsp.pra\u00e7abaraoriobranco.jpg 448w\" sizes=\"auto, (max-width: 300px) 100vw, 300px\" \/><\/p>\n<p style=\"text-align: justify\">Foi inaugurada na noite de hoje (23), o cal\u00e7ad\u00e3o da Pra\u00e7a Bar\u00e3o do Rio Branco, no entorno do Pa\u00e7o Municipal. O evento contou com apresenta\u00e7\u00f5es culturais e com as presen\u00e7as dos Secret\u00e1rios, Vereadores, Presidente da C\u00e2mara \u2013 Pedro Filho, do ex candidato a deputado \u2013 Pedro Alc\u00e2ntara, do deputado Crisostomo Lima e a comunidade em geral.<\/p>\n<p style=\"text-align: justify\">A nova pra\u00e7a conta com uma \u00e1rea de 2.600 m\u00b2 de extens\u00e3o e al\u00e9m de receber piso intertravado, bancos, lumin\u00e1rias e plantas ornamentais, a \u00e1rea tamb\u00e9m recebeu servi\u00e7os de drenagem. No seu discurso o Secret\u00e1rio de Turismo, Carlos Neiva, falou que \u00e9 uma felicidade ver o que se foi pensado h\u00e1 muito tempo est\u00e1 se materializando agora. \u201cChegou o momento de concretiza\u00e7\u00e3o, faz 60 anos que essa pra\u00e7a deixou de existir e hoje o prefeito Isaac Carvalho entrega novamente para a popula\u00e7\u00e3o\u201d.<\/p>\n<p style=\"text-align: justify\"><a href=\"http:\/\/www.quersaberpolitica.com.br\/2016\/wp-content\/uploads\/2014\/12\/blogqsp.pra\u00e7abaraoriobranco1.jpg\"><img loading=\"lazy\" decoding=\"async\" class=\"size-medium wp-image-111254 alignleft\" alt=\"blogqsp.pra\u00e7abaraoriobranco1\" src=\"http:\/\/www.quersaberpolitica.com.br\/2016\/wp-content\/uploads\/2014\/12\/blogqsp.pra\u00e7abaraoriobranco1-300x224.jpg\" width=\"300\" height=\"224\" srcset=\"https:\/\/blogdofarnesio.com.br\/wp-content\/uploads\/2014\/12\/blogqsp.pra\u00e7abaraoriobranco1-300x224.jpg 300w, https:\/\/blogdofarnesio.com.br\/wp-content\/uploads\/2014\/12\/blogqsp.pra\u00e7abaraoriobranco1-400x300.jpg 400w, https:\/\/blogdofarnesio.com.br\/wp-content\/uploads\/2014\/12\/blogqsp.pra\u00e7abaraoriobranco1.jpg 448w\" sizes=\"auto, (max-width: 300px) 100vw, 300px\" \/><\/a>Representando o Col\u00e9gio Doutor Edson Ribeiro, Petr\u00f4nio Ara\u00fajo, falou da satisfa\u00e7\u00e3o em participar desse momento. \u201cAgrade\u00e7o a prefeitura de Juazeiro por n\u00f3s proporcionar por este grande momento, Isaac atendeu a uma antiga reivindica\u00e7\u00e3o da popula\u00e7\u00e3o\u201d, disse.<\/p>\n<p style=\"text-align: justify\">Por sua vez, o Prefeito Isaac Carvalho (PCdoB), agradeceu a presen\u00e7a de todos e falou da sua alegria em est\u00e1 resgatando mais uma hist\u00f3ria do munic\u00edpio. \u201cEstamos contribuindo com o desenvolvimento da nossa cidade, esse empreendimento que vai se instalar aqui na pra\u00e7a vai gerar mais neg\u00f3cios e novos empregos. Agrade\u00e7o a todos que trabalhar\u00e3o para a realiza\u00e7\u00e3o da obra e em especial a C\u00e2mara de Vereadores\u201d, concluiu.<\/p>\n<p style=\"text-align: justify\"><em>Thalita Bezerra<\/em><\/p>\n","protected":false},"excerpt":{"rendered":"<p>Foi inaugurada na noite de hoje (23), o cal\u00e7ad\u00e3o da Pra\u00e7a Bar\u00e3o do Rio Branco, no entorno do Pa\u00e7o Municipal. O evento contou com apresenta\u00e7\u00f5es culturais e com as presen\u00e7as dos Secret\u00e1rios, Vereadores, Presidente da C\u00e2mara \u2013 Pedro Filho, do ex candidato a deputado \u2013 Pedro Alc\u00e2ntara, do deputado Crisostomo Lima e a comunidade em geral. A nova pra\u00e7a conta com uma \u00e1rea de 2.600 m\u00b2 de extens\u00e3o e al\u00e9m de receber piso intertravado, bancos, lumin\u00e1rias e plantas ornamentais, a \u00e1rea tamb\u00e9m recebeu servi\u00e7os de drenagem. No seu discurso o Secret\u00e1rio de Turismo, Carlos Neiva, falou que \u00e9 uma felicidade ver o que se foi pensado h\u00e1 muito tempo est\u00e1 se materializando agora. \u201cChegou o momento de concretiza\u00e7\u00e3o, faz 60&hellip; <\/p>\n","protected":false},"author":7,"featured_media":0,"comment_status":"open","ping_status":"open","sticky":false,"template":"","format":"standard","meta":{"_acf_changed":false,"footnotes":""},"categories":[1],"tags":[],"class_list":["post-111252","post","type-post","status-publish","format-standard","hentry","category-politica"],"acf":[],"yoast_head":"<!-- This site is optimized with the Yoast SEO plugin v27.4 - https:\/\/yoast.com\/product\/yoast-seo-wordpress\/ -->\n<title>CAL\u00c7AD\u00c3O DA PRA\u00c7A BAR\u00c3O DO RIO BRANCO \u00c9 INAUGURADA EM JUAZEIRO - Blog do Farn\u00e9sio<\/title>\n<meta name=\"robots\" content=\"index, follow, max-snippet:-1, max-image-preview:large, max-video-preview:-1\" \/>\n<link rel=\"canonical\" href=\"https:\/\/blogdofarnesio.com.br\/?p=111252\" \/>\n<meta property=\"og:locale\" content=\"pt_BR\" \/>\n<meta property=\"og:type\" content=\"article\" \/>\n<meta property=\"og:title\" content=\"CAL\u00c7AD\u00c3O DA PRA\u00c7A BAR\u00c3O DO RIO BRANCO \u00c9 INAUGURADA EM JUAZEIRO - Blog do Farn\u00e9sio\" \/>\n<meta property=\"og:description\" content=\"Foi inaugurada na noite de hoje (23), o cal\u00e7ad\u00e3o da Pra\u00e7a Bar\u00e3o do Rio Branco, no entorno do Pa\u00e7o Municipal. O evento contou com apresenta\u00e7\u00f5es culturais e com as presen\u00e7as dos Secret\u00e1rios, Vereadores, Presidente da C\u00e2mara \u2013 Pedro Filho, do ex candidato a deputado \u2013 Pedro Alc\u00e2ntara, do deputado Crisostomo Lima e a comunidade em geral. A nova pra\u00e7a conta com uma \u00e1rea de 2.600 m\u00b2 de extens\u00e3o e al\u00e9m de receber piso intertravado, bancos, lumin\u00e1rias e plantas ornamentais, a \u00e1rea tamb\u00e9m recebeu servi\u00e7os de drenagem. No seu discurso o Secret\u00e1rio de Turismo, Carlos Neiva, falou que \u00e9 uma felicidade ver o que se foi pensado h\u00e1 muito tempo est\u00e1 se materializando agora. \u201cChegou o momento de concretiza\u00e7\u00e3o, faz 60&hellip;\" \/>\n<meta property=\"og:url\" content=\"https:\/\/blogdofarnesio.com.br\/?p=111252\" \/>\n<meta property=\"og:site_name\" content=\"Blog do Farn\u00e9sio\" \/>\n<meta property=\"article:publisher\" content=\"https:\/\/www.facebook.com\/BlogQuerSaberPolitica\/\" \/>\n<meta property=\"article:published_time\" content=\"2014-12-23T22:57:53+00:00\" \/>\n<meta property=\"article:modified_time\" content=\"2014-12-24T16:17:45+00:00\" \/>\n<meta name=\"twitter:card\" content=\"summary_large_image\" \/>\n<meta name=\"twitter:label1\" content=\"Escrito por\" \/>\n\t<meta name=\"twitter:data1\" content=\"\" \/>\n\t<meta name=\"twitter:label2\" content=\"Est. tempo de leitura\" \/>\n\t<meta name=\"twitter:data2\" content=\"1 minuto\" \/>\n<script type=\"application\/ld+json\" class=\"yoast-schema-graph\">{\"@context\":\"https:\\\/\\\/schema.org\",\"@graph\":[{\"@type\":\"Article\",\"@id\":\"https:\\\/\\\/blogdofarnesio.com.br\\\/?p=111252#article\",\"isPartOf\":{\"@id\":\"https:\\\/\\\/blogdofarnesio.com.br\\\/?p=111252\"},\"author\":{\"name\":\"\",\"@id\":\"\"},\"headline\":\"CAL\u00c7AD\u00c3O DA PRA\u00c7A BAR\u00c3O DO RIO BRANCO \u00c9 INAUGURADA EM JUAZEIRO\",\"datePublished\":\"2014-12-23T22:57:53+00:00\",\"dateModified\":\"2014-12-24T16:17:45+00:00\",\"mainEntityOfPage\":{\"@id\":\"https:\\\/\\\/blogdofarnesio.com.br\\\/?p=111252\"},\"wordCount\":289,\"commentCount\":0,\"publisher\":{\"@id\":\"https:\\\/\\\/blogdofarnesio.com.br\\\/#organization\"},\"articleSection\":[\"Pol\u00edtica\"],\"inLanguage\":\"pt-BR\",\"potentialAction\":[{\"@type\":\"CommentAction\",\"name\":\"Comment\",\"target\":[\"https:\\\/\\\/blogdofarnesio.com.br\\\/?p=111252#respond\"]}]},{\"@type\":\"WebPage\",\"@id\":\"https:\\\/\\\/blogdofarnesio.com.br\\\/?p=111252\",\"url\":\"https:\\\/\\\/blogdofarnesio.com.br\\\/?p=111252\",\"name\":\"CAL\u00c7AD\u00c3O DA PRA\u00c7A BAR\u00c3O DO RIO BRANCO \u00c9 INAUGURADA EM JUAZEIRO - Blog do Farn\u00e9sio\",\"isPartOf\":{\"@id\":\"https:\\\/\\\/blogdofarnesio.com.br\\\/#website\"},\"datePublished\":\"2014-12-23T22:57:53+00:00\",\"dateModified\":\"2014-12-24T16:17:45+00:00\",\"breadcrumb\":{\"@id\":\"https:\\\/\\\/blogdofarnesio.com.br\\\/?p=111252#breadcrumb\"},\"inLanguage\":\"pt-BR\",\"potentialAction\":[{\"@type\":\"ReadAction\",\"target\":[\"https:\\\/\\\/blogdofarnesio.com.br\\\/?p=111252\"]}]},{\"@type\":\"BreadcrumbList\",\"@id\":\"https:\\\/\\\/blogdofarnesio.com.br\\\/?p=111252#breadcrumb\",\"itemListElement\":[{\"@type\":\"ListItem\",\"position\":1,\"name\":\"In\u00edcio\",\"item\":\"https:\\\/\\\/blogdofarnesio.com.br\\\/\"},{\"@type\":\"ListItem\",\"position\":2,\"name\":\"CAL\u00c7AD\u00c3O DA PRA\u00c7A BAR\u00c3O DO RIO BRANCO \u00c9 INAUGURADA EM JUAZEIRO\"}]},{\"@type\":\"WebSite\",\"@id\":\"https:\\\/\\\/blogdofarnesio.com.br\\\/#website\",\"url\":\"https:\\\/\\\/blogdofarnesio.com.br\\\/\",\"name\":\"Blog do Farn\u00e9sio\",\"description\":\"Quer Saber Pol\u00edtica?\",\"publisher\":{\"@id\":\"https:\\\/\\\/blogdofarnesio.com.br\\\/#organization\"},\"potentialAction\":[{\"@type\":\"SearchAction\",\"target\":{\"@type\":\"EntryPoint\",\"urlTemplate\":\"https:\\\/\\\/blogdofarnesio.com.br\\\/?s={search_term_string}\"},\"query-input\":{\"@type\":\"PropertyValueSpecification\",\"valueRequired\":true,\"valueName\":\"search_term_string\"}}],\"inLanguage\":\"pt-BR\"},{\"@type\":\"Organization\",\"@id\":\"https:\\\/\\\/blogdofarnesio.com.br\\\/#organization\",\"name\":\"Blog do Farn\u00e9sio\",\"url\":\"https:\\\/\\\/blogdofarnesio.com.br\\\/\",\"logo\":{\"@type\":\"ImageObject\",\"inLanguage\":\"pt-BR\",\"@id\":\"https:\\\/\\\/blogdofarnesio.com.br\\\/#\\\/schema\\\/logo\\\/image\\\/\",\"url\":\"https:\\\/\\\/blogdofarnesio.com.br\\\/wp-content\\\/uploads\\\/2026\\\/03\\\/cropped-logo_new-1.png\",\"contentUrl\":\"https:\\\/\\\/blogdofarnesio.com.br\\\/wp-content\\\/uploads\\\/2026\\\/03\\\/cropped-logo_new-1.png\",\"width\":881,\"height\":685,\"caption\":\"Blog do Farn\u00e9sio\"},\"image\":{\"@id\":\"https:\\\/\\\/blogdofarnesio.com.br\\\/#\\\/schema\\\/logo\\\/image\\\/\"},\"sameAs\":[\"https:\\\/\\\/www.facebook.com\\\/BlogQuerSaberPolitica\\\/\"]},{\"@type\":\"Person\",\"@id\":\"\",\"url\":\"https:\\\/\\\/blogdofarnesio.com.br\\\/?author=7\"}]}<\/script>\n<!-- \/ Yoast SEO plugin. -->","yoast_head_json":{"title":"CAL\u00c7AD\u00c3O DA PRA\u00c7A BAR\u00c3O DO RIO BRANCO \u00c9 INAUGURADA EM JUAZEIRO - Blog do Farn\u00e9sio","robots":{"index":"index","follow":"follow","max-snippet":"max-snippet:-1","max-image-preview":"max-image-preview:large","max-video-preview":"max-video-preview:-1"},"canonical":"https:\/\/blogdofarnesio.com.br\/?p=111252","og_locale":"pt_BR","og_type":"article","og_title":"CAL\u00c7AD\u00c3O DA PRA\u00c7A BAR\u00c3O DO RIO BRANCO \u00c9 INAUGURADA EM JUAZEIRO - Blog do Farn\u00e9sio","og_description":"Foi inaugurada na noite de hoje (23), o cal\u00e7ad\u00e3o da Pra\u00e7a Bar\u00e3o do Rio Branco, no entorno do Pa\u00e7o Municipal. O evento contou com apresenta\u00e7\u00f5es culturais e com as presen\u00e7as dos Secret\u00e1rios, Vereadores, Presidente da C\u00e2mara \u2013 Pedro Filho, do ex candidato a deputado \u2013 Pedro Alc\u00e2ntara, do deputado Crisostomo Lima e a comunidade em geral. A nova pra\u00e7a conta com uma \u00e1rea de 2.600 m\u00b2 de extens\u00e3o e al\u00e9m de receber piso intertravado, bancos, lumin\u00e1rias e plantas ornamentais, a \u00e1rea tamb\u00e9m recebeu servi\u00e7os de drenagem. No seu discurso o Secret\u00e1rio de Turismo, Carlos Neiva, falou que \u00e9 uma felicidade ver o que se foi pensado h\u00e1 muito tempo est\u00e1 se materializando agora. \u201cChegou o momento de concretiza\u00e7\u00e3o, faz 60&hellip;","og_url":"https:\/\/blogdofarnesio.com.br\/?p=111252","og_site_name":"Blog do Farn\u00e9sio","article_publisher":"https:\/\/www.facebook.com\/BlogQuerSaberPolitica\/","article_published_time":"2014-12-23T22:57:53+00:00","article_modified_time":"2014-12-24T16:17:45+00:00","twitter_card":"summary_large_image","twitter_misc":{"Escrito por":"","Est. tempo de leitura":"1 minuto"},"schema":{"@context":"https:\/\/schema.org","@graph":[{"@type":"Article","@id":"https:\/\/blogdofarnesio.com.br\/?p=111252#article","isPartOf":{"@id":"https:\/\/blogdofarnesio.com.br\/?p=111252"},"author":{"name":"","@id":""},"headline":"CAL\u00c7AD\u00c3O DA PRA\u00c7A BAR\u00c3O DO RIO BRANCO \u00c9 INAUGURADA EM JUAZEIRO","datePublished":"2014-12-23T22:57:53+00:00","dateModified":"2014-12-24T16:17:45+00:00","mainEntityOfPage":{"@id":"https:\/\/blogdofarnesio.com.br\/?p=111252"},"wordCount":289,"commentCount":0,"publisher":{"@id":"https:\/\/blogdofarnesio.com.br\/#organization"},"articleSection":["Pol\u00edtica"],"inLanguage":"pt-BR","potentialAction":[{"@type":"CommentAction","name":"Comment","target":["https:\/\/blogdofarnesio.com.br\/?p=111252#respond"]}]},{"@type":"WebPage","@id":"https:\/\/blogdofarnesio.com.br\/?p=111252","url":"https:\/\/blogdofarnesio.com.br\/?p=111252","name":"CAL\u00c7AD\u00c3O DA PRA\u00c7A BAR\u00c3O DO RIO BRANCO \u00c9 INAUGURADA EM JUAZEIRO - Blog do Farn\u00e9sio","isPartOf":{"@id":"https:\/\/blogdofarnesio.com.br\/#website"},"datePublished":"2014-12-23T22:57:53+00:00","dateModified":"2014-12-24T16:17:45+00:00","breadcrumb":{"@id":"https:\/\/blogdofarnesio.com.br\/?p=111252#breadcrumb"},"inLanguage":"pt-BR","potentialAction":[{"@type":"ReadAction","target":["https:\/\/blogdofarnesio.com.br\/?p=111252"]}]},{"@type":"BreadcrumbList","@id":"https:\/\/blogdofarnesio.com.br\/?p=111252#breadcrumb","itemListElement":[{"@type":"ListItem","position":1,"name":"In\u00edcio","item":"https:\/\/blogdofarnesio.com.br\/"},{"@type":"ListItem","position":2,"name":"CAL\u00c7AD\u00c3O DA PRA\u00c7A BAR\u00c3O DO RIO BRANCO \u00c9 INAUGURADA EM JUAZEIRO"}]},{"@type":"WebSite","@id":"https:\/\/blogdofarnesio.com.br\/#website","url":"https:\/\/blogdofarnesio.com.br\/","name":"Blog do Farn\u00e9sio","description":"Quer Saber Pol\u00edtica?","publisher":{"@id":"https:\/\/blogdofarnesio.com.br\/#organization"},"potentialAction":[{"@type":"SearchAction","target":{"@type":"EntryPoint","urlTemplate":"https:\/\/blogdofarnesio.com.br\/?s={search_term_string}"},"query-input":{"@type":"PropertyValueSpecification","valueRequired":true,"valueName":"search_term_string"}}],"inLanguage":"pt-BR"},{"@type":"Organization","@id":"https:\/\/blogdofarnesio.com.br\/#organization","name":"Blog do Farn\u00e9sio","url":"https:\/\/blogdofarnesio.com.br\/","logo":{"@type":"ImageObject","inLanguage":"pt-BR","@id":"https:\/\/blogdofarnesio.com.br\/#\/schema\/logo\/image\/","url":"https:\/\/blogdofarnesio.com.br\/wp-content\/uploads\/2026\/03\/cropped-logo_new-1.png","contentUrl":"https:\/\/blogdofarnesio.com.br\/wp-content\/uploads\/2026\/03\/cropped-logo_new-1.png","width":881,"height":685,"caption":"Blog do Farn\u00e9sio"},"image":{"@id":"https:\/\/blogdofarnesio.com.br\/#\/schema\/logo\/image\/"},"sameAs":["https:\/\/www.facebook.com\/BlogQuerSaberPolitica\/"]},{"@type":"Person","@id":"","url":"https:\/\/blogdofarnesio.com.br\/?author=7"}]}},"_links":{"self":[{"href":"https:\/\/blogdofarnesio.com.br\/index.php?rest_route=\/wp\/v2\/posts\/111252","targetHints":{"allow":["GET"]}}],"collection":[{"href":"https:\/\/blogdofarnesio.com.br\/index.php?rest_route=\/wp\/v2\/posts"}],"about":[{"href":"https:\/\/blogdofarnesio.com.br\/index.php?rest_route=\/wp\/v2\/types\/post"}],"author":[{"embeddable":true,"href":"https:\/\/blogdofarnesio.com.br\/index.php?rest_route=\/wp\/v2\/users\/7"}],"replies":[{"embeddable":true,"href":"https:\/\/blogdofarnesio.com.br\/index.php?rest_route=%2Fwp%2Fv2%2Fcomments&post=111252"}],"version-history":[{"count":0,"href":"https:\/\/blogdofarnesio.com.br\/index.php?rest_route=\/wp\/v2\/posts\/111252\/revisions"}],"wp:attachment":[{"href":"https:\/\/blogdofarnesio.com.br\/index.php?rest_route=%2Fwp%2Fv2%2Fmedia&parent=111252"}],"wp:term":[{"taxonomy":"category","embeddable":true,"href":"https:\/\/blogdofarnesio.com.br\/index.php?rest_route=%2Fwp%2Fv2%2Fcategories&post=111252"},{"taxonomy":"post_tag","embeddable":true,"href":"https:\/\/blogdofarnesio.com.br\/index.php?rest_route=%2Fwp%2Fv2%2Ftags&post=111252"}],"curies":[{"name":"wp","href":"https:\/\/api.w.org\/{rel}","templated":true}]}}