{"id":111198,"date":"2014-12-23T17:00:03","date_gmt":"2014-12-23T20:00:03","guid":{"rendered":"http:\/\/www.quersaberpolitica.com.br\/?p=111198"},"modified":"2014-12-23T18:00:24","modified_gmt":"2014-12-23T21:00:24","slug":"direto-de-sento-se-121","status":"publish","type":"post","link":"https:\/\/blogdofarnesio.com.br\/?p=111198","title":{"rendered":"DIRETO DE SENTO S\u00c9"},"content":{"rendered":"<p style=\"text-align: center\"><strong>PARTIDO DOS TRABALHADORES EXPULSA O VEREADOR JAMERSON SANTIAGO<\/strong><\/p>\n<p style=\"text-align: justify\"><img loading=\"lazy\" decoding=\"async\" class=\"size-medium wp-image-111199 aligncenter\" style=\"color: #333333;font-style: normal\" alt=\"blogqsp.vereadore e Jamerson\" src=\"http:\/\/www.quersaberpolitica.com.br\/2016\/wp-content\/uploads\/2014\/12\/blogqsp.vereadore-e-Jamerson-300x138.jpg\" width=\"300\" height=\"138\" srcset=\"https:\/\/blogdofarnesio.com.br\/wp-content\/uploads\/2014\/12\/blogqsp.vereadore-e-Jamerson-300x138.jpg 300w, https:\/\/blogdofarnesio.com.br\/wp-content\/uploads\/2014\/12\/blogqsp.vereadore-e-Jamerson.jpg 448w\" sizes=\"auto, (max-width: 300px) 100vw, 300px\" \/>Em nota enviado ao <strong>Blogqsp<\/strong>, o PT de Sento S\u00e9 informou que\u00a0mesmo com atraso, por decis\u00e3o de reuni\u00e3o extraordin\u00e1ria em 20\/12\/2014, tem o dever de tornar p\u00fablico que a sua Diretoria Executiva, composta de sete diretores\/as, mais o vereador L\u00edder da Bancada, optou pela expuls\u00e3o do seu vereador Jamerson Santiago dos Santos, a ser concretizada finalmente em reuni\u00e3o do Diret\u00f3rio Municipal, por raz\u00f5es, pol\u00edtica, social, moral, no que passamos e relatar:<\/p>\n<p style=\"text-align: justify\">1. Desde dezembro de 2012 o PT se sentiu tra\u00eddo por ele e outro vereador, ambos eleitos pelo partido. Felizmente, o outro j\u00e1 se desfilou do PT desde 2013 e o PT\/BA, a pedido do PT local, briga na justi\u00e7a para tomar o mandato que segundo a lei, \u00e9 do partido.<\/p>\n<p style=\"text-align: justify\">2. Temos certeza que o motivo que os levou para o grupo direitista liderado pelo PSDB, n\u00e3o foi pol\u00edtico, nem \u00e9tico, nem de qualquer interesse p\u00fablico comunit\u00e1rio.<\/p>\n<p style=\"text-align: justify\">3.\u201cJamerson Pescador\u201d, como \u00e9 mais conhecido,\u00a0\u00a0junto a outros vereadores v\u00eam prestando um desservi\u00e7o ao munic\u00edpio: contribuindo para agravar a crise social municipal; traindo ao importante papel a ser prestado pelo admir\u00e1vel cargo de vereador e desmoralizando o extraordin\u00e1rio Poder Legislativo.<\/p>\n<p style=\"text-align: justify\">4.Portanto, a conduta pol\u00edtica de dois dos vereadores eleitos pelo PT envergonhou e contrariou filiadas\/as, e, continua decepcionando<!--more--> a parte mais l\u00facida da sociedade local. Oportuno, ainda, pedir desculpa \u00e0 popula\u00e7\u00e3o pelo papel vergonhoso e a contribui\u00e7\u00e3o negativa que d\u00e3o, depondo, assim, contra a grandeza que a Pol\u00edtica Institucional, tem naturalmente.<\/p>\n<p style=\"text-align: justify\">5. De modo que, informamos ainda, que est\u00e3o \u201ccortadas\u201d, todas e qualquer rela\u00e7\u00e3o pol\u00edtica entre o vereador \u201cJamerson Pescador\u201d e o PT, e, que depois da expuls\u00e3o finalizada, ser\u00e3o tomadas as demais provid\u00eancias legais e cab\u00edveis.<\/p>\n<p style=\"text-align: justify\">Esse assunto foi discutido exaustivamente e aprovado unanimemente pelo partido, incluindo toda e qualquer figura que eventualmente possa ser mais expressiva dentro do PT.<\/p>\n","protected":false},"excerpt":{"rendered":"<p>PARTIDO DOS TRABALHADORES EXPULSA O VEREADOR JAMERSON SANTIAGO Em nota enviado ao Blogqsp, o PT de Sento S\u00e9 informou que\u00a0mesmo com atraso, por decis\u00e3o de reuni\u00e3o extraordin\u00e1ria em 20\/12\/2014, tem o dever de tornar p\u00fablico que a sua Diretoria Executiva, composta de sete diretores\/as, mais o vereador L\u00edder da Bancada, optou pela expuls\u00e3o do seu vereador Jamerson Santiago dos Santos, a ser concretizada finalmente em reuni\u00e3o do Diret\u00f3rio Municipal, por raz\u00f5es, pol\u00edtica, social, moral, no que passamos e relatar: 1. Desde dezembro de 2012 o PT se sentiu tra\u00eddo por ele e outro vereador, ambos eleitos pelo partido. Felizmente, o outro j\u00e1 se desfilou do PT desde 2013 e o PT\/BA, a pedido do PT local, briga na justi\u00e7a para&hellip; <\/p>\n","protected":false},"author":7,"featured_media":0,"comment_status":"open","ping_status":"open","sticky":false,"template":"","format":"standard","meta":{"_acf_changed":false,"footnotes":""},"categories":[27,1],"tags":[],"class_list":["post-111198","post","type-post","status-publish","format-standard","hentry","category-cidades","category-politica"],"acf":[],"yoast_head":"<!-- This site is optimized with the Yoast SEO plugin v27.4 - https:\/\/yoast.com\/product\/yoast-seo-wordpress\/ -->\n<title>DIRETO DE SENTO S\u00c9  - Blog do Farn\u00e9sio<\/title>\n<meta name=\"robots\" content=\"index, follow, max-snippet:-1, max-image-preview:large, max-video-preview:-1\" \/>\n<link rel=\"canonical\" href=\"https:\/\/blogdofarnesio.com.br\/?p=111198\" \/>\n<meta property=\"og:locale\" content=\"pt_BR\" \/>\n<meta property=\"og:type\" content=\"article\" \/>\n<meta property=\"og:title\" content=\"DIRETO DE SENTO S\u00c9  - Blog do Farn\u00e9sio\" \/>\n<meta property=\"og:description\" content=\"PARTIDO DOS TRABALHADORES EXPULSA O VEREADOR JAMERSON SANTIAGO Em nota enviado ao Blogqsp, o PT de Sento S\u00e9 informou que\u00a0mesmo com atraso, por decis\u00e3o de reuni\u00e3o extraordin\u00e1ria em 20\/12\/2014, tem o dever de tornar p\u00fablico que a sua Diretoria Executiva, composta de sete diretores\/as, mais o vereador L\u00edder da Bancada, optou pela expuls\u00e3o do seu vereador Jamerson Santiago dos Santos, a ser concretizada finalmente em reuni\u00e3o do Diret\u00f3rio Municipal, por raz\u00f5es, pol\u00edtica, social, moral, no que passamos e relatar: 1. Desde dezembro de 2012 o PT se sentiu tra\u00eddo por ele e outro vereador, ambos eleitos pelo partido. Felizmente, o outro j\u00e1 se desfilou do PT desde 2013 e o PT\/BA, a pedido do PT local, briga na justi\u00e7a para&hellip;\" \/>\n<meta property=\"og:url\" content=\"https:\/\/blogdofarnesio.com.br\/?p=111198\" \/>\n<meta property=\"og:site_name\" content=\"Blog do Farn\u00e9sio\" \/>\n<meta property=\"article:publisher\" content=\"https:\/\/www.facebook.com\/BlogQuerSaberPolitica\/\" \/>\n<meta property=\"article:published_time\" content=\"2014-12-23T20:00:03+00:00\" \/>\n<meta property=\"article:modified_time\" content=\"2014-12-23T21:00:24+00:00\" \/>\n<meta property=\"og:image\" content=\"http:\/\/www.quersaberpolitica.com.br\/2016\/wp-content\/uploads\/2014\/12\/blogqsp.vereadore-e-Jamerson-300x138.jpg\" \/>\n<meta name=\"twitter:card\" content=\"summary_large_image\" \/>\n<meta name=\"twitter:label1\" content=\"Escrito por\" \/>\n\t<meta name=\"twitter:data1\" content=\"\" \/>\n\t<meta name=\"twitter:label2\" content=\"Est. tempo de leitura\" \/>\n\t<meta name=\"twitter:data2\" content=\"2 minutos\" \/>\n<script type=\"application\/ld+json\" class=\"yoast-schema-graph\">{\"@context\":\"https:\\\/\\\/schema.org\",\"@graph\":[{\"@type\":\"Article\",\"@id\":\"https:\\\/\\\/blogdofarnesio.com.br\\\/?p=111198#article\",\"isPartOf\":{\"@id\":\"https:\\\/\\\/blogdofarnesio.com.br\\\/?p=111198\"},\"author\":{\"name\":\"\",\"@id\":\"\"},\"headline\":\"DIRETO DE SENTO S\u00c9\",\"datePublished\":\"2014-12-23T20:00:03+00:00\",\"dateModified\":\"2014-12-23T21:00:24+00:00\",\"mainEntityOfPage\":{\"@id\":\"https:\\\/\\\/blogdofarnesio.com.br\\\/?p=111198\"},\"wordCount\":342,\"commentCount\":2,\"publisher\":{\"@id\":\"https:\\\/\\\/blogdofarnesio.com.br\\\/#organization\"},\"image\":{\"@id\":\"https:\\\/\\\/blogdofarnesio.com.br\\\/?p=111198#primaryimage\"},\"thumbnailUrl\":\"http:\\\/\\\/www.quersaberpolitica.com.br\\\/2016\\\/wp-content\\\/uploads\\\/2014\\\/12\\\/blogqsp.vereadore-e-Jamerson-300x138.jpg\",\"articleSection\":[\"Cidades\",\"Pol\u00edtica\"],\"inLanguage\":\"pt-BR\",\"potentialAction\":[{\"@type\":\"CommentAction\",\"name\":\"Comment\",\"target\":[\"https:\\\/\\\/blogdofarnesio.com.br\\\/?p=111198#respond\"]}]},{\"@type\":\"WebPage\",\"@id\":\"https:\\\/\\\/blogdofarnesio.com.br\\\/?p=111198\",\"url\":\"https:\\\/\\\/blogdofarnesio.com.br\\\/?p=111198\",\"name\":\"DIRETO DE SENTO S\u00c9 - Blog do Farn\u00e9sio\",\"isPartOf\":{\"@id\":\"https:\\\/\\\/blogdofarnesio.com.br\\\/#website\"},\"primaryImageOfPage\":{\"@id\":\"https:\\\/\\\/blogdofarnesio.com.br\\\/?p=111198#primaryimage\"},\"image\":{\"@id\":\"https:\\\/\\\/blogdofarnesio.com.br\\\/?p=111198#primaryimage\"},\"thumbnailUrl\":\"http:\\\/\\\/www.quersaberpolitica.com.br\\\/2016\\\/wp-content\\\/uploads\\\/2014\\\/12\\\/blogqsp.vereadore-e-Jamerson-300x138.jpg\",\"datePublished\":\"2014-12-23T20:00:03+00:00\",\"dateModified\":\"2014-12-23T21:00:24+00:00\",\"breadcrumb\":{\"@id\":\"https:\\\/\\\/blogdofarnesio.com.br\\\/?p=111198#breadcrumb\"},\"inLanguage\":\"pt-BR\",\"potentialAction\":[{\"@type\":\"ReadAction\",\"target\":[\"https:\\\/\\\/blogdofarnesio.com.br\\\/?p=111198\"]}]},{\"@type\":\"ImageObject\",\"inLanguage\":\"pt-BR\",\"@id\":\"https:\\\/\\\/blogdofarnesio.com.br\\\/?p=111198#primaryimage\",\"url\":\"http:\\\/\\\/www.quersaberpolitica.com.br\\\/2016\\\/wp-content\\\/uploads\\\/2014\\\/12\\\/blogqsp.vereadore-e-Jamerson-300x138.jpg\",\"contentUrl\":\"http:\\\/\\\/www.quersaberpolitica.com.br\\\/2016\\\/wp-content\\\/uploads\\\/2014\\\/12\\\/blogqsp.vereadore-e-Jamerson-300x138.jpg\"},{\"@type\":\"BreadcrumbList\",\"@id\":\"https:\\\/\\\/blogdofarnesio.com.br\\\/?p=111198#breadcrumb\",\"itemListElement\":[{\"@type\":\"ListItem\",\"position\":1,\"name\":\"In\u00edcio\",\"item\":\"https:\\\/\\\/blogdofarnesio.com.br\\\/\"},{\"@type\":\"ListItem\",\"position\":2,\"name\":\"DIRETO DE SENTO S\u00c9\"}]},{\"@type\":\"WebSite\",\"@id\":\"https:\\\/\\\/blogdofarnesio.com.br\\\/#website\",\"url\":\"https:\\\/\\\/blogdofarnesio.com.br\\\/\",\"name\":\"Blog do Farn\u00e9sio\",\"description\":\"Quer Saber Pol\u00edtica?\",\"publisher\":{\"@id\":\"https:\\\/\\\/blogdofarnesio.com.br\\\/#organization\"},\"potentialAction\":[{\"@type\":\"SearchAction\",\"target\":{\"@type\":\"EntryPoint\",\"urlTemplate\":\"https:\\\/\\\/blogdofarnesio.com.br\\\/?s={search_term_string}\"},\"query-input\":{\"@type\":\"PropertyValueSpecification\",\"valueRequired\":true,\"valueName\":\"search_term_string\"}}],\"inLanguage\":\"pt-BR\"},{\"@type\":\"Organization\",\"@id\":\"https:\\\/\\\/blogdofarnesio.com.br\\\/#organization\",\"name\":\"Blog do Farn\u00e9sio\",\"url\":\"https:\\\/\\\/blogdofarnesio.com.br\\\/\",\"logo\":{\"@type\":\"ImageObject\",\"inLanguage\":\"pt-BR\",\"@id\":\"https:\\\/\\\/blogdofarnesio.com.br\\\/#\\\/schema\\\/logo\\\/image\\\/\",\"url\":\"https:\\\/\\\/blogdofarnesio.com.br\\\/wp-content\\\/uploads\\\/2026\\\/03\\\/cropped-logo_new-1.png\",\"contentUrl\":\"https:\\\/\\\/blogdofarnesio.com.br\\\/wp-content\\\/uploads\\\/2026\\\/03\\\/cropped-logo_new-1.png\",\"width\":881,\"height\":685,\"caption\":\"Blog do Farn\u00e9sio\"},\"image\":{\"@id\":\"https:\\\/\\\/blogdofarnesio.com.br\\\/#\\\/schema\\\/logo\\\/image\\\/\"},\"sameAs\":[\"https:\\\/\\\/www.facebook.com\\\/BlogQuerSaberPolitica\\\/\"]},{\"@type\":\"Person\",\"@id\":\"\",\"url\":\"https:\\\/\\\/blogdofarnesio.com.br\\\/?author=7\"}]}<\/script>\n<!-- \/ Yoast SEO plugin. -->","yoast_head_json":{"title":"DIRETO DE SENTO S\u00c9  - Blog do Farn\u00e9sio","robots":{"index":"index","follow":"follow","max-snippet":"max-snippet:-1","max-image-preview":"max-image-preview:large","max-video-preview":"max-video-preview:-1"},"canonical":"https:\/\/blogdofarnesio.com.br\/?p=111198","og_locale":"pt_BR","og_type":"article","og_title":"DIRETO DE SENTO S\u00c9  - Blog do Farn\u00e9sio","og_description":"PARTIDO DOS TRABALHADORES EXPULSA O VEREADOR JAMERSON SANTIAGO Em nota enviado ao Blogqsp, o PT de Sento S\u00e9 informou que\u00a0mesmo com atraso, por decis\u00e3o de reuni\u00e3o extraordin\u00e1ria em 20\/12\/2014, tem o dever de tornar p\u00fablico que a sua Diretoria Executiva, composta de sete diretores\/as, mais o vereador L\u00edder da Bancada, optou pela expuls\u00e3o do seu vereador Jamerson Santiago dos Santos, a ser concretizada finalmente em reuni\u00e3o do Diret\u00f3rio Municipal, por raz\u00f5es, pol\u00edtica, social, moral, no que passamos e relatar: 1. Desde dezembro de 2012 o PT se sentiu tra\u00eddo por ele e outro vereador, ambos eleitos pelo partido. Felizmente, o outro j\u00e1 se desfilou do PT desde 2013 e o PT\/BA, a pedido do PT local, briga na justi\u00e7a para&hellip;","og_url":"https:\/\/blogdofarnesio.com.br\/?p=111198","og_site_name":"Blog do Farn\u00e9sio","article_publisher":"https:\/\/www.facebook.com\/BlogQuerSaberPolitica\/","article_published_time":"2014-12-23T20:00:03+00:00","article_modified_time":"2014-12-23T21:00:24+00:00","og_image":[{"url":"http:\/\/www.quersaberpolitica.com.br\/2016\/wp-content\/uploads\/2014\/12\/blogqsp.vereadore-e-Jamerson-300x138.jpg","type":"","width":"","height":""}],"twitter_card":"summary_large_image","twitter_misc":{"Escrito por":"","Est. tempo de leitura":"2 minutos"},"schema":{"@context":"https:\/\/schema.org","@graph":[{"@type":"Article","@id":"https:\/\/blogdofarnesio.com.br\/?p=111198#article","isPartOf":{"@id":"https:\/\/blogdofarnesio.com.br\/?p=111198"},"author":{"name":"","@id":""},"headline":"DIRETO DE SENTO S\u00c9","datePublished":"2014-12-23T20:00:03+00:00","dateModified":"2014-12-23T21:00:24+00:00","mainEntityOfPage":{"@id":"https:\/\/blogdofarnesio.com.br\/?p=111198"},"wordCount":342,"commentCount":2,"publisher":{"@id":"https:\/\/blogdofarnesio.com.br\/#organization"},"image":{"@id":"https:\/\/blogdofarnesio.com.br\/?p=111198#primaryimage"},"thumbnailUrl":"http:\/\/www.quersaberpolitica.com.br\/2016\/wp-content\/uploads\/2014\/12\/blogqsp.vereadore-e-Jamerson-300x138.jpg","articleSection":["Cidades","Pol\u00edtica"],"inLanguage":"pt-BR","potentialAction":[{"@type":"CommentAction","name":"Comment","target":["https:\/\/blogdofarnesio.com.br\/?p=111198#respond"]}]},{"@type":"WebPage","@id":"https:\/\/blogdofarnesio.com.br\/?p=111198","url":"https:\/\/blogdofarnesio.com.br\/?p=111198","name":"DIRETO DE SENTO S\u00c9 - Blog do Farn\u00e9sio","isPartOf":{"@id":"https:\/\/blogdofarnesio.com.br\/#website"},"primaryImageOfPage":{"@id":"https:\/\/blogdofarnesio.com.br\/?p=111198#primaryimage"},"image":{"@id":"https:\/\/blogdofarnesio.com.br\/?p=111198#primaryimage"},"thumbnailUrl":"http:\/\/www.quersaberpolitica.com.br\/2016\/wp-content\/uploads\/2014\/12\/blogqsp.vereadore-e-Jamerson-300x138.jpg","datePublished":"2014-12-23T20:00:03+00:00","dateModified":"2014-12-23T21:00:24+00:00","breadcrumb":{"@id":"https:\/\/blogdofarnesio.com.br\/?p=111198#breadcrumb"},"inLanguage":"pt-BR","potentialAction":[{"@type":"ReadAction","target":["https:\/\/blogdofarnesio.com.br\/?p=111198"]}]},{"@type":"ImageObject","inLanguage":"pt-BR","@id":"https:\/\/blogdofarnesio.com.br\/?p=111198#primaryimage","url":"http:\/\/www.quersaberpolitica.com.br\/2016\/wp-content\/uploads\/2014\/12\/blogqsp.vereadore-e-Jamerson-300x138.jpg","contentUrl":"http:\/\/www.quersaberpolitica.com.br\/2016\/wp-content\/uploads\/2014\/12\/blogqsp.vereadore-e-Jamerson-300x138.jpg"},{"@type":"BreadcrumbList","@id":"https:\/\/blogdofarnesio.com.br\/?p=111198#breadcrumb","itemListElement":[{"@type":"ListItem","position":1,"name":"In\u00edcio","item":"https:\/\/blogdofarnesio.com.br\/"},{"@type":"ListItem","position":2,"name":"DIRETO DE SENTO S\u00c9"}]},{"@type":"WebSite","@id":"https:\/\/blogdofarnesio.com.br\/#website","url":"https:\/\/blogdofarnesio.com.br\/","name":"Blog do Farn\u00e9sio","description":"Quer Saber Pol\u00edtica?","publisher":{"@id":"https:\/\/blogdofarnesio.com.br\/#organization"},"potentialAction":[{"@type":"SearchAction","target":{"@type":"EntryPoint","urlTemplate":"https:\/\/blogdofarnesio.com.br\/?s={search_term_string}"},"query-input":{"@type":"PropertyValueSpecification","valueRequired":true,"valueName":"search_term_string"}}],"inLanguage":"pt-BR"},{"@type":"Organization","@id":"https:\/\/blogdofarnesio.com.br\/#organization","name":"Blog do Farn\u00e9sio","url":"https:\/\/blogdofarnesio.com.br\/","logo":{"@type":"ImageObject","inLanguage":"pt-BR","@id":"https:\/\/blogdofarnesio.com.br\/#\/schema\/logo\/image\/","url":"https:\/\/blogdofarnesio.com.br\/wp-content\/uploads\/2026\/03\/cropped-logo_new-1.png","contentUrl":"https:\/\/blogdofarnesio.com.br\/wp-content\/uploads\/2026\/03\/cropped-logo_new-1.png","width":881,"height":685,"caption":"Blog do Farn\u00e9sio"},"image":{"@id":"https:\/\/blogdofarnesio.com.br\/#\/schema\/logo\/image\/"},"sameAs":["https:\/\/www.facebook.com\/BlogQuerSaberPolitica\/"]},{"@type":"Person","@id":"","url":"https:\/\/blogdofarnesio.com.br\/?author=7"}]}},"_links":{"self":[{"href":"https:\/\/blogdofarnesio.com.br\/index.php?rest_route=\/wp\/v2\/posts\/111198","targetHints":{"allow":["GET"]}}],"collection":[{"href":"https:\/\/blogdofarnesio.com.br\/index.php?rest_route=\/wp\/v2\/posts"}],"about":[{"href":"https:\/\/blogdofarnesio.com.br\/index.php?rest_route=\/wp\/v2\/types\/post"}],"author":[{"embeddable":true,"href":"https:\/\/blogdofarnesio.com.br\/index.php?rest_route=\/wp\/v2\/users\/7"}],"replies":[{"embeddable":true,"href":"https:\/\/blogdofarnesio.com.br\/index.php?rest_route=%2Fwp%2Fv2%2Fcomments&post=111198"}],"version-history":[{"count":0,"href":"https:\/\/blogdofarnesio.com.br\/index.php?rest_route=\/wp\/v2\/posts\/111198\/revisions"}],"wp:attachment":[{"href":"https:\/\/blogdofarnesio.com.br\/index.php?rest_route=%2Fwp%2Fv2%2Fmedia&parent=111198"}],"wp:term":[{"taxonomy":"category","embeddable":true,"href":"https:\/\/blogdofarnesio.com.br\/index.php?rest_route=%2Fwp%2Fv2%2Fcategories&post=111198"},{"taxonomy":"post_tag","embeddable":true,"href":"https:\/\/blogdofarnesio.com.br\/index.php?rest_route=%2Fwp%2Fv2%2Ftags&post=111198"}],"curies":[{"name":"wp","href":"https:\/\/api.w.org\/{rel}","templated":true}]}}