{"id":11055,"date":"2012-02-13T09:29:18","date_gmt":"2012-02-13T09:29:18","guid":{"rendered":"http:\/\/www.quersaberpolitica.com.br?p=11055"},"modified":"2012-02-13T09:32:45","modified_gmt":"2012-02-13T09:32:45","slug":"paisagens-e-sistema-ferroviario-europeus-sao-representados-em-exposicao-no-museu-do-sertao-em-petrolina","status":"publish","type":"post","link":"https:\/\/blogdofarnesio.com.br\/?p=11055","title":{"rendered":"Paisagens e Sistema Ferrovi\u00e1rio Europeus s\u00e3o representados em exposi\u00e7\u00e3o no Museu do Sert\u00e3o em Petrolina"},"content":{"rendered":"<p style=\"text-align: justify;\"><span style=\"font-size: small;\"><a rel=\"lightbox\" href=\"http:\/\/www.quersaberpolitica.com.br\/2016\/wp-content\/uploads\/2012\/12\/blogqspmuseutempaisagensesexposertaopet.jpg\"><img loading=\"lazy\" decoding=\"async\" style=\"margin-top: 5px; margin-bottom: 5px; margin-left: 10px; margin-right: 10px; float: left;\" title=\"Imagem Divulga&ccedil;&atilde;o\" src=\"http:\/\/www.quersaberpolitica.com.br\/2016\/wp-content\/uploads\/2012\/12\/blogqspmuseutempaisagensesexposertaopet.jpg\" alt=\"\" width=\"200\" height=\"133\" \/><\/a>Depois de passar pelas cidades do Rio de Janeiro, S&atilde;o Paulo, Salvador e Recife, o projeto &#8220;Vem Ver Que Trem&#8221; chega em Petrolina. Idealizada pelo franc&ecirc;s Henri Josserand, a exposi&ccedil;&atilde;o de maquetes e trens el&eacute;tricos representa paisagens reais de diversos pa&iacute;ses europeus.<\/span><\/p>\n<p style=\"text-align: justify;\"><span style=\"font-size: small;\">Pr&eacute;dios hist&oacute;ricos, o cotidiano em pra&ccedil;as e lares e at&eacute; um inc&ecirc;ndio s&atilde;o representados na cidade fict&iacute;cia. O grande destaque, contudo, &eacute; para as linhas de trem de carga e passageiros que cortam toda a maquete.<\/span><\/p>\n<p style=\"text-align: justify;\"><span style=\"font-size: small;\">Segundo Henri Josserand, o maior objetivo do projeto &eacute; &#8220;demonstrar a arquitetura europeia para os visitantes&#8221;, Petrolina, contudo, cidade natal de sua esposa, entrou no roteiro por conta da atual situa&ccedil;&atilde;o de sua esta&ccedil;&atilde;o ferrovi&aacute;ria. &#8220;As linhas de trem fazem transporte de carga e pessoas na Europa, n&atilde;o entendo porque esse sistema n&atilde;o funciona no Brasil&#8221;, declarou Henri.<\/span><\/p>\n<p style=\"text-align: justify;\"><span style=\"font-size: small;\">Instalada em uma sala do Museu do Sert&atilde;o, a exposi&ccedil;&atilde;o segue at&eacute; o dia 12 de fevereiro, onde pode ser vista todos os dias da semana, das 9h &agrave;s 17h30. Para manuten&ccedil;&atilde;o das pe&ccedil;as, &eacute; cobrada uma taxa de R$ 5,00, e crian&ccedil;as at&eacute; 5 anos t&ecirc;m entrada gratuita.<\/span><\/p>\n<p style=\"text-align: justify;\"><span style=\"font-size: small;\">(Quercia Oliveira &#8211; Ascom Petrolina)<\/span><\/p>\n","protected":false},"excerpt":{"rendered":"<p>Depois de passar pelas cidades do Rio de Janeiro, S&atilde;o Paulo, Salvador e Recife, o projeto &#8220;Vem Ver Que Trem&#8221; chega em Petrolina. Idealizada pelo franc&ecirc;s Henri Josserand, a exposi&ccedil;&atilde;o de maquetes e trens el&eacute;tricos representa paisagens reais de diversos pa&iacute;ses europeus. Pr&eacute;dios hist&oacute;ricos, o cotidiano em pra&ccedil;as e lares e at&eacute; um inc&ecirc;ndio s&atilde;o representados na cidade fict&iacute;cia. O grande destaque, contudo, &eacute; para as linhas de trem de carga e passageiros que cortam toda a maquete. Segundo Henri Josserand, o maior objetivo do projeto &eacute; &#8220;demonstrar a arquitetura europeia para os visitantes&#8221;, Petrolina, contudo, cidade natal de sua esposa, entrou no roteiro por conta da atual situa&ccedil;&atilde;o de sua esta&ccedil;&atilde;o ferrovi&aacute;ria. &#8220;As linhas de trem fazem transporte de&hellip; <\/p>\n","protected":false},"author":0,"featured_media":0,"comment_status":"open","ping_status":"open","sticky":false,"template":"","format":"standard","meta":{"_acf_changed":false,"footnotes":""},"categories":[9],"tags":[],"class_list":["post-11055","post","type-post","status-publish","format-standard","hentry","category-policia"],"acf":[],"yoast_head":"<!-- This site is optimized with the Yoast SEO plugin v27.4 - https:\/\/yoast.com\/product\/yoast-seo-wordpress\/ -->\n<title>Paisagens e Sistema Ferrovi\u00e1rio Europeus s\u00e3o representados em exposi\u00e7\u00e3o no Museu do Sert\u00e3o em Petrolina - Blog do Farn\u00e9sio<\/title>\n<meta name=\"robots\" content=\"index, follow, max-snippet:-1, max-image-preview:large, max-video-preview:-1\" \/>\n<link rel=\"canonical\" href=\"https:\/\/blogdofarnesio.com.br\/?p=11055\" \/>\n<meta property=\"og:locale\" content=\"pt_BR\" \/>\n<meta property=\"og:type\" content=\"article\" \/>\n<meta property=\"og:title\" content=\"Paisagens e Sistema Ferrovi\u00e1rio Europeus s\u00e3o representados em exposi\u00e7\u00e3o no Museu do Sert\u00e3o em Petrolina - Blog do Farn\u00e9sio\" \/>\n<meta property=\"og:description\" content=\"Depois de passar pelas cidades do Rio de Janeiro, S&atilde;o Paulo, Salvador e Recife, o projeto &#8220;Vem Ver Que Trem&#8221; chega em Petrolina. Idealizada pelo franc&ecirc;s Henri Josserand, a exposi&ccedil;&atilde;o de maquetes e trens el&eacute;tricos representa paisagens reais de diversos pa&iacute;ses europeus. Pr&eacute;dios hist&oacute;ricos, o cotidiano em pra&ccedil;as e lares e at&eacute; um inc&ecirc;ndio s&atilde;o representados na cidade fict&iacute;cia. O grande destaque, contudo, &eacute; para as linhas de trem de carga e passageiros que cortam toda a maquete. Segundo Henri Josserand, o maior objetivo do projeto &eacute; &#8220;demonstrar a arquitetura europeia para os visitantes&#8221;, Petrolina, contudo, cidade natal de sua esposa, entrou no roteiro por conta da atual situa&ccedil;&atilde;o de sua esta&ccedil;&atilde;o ferrovi&aacute;ria. &#8220;As linhas de trem fazem transporte de&hellip;\" \/>\n<meta property=\"og:url\" content=\"https:\/\/blogdofarnesio.com.br\/?p=11055\" \/>\n<meta property=\"og:site_name\" content=\"Blog do Farn\u00e9sio\" \/>\n<meta property=\"article:publisher\" content=\"https:\/\/www.facebook.com\/BlogQuerSaberPolitica\/\" \/>\n<meta property=\"article:published_time\" content=\"2012-02-13T09:29:18+00:00\" \/>\n<meta property=\"article:modified_time\" content=\"2012-02-13T09:32:45+00:00\" \/>\n<meta property=\"og:image\" content=\"http:\/\/www.quersaberpolitica.com.br\/2016\/wp-content\/uploads\/2012\/12\/blogqspmuseutempaisagensesexposertaopet.jpg\" \/>\n<meta name=\"twitter:card\" content=\"summary_large_image\" \/>\n<meta name=\"twitter:label1\" content=\"Est. tempo de leitura\" \/>\n\t<meta name=\"twitter:data1\" content=\"1 minuto\" \/>\n<script type=\"application\/ld+json\" class=\"yoast-schema-graph\">{\"@context\":\"https:\\\/\\\/schema.org\",\"@graph\":[{\"@type\":\"Article\",\"@id\":\"https:\\\/\\\/blogdofarnesio.com.br\\\/?p=11055#article\",\"isPartOf\":{\"@id\":\"https:\\\/\\\/blogdofarnesio.com.br\\\/?p=11055\"},\"author\":{\"name\":\"\",\"@id\":\"\"},\"headline\":\"Paisagens e Sistema Ferrovi\u00e1rio Europeus s\u00e3o representados em exposi\u00e7\u00e3o no Museu do Sert\u00e3o em Petrolina\",\"datePublished\":\"2012-02-13T09:29:18+00:00\",\"dateModified\":\"2012-02-13T09:32:45+00:00\",\"mainEntityOfPage\":{\"@id\":\"https:\\\/\\\/blogdofarnesio.com.br\\\/?p=11055\"},\"wordCount\":259,\"commentCount\":0,\"publisher\":{\"@id\":\"https:\\\/\\\/blogdofarnesio.com.br\\\/#organization\"},\"image\":{\"@id\":\"https:\\\/\\\/blogdofarnesio.com.br\\\/?p=11055#primaryimage\"},\"thumbnailUrl\":\"http:\\\/\\\/www.quersaberpolitica.com.br\\\/2016\\\/wp-content\\\/uploads\\\/2012\\\/12\\\/blogqspmuseutempaisagensesexposertaopet.jpg\",\"articleSection\":[\"Pol\u00edcia\"],\"inLanguage\":\"pt-BR\",\"potentialAction\":[{\"@type\":\"CommentAction\",\"name\":\"Comment\",\"target\":[\"https:\\\/\\\/blogdofarnesio.com.br\\\/?p=11055#respond\"]}]},{\"@type\":\"WebPage\",\"@id\":\"https:\\\/\\\/blogdofarnesio.com.br\\\/?p=11055\",\"url\":\"https:\\\/\\\/blogdofarnesio.com.br\\\/?p=11055\",\"name\":\"Paisagens e Sistema Ferrovi\u00e1rio Europeus s\u00e3o representados em exposi\u00e7\u00e3o no Museu do Sert\u00e3o em Petrolina - Blog do Farn\u00e9sio\",\"isPartOf\":{\"@id\":\"https:\\\/\\\/blogdofarnesio.com.br\\\/#website\"},\"primaryImageOfPage\":{\"@id\":\"https:\\\/\\\/blogdofarnesio.com.br\\\/?p=11055#primaryimage\"},\"image\":{\"@id\":\"https:\\\/\\\/blogdofarnesio.com.br\\\/?p=11055#primaryimage\"},\"thumbnailUrl\":\"http:\\\/\\\/www.quersaberpolitica.com.br\\\/2016\\\/wp-content\\\/uploads\\\/2012\\\/12\\\/blogqspmuseutempaisagensesexposertaopet.jpg\",\"datePublished\":\"2012-02-13T09:29:18+00:00\",\"dateModified\":\"2012-02-13T09:32:45+00:00\",\"breadcrumb\":{\"@id\":\"https:\\\/\\\/blogdofarnesio.com.br\\\/?p=11055#breadcrumb\"},\"inLanguage\":\"pt-BR\",\"potentialAction\":[{\"@type\":\"ReadAction\",\"target\":[\"https:\\\/\\\/blogdofarnesio.com.br\\\/?p=11055\"]}]},{\"@type\":\"ImageObject\",\"inLanguage\":\"pt-BR\",\"@id\":\"https:\\\/\\\/blogdofarnesio.com.br\\\/?p=11055#primaryimage\",\"url\":\"http:\\\/\\\/www.quersaberpolitica.com.br\\\/2016\\\/wp-content\\\/uploads\\\/2012\\\/12\\\/blogqspmuseutempaisagensesexposertaopet.jpg\",\"contentUrl\":\"http:\\\/\\\/www.quersaberpolitica.com.br\\\/2016\\\/wp-content\\\/uploads\\\/2012\\\/12\\\/blogqspmuseutempaisagensesexposertaopet.jpg\"},{\"@type\":\"BreadcrumbList\",\"@id\":\"https:\\\/\\\/blogdofarnesio.com.br\\\/?p=11055#breadcrumb\",\"itemListElement\":[{\"@type\":\"ListItem\",\"position\":1,\"name\":\"In\u00edcio\",\"item\":\"https:\\\/\\\/blogdofarnesio.com.br\\\/\"},{\"@type\":\"ListItem\",\"position\":2,\"name\":\"Paisagens e Sistema Ferrovi\u00e1rio Europeus s\u00e3o representados em exposi\u00e7\u00e3o no Museu do Sert\u00e3o em Petrolina\"}]},{\"@type\":\"WebSite\",\"@id\":\"https:\\\/\\\/blogdofarnesio.com.br\\\/#website\",\"url\":\"https:\\\/\\\/blogdofarnesio.com.br\\\/\",\"name\":\"Blog do Farn\u00e9sio\",\"description\":\"Quer Saber Pol\u00edtica?\",\"publisher\":{\"@id\":\"https:\\\/\\\/blogdofarnesio.com.br\\\/#organization\"},\"potentialAction\":[{\"@type\":\"SearchAction\",\"target\":{\"@type\":\"EntryPoint\",\"urlTemplate\":\"https:\\\/\\\/blogdofarnesio.com.br\\\/?s={search_term_string}\"},\"query-input\":{\"@type\":\"PropertyValueSpecification\",\"valueRequired\":true,\"valueName\":\"search_term_string\"}}],\"inLanguage\":\"pt-BR\"},{\"@type\":\"Organization\",\"@id\":\"https:\\\/\\\/blogdofarnesio.com.br\\\/#organization\",\"name\":\"Blog do Farn\u00e9sio\",\"url\":\"https:\\\/\\\/blogdofarnesio.com.br\\\/\",\"logo\":{\"@type\":\"ImageObject\",\"inLanguage\":\"pt-BR\",\"@id\":\"https:\\\/\\\/blogdofarnesio.com.br\\\/#\\\/schema\\\/logo\\\/image\\\/\",\"url\":\"https:\\\/\\\/blogdofarnesio.com.br\\\/wp-content\\\/uploads\\\/2026\\\/03\\\/cropped-logo_new-1.png\",\"contentUrl\":\"https:\\\/\\\/blogdofarnesio.com.br\\\/wp-content\\\/uploads\\\/2026\\\/03\\\/cropped-logo_new-1.png\",\"width\":881,\"height\":685,\"caption\":\"Blog do Farn\u00e9sio\"},\"image\":{\"@id\":\"https:\\\/\\\/blogdofarnesio.com.br\\\/#\\\/schema\\\/logo\\\/image\\\/\"},\"sameAs\":[\"https:\\\/\\\/www.facebook.com\\\/BlogQuerSaberPolitica\\\/\"]}]}<\/script>\n<!-- \/ Yoast SEO plugin. -->","yoast_head_json":{"title":"Paisagens e Sistema Ferrovi\u00e1rio Europeus s\u00e3o representados em exposi\u00e7\u00e3o no Museu do Sert\u00e3o em Petrolina - Blog do Farn\u00e9sio","robots":{"index":"index","follow":"follow","max-snippet":"max-snippet:-1","max-image-preview":"max-image-preview:large","max-video-preview":"max-video-preview:-1"},"canonical":"https:\/\/blogdofarnesio.com.br\/?p=11055","og_locale":"pt_BR","og_type":"article","og_title":"Paisagens e Sistema Ferrovi\u00e1rio Europeus s\u00e3o representados em exposi\u00e7\u00e3o no Museu do Sert\u00e3o em Petrolina - Blog do Farn\u00e9sio","og_description":"Depois de passar pelas cidades do Rio de Janeiro, S&atilde;o Paulo, Salvador e Recife, o projeto &#8220;Vem Ver Que Trem&#8221; chega em Petrolina. Idealizada pelo franc&ecirc;s Henri Josserand, a exposi&ccedil;&atilde;o de maquetes e trens el&eacute;tricos representa paisagens reais de diversos pa&iacute;ses europeus. Pr&eacute;dios hist&oacute;ricos, o cotidiano em pra&ccedil;as e lares e at&eacute; um inc&ecirc;ndio s&atilde;o representados na cidade fict&iacute;cia. O grande destaque, contudo, &eacute; para as linhas de trem de carga e passageiros que cortam toda a maquete. Segundo Henri Josserand, o maior objetivo do projeto &eacute; &#8220;demonstrar a arquitetura europeia para os visitantes&#8221;, Petrolina, contudo, cidade natal de sua esposa, entrou no roteiro por conta da atual situa&ccedil;&atilde;o de sua esta&ccedil;&atilde;o ferrovi&aacute;ria. &#8220;As linhas de trem fazem transporte de&hellip;","og_url":"https:\/\/blogdofarnesio.com.br\/?p=11055","og_site_name":"Blog do Farn\u00e9sio","article_publisher":"https:\/\/www.facebook.com\/BlogQuerSaberPolitica\/","article_published_time":"2012-02-13T09:29:18+00:00","article_modified_time":"2012-02-13T09:32:45+00:00","og_image":[{"url":"http:\/\/www.quersaberpolitica.com.br\/2016\/wp-content\/uploads\/2012\/12\/blogqspmuseutempaisagensesexposertaopet.jpg","type":"","width":"","height":""}],"twitter_card":"summary_large_image","twitter_misc":{"Est. tempo de leitura":"1 minuto"},"schema":{"@context":"https:\/\/schema.org","@graph":[{"@type":"Article","@id":"https:\/\/blogdofarnesio.com.br\/?p=11055#article","isPartOf":{"@id":"https:\/\/blogdofarnesio.com.br\/?p=11055"},"author":{"name":"","@id":""},"headline":"Paisagens e Sistema Ferrovi\u00e1rio Europeus s\u00e3o representados em exposi\u00e7\u00e3o no Museu do Sert\u00e3o em Petrolina","datePublished":"2012-02-13T09:29:18+00:00","dateModified":"2012-02-13T09:32:45+00:00","mainEntityOfPage":{"@id":"https:\/\/blogdofarnesio.com.br\/?p=11055"},"wordCount":259,"commentCount":0,"publisher":{"@id":"https:\/\/blogdofarnesio.com.br\/#organization"},"image":{"@id":"https:\/\/blogdofarnesio.com.br\/?p=11055#primaryimage"},"thumbnailUrl":"http:\/\/www.quersaberpolitica.com.br\/2016\/wp-content\/uploads\/2012\/12\/blogqspmuseutempaisagensesexposertaopet.jpg","articleSection":["Pol\u00edcia"],"inLanguage":"pt-BR","potentialAction":[{"@type":"CommentAction","name":"Comment","target":["https:\/\/blogdofarnesio.com.br\/?p=11055#respond"]}]},{"@type":"WebPage","@id":"https:\/\/blogdofarnesio.com.br\/?p=11055","url":"https:\/\/blogdofarnesio.com.br\/?p=11055","name":"Paisagens e Sistema Ferrovi\u00e1rio Europeus s\u00e3o representados em exposi\u00e7\u00e3o no Museu do Sert\u00e3o em Petrolina - Blog do Farn\u00e9sio","isPartOf":{"@id":"https:\/\/blogdofarnesio.com.br\/#website"},"primaryImageOfPage":{"@id":"https:\/\/blogdofarnesio.com.br\/?p=11055#primaryimage"},"image":{"@id":"https:\/\/blogdofarnesio.com.br\/?p=11055#primaryimage"},"thumbnailUrl":"http:\/\/www.quersaberpolitica.com.br\/2016\/wp-content\/uploads\/2012\/12\/blogqspmuseutempaisagensesexposertaopet.jpg","datePublished":"2012-02-13T09:29:18+00:00","dateModified":"2012-02-13T09:32:45+00:00","breadcrumb":{"@id":"https:\/\/blogdofarnesio.com.br\/?p=11055#breadcrumb"},"inLanguage":"pt-BR","potentialAction":[{"@type":"ReadAction","target":["https:\/\/blogdofarnesio.com.br\/?p=11055"]}]},{"@type":"ImageObject","inLanguage":"pt-BR","@id":"https:\/\/blogdofarnesio.com.br\/?p=11055#primaryimage","url":"http:\/\/www.quersaberpolitica.com.br\/2016\/wp-content\/uploads\/2012\/12\/blogqspmuseutempaisagensesexposertaopet.jpg","contentUrl":"http:\/\/www.quersaberpolitica.com.br\/2016\/wp-content\/uploads\/2012\/12\/blogqspmuseutempaisagensesexposertaopet.jpg"},{"@type":"BreadcrumbList","@id":"https:\/\/blogdofarnesio.com.br\/?p=11055#breadcrumb","itemListElement":[{"@type":"ListItem","position":1,"name":"In\u00edcio","item":"https:\/\/blogdofarnesio.com.br\/"},{"@type":"ListItem","position":2,"name":"Paisagens e Sistema Ferrovi\u00e1rio Europeus s\u00e3o representados em exposi\u00e7\u00e3o no Museu do Sert\u00e3o em Petrolina"}]},{"@type":"WebSite","@id":"https:\/\/blogdofarnesio.com.br\/#website","url":"https:\/\/blogdofarnesio.com.br\/","name":"Blog do Farn\u00e9sio","description":"Quer Saber Pol\u00edtica?","publisher":{"@id":"https:\/\/blogdofarnesio.com.br\/#organization"},"potentialAction":[{"@type":"SearchAction","target":{"@type":"EntryPoint","urlTemplate":"https:\/\/blogdofarnesio.com.br\/?s={search_term_string}"},"query-input":{"@type":"PropertyValueSpecification","valueRequired":true,"valueName":"search_term_string"}}],"inLanguage":"pt-BR"},{"@type":"Organization","@id":"https:\/\/blogdofarnesio.com.br\/#organization","name":"Blog do Farn\u00e9sio","url":"https:\/\/blogdofarnesio.com.br\/","logo":{"@type":"ImageObject","inLanguage":"pt-BR","@id":"https:\/\/blogdofarnesio.com.br\/#\/schema\/logo\/image\/","url":"https:\/\/blogdofarnesio.com.br\/wp-content\/uploads\/2026\/03\/cropped-logo_new-1.png","contentUrl":"https:\/\/blogdofarnesio.com.br\/wp-content\/uploads\/2026\/03\/cropped-logo_new-1.png","width":881,"height":685,"caption":"Blog do Farn\u00e9sio"},"image":{"@id":"https:\/\/blogdofarnesio.com.br\/#\/schema\/logo\/image\/"},"sameAs":["https:\/\/www.facebook.com\/BlogQuerSaberPolitica\/"]}]}},"_links":{"self":[{"href":"https:\/\/blogdofarnesio.com.br\/index.php?rest_route=\/wp\/v2\/posts\/11055","targetHints":{"allow":["GET"]}}],"collection":[{"href":"https:\/\/blogdofarnesio.com.br\/index.php?rest_route=\/wp\/v2\/posts"}],"about":[{"href":"https:\/\/blogdofarnesio.com.br\/index.php?rest_route=\/wp\/v2\/types\/post"}],"replies":[{"embeddable":true,"href":"https:\/\/blogdofarnesio.com.br\/index.php?rest_route=%2Fwp%2Fv2%2Fcomments&post=11055"}],"version-history":[{"count":0,"href":"https:\/\/blogdofarnesio.com.br\/index.php?rest_route=\/wp\/v2\/posts\/11055\/revisions"}],"wp:attachment":[{"href":"https:\/\/blogdofarnesio.com.br\/index.php?rest_route=%2Fwp%2Fv2%2Fmedia&parent=11055"}],"wp:term":[{"taxonomy":"category","embeddable":true,"href":"https:\/\/blogdofarnesio.com.br\/index.php?rest_route=%2Fwp%2Fv2%2Fcategories&post=11055"},{"taxonomy":"post_tag","embeddable":true,"href":"https:\/\/blogdofarnesio.com.br\/index.php?rest_route=%2Fwp%2Fv2%2Ftags&post=11055"}],"curies":[{"name":"wp","href":"https:\/\/api.w.org\/{rel}","templated":true}]}}