{"id":11040,"date":"2012-02-10T16:06:10","date_gmt":"2012-02-10T16:06:10","guid":{"rendered":"http:\/\/www.quersaberpolitica.com.br?p=11040"},"modified":"-0001-11-30T00:00:00","modified_gmt":"-0001-11-30T03:00:00","slug":"casa-da-crianca-em-petrolina-retomara-atividades-na-proxima-segunda-feira","status":"publish","type":"post","link":"https:\/\/blogdofarnesio.com.br\/?p=11040","title":{"rendered":"Casa da Crian\u00e7a em Petrolina retomar\u00e1 atividades na pr\u00f3xima segunda feira"},"content":{"rendered":"<p>&nbsp;<\/p>\n<div style=\"background-image: initial; background-attachment: initial; background-origin: initial; background-clip: initial; margin: 8px;\">\n<p><a rel=\"lightbox\" href=\"http:\/\/www.quersaberpolitica.com.br\/2016\/wp-content\/uploads\/2012\/12\/blogqspcrianca1.jpg\"><span style=\"font-size: medium;\"><span style=\"font-size: small;\"><img loading=\"lazy\" decoding=\"async\" style=\"float: right; margin-top: 5px; margin-bottom: 5px; margin-left: 10px; margin-right: 10px;\" src=\"http:\/\/www.quersaberpolitica.com.br\/2016\/wp-content\/uploads\/2012\/12\/blogqspcrianca1.jpg\" alt=\"\" width=\"200\" height=\"113\" \/><\/span><\/span><\/a><\/p>\n<p style=\"text-align: justify; \"><span style=\"font-size: medium;\"><span style=\"font-size: small;\">A equipe que comp&otilde;e a Casa da Crian&ccedil;a, no centro de Petrolina, est&aacute; em contagem regressiva para a abertura dos trabalhos letivos de 2012. A partir da pr&oacute;xima segunda (13), a institui&ccedil;&atilde;o abre suas portas para as 300 crian&ccedil;as com idades entre quatro meses a sete anos matriculadas no local. Durante toda esta semana, funcion&aacute;rios da institui&ccedil;&atilde;o t&ecirc;m participado de uma capacita&ccedil;&atilde;o que trabalha como eixo principal o tema da Campanha da Fraternidade 2012: &#8220;Fraternidade e Sa&uacute;de P&uacute;blica&#8221;, que ser&aacute; discutido posteriormente com as crian&ccedil;as.<\/span><\/span><\/p>\n<p style=\"text-align: justify; \"><span style=\"font-size: medium;\"><span style=\"font-size: small;\">Primeira creche implantada em Petrolina, em 1967, a Casa da Crian&ccedil;a disponibiliza para os pequenos cidad&atilde;os atendidos, uma infraestrutura composta por salas de aula (mais duas foram constru&iacute;das recentemente), refeit&oacute;rio, &aacute;rea de lazer, dois parques, espa&ccedil;o para atividades l&uacute;dicas e uma brinquedoteca.<\/span><\/span><\/p>\n<p style=\"text-align: justify; \"><span style=\"font-size: medium;\"><span style=\"font-size: small;\">No local, al&eacute;m de terem acesso ao processo de alfabetiza&ccedil;&atilde;o, as crian&ccedil;as recebem no&ccedil;&otilde;es de cidadania e respeito ao pr&oacute;ximo. Os pais tamb&eacute;m s&atilde;o envolvidos nesta din&acirc;mica, atrav&eacute;s de reuni&otilde;es peri&oacute;dicas com a equipe pedag&oacute;gica. Os trabalhos da Casa da Crian&ccedil;a s&atilde;o enriquecidos ainda com a participa&ccedil;&atilde;o de volunt&aacute;rios e de estudantes da Universidade Federal do Vale do S&atilde;o Francisco, sobretudo dos cursos de Psicologia e Enfermagem.<\/span><\/span><\/p>\n<p style=\"text-align: justify; \"><span style=\"font-size: medium;\"><span style=\"font-size: small;\">&#8220;Buscamos sempre oferecer o que h&aacute; de melhor em carinho, acolhimento e conhecimento para estas crian&ccedil;as. E gra&ccedil;as a Deus esse trabalho tem sido reconhecido pelos pais, por nossos alunos, pela sociedade de uma forma geral que nos auxilia sempre nessa caminhada. &Eacute; um trabalho intenso, por&eacute;m, gratificante para todos n&oacute;s&#8221;, enfatiza a diretora da Casa da Crian&ccedil;a, Irm&atilde; Edite Ferreira.<\/span><\/span><\/p>\n<p style=\"text-align: justify; \"><span style=\"font-size: medium;\"><span style=\"font-size: small;\">A institui&ccedil;&atilde;o- que &eacute; coordenada por religiosas da Congrega&ccedil;&atilde;o Cat&oacute;lica Filhas da Caridade de S&atilde;o Vicente de Paulo, ligada &agrave; Diocese de Petrolina &#8211; funciona de segunda a sexta, em hor&aacute;rio integral.<\/span><\/span><\/p>\n<p style=\"text-align: justify; \"><span style=\"font-size: medium;\"><span style=\"font-size: small;\">(Mais informa&ccedil;&otilde;es, entrar em contato com o setor de comunica&ccedil;&atilde;o da APAMI atrav&eacute;s do telefone 87 3862 8650, falar com Dion)<\/span><\/span><\/p>\n<\/div>\n<p>&nbsp;<\/p>\n","protected":false},"excerpt":{"rendered":"<p>&nbsp; A equipe que comp&otilde;e a Casa da Crian&ccedil;a, no centro de Petrolina, est&aacute; em contagem regressiva para a abertura dos trabalhos letivos de 2012. A partir da pr&oacute;xima segunda (13), a institui&ccedil;&atilde;o abre suas portas para as 300 crian&ccedil;as com idades entre quatro meses a sete anos matriculadas no local. Durante toda esta semana, funcion&aacute;rios da institui&ccedil;&atilde;o t&ecirc;m participado de uma capacita&ccedil;&atilde;o que trabalha como eixo principal o tema da Campanha da Fraternidade 2012: &#8220;Fraternidade e Sa&uacute;de P&uacute;blica&#8221;, que ser&aacute; discutido posteriormente com as crian&ccedil;as. Primeira creche implantada em Petrolina, em 1967, a Casa da Crian&ccedil;a disponibiliza para os pequenos cidad&atilde;os atendidos, uma infraestrutura composta por salas de aula (mais duas foram constru&iacute;das recentemente), refeit&oacute;rio, &aacute;rea de lazer, dois&hellip; <\/p>\n","protected":false},"author":0,"featured_media":0,"comment_status":"open","ping_status":"open","sticky":false,"template":"","format":"standard","meta":{"_acf_changed":false,"footnotes":""},"categories":[22],"tags":[],"class_list":["post-11040","post","type-post","status-publish","format-standard","hentry","category-acao-social"],"acf":[],"yoast_head":"<!-- This site is optimized with the Yoast SEO plugin v27.4 - https:\/\/yoast.com\/product\/yoast-seo-wordpress\/ -->\n<title>Casa da Crian\u00e7a em Petrolina retomar\u00e1 atividades na pr\u00f3xima segunda feira - Blog do Farn\u00e9sio<\/title>\n<meta name=\"robots\" content=\"index, follow, max-snippet:-1, max-image-preview:large, max-video-preview:-1\" \/>\n<link rel=\"canonical\" href=\"https:\/\/blogdofarnesio.com.br\/?p=11040\" \/>\n<meta property=\"og:locale\" content=\"pt_BR\" \/>\n<meta property=\"og:type\" content=\"article\" \/>\n<meta property=\"og:title\" content=\"Casa da Crian\u00e7a em Petrolina retomar\u00e1 atividades na pr\u00f3xima segunda feira - Blog do Farn\u00e9sio\" \/>\n<meta property=\"og:description\" content=\"&nbsp; A equipe que comp&otilde;e a Casa da Crian&ccedil;a, no centro de Petrolina, est&aacute; em contagem regressiva para a abertura dos trabalhos letivos de 2012. A partir da pr&oacute;xima segunda (13), a institui&ccedil;&atilde;o abre suas portas para as 300 crian&ccedil;as com idades entre quatro meses a sete anos matriculadas no local. Durante toda esta semana, funcion&aacute;rios da institui&ccedil;&atilde;o t&ecirc;m participado de uma capacita&ccedil;&atilde;o que trabalha como eixo principal o tema da Campanha da Fraternidade 2012: &#8220;Fraternidade e Sa&uacute;de P&uacute;blica&#8221;, que ser&aacute; discutido posteriormente com as crian&ccedil;as. Primeira creche implantada em Petrolina, em 1967, a Casa da Crian&ccedil;a disponibiliza para os pequenos cidad&atilde;os atendidos, uma infraestrutura composta por salas de aula (mais duas foram constru&iacute;das recentemente), refeit&oacute;rio, &aacute;rea de lazer, dois&hellip;\" \/>\n<meta property=\"og:url\" content=\"https:\/\/blogdofarnesio.com.br\/?p=11040\" \/>\n<meta property=\"og:site_name\" content=\"Blog do Farn\u00e9sio\" \/>\n<meta property=\"article:publisher\" content=\"https:\/\/www.facebook.com\/BlogQuerSaberPolitica\/\" \/>\n<meta property=\"article:published_time\" content=\"2012-02-10T16:06:10+00:00\" \/>\n<meta property=\"og:image\" content=\"http:\/\/www.quersaberpolitica.com.br\/2016\/wp-content\/uploads\/2012\/12\/blogqspcrianca1.jpg\" \/>\n<meta name=\"twitter:card\" content=\"summary_large_image\" \/>\n<meta name=\"twitter:label1\" content=\"Est. tempo de leitura\" \/>\n\t<meta name=\"twitter:data1\" content=\"2 minutos\" \/>\n<script type=\"application\/ld+json\" class=\"yoast-schema-graph\">{\"@context\":\"https:\\\/\\\/schema.org\",\"@graph\":[{\"@type\":\"Article\",\"@id\":\"https:\\\/\\\/blogdofarnesio.com.br\\\/?p=11040#article\",\"isPartOf\":{\"@id\":\"https:\\\/\\\/blogdofarnesio.com.br\\\/?p=11040\"},\"author\":{\"name\":\"\",\"@id\":\"\"},\"headline\":\"Casa da Crian\u00e7a em Petrolina retomar\u00e1 atividades na pr\u00f3xima segunda feira\",\"datePublished\":\"2012-02-10T16:06:10+00:00\",\"mainEntityOfPage\":{\"@id\":\"https:\\\/\\\/blogdofarnesio.com.br\\\/?p=11040\"},\"wordCount\":426,\"commentCount\":0,\"publisher\":{\"@id\":\"https:\\\/\\\/blogdofarnesio.com.br\\\/#organization\"},\"image\":{\"@id\":\"https:\\\/\\\/blogdofarnesio.com.br\\\/?p=11040#primaryimage\"},\"thumbnailUrl\":\"http:\\\/\\\/www.quersaberpolitica.com.br\\\/2016\\\/wp-content\\\/uploads\\\/2012\\\/12\\\/blogqspcrianca1.jpg\",\"articleSection\":[\"A\u00e7\u00e3o Social\"],\"inLanguage\":\"pt-BR\",\"potentialAction\":[{\"@type\":\"CommentAction\",\"name\":\"Comment\",\"target\":[\"https:\\\/\\\/blogdofarnesio.com.br\\\/?p=11040#respond\"]}]},{\"@type\":\"WebPage\",\"@id\":\"https:\\\/\\\/blogdofarnesio.com.br\\\/?p=11040\",\"url\":\"https:\\\/\\\/blogdofarnesio.com.br\\\/?p=11040\",\"name\":\"Casa da Crian\u00e7a em Petrolina retomar\u00e1 atividades na pr\u00f3xima segunda feira - Blog do Farn\u00e9sio\",\"isPartOf\":{\"@id\":\"https:\\\/\\\/blogdofarnesio.com.br\\\/#website\"},\"primaryImageOfPage\":{\"@id\":\"https:\\\/\\\/blogdofarnesio.com.br\\\/?p=11040#primaryimage\"},\"image\":{\"@id\":\"https:\\\/\\\/blogdofarnesio.com.br\\\/?p=11040#primaryimage\"},\"thumbnailUrl\":\"http:\\\/\\\/www.quersaberpolitica.com.br\\\/2016\\\/wp-content\\\/uploads\\\/2012\\\/12\\\/blogqspcrianca1.jpg\",\"datePublished\":\"2012-02-10T16:06:10+00:00\",\"breadcrumb\":{\"@id\":\"https:\\\/\\\/blogdofarnesio.com.br\\\/?p=11040#breadcrumb\"},\"inLanguage\":\"pt-BR\",\"potentialAction\":[{\"@type\":\"ReadAction\",\"target\":[\"https:\\\/\\\/blogdofarnesio.com.br\\\/?p=11040\"]}]},{\"@type\":\"ImageObject\",\"inLanguage\":\"pt-BR\",\"@id\":\"https:\\\/\\\/blogdofarnesio.com.br\\\/?p=11040#primaryimage\",\"url\":\"http:\\\/\\\/www.quersaberpolitica.com.br\\\/2016\\\/wp-content\\\/uploads\\\/2012\\\/12\\\/blogqspcrianca1.jpg\",\"contentUrl\":\"http:\\\/\\\/www.quersaberpolitica.com.br\\\/2016\\\/wp-content\\\/uploads\\\/2012\\\/12\\\/blogqspcrianca1.jpg\"},{\"@type\":\"BreadcrumbList\",\"@id\":\"https:\\\/\\\/blogdofarnesio.com.br\\\/?p=11040#breadcrumb\",\"itemListElement\":[{\"@type\":\"ListItem\",\"position\":1,\"name\":\"In\u00edcio\",\"item\":\"https:\\\/\\\/blogdofarnesio.com.br\\\/\"},{\"@type\":\"ListItem\",\"position\":2,\"name\":\"Casa da Crian\u00e7a em Petrolina retomar\u00e1 atividades na pr\u00f3xima segunda feira\"}]},{\"@type\":\"WebSite\",\"@id\":\"https:\\\/\\\/blogdofarnesio.com.br\\\/#website\",\"url\":\"https:\\\/\\\/blogdofarnesio.com.br\\\/\",\"name\":\"Blog do Farn\u00e9sio\",\"description\":\"Quer Saber Pol\u00edtica?\",\"publisher\":{\"@id\":\"https:\\\/\\\/blogdofarnesio.com.br\\\/#organization\"},\"potentialAction\":[{\"@type\":\"SearchAction\",\"target\":{\"@type\":\"EntryPoint\",\"urlTemplate\":\"https:\\\/\\\/blogdofarnesio.com.br\\\/?s={search_term_string}\"},\"query-input\":{\"@type\":\"PropertyValueSpecification\",\"valueRequired\":true,\"valueName\":\"search_term_string\"}}],\"inLanguage\":\"pt-BR\"},{\"@type\":\"Organization\",\"@id\":\"https:\\\/\\\/blogdofarnesio.com.br\\\/#organization\",\"name\":\"Blog do Farn\u00e9sio\",\"url\":\"https:\\\/\\\/blogdofarnesio.com.br\\\/\",\"logo\":{\"@type\":\"ImageObject\",\"inLanguage\":\"pt-BR\",\"@id\":\"https:\\\/\\\/blogdofarnesio.com.br\\\/#\\\/schema\\\/logo\\\/image\\\/\",\"url\":\"https:\\\/\\\/blogdofarnesio.com.br\\\/wp-content\\\/uploads\\\/2026\\\/03\\\/cropped-logo_new-1.png\",\"contentUrl\":\"https:\\\/\\\/blogdofarnesio.com.br\\\/wp-content\\\/uploads\\\/2026\\\/03\\\/cropped-logo_new-1.png\",\"width\":881,\"height\":685,\"caption\":\"Blog do Farn\u00e9sio\"},\"image\":{\"@id\":\"https:\\\/\\\/blogdofarnesio.com.br\\\/#\\\/schema\\\/logo\\\/image\\\/\"},\"sameAs\":[\"https:\\\/\\\/www.facebook.com\\\/BlogQuerSaberPolitica\\\/\"]}]}<\/script>\n<!-- \/ Yoast SEO plugin. -->","yoast_head_json":{"title":"Casa da Crian\u00e7a em Petrolina retomar\u00e1 atividades na pr\u00f3xima segunda feira - Blog do Farn\u00e9sio","robots":{"index":"index","follow":"follow","max-snippet":"max-snippet:-1","max-image-preview":"max-image-preview:large","max-video-preview":"max-video-preview:-1"},"canonical":"https:\/\/blogdofarnesio.com.br\/?p=11040","og_locale":"pt_BR","og_type":"article","og_title":"Casa da Crian\u00e7a em Petrolina retomar\u00e1 atividades na pr\u00f3xima segunda feira - Blog do Farn\u00e9sio","og_description":"&nbsp; A equipe que comp&otilde;e a Casa da Crian&ccedil;a, no centro de Petrolina, est&aacute; em contagem regressiva para a abertura dos trabalhos letivos de 2012. A partir da pr&oacute;xima segunda (13), a institui&ccedil;&atilde;o abre suas portas para as 300 crian&ccedil;as com idades entre quatro meses a sete anos matriculadas no local. Durante toda esta semana, funcion&aacute;rios da institui&ccedil;&atilde;o t&ecirc;m participado de uma capacita&ccedil;&atilde;o que trabalha como eixo principal o tema da Campanha da Fraternidade 2012: &#8220;Fraternidade e Sa&uacute;de P&uacute;blica&#8221;, que ser&aacute; discutido posteriormente com as crian&ccedil;as. Primeira creche implantada em Petrolina, em 1967, a Casa da Crian&ccedil;a disponibiliza para os pequenos cidad&atilde;os atendidos, uma infraestrutura composta por salas de aula (mais duas foram constru&iacute;das recentemente), refeit&oacute;rio, &aacute;rea de lazer, dois&hellip;","og_url":"https:\/\/blogdofarnesio.com.br\/?p=11040","og_site_name":"Blog do Farn\u00e9sio","article_publisher":"https:\/\/www.facebook.com\/BlogQuerSaberPolitica\/","article_published_time":"2012-02-10T16:06:10+00:00","og_image":[{"url":"http:\/\/www.quersaberpolitica.com.br\/2016\/wp-content\/uploads\/2012\/12\/blogqspcrianca1.jpg","type":"","width":"","height":""}],"twitter_card":"summary_large_image","twitter_misc":{"Est. tempo de leitura":"2 minutos"},"schema":{"@context":"https:\/\/schema.org","@graph":[{"@type":"Article","@id":"https:\/\/blogdofarnesio.com.br\/?p=11040#article","isPartOf":{"@id":"https:\/\/blogdofarnesio.com.br\/?p=11040"},"author":{"name":"","@id":""},"headline":"Casa da Crian\u00e7a em Petrolina retomar\u00e1 atividades na pr\u00f3xima segunda feira","datePublished":"2012-02-10T16:06:10+00:00","mainEntityOfPage":{"@id":"https:\/\/blogdofarnesio.com.br\/?p=11040"},"wordCount":426,"commentCount":0,"publisher":{"@id":"https:\/\/blogdofarnesio.com.br\/#organization"},"image":{"@id":"https:\/\/blogdofarnesio.com.br\/?p=11040#primaryimage"},"thumbnailUrl":"http:\/\/www.quersaberpolitica.com.br\/2016\/wp-content\/uploads\/2012\/12\/blogqspcrianca1.jpg","articleSection":["A\u00e7\u00e3o Social"],"inLanguage":"pt-BR","potentialAction":[{"@type":"CommentAction","name":"Comment","target":["https:\/\/blogdofarnesio.com.br\/?p=11040#respond"]}]},{"@type":"WebPage","@id":"https:\/\/blogdofarnesio.com.br\/?p=11040","url":"https:\/\/blogdofarnesio.com.br\/?p=11040","name":"Casa da Crian\u00e7a em Petrolina retomar\u00e1 atividades na pr\u00f3xima segunda feira - Blog do Farn\u00e9sio","isPartOf":{"@id":"https:\/\/blogdofarnesio.com.br\/#website"},"primaryImageOfPage":{"@id":"https:\/\/blogdofarnesio.com.br\/?p=11040#primaryimage"},"image":{"@id":"https:\/\/blogdofarnesio.com.br\/?p=11040#primaryimage"},"thumbnailUrl":"http:\/\/www.quersaberpolitica.com.br\/2016\/wp-content\/uploads\/2012\/12\/blogqspcrianca1.jpg","datePublished":"2012-02-10T16:06:10+00:00","breadcrumb":{"@id":"https:\/\/blogdofarnesio.com.br\/?p=11040#breadcrumb"},"inLanguage":"pt-BR","potentialAction":[{"@type":"ReadAction","target":["https:\/\/blogdofarnesio.com.br\/?p=11040"]}]},{"@type":"ImageObject","inLanguage":"pt-BR","@id":"https:\/\/blogdofarnesio.com.br\/?p=11040#primaryimage","url":"http:\/\/www.quersaberpolitica.com.br\/2016\/wp-content\/uploads\/2012\/12\/blogqspcrianca1.jpg","contentUrl":"http:\/\/www.quersaberpolitica.com.br\/2016\/wp-content\/uploads\/2012\/12\/blogqspcrianca1.jpg"},{"@type":"BreadcrumbList","@id":"https:\/\/blogdofarnesio.com.br\/?p=11040#breadcrumb","itemListElement":[{"@type":"ListItem","position":1,"name":"In\u00edcio","item":"https:\/\/blogdofarnesio.com.br\/"},{"@type":"ListItem","position":2,"name":"Casa da Crian\u00e7a em Petrolina retomar\u00e1 atividades na pr\u00f3xima segunda feira"}]},{"@type":"WebSite","@id":"https:\/\/blogdofarnesio.com.br\/#website","url":"https:\/\/blogdofarnesio.com.br\/","name":"Blog do Farn\u00e9sio","description":"Quer Saber Pol\u00edtica?","publisher":{"@id":"https:\/\/blogdofarnesio.com.br\/#organization"},"potentialAction":[{"@type":"SearchAction","target":{"@type":"EntryPoint","urlTemplate":"https:\/\/blogdofarnesio.com.br\/?s={search_term_string}"},"query-input":{"@type":"PropertyValueSpecification","valueRequired":true,"valueName":"search_term_string"}}],"inLanguage":"pt-BR"},{"@type":"Organization","@id":"https:\/\/blogdofarnesio.com.br\/#organization","name":"Blog do Farn\u00e9sio","url":"https:\/\/blogdofarnesio.com.br\/","logo":{"@type":"ImageObject","inLanguage":"pt-BR","@id":"https:\/\/blogdofarnesio.com.br\/#\/schema\/logo\/image\/","url":"https:\/\/blogdofarnesio.com.br\/wp-content\/uploads\/2026\/03\/cropped-logo_new-1.png","contentUrl":"https:\/\/blogdofarnesio.com.br\/wp-content\/uploads\/2026\/03\/cropped-logo_new-1.png","width":881,"height":685,"caption":"Blog do Farn\u00e9sio"},"image":{"@id":"https:\/\/blogdofarnesio.com.br\/#\/schema\/logo\/image\/"},"sameAs":["https:\/\/www.facebook.com\/BlogQuerSaberPolitica\/"]}]}},"_links":{"self":[{"href":"https:\/\/blogdofarnesio.com.br\/index.php?rest_route=\/wp\/v2\/posts\/11040","targetHints":{"allow":["GET"]}}],"collection":[{"href":"https:\/\/blogdofarnesio.com.br\/index.php?rest_route=\/wp\/v2\/posts"}],"about":[{"href":"https:\/\/blogdofarnesio.com.br\/index.php?rest_route=\/wp\/v2\/types\/post"}],"replies":[{"embeddable":true,"href":"https:\/\/blogdofarnesio.com.br\/index.php?rest_route=%2Fwp%2Fv2%2Fcomments&post=11040"}],"version-history":[{"count":0,"href":"https:\/\/blogdofarnesio.com.br\/index.php?rest_route=\/wp\/v2\/posts\/11040\/revisions"}],"wp:attachment":[{"href":"https:\/\/blogdofarnesio.com.br\/index.php?rest_route=%2Fwp%2Fv2%2Fmedia&parent=11040"}],"wp:term":[{"taxonomy":"category","embeddable":true,"href":"https:\/\/blogdofarnesio.com.br\/index.php?rest_route=%2Fwp%2Fv2%2Fcategories&post=11040"},{"taxonomy":"post_tag","embeddable":true,"href":"https:\/\/blogdofarnesio.com.br\/index.php?rest_route=%2Fwp%2Fv2%2Ftags&post=11040"}],"curies":[{"name":"wp","href":"https:\/\/api.w.org\/{rel}","templated":true}]}}