{"id":109781,"date":"2014-12-10T15:41:15","date_gmt":"2014-12-10T18:41:15","guid":{"rendered":"http:\/\/www.quersaberpolitica.com.br\/?p=109781"},"modified":"2014-12-10T14:53:01","modified_gmt":"2014-12-10T17:53:01","slug":"prefeito-de-petrolina-propoe-criacao-do-g20semiarido","status":"publish","type":"post","link":"https:\/\/blogdofarnesio.com.br\/?p=109781","title":{"rendered":"PREFEITO DE PETROLINA PROP\u00d5E CRIA\u00c7\u00c3O DO G20\/SEMI\u00c1RIDO"},"content":{"rendered":"<p style=\"text-align: justify\"><a href=\"http:\/\/www.quersaberpolitica.com.br\/2016\/wp-content\/uploads\/2014\/12\/blogqsp-mapa.jpg\"><a href=\"http:\/\/www.quersaberpolitica.com.br\/2016\/wp-content\/uploads\/2014\/12\/blogqsp-mapa.jpg\"><img loading=\"lazy\" decoding=\"async\" class=\"aligncenter size-full wp-image-109782\" alt=\"blogqsp-mapa\" src=\"http:\/\/www.quersaberpolitica.com.br\/2016\/wp-content\/uploads\/2014\/12\/blogqsp-mapa.jpg\" width=\"448\" height=\"308\" srcset=\"https:\/\/blogdofarnesio.com.br\/wp-content\/uploads\/2014\/12\/blogqsp-mapa.jpg 448w, https:\/\/blogdofarnesio.com.br\/wp-content\/uploads\/2014\/12\/blogqsp-mapa-300x206.jpg 300w, https:\/\/blogdofarnesio.com.br\/wp-content\/uploads\/2014\/12\/blogqsp-mapa-436x300.jpg 436w\" sizes=\"auto, (max-width: 448px) 100vw, 448px\" \/><\/a><\/a>O G20-Semi\u00e1rido ser\u00e1 formando pelos 20 maiores munic\u00edpios do semi\u00e1rido, regi\u00e3o que est\u00e1 presente em nove Estados da federa\u00e7\u00e3o e possui 22 milh\u00f5es de habitantes. As localidades s\u00e3o expoentes em atividades econ\u00f4micas que v\u00e3o de fruticultura irrigada \u00e0 extra\u00e7\u00e3o de petr\u00f3leo, sendo respons\u00e1veis por um volume consider\u00e1vel do PIB nacional.<\/p>\n<p style=\"text-align: justify\">O Grupo chega com a proposta de promover discuss\u00f5es, entre os gestores e agentes dos governos estadual e federal, na tentativa de buscar alternativas para as dificuldades e impulsionar debates sobre quest\u00f5es pol\u00edticas relacionadas a promo\u00e7\u00e3o da estabilidade financeira, desenvolvimento social e econ\u00f4mico, assumindo responsabilidades individuais e coletivas que ir\u00e3o beneficiar os munic\u00edpios que comp\u00f5e o grupo e tamb\u00e9m toda a regi\u00e3o Nordeste.<\/p>\n<p style=\"text-align: justify\">Com a cria\u00e7\u00e3o do G20, o prefeito Julio Lossio, pretende instituir um grupo que promova a integra\u00e7\u00e3o de munic\u00edpios, da regi\u00e3o semi\u00e1rida, com crescimento populacional pujante e potencialidades econ\u00f4micas crescentes. Al\u00e9m de favorecer o di\u00e1logo sobre ado\u00e7\u00e3o de pol\u00edticas que impulsionem avan\u00e7os, dar visibilidade a representatividade dos munic\u00edpios e diminuir as desigualdades econ\u00f4micas e sociais dentro e fora do nordeste.<\/p>\n<p style=\"text-align: justify\">\u201cNosso semi\u00e1rido tem potencialidades enormes, em diversos eixos econ\u00f4micos, e a nossa proposta com o G20 \u00e9 atrair a aten\u00e7\u00e3o do governo federal para esses potenciais e, consequentemente, alcan\u00e7ar mais investimentos e ferramentas para continuar crescendo. Juntos formamos um conglomerado de cidades que s\u00e3o refer\u00eancias para outros munic\u00edpios e centralizamos servi\u00e7os dispon\u00edveis apenas em grandes centros. Temos capacidade de produzir muito mais e unidos podemos ir mais longe\u201d, argumenta o prefeito L\u00f3ssio, salientando ainda que a formata\u00e7\u00e3o do Grupo exclui bandeiras partid\u00e1rias ou coliga\u00e7\u00f5es pol\u00edticas. \u201cNosso compromisso \u00e9 com o desenvolvimento do semi\u00e1rido, a \u00fanica bandeira que levantaremos \u00e9 das pol\u00edticas p\u00fablicas que garantam esse crescimento\u201d, ressaltou o chefe do executivo.<\/p>\n<p style=\"text-align: justify\">Cidades do G-20<br \/>\nSegundo o prefeito L\u00f3ssio, os crit\u00e9rios de sele\u00e7\u00e3o dos munic\u00edpios, que formar\u00e3o o grupo, foram a densidade demogr\u00e1fica e a capacidade de influenciar a din\u00e2mica de outras localidades, de acordo com cada setor econ\u00f4mico predominante. Levantamentos indicam que juntas as cidades acumulam um PIB anual de R$50 bilh\u00f5es. As 20 cidades totalizam, em 2014, 4.660.957 habitantes e s\u00e3o elas: do estado de Alagoas: Arapiraca. Bahia: Feira de Santana, Jequi\u00e9, Juazeiro, Paulo Afonso e Vit\u00f3ria da Conquista. Cear\u00e1: Caucaia, Crato, Itapipoca, Juazeiro do Norte, Maranguape, Iguatu e Sobral. Para\u00edba: Campina Grande e Patos. Pernambuco: Caruaru, Santa Cruz do Capibaribe, Garanhus e Petrolina e do Rio Grande do Norte: Mossor\u00f3.<\/p>\n<p style=\"text-align: justify\">Pioneirismo<br \/>\nInspirado em experi\u00eancias exitosas, ao redor do mundo, o G-20 Semi\u00e1rido ser\u00e1 o primeiro neste formato a ser lan\u00e7ado no Brasil. Al\u00e9m de representa\u00e7\u00f5es municipais, o Grupo contar\u00e1 com a colabora\u00e7\u00e3o de Universidades, Minist\u00e9rios, Secretarias, Institutos de pesquisa e entidades que possam contribuir para discuss\u00f5es que gerem articula\u00e7\u00f5es dentro da regi\u00e3o semi\u00e1rida.<\/p>\n<p style=\"text-align: justify\">Entre alguns dos objetivos do G-20 podem ser destacados: Apresentar para os governos estadual e federal que dentro da regi\u00e3o h\u00e1 uma desigualdade que precisa ser combatida. Demonstrar as potencialidades que a regi\u00e3o semi\u00e1rida possui. Estabelecer um sincronismo nas pol\u00edticas p\u00fablicas municipal, estadual e federal e evidenciar para o pa\u00eds as vantagens competitivas do semi\u00e1rido e superar as dificuldades das mais de mil cidades que comp\u00f5e a regi\u00e3o do semi\u00e1rido.<\/p>\n<p style=\"text-align: justify\">O prefeito Lossio, designou uma equipe que est\u00e1 \u00e0 frente das articula\u00e7\u00f5es do G20 e h\u00e1 previs\u00e3o, para o m\u00eas de mar\u00e7o, da realiza\u00e7\u00e3o de um Semin\u00e1rio, com a participa\u00e7\u00e3o dos munic\u00edpios e entidades parcerias, para a efetiva cria\u00e7\u00e3o do Grupo. Toda modelagem do G20 e do Semin\u00e1rio a ser realizado est\u00e1 sendo coordenada pela Secretaria de Planejamento, Or\u00e7amento e Gest\u00e3o da Prefeitura de Petrolina (SEPOG). \u201cJ\u00e1 estamos realizando os primeiros contatos, junto as Prefeituras do G20, pesquisadores de Universidades e centros de pesquisa, para forma\u00e7\u00e3o do Grupo. Temos tido retornos positivos \u00e0 apresenta\u00e7\u00e3o da ideia e perspectivas de bons resultados\u201d, ressalta o secret\u00e1rio da SEPOG, Geraldo Jr.<\/p>\n","protected":false},"excerpt":{"rendered":"<p>O G20-Semi\u00e1rido ser\u00e1 formando pelos 20 maiores munic\u00edpios do semi\u00e1rido, regi\u00e3o que est\u00e1 presente em nove Estados da federa\u00e7\u00e3o e possui 22 milh\u00f5es de habitantes. As localidades s\u00e3o expoentes em atividades econ\u00f4micas que v\u00e3o de fruticultura irrigada \u00e0 extra\u00e7\u00e3o de petr\u00f3leo, sendo respons\u00e1veis por um volume consider\u00e1vel do PIB nacional. O Grupo chega com a proposta de promover discuss\u00f5es, entre os gestores e agentes dos governos estadual e federal, na tentativa de buscar alternativas para as dificuldades e impulsionar debates sobre quest\u00f5es pol\u00edticas relacionadas a promo\u00e7\u00e3o da estabilidade financeira, desenvolvimento social e econ\u00f4mico, assumindo responsabilidades individuais e coletivas que ir\u00e3o beneficiar os munic\u00edpios que comp\u00f5e o grupo e tamb\u00e9m toda a regi\u00e3o Nordeste. Com a cria\u00e7\u00e3o do G20, o prefeito&hellip; <\/p>\n","protected":false},"author":3,"featured_media":0,"comment_status":"open","ping_status":"open","sticky":false,"template":"","format":"standard","meta":{"_acf_changed":false,"footnotes":""},"categories":[1],"tags":[],"class_list":["post-109781","post","type-post","status-publish","format-standard","hentry","category-politica"],"acf":[],"yoast_head":"<!-- This site is optimized with the Yoast SEO plugin v27.4 - https:\/\/yoast.com\/product\/yoast-seo-wordpress\/ -->\n<title>PREFEITO DE PETROLINA PROP\u00d5E CRIA\u00c7\u00c3O DO G20\/SEMI\u00c1RIDO - Blog do Farn\u00e9sio<\/title>\n<meta name=\"robots\" content=\"index, follow, max-snippet:-1, max-image-preview:large, max-video-preview:-1\" \/>\n<link rel=\"canonical\" href=\"https:\/\/blogdofarnesio.com.br\/?p=109781\" \/>\n<meta property=\"og:locale\" content=\"pt_BR\" \/>\n<meta property=\"og:type\" content=\"article\" \/>\n<meta property=\"og:title\" content=\"PREFEITO DE PETROLINA PROP\u00d5E CRIA\u00c7\u00c3O DO G20\/SEMI\u00c1RIDO - Blog do Farn\u00e9sio\" \/>\n<meta property=\"og:description\" content=\"O G20-Semi\u00e1rido ser\u00e1 formando pelos 20 maiores munic\u00edpios do semi\u00e1rido, regi\u00e3o que est\u00e1 presente em nove Estados da federa\u00e7\u00e3o e possui 22 milh\u00f5es de habitantes. As localidades s\u00e3o expoentes em atividades econ\u00f4micas que v\u00e3o de fruticultura irrigada \u00e0 extra\u00e7\u00e3o de petr\u00f3leo, sendo respons\u00e1veis por um volume consider\u00e1vel do PIB nacional. O Grupo chega com a proposta de promover discuss\u00f5es, entre os gestores e agentes dos governos estadual e federal, na tentativa de buscar alternativas para as dificuldades e impulsionar debates sobre quest\u00f5es pol\u00edticas relacionadas a promo\u00e7\u00e3o da estabilidade financeira, desenvolvimento social e econ\u00f4mico, assumindo responsabilidades individuais e coletivas que ir\u00e3o beneficiar os munic\u00edpios que comp\u00f5e o grupo e tamb\u00e9m toda a regi\u00e3o Nordeste. Com a cria\u00e7\u00e3o do G20, o prefeito&hellip;\" \/>\n<meta property=\"og:url\" content=\"https:\/\/blogdofarnesio.com.br\/?p=109781\" \/>\n<meta property=\"og:site_name\" content=\"Blog do Farn\u00e9sio\" \/>\n<meta property=\"article:publisher\" content=\"https:\/\/www.facebook.com\/BlogQuerSaberPolitica\/\" \/>\n<meta property=\"article:published_time\" content=\"2014-12-10T18:41:15+00:00\" \/>\n<meta property=\"og:image\" content=\"http:\/\/www.quersaberpolitica.com.br\/2016\/wp-content\/uploads\/2014\/12\/blogqsp-mapa.jpg\" \/>\n<meta name=\"author\" content=\"teste\" \/>\n<meta name=\"twitter:card\" content=\"summary_large_image\" \/>\n<meta name=\"twitter:label1\" content=\"Escrito por\" \/>\n\t<meta name=\"twitter:data1\" content=\"teste\" \/>\n\t<meta name=\"twitter:label2\" content=\"Est. tempo de leitura\" \/>\n\t<meta name=\"twitter:data2\" content=\"4 minutos\" \/>\n<script type=\"application\/ld+json\" class=\"yoast-schema-graph\">{\"@context\":\"https:\\\/\\\/schema.org\",\"@graph\":[{\"@type\":\"Article\",\"@id\":\"https:\\\/\\\/blogdofarnesio.com.br\\\/?p=109781#article\",\"isPartOf\":{\"@id\":\"https:\\\/\\\/blogdofarnesio.com.br\\\/?p=109781\"},\"author\":{\"name\":\"teste\",\"@id\":\"https:\\\/\\\/blogdofarnesio.com.br\\\/#\\\/schema\\\/person\\\/dd1bf5eba40b687199ba45ca6b97dff9\"},\"headline\":\"PREFEITO DE PETROLINA PROP\u00d5E CRIA\u00c7\u00c3O DO G20\\\/SEMI\u00c1RIDO\",\"datePublished\":\"2014-12-10T18:41:15+00:00\",\"mainEntityOfPage\":{\"@id\":\"https:\\\/\\\/blogdofarnesio.com.br\\\/?p=109781\"},\"wordCount\":728,\"commentCount\":0,\"publisher\":{\"@id\":\"https:\\\/\\\/blogdofarnesio.com.br\\\/#organization\"},\"image\":{\"@id\":\"https:\\\/\\\/blogdofarnesio.com.br\\\/?p=109781#primaryimage\"},\"thumbnailUrl\":\"http:\\\/\\\/www.quersaberpolitica.com.br\\\/2016\\\/wp-content\\\/uploads\\\/2014\\\/12\\\/blogqsp-mapa.jpg\",\"articleSection\":[\"Pol\u00edtica\"],\"inLanguage\":\"pt-BR\",\"potentialAction\":[{\"@type\":\"CommentAction\",\"name\":\"Comment\",\"target\":[\"https:\\\/\\\/blogdofarnesio.com.br\\\/?p=109781#respond\"]}]},{\"@type\":\"WebPage\",\"@id\":\"https:\\\/\\\/blogdofarnesio.com.br\\\/?p=109781\",\"url\":\"https:\\\/\\\/blogdofarnesio.com.br\\\/?p=109781\",\"name\":\"PREFEITO DE PETROLINA PROP\u00d5E CRIA\u00c7\u00c3O DO G20\\\/SEMI\u00c1RIDO - Blog do Farn\u00e9sio\",\"isPartOf\":{\"@id\":\"https:\\\/\\\/blogdofarnesio.com.br\\\/#website\"},\"primaryImageOfPage\":{\"@id\":\"https:\\\/\\\/blogdofarnesio.com.br\\\/?p=109781#primaryimage\"},\"image\":{\"@id\":\"https:\\\/\\\/blogdofarnesio.com.br\\\/?p=109781#primaryimage\"},\"thumbnailUrl\":\"http:\\\/\\\/www.quersaberpolitica.com.br\\\/2016\\\/wp-content\\\/uploads\\\/2014\\\/12\\\/blogqsp-mapa.jpg\",\"datePublished\":\"2014-12-10T18:41:15+00:00\",\"breadcrumb\":{\"@id\":\"https:\\\/\\\/blogdofarnesio.com.br\\\/?p=109781#breadcrumb\"},\"inLanguage\":\"pt-BR\",\"potentialAction\":[{\"@type\":\"ReadAction\",\"target\":[\"https:\\\/\\\/blogdofarnesio.com.br\\\/?p=109781\"]}]},{\"@type\":\"ImageObject\",\"inLanguage\":\"pt-BR\",\"@id\":\"https:\\\/\\\/blogdofarnesio.com.br\\\/?p=109781#primaryimage\",\"url\":\"http:\\\/\\\/www.quersaberpolitica.com.br\\\/2016\\\/wp-content\\\/uploads\\\/2014\\\/12\\\/blogqsp-mapa.jpg\",\"contentUrl\":\"http:\\\/\\\/www.quersaberpolitica.com.br\\\/2016\\\/wp-content\\\/uploads\\\/2014\\\/12\\\/blogqsp-mapa.jpg\"},{\"@type\":\"BreadcrumbList\",\"@id\":\"https:\\\/\\\/blogdofarnesio.com.br\\\/?p=109781#breadcrumb\",\"itemListElement\":[{\"@type\":\"ListItem\",\"position\":1,\"name\":\"In\u00edcio\",\"item\":\"https:\\\/\\\/blogdofarnesio.com.br\\\/\"},{\"@type\":\"ListItem\",\"position\":2,\"name\":\"PREFEITO DE PETROLINA PROP\u00d5E CRIA\u00c7\u00c3O DO G20\\\/SEMI\u00c1RIDO\"}]},{\"@type\":\"WebSite\",\"@id\":\"https:\\\/\\\/blogdofarnesio.com.br\\\/#website\",\"url\":\"https:\\\/\\\/blogdofarnesio.com.br\\\/\",\"name\":\"Blog do Farn\u00e9sio\",\"description\":\"Quer Saber Pol\u00edtica?\",\"publisher\":{\"@id\":\"https:\\\/\\\/blogdofarnesio.com.br\\\/#organization\"},\"potentialAction\":[{\"@type\":\"SearchAction\",\"target\":{\"@type\":\"EntryPoint\",\"urlTemplate\":\"https:\\\/\\\/blogdofarnesio.com.br\\\/?s={search_term_string}\"},\"query-input\":{\"@type\":\"PropertyValueSpecification\",\"valueRequired\":true,\"valueName\":\"search_term_string\"}}],\"inLanguage\":\"pt-BR\"},{\"@type\":\"Organization\",\"@id\":\"https:\\\/\\\/blogdofarnesio.com.br\\\/#organization\",\"name\":\"Blog do Farn\u00e9sio\",\"url\":\"https:\\\/\\\/blogdofarnesio.com.br\\\/\",\"logo\":{\"@type\":\"ImageObject\",\"inLanguage\":\"pt-BR\",\"@id\":\"https:\\\/\\\/blogdofarnesio.com.br\\\/#\\\/schema\\\/logo\\\/image\\\/\",\"url\":\"https:\\\/\\\/blogdofarnesio.com.br\\\/wp-content\\\/uploads\\\/2026\\\/03\\\/cropped-logo_new-1.png\",\"contentUrl\":\"https:\\\/\\\/blogdofarnesio.com.br\\\/wp-content\\\/uploads\\\/2026\\\/03\\\/cropped-logo_new-1.png\",\"width\":881,\"height\":685,\"caption\":\"Blog do Farn\u00e9sio\"},\"image\":{\"@id\":\"https:\\\/\\\/blogdofarnesio.com.br\\\/#\\\/schema\\\/logo\\\/image\\\/\"},\"sameAs\":[\"https:\\\/\\\/www.facebook.com\\\/BlogQuerSaberPolitica\\\/\"]},{\"@type\":\"Person\",\"@id\":\"https:\\\/\\\/blogdofarnesio.com.br\\\/#\\\/schema\\\/person\\\/dd1bf5eba40b687199ba45ca6b97dff9\",\"name\":\"teste\",\"image\":{\"@type\":\"ImageObject\",\"inLanguage\":\"pt-BR\",\"@id\":\"https:\\\/\\\/secure.gravatar.com\\\/avatar\\\/2172498d4914b51e1d89a0f97957b035ac4938723a5cac208135d389b6972a6d?s=96&d=mm&r=g\",\"url\":\"https:\\\/\\\/secure.gravatar.com\\\/avatar\\\/2172498d4914b51e1d89a0f97957b035ac4938723a5cac208135d389b6972a6d?s=96&d=mm&r=g\",\"contentUrl\":\"https:\\\/\\\/secure.gravatar.com\\\/avatar\\\/2172498d4914b51e1d89a0f97957b035ac4938723a5cac208135d389b6972a6d?s=96&d=mm&r=g\",\"caption\":\"teste\"},\"url\":\"https:\\\/\\\/blogdofarnesio.com.br\\\/?author=3\"}]}<\/script>\n<!-- \/ Yoast SEO plugin. -->","yoast_head_json":{"title":"PREFEITO DE PETROLINA PROP\u00d5E CRIA\u00c7\u00c3O DO G20\/SEMI\u00c1RIDO - Blog do Farn\u00e9sio","robots":{"index":"index","follow":"follow","max-snippet":"max-snippet:-1","max-image-preview":"max-image-preview:large","max-video-preview":"max-video-preview:-1"},"canonical":"https:\/\/blogdofarnesio.com.br\/?p=109781","og_locale":"pt_BR","og_type":"article","og_title":"PREFEITO DE PETROLINA PROP\u00d5E CRIA\u00c7\u00c3O DO G20\/SEMI\u00c1RIDO - Blog do Farn\u00e9sio","og_description":"O G20-Semi\u00e1rido ser\u00e1 formando pelos 20 maiores munic\u00edpios do semi\u00e1rido, regi\u00e3o que est\u00e1 presente em nove Estados da federa\u00e7\u00e3o e possui 22 milh\u00f5es de habitantes. As localidades s\u00e3o expoentes em atividades econ\u00f4micas que v\u00e3o de fruticultura irrigada \u00e0 extra\u00e7\u00e3o de petr\u00f3leo, sendo respons\u00e1veis por um volume consider\u00e1vel do PIB nacional. O Grupo chega com a proposta de promover discuss\u00f5es, entre os gestores e agentes dos governos estadual e federal, na tentativa de buscar alternativas para as dificuldades e impulsionar debates sobre quest\u00f5es pol\u00edticas relacionadas a promo\u00e7\u00e3o da estabilidade financeira, desenvolvimento social e econ\u00f4mico, assumindo responsabilidades individuais e coletivas que ir\u00e3o beneficiar os munic\u00edpios que comp\u00f5e o grupo e tamb\u00e9m toda a regi\u00e3o Nordeste. Com a cria\u00e7\u00e3o do G20, o prefeito&hellip;","og_url":"https:\/\/blogdofarnesio.com.br\/?p=109781","og_site_name":"Blog do Farn\u00e9sio","article_publisher":"https:\/\/www.facebook.com\/BlogQuerSaberPolitica\/","article_published_time":"2014-12-10T18:41:15+00:00","og_image":[{"url":"http:\/\/www.quersaberpolitica.com.br\/2016\/wp-content\/uploads\/2014\/12\/blogqsp-mapa.jpg","type":"","width":"","height":""}],"author":"teste","twitter_card":"summary_large_image","twitter_misc":{"Escrito por":"teste","Est. tempo de leitura":"4 minutos"},"schema":{"@context":"https:\/\/schema.org","@graph":[{"@type":"Article","@id":"https:\/\/blogdofarnesio.com.br\/?p=109781#article","isPartOf":{"@id":"https:\/\/blogdofarnesio.com.br\/?p=109781"},"author":{"name":"teste","@id":"https:\/\/blogdofarnesio.com.br\/#\/schema\/person\/dd1bf5eba40b687199ba45ca6b97dff9"},"headline":"PREFEITO DE PETROLINA PROP\u00d5E CRIA\u00c7\u00c3O DO G20\/SEMI\u00c1RIDO","datePublished":"2014-12-10T18:41:15+00:00","mainEntityOfPage":{"@id":"https:\/\/blogdofarnesio.com.br\/?p=109781"},"wordCount":728,"commentCount":0,"publisher":{"@id":"https:\/\/blogdofarnesio.com.br\/#organization"},"image":{"@id":"https:\/\/blogdofarnesio.com.br\/?p=109781#primaryimage"},"thumbnailUrl":"http:\/\/www.quersaberpolitica.com.br\/2016\/wp-content\/uploads\/2014\/12\/blogqsp-mapa.jpg","articleSection":["Pol\u00edtica"],"inLanguage":"pt-BR","potentialAction":[{"@type":"CommentAction","name":"Comment","target":["https:\/\/blogdofarnesio.com.br\/?p=109781#respond"]}]},{"@type":"WebPage","@id":"https:\/\/blogdofarnesio.com.br\/?p=109781","url":"https:\/\/blogdofarnesio.com.br\/?p=109781","name":"PREFEITO DE PETROLINA PROP\u00d5E CRIA\u00c7\u00c3O DO G20\/SEMI\u00c1RIDO - Blog do Farn\u00e9sio","isPartOf":{"@id":"https:\/\/blogdofarnesio.com.br\/#website"},"primaryImageOfPage":{"@id":"https:\/\/blogdofarnesio.com.br\/?p=109781#primaryimage"},"image":{"@id":"https:\/\/blogdofarnesio.com.br\/?p=109781#primaryimage"},"thumbnailUrl":"http:\/\/www.quersaberpolitica.com.br\/2016\/wp-content\/uploads\/2014\/12\/blogqsp-mapa.jpg","datePublished":"2014-12-10T18:41:15+00:00","breadcrumb":{"@id":"https:\/\/blogdofarnesio.com.br\/?p=109781#breadcrumb"},"inLanguage":"pt-BR","potentialAction":[{"@type":"ReadAction","target":["https:\/\/blogdofarnesio.com.br\/?p=109781"]}]},{"@type":"ImageObject","inLanguage":"pt-BR","@id":"https:\/\/blogdofarnesio.com.br\/?p=109781#primaryimage","url":"http:\/\/www.quersaberpolitica.com.br\/2016\/wp-content\/uploads\/2014\/12\/blogqsp-mapa.jpg","contentUrl":"http:\/\/www.quersaberpolitica.com.br\/2016\/wp-content\/uploads\/2014\/12\/blogqsp-mapa.jpg"},{"@type":"BreadcrumbList","@id":"https:\/\/blogdofarnesio.com.br\/?p=109781#breadcrumb","itemListElement":[{"@type":"ListItem","position":1,"name":"In\u00edcio","item":"https:\/\/blogdofarnesio.com.br\/"},{"@type":"ListItem","position":2,"name":"PREFEITO DE PETROLINA PROP\u00d5E CRIA\u00c7\u00c3O DO G20\/SEMI\u00c1RIDO"}]},{"@type":"WebSite","@id":"https:\/\/blogdofarnesio.com.br\/#website","url":"https:\/\/blogdofarnesio.com.br\/","name":"Blog do Farn\u00e9sio","description":"Quer Saber Pol\u00edtica?","publisher":{"@id":"https:\/\/blogdofarnesio.com.br\/#organization"},"potentialAction":[{"@type":"SearchAction","target":{"@type":"EntryPoint","urlTemplate":"https:\/\/blogdofarnesio.com.br\/?s={search_term_string}"},"query-input":{"@type":"PropertyValueSpecification","valueRequired":true,"valueName":"search_term_string"}}],"inLanguage":"pt-BR"},{"@type":"Organization","@id":"https:\/\/blogdofarnesio.com.br\/#organization","name":"Blog do Farn\u00e9sio","url":"https:\/\/blogdofarnesio.com.br\/","logo":{"@type":"ImageObject","inLanguage":"pt-BR","@id":"https:\/\/blogdofarnesio.com.br\/#\/schema\/logo\/image\/","url":"https:\/\/blogdofarnesio.com.br\/wp-content\/uploads\/2026\/03\/cropped-logo_new-1.png","contentUrl":"https:\/\/blogdofarnesio.com.br\/wp-content\/uploads\/2026\/03\/cropped-logo_new-1.png","width":881,"height":685,"caption":"Blog do Farn\u00e9sio"},"image":{"@id":"https:\/\/blogdofarnesio.com.br\/#\/schema\/logo\/image\/"},"sameAs":["https:\/\/www.facebook.com\/BlogQuerSaberPolitica\/"]},{"@type":"Person","@id":"https:\/\/blogdofarnesio.com.br\/#\/schema\/person\/dd1bf5eba40b687199ba45ca6b97dff9","name":"teste","image":{"@type":"ImageObject","inLanguage":"pt-BR","@id":"https:\/\/secure.gravatar.com\/avatar\/2172498d4914b51e1d89a0f97957b035ac4938723a5cac208135d389b6972a6d?s=96&d=mm&r=g","url":"https:\/\/secure.gravatar.com\/avatar\/2172498d4914b51e1d89a0f97957b035ac4938723a5cac208135d389b6972a6d?s=96&d=mm&r=g","contentUrl":"https:\/\/secure.gravatar.com\/avatar\/2172498d4914b51e1d89a0f97957b035ac4938723a5cac208135d389b6972a6d?s=96&d=mm&r=g","caption":"teste"},"url":"https:\/\/blogdofarnesio.com.br\/?author=3"}]}},"_links":{"self":[{"href":"https:\/\/blogdofarnesio.com.br\/index.php?rest_route=\/wp\/v2\/posts\/109781","targetHints":{"allow":["GET"]}}],"collection":[{"href":"https:\/\/blogdofarnesio.com.br\/index.php?rest_route=\/wp\/v2\/posts"}],"about":[{"href":"https:\/\/blogdofarnesio.com.br\/index.php?rest_route=\/wp\/v2\/types\/post"}],"author":[{"embeddable":true,"href":"https:\/\/blogdofarnesio.com.br\/index.php?rest_route=\/wp\/v2\/users\/3"}],"replies":[{"embeddable":true,"href":"https:\/\/blogdofarnesio.com.br\/index.php?rest_route=%2Fwp%2Fv2%2Fcomments&post=109781"}],"version-history":[{"count":0,"href":"https:\/\/blogdofarnesio.com.br\/index.php?rest_route=\/wp\/v2\/posts\/109781\/revisions"}],"wp:attachment":[{"href":"https:\/\/blogdofarnesio.com.br\/index.php?rest_route=%2Fwp%2Fv2%2Fmedia&parent=109781"}],"wp:term":[{"taxonomy":"category","embeddable":true,"href":"https:\/\/blogdofarnesio.com.br\/index.php?rest_route=%2Fwp%2Fv2%2Fcategories&post=109781"},{"taxonomy":"post_tag","embeddable":true,"href":"https:\/\/blogdofarnesio.com.br\/index.php?rest_route=%2Fwp%2Fv2%2Ftags&post=109781"}],"curies":[{"name":"wp","href":"https:\/\/api.w.org\/{rel}","templated":true}]}}