{"id":10962,"date":"2012-02-08T11:38:14","date_gmt":"2012-02-08T11:38:14","guid":{"rendered":"http:\/\/www.quersaberpolitica.com.br?p=10962"},"modified":"2012-02-08T10:45:43","modified_gmt":"2012-02-08T10:45:43","slug":"aula-inaugural-inicia-quinta-e-ultima-etapa-de-concurso-publico-em-petrolina","status":"publish","type":"post","link":"https:\/\/blogdofarnesio.com.br\/?p=10962","title":{"rendered":"Aula inaugural inicia quinta e \u00faltima etapa de concurso p\u00fablico em Petrolina"},"content":{"rendered":"<p style=\"text-align: justify;\"><span style=\"font-size: small;\"><a rel=\"lightbox\" href=\"..\/http:\/\/www.quersaberpolitica.com.br\/2016\/wp-content\/uploads\/2012\/12\/blogqspaulainauguralfacapeinicia1.jpg\"><img loading=\"lazy\" decoding=\"async\" style=\"margin-top: 5px; margin-bottom: 5px; margin-left: 10px; margin-right: 10px; float: left;\" title=\"Imagem Divulga&ccedil;&atilde;o\" src=\"..\/http:\/\/www.quersaberpolitica.com.br\/2016\/wp-content\/uploads\/2012\/12\/blogqspaulainauguralfacapeinicia1.jpg\" alt=\"\" width=\"200\" height=\"133\" \/><\/a>Os aprovados no concurso p&uacute;blico da Prefeitura Municipal de Petrolina para os cargos de Guarda Municipal, Agente da Autoridade de Tr&acirc;nsito e Fiscal de Transportes iniciaram ontem (06) com uma aula inaugural, o Curso de Forma&ccedil;&atilde;o; quinta e &uacute;ltima etapa do processo seletivo iniciado em setembro do &uacute;ltimo ano. As aulas acontecem na Autarquia Educacional do Vale do S&atilde;o Francisco \/ Faculdade de Ci&ecirc;ncias Aplicadas e Sociais de Petrolina (AEVSF\/FACAPE) para 61 classificados.<\/span><\/p>\n<p style=\"text-align: justify;\"><span style=\"font-size: small;\">A aula realizada na Facape contou com a presen&ccedil;a do grupo de instrutores e foi ministrada pelo Perito Criminal Federal, Edson Pacheco que abordou a tem&aacute;tica Seguran&ccedil;a P&uacute;blica no Brasil e Contribui&ccedil;&atilde;o dos Munic&iacute;pios atrav&eacute;s das Guardas Municipais, Fiscais e Agentes.<\/span><\/p>\n<p style=\"text-align: justify;\"><span style=\"font-size: small;\">Etapa tamb&eacute;m eliminat&oacute;ria, o plano de aula, elaborado pela Escola do Servidor do munic&iacute;pio cumpre as determina&ccedil;&otilde;es da Secretaria Nacional de Seguran&ccedil;a P&uacute;blica (Senasp) e Minist&eacute;rio da Justi&ccedil;a (MJ); compreendendo a participa&ccedil;&atilde;o de entidades como a Guarda Municipal, Policia Militar, Federal, Ag&ecirc;ncia de Tr&acirc;nsito e Corpo de Bombeiros. Ao todo ser&atilde;o 600h\/aula ministradas por 30 instrutores. Os candidatos ter&atilde;o 10 aulas por dia com aprendizado de disciplinas como: ordem unida, defesa pessoal, chefia e lideran&ccedil;a; entre outras com a&ccedil;&otilde;es t&eacute;cnicas e pr&aacute;ticas. A m&eacute;dia para aprova&ccedil;&atilde;o ser&aacute; de nota sete.<\/span><\/p>\n<p style=\"text-align: justify;\"><span style=\"font-size: small;\">&#8220;Esse &eacute; um momento de grande import&acirc;ncia para Petrolina que vive nos &uacute;ltimos tr&ecirc;s anos a valoriza&ccedil;&atilde;o do ser humano. Com a&ccedil;&otilde;es realizadas no sentido de oferecer seguran&ccedil;a &agrave; comunidade, melhor atendimento; o Prefeito Julio Lossio via a necessidade de se agregar mais profissionais qualificados ao quadro j&aacute; existente da corpora&ccedil;&atilde;o da Guarda Municipal, Agente de Tr&acirc;nsito e Fiscais de Transporte. Isso mostra o quanto, Petrolina tem investido nas pessoas&#8221;, afirmou o Secret&aacute;rio de Seguran&ccedil;a Cidad&atilde;, Cel. Daniel Ferreira.<\/span><\/p>\n<p style=\"text-align: justify;\"><span style=\"font-size: small;\">O curso que ser&aacute; ministrado at&eacute; o pr&oacute;ximo dia 04 de maio, quando sair&aacute; o resultado final dos classificados que ocupar&atilde;o os cargos que &eacute; comporto por 28 candidatos a agente de tr&acirc;nsito, 23 candidatos &agrave; guarda municipal e 10 candidatos a fiscal de transporte.<\/span><\/p>\n<p style=\"text-align: justify;\"><span style=\"font-size: small;\">(Informa&ccedil;&otilde;es da PMP\/Foto)<\/span><\/p>\n","protected":false},"excerpt":{"rendered":"<p>Os aprovados no concurso p&uacute;blico da Prefeitura Municipal de Petrolina para os cargos de Guarda Municipal, Agente da Autoridade de Tr&acirc;nsito e Fiscal de Transportes iniciaram ontem (06) com uma aula inaugural, o Curso de Forma&ccedil;&atilde;o; quinta e &uacute;ltima etapa do processo seletivo iniciado em setembro do &uacute;ltimo ano. As aulas acontecem na Autarquia Educacional do Vale do S&atilde;o Francisco \/ Faculdade de Ci&ecirc;ncias Aplicadas e Sociais de Petrolina (AEVSF\/FACAPE) para 61 classificados. A aula realizada na Facape contou com a presen&ccedil;a do grupo de instrutores e foi ministrada pelo Perito Criminal Federal, Edson Pacheco que abordou a tem&aacute;tica Seguran&ccedil;a P&uacute;blica no Brasil e Contribui&ccedil;&atilde;o dos Munic&iacute;pios atrav&eacute;s das Guardas Municipais, Fiscais e Agentes. Etapa tamb&eacute;m eliminat&oacute;ria, o plano de&hellip; <\/p>\n","protected":false},"author":0,"featured_media":0,"comment_status":"open","ping_status":"open","sticky":false,"template":"","format":"standard","meta":{"_acf_changed":false,"footnotes":""},"categories":[5],"tags":[],"class_list":["post-10962","post","type-post","status-publish","format-standard","hentry","category-seguranca"],"acf":[],"yoast_head":"<!-- This site is optimized with the Yoast SEO plugin v27.4 - https:\/\/yoast.com\/product\/yoast-seo-wordpress\/ -->\n<title>Aula inaugural inicia quinta e \u00faltima etapa de concurso p\u00fablico em Petrolina - Blog do Farn\u00e9sio<\/title>\n<meta name=\"robots\" content=\"index, follow, max-snippet:-1, max-image-preview:large, max-video-preview:-1\" \/>\n<link rel=\"canonical\" href=\"https:\/\/blogdofarnesio.com.br\/?p=10962\" \/>\n<meta property=\"og:locale\" content=\"pt_BR\" \/>\n<meta property=\"og:type\" content=\"article\" \/>\n<meta property=\"og:title\" content=\"Aula inaugural inicia quinta e \u00faltima etapa de concurso p\u00fablico em Petrolina - Blog do Farn\u00e9sio\" \/>\n<meta property=\"og:description\" content=\"Os aprovados no concurso p&uacute;blico da Prefeitura Municipal de Petrolina para os cargos de Guarda Municipal, Agente da Autoridade de Tr&acirc;nsito e Fiscal de Transportes iniciaram ontem (06) com uma aula inaugural, o Curso de Forma&ccedil;&atilde;o; quinta e &uacute;ltima etapa do processo seletivo iniciado em setembro do &uacute;ltimo ano. As aulas acontecem na Autarquia Educacional do Vale do S&atilde;o Francisco \/ Faculdade de Ci&ecirc;ncias Aplicadas e Sociais de Petrolina (AEVSF\/FACAPE) para 61 classificados. A aula realizada na Facape contou com a presen&ccedil;a do grupo de instrutores e foi ministrada pelo Perito Criminal Federal, Edson Pacheco que abordou a tem&aacute;tica Seguran&ccedil;a P&uacute;blica no Brasil e Contribui&ccedil;&atilde;o dos Munic&iacute;pios atrav&eacute;s das Guardas Municipais, Fiscais e Agentes. Etapa tamb&eacute;m eliminat&oacute;ria, o plano de&hellip;\" \/>\n<meta property=\"og:url\" content=\"https:\/\/blogdofarnesio.com.br\/?p=10962\" \/>\n<meta property=\"og:site_name\" content=\"Blog do Farn\u00e9sio\" \/>\n<meta property=\"article:publisher\" content=\"https:\/\/www.facebook.com\/BlogQuerSaberPolitica\/\" \/>\n<meta property=\"article:published_time\" content=\"2012-02-08T11:38:14+00:00\" \/>\n<meta name=\"twitter:card\" content=\"summary_large_image\" \/>\n<meta name=\"twitter:label1\" content=\"Est. tempo de leitura\" \/>\n\t<meta name=\"twitter:data1\" content=\"2 minutos\" \/>\n<script type=\"application\/ld+json\" class=\"yoast-schema-graph\">{\"@context\":\"https:\\\/\\\/schema.org\",\"@graph\":[{\"@type\":\"Article\",\"@id\":\"https:\\\/\\\/blogdofarnesio.com.br\\\/?p=10962#article\",\"isPartOf\":{\"@id\":\"https:\\\/\\\/blogdofarnesio.com.br\\\/?p=10962\"},\"author\":{\"name\":\"\",\"@id\":\"\"},\"headline\":\"Aula inaugural inicia quinta e \u00faltima etapa de concurso p\u00fablico em Petrolina\",\"datePublished\":\"2012-02-08T11:38:14+00:00\",\"mainEntityOfPage\":{\"@id\":\"https:\\\/\\\/blogdofarnesio.com.br\\\/?p=10962\"},\"wordCount\":445,\"commentCount\":0,\"publisher\":{\"@id\":\"https:\\\/\\\/blogdofarnesio.com.br\\\/#organization\"},\"articleSection\":[\"Seguran\u00e7a\"],\"inLanguage\":\"pt-BR\",\"potentialAction\":[{\"@type\":\"CommentAction\",\"name\":\"Comment\",\"target\":[\"https:\\\/\\\/blogdofarnesio.com.br\\\/?p=10962#respond\"]}]},{\"@type\":\"WebPage\",\"@id\":\"https:\\\/\\\/blogdofarnesio.com.br\\\/?p=10962\",\"url\":\"https:\\\/\\\/blogdofarnesio.com.br\\\/?p=10962\",\"name\":\"Aula inaugural inicia quinta e \u00faltima etapa de concurso p\u00fablico em Petrolina - Blog do Farn\u00e9sio\",\"isPartOf\":{\"@id\":\"https:\\\/\\\/blogdofarnesio.com.br\\\/#website\"},\"datePublished\":\"2012-02-08T11:38:14+00:00\",\"breadcrumb\":{\"@id\":\"https:\\\/\\\/blogdofarnesio.com.br\\\/?p=10962#breadcrumb\"},\"inLanguage\":\"pt-BR\",\"potentialAction\":[{\"@type\":\"ReadAction\",\"target\":[\"https:\\\/\\\/blogdofarnesio.com.br\\\/?p=10962\"]}]},{\"@type\":\"BreadcrumbList\",\"@id\":\"https:\\\/\\\/blogdofarnesio.com.br\\\/?p=10962#breadcrumb\",\"itemListElement\":[{\"@type\":\"ListItem\",\"position\":1,\"name\":\"In\u00edcio\",\"item\":\"https:\\\/\\\/blogdofarnesio.com.br\\\/\"},{\"@type\":\"ListItem\",\"position\":2,\"name\":\"Aula inaugural inicia quinta e \u00faltima etapa de concurso p\u00fablico em Petrolina\"}]},{\"@type\":\"WebSite\",\"@id\":\"https:\\\/\\\/blogdofarnesio.com.br\\\/#website\",\"url\":\"https:\\\/\\\/blogdofarnesio.com.br\\\/\",\"name\":\"Blog do Farn\u00e9sio\",\"description\":\"Quer Saber Pol\u00edtica?\",\"publisher\":{\"@id\":\"https:\\\/\\\/blogdofarnesio.com.br\\\/#organization\"},\"potentialAction\":[{\"@type\":\"SearchAction\",\"target\":{\"@type\":\"EntryPoint\",\"urlTemplate\":\"https:\\\/\\\/blogdofarnesio.com.br\\\/?s={search_term_string}\"},\"query-input\":{\"@type\":\"PropertyValueSpecification\",\"valueRequired\":true,\"valueName\":\"search_term_string\"}}],\"inLanguage\":\"pt-BR\"},{\"@type\":\"Organization\",\"@id\":\"https:\\\/\\\/blogdofarnesio.com.br\\\/#organization\",\"name\":\"Blog do Farn\u00e9sio\",\"url\":\"https:\\\/\\\/blogdofarnesio.com.br\\\/\",\"logo\":{\"@type\":\"ImageObject\",\"inLanguage\":\"pt-BR\",\"@id\":\"https:\\\/\\\/blogdofarnesio.com.br\\\/#\\\/schema\\\/logo\\\/image\\\/\",\"url\":\"https:\\\/\\\/blogdofarnesio.com.br\\\/wp-content\\\/uploads\\\/2026\\\/03\\\/cropped-logo_new-1.png\",\"contentUrl\":\"https:\\\/\\\/blogdofarnesio.com.br\\\/wp-content\\\/uploads\\\/2026\\\/03\\\/cropped-logo_new-1.png\",\"width\":881,\"height\":685,\"caption\":\"Blog do Farn\u00e9sio\"},\"image\":{\"@id\":\"https:\\\/\\\/blogdofarnesio.com.br\\\/#\\\/schema\\\/logo\\\/image\\\/\"},\"sameAs\":[\"https:\\\/\\\/www.facebook.com\\\/BlogQuerSaberPolitica\\\/\"]}]}<\/script>\n<!-- \/ Yoast SEO plugin. -->","yoast_head_json":{"title":"Aula inaugural inicia quinta e \u00faltima etapa de concurso p\u00fablico em Petrolina - Blog do Farn\u00e9sio","robots":{"index":"index","follow":"follow","max-snippet":"max-snippet:-1","max-image-preview":"max-image-preview:large","max-video-preview":"max-video-preview:-1"},"canonical":"https:\/\/blogdofarnesio.com.br\/?p=10962","og_locale":"pt_BR","og_type":"article","og_title":"Aula inaugural inicia quinta e \u00faltima etapa de concurso p\u00fablico em Petrolina - Blog do Farn\u00e9sio","og_description":"Os aprovados no concurso p&uacute;blico da Prefeitura Municipal de Petrolina para os cargos de Guarda Municipal, Agente da Autoridade de Tr&acirc;nsito e Fiscal de Transportes iniciaram ontem (06) com uma aula inaugural, o Curso de Forma&ccedil;&atilde;o; quinta e &uacute;ltima etapa do processo seletivo iniciado em setembro do &uacute;ltimo ano. As aulas acontecem na Autarquia Educacional do Vale do S&atilde;o Francisco \/ Faculdade de Ci&ecirc;ncias Aplicadas e Sociais de Petrolina (AEVSF\/FACAPE) para 61 classificados. A aula realizada na Facape contou com a presen&ccedil;a do grupo de instrutores e foi ministrada pelo Perito Criminal Federal, Edson Pacheco que abordou a tem&aacute;tica Seguran&ccedil;a P&uacute;blica no Brasil e Contribui&ccedil;&atilde;o dos Munic&iacute;pios atrav&eacute;s das Guardas Municipais, Fiscais e Agentes. Etapa tamb&eacute;m eliminat&oacute;ria, o plano de&hellip;","og_url":"https:\/\/blogdofarnesio.com.br\/?p=10962","og_site_name":"Blog do Farn\u00e9sio","article_publisher":"https:\/\/www.facebook.com\/BlogQuerSaberPolitica\/","article_published_time":"2012-02-08T11:38:14+00:00","twitter_card":"summary_large_image","twitter_misc":{"Est. tempo de leitura":"2 minutos"},"schema":{"@context":"https:\/\/schema.org","@graph":[{"@type":"Article","@id":"https:\/\/blogdofarnesio.com.br\/?p=10962#article","isPartOf":{"@id":"https:\/\/blogdofarnesio.com.br\/?p=10962"},"author":{"name":"","@id":""},"headline":"Aula inaugural inicia quinta e \u00faltima etapa de concurso p\u00fablico em Petrolina","datePublished":"2012-02-08T11:38:14+00:00","mainEntityOfPage":{"@id":"https:\/\/blogdofarnesio.com.br\/?p=10962"},"wordCount":445,"commentCount":0,"publisher":{"@id":"https:\/\/blogdofarnesio.com.br\/#organization"},"articleSection":["Seguran\u00e7a"],"inLanguage":"pt-BR","potentialAction":[{"@type":"CommentAction","name":"Comment","target":["https:\/\/blogdofarnesio.com.br\/?p=10962#respond"]}]},{"@type":"WebPage","@id":"https:\/\/blogdofarnesio.com.br\/?p=10962","url":"https:\/\/blogdofarnesio.com.br\/?p=10962","name":"Aula inaugural inicia quinta e \u00faltima etapa de concurso p\u00fablico em Petrolina - Blog do Farn\u00e9sio","isPartOf":{"@id":"https:\/\/blogdofarnesio.com.br\/#website"},"datePublished":"2012-02-08T11:38:14+00:00","breadcrumb":{"@id":"https:\/\/blogdofarnesio.com.br\/?p=10962#breadcrumb"},"inLanguage":"pt-BR","potentialAction":[{"@type":"ReadAction","target":["https:\/\/blogdofarnesio.com.br\/?p=10962"]}]},{"@type":"BreadcrumbList","@id":"https:\/\/blogdofarnesio.com.br\/?p=10962#breadcrumb","itemListElement":[{"@type":"ListItem","position":1,"name":"In\u00edcio","item":"https:\/\/blogdofarnesio.com.br\/"},{"@type":"ListItem","position":2,"name":"Aula inaugural inicia quinta e \u00faltima etapa de concurso p\u00fablico em Petrolina"}]},{"@type":"WebSite","@id":"https:\/\/blogdofarnesio.com.br\/#website","url":"https:\/\/blogdofarnesio.com.br\/","name":"Blog do Farn\u00e9sio","description":"Quer Saber Pol\u00edtica?","publisher":{"@id":"https:\/\/blogdofarnesio.com.br\/#organization"},"potentialAction":[{"@type":"SearchAction","target":{"@type":"EntryPoint","urlTemplate":"https:\/\/blogdofarnesio.com.br\/?s={search_term_string}"},"query-input":{"@type":"PropertyValueSpecification","valueRequired":true,"valueName":"search_term_string"}}],"inLanguage":"pt-BR"},{"@type":"Organization","@id":"https:\/\/blogdofarnesio.com.br\/#organization","name":"Blog do Farn\u00e9sio","url":"https:\/\/blogdofarnesio.com.br\/","logo":{"@type":"ImageObject","inLanguage":"pt-BR","@id":"https:\/\/blogdofarnesio.com.br\/#\/schema\/logo\/image\/","url":"https:\/\/blogdofarnesio.com.br\/wp-content\/uploads\/2026\/03\/cropped-logo_new-1.png","contentUrl":"https:\/\/blogdofarnesio.com.br\/wp-content\/uploads\/2026\/03\/cropped-logo_new-1.png","width":881,"height":685,"caption":"Blog do Farn\u00e9sio"},"image":{"@id":"https:\/\/blogdofarnesio.com.br\/#\/schema\/logo\/image\/"},"sameAs":["https:\/\/www.facebook.com\/BlogQuerSaberPolitica\/"]}]}},"_links":{"self":[{"href":"https:\/\/blogdofarnesio.com.br\/index.php?rest_route=\/wp\/v2\/posts\/10962","targetHints":{"allow":["GET"]}}],"collection":[{"href":"https:\/\/blogdofarnesio.com.br\/index.php?rest_route=\/wp\/v2\/posts"}],"about":[{"href":"https:\/\/blogdofarnesio.com.br\/index.php?rest_route=\/wp\/v2\/types\/post"}],"replies":[{"embeddable":true,"href":"https:\/\/blogdofarnesio.com.br\/index.php?rest_route=%2Fwp%2Fv2%2Fcomments&post=10962"}],"version-history":[{"count":0,"href":"https:\/\/blogdofarnesio.com.br\/index.php?rest_route=\/wp\/v2\/posts\/10962\/revisions"}],"wp:attachment":[{"href":"https:\/\/blogdofarnesio.com.br\/index.php?rest_route=%2Fwp%2Fv2%2Fmedia&parent=10962"}],"wp:term":[{"taxonomy":"category","embeddable":true,"href":"https:\/\/blogdofarnesio.com.br\/index.php?rest_route=%2Fwp%2Fv2%2Fcategories&post=10962"},{"taxonomy":"post_tag","embeddable":true,"href":"https:\/\/blogdofarnesio.com.br\/index.php?rest_route=%2Fwp%2Fv2%2Ftags&post=10962"}],"curies":[{"name":"wp","href":"https:\/\/api.w.org\/{rel}","templated":true}]}}