{"id":1090,"date":"2025-11-11T19:00:00","date_gmt":"2025-11-11T22:00:00","guid":{"rendered":"http:\/\/www.quersaberpolitica.com.br?p=1090"},"modified":"2025-11-11T19:00:59","modified_gmt":"2025-11-11T22:00:59","slug":"reflexao-do-velho-sabio-18","status":"publish","type":"post","link":"https:\/\/blogdofarnesio.com.br\/2025\/11\/reflexao-do-velho-sabio-18\/","title":{"rendered":"CONSELHOS DO VELHO S\u00c1BIO"},"content":{"rendered":"<p><strong>DEUS \u00e9 justo e requer de n\u00f3s que fa\u00e7amos justi\u00e7a<\/strong><\/p>\n<div>\n<p><span style=\"font-size: medium;\">&#8220;Ele \u00e9 a Rocha cuja obra \u00e9 perfeita,<br \/>\nporque todos os seus caminhos juizo s\u00e3o;<br \/>\n<\/span><\/p>\n<p><span style=\"font-size: medium;\">DEUS \u00e9 a verdade, e n\u00e3o h\u00e1 nEle injustica;<br \/>\njusto e reto \u00e9.&#8221;(Dt 32.4)<br \/>\n<\/span><\/p>\n<p><span style=\"font-size: medium;\">Creia que apesar das dificeis circunstancias, afli\u00e7\u00f5es e sofrimentos,<br \/>\n<\/span><span style=\"font-size: medium;\">DEUS se importa com voc\u00ea, e Ele lhe dar\u00e1 gra\u00e7a at\u00e9 que chegue o livramento.<br \/>\n<\/span><\/p>\n<p><span style=\"font-size: medium;\">Que o amor de Deus seja derramado em seu corac\u00e3o,<br \/>\npara te consolar e possais assim enxergar que al\u00e9m do problema existe uma eficaz e ardente esperan\u00e7a de vit\u00f3ria que n\u00e3o deixar\u00e1 te levar ao desespero.<br \/>\n<\/span><\/p>\n<p><span style=\"font-size: medium;\"><a href=\"http:\/\/www.quersaberpolitica.com.br\/2016\/wp-content\/uploads\/2012\/12\/blogqspminuto2.jpg\" rel=\"lightbox\"><img loading=\"lazy\" decoding=\"async\" style=\"float: right; margin: 5px 10px 5px 10px;\" src=\"http:\/\/www.quersaberpolitica.com.br\/2016\/wp-content\/uploads\/2012\/12\/blogqspminuto2.jpg\" alt=\"\" width=\"134\" height=\"180\" \/><\/a>Esta esperan\u00e7a viva e eficaz, transbordar\u00e1 a tua alma de gozo e alegria,<br \/>\n<\/span><span style=\"font-size: medium;\">que emanar\u00e1 do trono de DEUS.<br \/>\n<\/span><\/p>\n<p><span style=\"font-size: medium;\">&#8220;Sendo, pois, justificados pela F\u00e9, temos paz com DEUS por nosso<br \/>\nSENHOR JESUS CRISTO.&#8221;(Rm 5.1)<br \/>\n<\/span><\/p>\n<p><span style=\"font-size: medium;\">Aquele que permanece com uma F\u00e9 firme, apesar da afli\u00e7\u00e3o,<br \/>\nser\u00e1 justificado por DEUS; voce deve perseverar orando;<br \/>\n<\/span><\/p>\n<p><span style=\"font-size: medium;\">DEUS n\u00e3o esta alheio a tua afli\u00e7\u00e3o, Ele vai intervir.<br \/>\n<\/span><\/p>\n<p><span style=\"font-size: medium;\">&#8220;E disse: Em meu desespero clamei ao SENHOR, e Ele me respondeu,<br \/>\ndo ventre da morte gritei por socorro, e ouviste o meu clamor.&#8221;(Jn 2.2)<br \/>\n<\/span><\/p>\n<p><span style=\"font-size: medium;\"><a href=\"http:\/\/www.quersaberpolitica.com.br\/2016\/wp-content\/uploads\/2012\/12\/blogqspminutoc.jpg\" rel=\"lightbox\"><img loading=\"lazy\" decoding=\"async\" style=\"float: left; margin: 5px 10px 5px 10px;\" src=\"http:\/\/www.quersaberpolitica.com.br\/2016\/wp-content\/uploads\/2012\/12\/blogqspminutoc.jpg\" alt=\"\" width=\"200\" height=\"150\" \/><\/a>Embora ainda n\u00e3o tenha chegado o dia da tua justi\u00e7a, seu cora\u00e7\u00e3o ser\u00e1 fortalecido.<br \/>\nEle j\u00e1 ouviu as tuas ora\u00e7\u00f5es e deter\u00e1 a afli\u00e7\u00e3o e o sofrimento que veio sobre ti.<br \/>\n<\/span><\/p>\n<p><span style=\"font-size: medium;\">Tenha confian\u00e7a nas promessas e no amor de DEUS,<br \/>\n<\/span><span style=\"font-size: medium;\">e ser\u00e3o renovadas as tuas for\u00e7as, e neste momento nascer\u00e1 a PAZ de DEUS<br \/>\ntrazendo refrig\u00e9rio em tua alma.<br \/>\n<\/span><\/p>\n<p><span style=\"font-size: medium;\">&#8220;Tu SENHOR guardaras em perfeita PAZ aquele<br \/>\ncujo o prop\u00f3sito est\u00e1 firme,<br \/>\nporque em ti confia.&#8221; (Is 26.3)<br \/>\n<\/span><\/p>\n<p><span style=\"font-size: medium;\">Que Deus te aben\u00e7oe.<\/span><\/p>\n<p><span style=\"font-size: small;\"><em>Reflita !!<\/em><\/span><\/p>\n<p><span style=\"font-size: small;\"><em>Velho S\u00e1bio<\/em><\/span><\/p>\n<p><span style=\"font-size: medium;\"><span style=\"font-size: xx-large;\">\u00a0\u00a0 \u00a0 \u00a0 \u00a0 \u00a0 \u00a0 \u00a0 \u00a0 \u00a0 \u00a0 \u00a0 \u00a0 Boa Noite!<\/span><\/span><\/p>\n<\/div>\n","protected":false},"excerpt":{"rendered":"<p>DEUS \u00e9 justo e requer de n\u00f3s que fa\u00e7amos justi\u00e7a &#8220;Ele \u00e9 a Rocha cuja obra \u00e9 perfeita, porque todos os seus caminhos juizo s\u00e3o; DEUS \u00e9 a verdade, e n\u00e3o h\u00e1 nEle injustica; justo e reto \u00e9.&#8221;(Dt 32.4) Creia que apesar das dificeis circunstancias, afli\u00e7\u00f5es e sofrimentos, DEUS se importa com voc\u00ea, e Ele lhe dar\u00e1 gra\u00e7a at\u00e9 que chegue o livramento. Que o amor de Deus seja derramado em seu corac\u00e3o, para te consolar e possais assim enxergar que al\u00e9m do problema existe uma eficaz e ardente esperan\u00e7a de vit\u00f3ria que n\u00e3o deixar\u00e1 te levar ao desespero. Esta esperan\u00e7a viva e eficaz, transbordar\u00e1 a tua alma de gozo e alegria, que emanar\u00e1 do trono de DEUS. &#8220;Sendo, pois,&hellip; <\/p>\n","protected":false},"author":2,"featured_media":139592,"comment_status":"open","ping_status":"open","sticky":false,"template":"","format":"standard","meta":{"_acf_changed":false,"footnotes":""},"categories":[10],"tags":[],"class_list":["post-1090","post","type-post","status-publish","format-standard","has-post-thumbnail","hentry","category-cultura"],"acf":[],"yoast_head":"<!-- This site is optimized with the Yoast SEO plugin v27.5 - https:\/\/yoast.com\/product\/yoast-seo-wordpress\/ -->\n<title>CONSELHOS DO VELHO S\u00c1BIO - Blog do Farn\u00e9sio<\/title>\n<meta name=\"robots\" content=\"index, follow, max-snippet:-1, max-image-preview:large, max-video-preview:-1\" \/>\n<link rel=\"canonical\" href=\"https:\/\/blogdofarnesio.com.br\/2025\/11\/reflexao-do-velho-sabio-18\/\" \/>\n<meta property=\"og:locale\" content=\"pt_BR\" \/>\n<meta property=\"og:type\" content=\"article\" \/>\n<meta property=\"og:title\" content=\"CONSELHOS DO VELHO S\u00c1BIO - Blog do Farn\u00e9sio\" \/>\n<meta property=\"og:description\" content=\"DEUS \u00e9 justo e requer de n\u00f3s que fa\u00e7amos justi\u00e7a &#8220;Ele \u00e9 a Rocha cuja obra \u00e9 perfeita, porque todos os seus caminhos juizo s\u00e3o; DEUS \u00e9 a verdade, e n\u00e3o h\u00e1 nEle injustica; justo e reto \u00e9.&#8221;(Dt 32.4) Creia que apesar das dificeis circunstancias, afli\u00e7\u00f5es e sofrimentos, DEUS se importa com voc\u00ea, e Ele lhe dar\u00e1 gra\u00e7a at\u00e9 que chegue o livramento. Que o amor de Deus seja derramado em seu corac\u00e3o, para te consolar e possais assim enxergar que al\u00e9m do problema existe uma eficaz e ardente esperan\u00e7a de vit\u00f3ria que n\u00e3o deixar\u00e1 te levar ao desespero. Esta esperan\u00e7a viva e eficaz, transbordar\u00e1 a tua alma de gozo e alegria, que emanar\u00e1 do trono de DEUS. &#8220;Sendo, pois,&hellip;\" \/>\n<meta property=\"og:url\" content=\"https:\/\/blogdofarnesio.com.br\/2025\/11\/reflexao-do-velho-sabio-18\/\" \/>\n<meta property=\"og:site_name\" content=\"Blog do Farn\u00e9sio\" \/>\n<meta property=\"article:publisher\" content=\"https:\/\/www.facebook.com\/BlogQuerSaberPolitica\/\" \/>\n<meta property=\"article:author\" content=\"https:\/\/www.facebook.com\/?ref=tn_tnmn\" \/>\n<meta property=\"article:published_time\" content=\"2025-11-11T22:00:00+00:00\" \/>\n<meta property=\"article:modified_time\" content=\"2025-11-11T22:00:59+00:00\" \/>\n<meta property=\"og:image\" content=\"https:\/\/blogdofarnesio.com.br\/wp-content\/uploads\/2016\/03\/blogqspcorazon-jesuse-a-cruz.jpg\" \/>\n\t<meta property=\"og:image:width\" content=\"500\" \/>\n\t<meta property=\"og:image:height\" content=\"374\" \/>\n\t<meta property=\"og:image:type\" content=\"image\/jpeg\" \/>\n<meta name=\"author\" content=\"Farn\u00e9sio\" \/>\n<meta name=\"twitter:card\" content=\"summary_large_image\" \/>\n<meta name=\"twitter:label1\" content=\"Escrito por\" \/>\n\t<meta name=\"twitter:data1\" content=\"Farn\u00e9sio\" \/>\n\t<meta name=\"twitter:label2\" content=\"Est. tempo de leitura\" \/>\n\t<meta name=\"twitter:data2\" content=\"3 minutos\" \/>\n<script type=\"application\/ld+json\" class=\"yoast-schema-graph\">{\"@context\":\"https:\\\/\\\/schema.org\",\"@graph\":[{\"@type\":\"Article\",\"@id\":\"https:\\\/\\\/blogdofarnesio.com.br\\\/2025\\\/11\\\/reflexao-do-velho-sabio-18\\\/#article\",\"isPartOf\":{\"@id\":\"https:\\\/\\\/blogdofarnesio.com.br\\\/2025\\\/11\\\/reflexao-do-velho-sabio-18\\\/\"},\"author\":{\"name\":\"Farn\u00e9sio\",\"@id\":\"https:\\\/\\\/blogdofarnesio.com.br\\\/#\\\/schema\\\/person\\\/bb9b23ae3ad0609ce8df7b6c9e76824d\"},\"headline\":\"CONSELHOS DO VELHO S\u00c1BIO\",\"datePublished\":\"2025-11-11T22:00:00+00:00\",\"dateModified\":\"2025-11-11T22:00:59+00:00\",\"mainEntityOfPage\":{\"@id\":\"https:\\\/\\\/blogdofarnesio.com.br\\\/2025\\\/11\\\/reflexao-do-velho-sabio-18\\\/\"},\"wordCount\":299,\"commentCount\":0,\"publisher\":{\"@id\":\"https:\\\/\\\/blogdofarnesio.com.br\\\/#organization\"},\"image\":{\"@id\":\"https:\\\/\\\/blogdofarnesio.com.br\\\/2025\\\/11\\\/reflexao-do-velho-sabio-18\\\/#primaryimage\"},\"thumbnailUrl\":\"https:\\\/\\\/blogdofarnesio.com.br\\\/wp-content\\\/uploads\\\/2016\\\/03\\\/blogqspcorazon-jesuse-a-cruz.jpg\",\"articleSection\":[\"Cultura\"],\"inLanguage\":\"pt-BR\",\"potentialAction\":[{\"@type\":\"CommentAction\",\"name\":\"Comment\",\"target\":[\"https:\\\/\\\/blogdofarnesio.com.br\\\/2025\\\/11\\\/reflexao-do-velho-sabio-18\\\/#respond\"]}]},{\"@type\":\"WebPage\",\"@id\":\"https:\\\/\\\/blogdofarnesio.com.br\\\/2025\\\/11\\\/reflexao-do-velho-sabio-18\\\/\",\"url\":\"https:\\\/\\\/blogdofarnesio.com.br\\\/2025\\\/11\\\/reflexao-do-velho-sabio-18\\\/\",\"name\":\"CONSELHOS DO VELHO S\u00c1BIO - Blog do Farn\u00e9sio\",\"isPartOf\":{\"@id\":\"https:\\\/\\\/blogdofarnesio.com.br\\\/#website\"},\"primaryImageOfPage\":{\"@id\":\"https:\\\/\\\/blogdofarnesio.com.br\\\/2025\\\/11\\\/reflexao-do-velho-sabio-18\\\/#primaryimage\"},\"image\":{\"@id\":\"https:\\\/\\\/blogdofarnesio.com.br\\\/2025\\\/11\\\/reflexao-do-velho-sabio-18\\\/#primaryimage\"},\"thumbnailUrl\":\"https:\\\/\\\/blogdofarnesio.com.br\\\/wp-content\\\/uploads\\\/2016\\\/03\\\/blogqspcorazon-jesuse-a-cruz.jpg\",\"datePublished\":\"2025-11-11T22:00:00+00:00\",\"dateModified\":\"2025-11-11T22:00:59+00:00\",\"breadcrumb\":{\"@id\":\"https:\\\/\\\/blogdofarnesio.com.br\\\/2025\\\/11\\\/reflexao-do-velho-sabio-18\\\/#breadcrumb\"},\"inLanguage\":\"pt-BR\",\"potentialAction\":[{\"@type\":\"ReadAction\",\"target\":[\"https:\\\/\\\/blogdofarnesio.com.br\\\/2025\\\/11\\\/reflexao-do-velho-sabio-18\\\/\"]}]},{\"@type\":\"ImageObject\",\"inLanguage\":\"pt-BR\",\"@id\":\"https:\\\/\\\/blogdofarnesio.com.br\\\/2025\\\/11\\\/reflexao-do-velho-sabio-18\\\/#primaryimage\",\"url\":\"https:\\\/\\\/blogdofarnesio.com.br\\\/wp-content\\\/uploads\\\/2016\\\/03\\\/blogqspcorazon-jesuse-a-cruz.jpg\",\"contentUrl\":\"https:\\\/\\\/blogdofarnesio.com.br\\\/wp-content\\\/uploads\\\/2016\\\/03\\\/blogqspcorazon-jesuse-a-cruz.jpg\",\"width\":500,\"height\":374},{\"@type\":\"BreadcrumbList\",\"@id\":\"https:\\\/\\\/blogdofarnesio.com.br\\\/2025\\\/11\\\/reflexao-do-velho-sabio-18\\\/#breadcrumb\",\"itemListElement\":[{\"@type\":\"ListItem\",\"position\":1,\"name\":\"In\u00edcio\",\"item\":\"https:\\\/\\\/blogdofarnesio.com.br\\\/\"},{\"@type\":\"ListItem\",\"position\":2,\"name\":\"CONSELHOS DO VELHO S\u00c1BIO\"}]},{\"@type\":\"WebSite\",\"@id\":\"https:\\\/\\\/blogdofarnesio.com.br\\\/#website\",\"url\":\"https:\\\/\\\/blogdofarnesio.com.br\\\/\",\"name\":\"Blog do Farn\u00e9sio\",\"description\":\"Quer Saber Pol\u00edtica?\",\"publisher\":{\"@id\":\"https:\\\/\\\/blogdofarnesio.com.br\\\/#organization\"},\"potentialAction\":[{\"@type\":\"SearchAction\",\"target\":{\"@type\":\"EntryPoint\",\"urlTemplate\":\"https:\\\/\\\/blogdofarnesio.com.br\\\/?s={search_term_string}\"},\"query-input\":{\"@type\":\"PropertyValueSpecification\",\"valueRequired\":true,\"valueName\":\"search_term_string\"}}],\"inLanguage\":\"pt-BR\"},{\"@type\":\"Organization\",\"@id\":\"https:\\\/\\\/blogdofarnesio.com.br\\\/#organization\",\"name\":\"Blog do Farn\u00e9sio\",\"url\":\"https:\\\/\\\/blogdofarnesio.com.br\\\/\",\"logo\":{\"@type\":\"ImageObject\",\"inLanguage\":\"pt-BR\",\"@id\":\"https:\\\/\\\/blogdofarnesio.com.br\\\/#\\\/schema\\\/logo\\\/image\\\/\",\"url\":\"https:\\\/\\\/blogdofarnesio.com.br\\\/wp-content\\\/uploads\\\/2026\\\/03\\\/cropped-logo_new-1.png\",\"contentUrl\":\"https:\\\/\\\/blogdofarnesio.com.br\\\/wp-content\\\/uploads\\\/2026\\\/03\\\/cropped-logo_new-1.png\",\"width\":881,\"height\":685,\"caption\":\"Blog do Farn\u00e9sio\"},\"image\":{\"@id\":\"https:\\\/\\\/blogdofarnesio.com.br\\\/#\\\/schema\\\/logo\\\/image\\\/\"},\"sameAs\":[\"https:\\\/\\\/www.facebook.com\\\/BlogQuerSaberPolitica\\\/\"]},{\"@type\":\"Person\",\"@id\":\"https:\\\/\\\/blogdofarnesio.com.br\\\/#\\\/schema\\\/person\\\/bb9b23ae3ad0609ce8df7b6c9e76824d\",\"name\":\"Farn\u00e9sio\",\"image\":{\"@type\":\"ImageObject\",\"inLanguage\":\"pt-BR\",\"@id\":\"https:\\\/\\\/secure.gravatar.com\\\/avatar\\\/986aa4c61ccdb66f8555bf88fc2a65609d00bcabd4d2d94377a727547345cbca?s=96&d=mm&r=g\",\"url\":\"https:\\\/\\\/secure.gravatar.com\\\/avatar\\\/986aa4c61ccdb66f8555bf88fc2a65609d00bcabd4d2d94377a727547345cbca?s=96&d=mm&r=g\",\"contentUrl\":\"https:\\\/\\\/secure.gravatar.com\\\/avatar\\\/986aa4c61ccdb66f8555bf88fc2a65609d00bcabd4d2d94377a727547345cbca?s=96&d=mm&r=g\",\"caption\":\"Farn\u00e9sio\"},\"description\":\"Radialista blogueiro, chegou a Petrolina\\\/Juazeiro em setembro de 1980, Farn\u00e9sio Silva \u00e9 de Arapiraca-Alagoas.\",\"sameAs\":[\"http:\\\/\\\/blogdofarnesio.com.br\",\"https:\\\/\\\/www.facebook.com\\\/?ref=tn_tnmn\",\"https:\\\/\\\/www.instagram.com\\\/?utm_source=pwa_homescreen\",\"https:\\\/\\\/youtube.com.br\\\/\"],\"url\":\"https:\\\/\\\/blogdofarnesio.com.br\\\/author\\\/farnesio-2\\\/\"}]}<\/script>\n<!-- \/ Yoast SEO plugin. -->","yoast_head_json":{"title":"CONSELHOS DO VELHO S\u00c1BIO - Blog do Farn\u00e9sio","robots":{"index":"index","follow":"follow","max-snippet":"max-snippet:-1","max-image-preview":"max-image-preview:large","max-video-preview":"max-video-preview:-1"},"canonical":"https:\/\/blogdofarnesio.com.br\/2025\/11\/reflexao-do-velho-sabio-18\/","og_locale":"pt_BR","og_type":"article","og_title":"CONSELHOS DO VELHO S\u00c1BIO - Blog do Farn\u00e9sio","og_description":"DEUS \u00e9 justo e requer de n\u00f3s que fa\u00e7amos justi\u00e7a &#8220;Ele \u00e9 a Rocha cuja obra \u00e9 perfeita, porque todos os seus caminhos juizo s\u00e3o; DEUS \u00e9 a verdade, e n\u00e3o h\u00e1 nEle injustica; justo e reto \u00e9.&#8221;(Dt 32.4) Creia que apesar das dificeis circunstancias, afli\u00e7\u00f5es e sofrimentos, DEUS se importa com voc\u00ea, e Ele lhe dar\u00e1 gra\u00e7a at\u00e9 que chegue o livramento. Que o amor de Deus seja derramado em seu corac\u00e3o, para te consolar e possais assim enxergar que al\u00e9m do problema existe uma eficaz e ardente esperan\u00e7a de vit\u00f3ria que n\u00e3o deixar\u00e1 te levar ao desespero. Esta esperan\u00e7a viva e eficaz, transbordar\u00e1 a tua alma de gozo e alegria, que emanar\u00e1 do trono de DEUS. &#8220;Sendo, pois,&hellip;","og_url":"https:\/\/blogdofarnesio.com.br\/2025\/11\/reflexao-do-velho-sabio-18\/","og_site_name":"Blog do Farn\u00e9sio","article_publisher":"https:\/\/www.facebook.com\/BlogQuerSaberPolitica\/","article_author":"https:\/\/www.facebook.com\/?ref=tn_tnmn","article_published_time":"2025-11-11T22:00:00+00:00","article_modified_time":"2025-11-11T22:00:59+00:00","og_image":[{"width":500,"height":374,"url":"https:\/\/blogdofarnesio.com.br\/wp-content\/uploads\/2016\/03\/blogqspcorazon-jesuse-a-cruz.jpg","type":"image\/jpeg"}],"author":"Farn\u00e9sio","twitter_card":"summary_large_image","twitter_misc":{"Escrito por":"Farn\u00e9sio","Est. tempo de leitura":"3 minutos"},"schema":{"@context":"https:\/\/schema.org","@graph":[{"@type":"Article","@id":"https:\/\/blogdofarnesio.com.br\/2025\/11\/reflexao-do-velho-sabio-18\/#article","isPartOf":{"@id":"https:\/\/blogdofarnesio.com.br\/2025\/11\/reflexao-do-velho-sabio-18\/"},"author":{"name":"Farn\u00e9sio","@id":"https:\/\/blogdofarnesio.com.br\/#\/schema\/person\/bb9b23ae3ad0609ce8df7b6c9e76824d"},"headline":"CONSELHOS DO VELHO S\u00c1BIO","datePublished":"2025-11-11T22:00:00+00:00","dateModified":"2025-11-11T22:00:59+00:00","mainEntityOfPage":{"@id":"https:\/\/blogdofarnesio.com.br\/2025\/11\/reflexao-do-velho-sabio-18\/"},"wordCount":299,"commentCount":0,"publisher":{"@id":"https:\/\/blogdofarnesio.com.br\/#organization"},"image":{"@id":"https:\/\/blogdofarnesio.com.br\/2025\/11\/reflexao-do-velho-sabio-18\/#primaryimage"},"thumbnailUrl":"https:\/\/blogdofarnesio.com.br\/wp-content\/uploads\/2016\/03\/blogqspcorazon-jesuse-a-cruz.jpg","articleSection":["Cultura"],"inLanguage":"pt-BR","potentialAction":[{"@type":"CommentAction","name":"Comment","target":["https:\/\/blogdofarnesio.com.br\/2025\/11\/reflexao-do-velho-sabio-18\/#respond"]}]},{"@type":"WebPage","@id":"https:\/\/blogdofarnesio.com.br\/2025\/11\/reflexao-do-velho-sabio-18\/","url":"https:\/\/blogdofarnesio.com.br\/2025\/11\/reflexao-do-velho-sabio-18\/","name":"CONSELHOS DO VELHO S\u00c1BIO - Blog do Farn\u00e9sio","isPartOf":{"@id":"https:\/\/blogdofarnesio.com.br\/#website"},"primaryImageOfPage":{"@id":"https:\/\/blogdofarnesio.com.br\/2025\/11\/reflexao-do-velho-sabio-18\/#primaryimage"},"image":{"@id":"https:\/\/blogdofarnesio.com.br\/2025\/11\/reflexao-do-velho-sabio-18\/#primaryimage"},"thumbnailUrl":"https:\/\/blogdofarnesio.com.br\/wp-content\/uploads\/2016\/03\/blogqspcorazon-jesuse-a-cruz.jpg","datePublished":"2025-11-11T22:00:00+00:00","dateModified":"2025-11-11T22:00:59+00:00","breadcrumb":{"@id":"https:\/\/blogdofarnesio.com.br\/2025\/11\/reflexao-do-velho-sabio-18\/#breadcrumb"},"inLanguage":"pt-BR","potentialAction":[{"@type":"ReadAction","target":["https:\/\/blogdofarnesio.com.br\/2025\/11\/reflexao-do-velho-sabio-18\/"]}]},{"@type":"ImageObject","inLanguage":"pt-BR","@id":"https:\/\/blogdofarnesio.com.br\/2025\/11\/reflexao-do-velho-sabio-18\/#primaryimage","url":"https:\/\/blogdofarnesio.com.br\/wp-content\/uploads\/2016\/03\/blogqspcorazon-jesuse-a-cruz.jpg","contentUrl":"https:\/\/blogdofarnesio.com.br\/wp-content\/uploads\/2016\/03\/blogqspcorazon-jesuse-a-cruz.jpg","width":500,"height":374},{"@type":"BreadcrumbList","@id":"https:\/\/blogdofarnesio.com.br\/2025\/11\/reflexao-do-velho-sabio-18\/#breadcrumb","itemListElement":[{"@type":"ListItem","position":1,"name":"In\u00edcio","item":"https:\/\/blogdofarnesio.com.br\/"},{"@type":"ListItem","position":2,"name":"CONSELHOS DO VELHO S\u00c1BIO"}]},{"@type":"WebSite","@id":"https:\/\/blogdofarnesio.com.br\/#website","url":"https:\/\/blogdofarnesio.com.br\/","name":"Blog do Farn\u00e9sio","description":"Quer Saber Pol\u00edtica?","publisher":{"@id":"https:\/\/blogdofarnesio.com.br\/#organization"},"potentialAction":[{"@type":"SearchAction","target":{"@type":"EntryPoint","urlTemplate":"https:\/\/blogdofarnesio.com.br\/?s={search_term_string}"},"query-input":{"@type":"PropertyValueSpecification","valueRequired":true,"valueName":"search_term_string"}}],"inLanguage":"pt-BR"},{"@type":"Organization","@id":"https:\/\/blogdofarnesio.com.br\/#organization","name":"Blog do Farn\u00e9sio","url":"https:\/\/blogdofarnesio.com.br\/","logo":{"@type":"ImageObject","inLanguage":"pt-BR","@id":"https:\/\/blogdofarnesio.com.br\/#\/schema\/logo\/image\/","url":"https:\/\/blogdofarnesio.com.br\/wp-content\/uploads\/2026\/03\/cropped-logo_new-1.png","contentUrl":"https:\/\/blogdofarnesio.com.br\/wp-content\/uploads\/2026\/03\/cropped-logo_new-1.png","width":881,"height":685,"caption":"Blog do Farn\u00e9sio"},"image":{"@id":"https:\/\/blogdofarnesio.com.br\/#\/schema\/logo\/image\/"},"sameAs":["https:\/\/www.facebook.com\/BlogQuerSaberPolitica\/"]},{"@type":"Person","@id":"https:\/\/blogdofarnesio.com.br\/#\/schema\/person\/bb9b23ae3ad0609ce8df7b6c9e76824d","name":"Farn\u00e9sio","image":{"@type":"ImageObject","inLanguage":"pt-BR","@id":"https:\/\/secure.gravatar.com\/avatar\/986aa4c61ccdb66f8555bf88fc2a65609d00bcabd4d2d94377a727547345cbca?s=96&d=mm&r=g","url":"https:\/\/secure.gravatar.com\/avatar\/986aa4c61ccdb66f8555bf88fc2a65609d00bcabd4d2d94377a727547345cbca?s=96&d=mm&r=g","contentUrl":"https:\/\/secure.gravatar.com\/avatar\/986aa4c61ccdb66f8555bf88fc2a65609d00bcabd4d2d94377a727547345cbca?s=96&d=mm&r=g","caption":"Farn\u00e9sio"},"description":"Radialista blogueiro, chegou a Petrolina\/Juazeiro em setembro de 1980, Farn\u00e9sio Silva \u00e9 de Arapiraca-Alagoas.","sameAs":["http:\/\/blogdofarnesio.com.br","https:\/\/www.facebook.com\/?ref=tn_tnmn","https:\/\/www.instagram.com\/?utm_source=pwa_homescreen","https:\/\/youtube.com.br\/"],"url":"https:\/\/blogdofarnesio.com.br\/author\/farnesio-2\/"}]}},"_links":{"self":[{"href":"https:\/\/blogdofarnesio.com.br\/wp-json\/wp\/v2\/posts\/1090","targetHints":{"allow":["GET"]}}],"collection":[{"href":"https:\/\/blogdofarnesio.com.br\/wp-json\/wp\/v2\/posts"}],"about":[{"href":"https:\/\/blogdofarnesio.com.br\/wp-json\/wp\/v2\/types\/post"}],"author":[{"embeddable":true,"href":"https:\/\/blogdofarnesio.com.br\/wp-json\/wp\/v2\/users\/2"}],"replies":[{"embeddable":true,"href":"https:\/\/blogdofarnesio.com.br\/wp-json\/wp\/v2\/comments?post=1090"}],"version-history":[{"count":1,"href":"https:\/\/blogdofarnesio.com.br\/wp-json\/wp\/v2\/posts\/1090\/revisions"}],"predecessor-version":[{"id":408003,"href":"https:\/\/blogdofarnesio.com.br\/wp-json\/wp\/v2\/posts\/1090\/revisions\/408003"}],"wp:featuredmedia":[{"embeddable":true,"href":"https:\/\/blogdofarnesio.com.br\/wp-json\/wp\/v2\/media\/139592"}],"wp:attachment":[{"href":"https:\/\/blogdofarnesio.com.br\/wp-json\/wp\/v2\/media?parent=1090"}],"wp:term":[{"taxonomy":"category","embeddable":true,"href":"https:\/\/blogdofarnesio.com.br\/wp-json\/wp\/v2\/categories?post=1090"},{"taxonomy":"post_tag","embeddable":true,"href":"https:\/\/blogdofarnesio.com.br\/wp-json\/wp\/v2\/tags?post=1090"}],"curies":[{"name":"wp","href":"https:\/\/api.w.org\/{rel}","templated":true}]}}