{"id":10866,"date":"2012-02-03T18:14:44","date_gmt":"2012-02-03T18:14:44","guid":{"rendered":"http:\/\/www.quersaberpolitica.com.br?p=10866"},"modified":"2012-02-04T00:19:14","modified_gmt":"2012-02-04T00:19:14","slug":"cade-a-decoracao-carnavalesca-","status":"publish","type":"post","link":"https:\/\/blogdofarnesio.com.br\/?p=10866","title":{"rendered":"Cad\u00ea a decora\u00e7\u00e3o carnavalesca !!?"},"content":{"rendered":"<div style=\"background-image: initial; background-attachment: initial; background-origin: initial; background-clip: initial; margin: 8px;\">\n<p style=\"text-align: justify;\"><span style=\"font-size: medium;\"><span style=\"font-family: arial, helvetica, sans-serif;\"><a rel=\"lightbox\" href=\"http:\/\/www.quersaberpolitica.com.br\/2016\/wp-content\/uploads\/2012\/12\/blogqscarnavaljuaharmonia12.jpg\"><img loading=\"lazy\" decoding=\"async\" style=\"float: right; margin-top: 5px; margin-bottom: 5px; margin-left: 10px; margin-right: 10px;\" src=\"http:\/\/www.quersaberpolitica.com.br\/2016\/wp-content\/uploads\/2012\/12\/blogqscarnavaljuaharmonia12.jpg\" alt=\"\" width=\"200\" height=\"150\" \/><\/a><a rel=\"lightbox\" href=\"http:\/\/www.quersaberpolitica.com.br\/2016\/wp-content\/uploads\/2012\/12\/blogqspcarnavaljuatimbalada09.jpg\"><img loading=\"lazy\" decoding=\"async\" style=\"float: left; margin-top: 5px; margin-bottom: 5px; margin-left: 10px; margin-right: 10px;\" title=\"Timbalada Foto:Farn&eacute;sio silva BlogQSP\" src=\"http:\/\/www.quersaberpolitica.com.br\/2016\/wp-content\/uploads\/2012\/12\/blogqspcarnavaljuatimbalada09.jpg\" alt=\"\" width=\"200\" height=\"150\" \/><\/a>O carnaval antecipado de Juazeira viver&aacute; nesta sexta-feira (03), seu segundo dia de folia. &nbsp;Ontem a noite, pelo menos 50 mil pessoas tomaram o corredor da folia, desde o cruzamento da Sote, por toda Adolfo Viana ruas da 28 e Apolo, local do palco alternativo, e por toda orla da cidade. O hor&aacute;rio de sa&iacute;da dos trios eletricos foi obedecido, e apenas uma falha quando da sa&iacute;da do bloco do BATATA, que quebrou a sequ&ecirc;ncia do desfile dos trios e blocos.&nbsp;<\/span><\/span><\/p>\n<p style=\"text-align: justify;\"><span style=\"font-size: medium;\"><span style=\"font-family: arial, helvetica, sans-serif;\"><a rel=\"lightbox\" href=\"http:\/\/www.quersaberpolitica.com.br\/2016\/wp-content\/uploads\/2012\/12\/blogqspcarnavaljuatimbalada25.jpg\"><img loading=\"lazy\" decoding=\"async\" style=\"float: left; margin-top: 5px; margin-bottom: 5px; margin-left: 10px; margin-right: 10px;\" title=\"Timbalada Foto:Farn&eacute;sio Silva BlogQSP\" src=\"http:\/\/www.quersaberpolitica.com.br\/2016\/wp-content\/uploads\/2012\/12\/blogqspcarnavaljuatimbalada25.jpg\" alt=\"\" width=\"200\" height=\"150\" \/><\/a><a rel=\"lightbox\" href=\"http:\/\/www.quersaberpolitica.com.br\/2016\/wp-content\/uploads\/2012\/12\/blogqscarnavaljuaharmonia03.jpg\"><img loading=\"lazy\" decoding=\"async\" style=\"float: right; margin-top: 5px; margin-bottom: 5px; margin-left: 10px; margin-right: 10px;\" title=\"Harmonia Foto:Farn&eacute;sio Silva BlogQSP\" src=\"http:\/\/www.quersaberpolitica.com.br\/2016\/wp-content\/uploads\/2012\/12\/blogqscarnavaljuaharmonia03.jpg\" alt=\"\" width=\"200\" height=\"150\" \/><\/a>O p&uacute;blico lotou a avenida para ver as bandas Negra Cor, Timbalada e Harmonia do Samba. A festa &eacute; realizada at&eacute; domingo (5), em dois locais da cidade.&nbsp;O circuito oficial, que come&ccedil;a na Avenida Adolfo Viana e termina na orla de Juazeiro, recebe os trios independentes e os blocos. Em um palco montado na Rua 28 de Setembro, no centro, outras atra&ccedil;&otilde;es animam o p&uacute;blico.&nbsp;<\/span><\/span><\/p>\n<p style=\"text-align: justify;\"><span style=\"font-size: medium;\"><span style=\"font-family: arial, helvetica, sans-serif;\">O fato negativo do carnaval de Juazeiro, e bota negativo nisso, &eacute; a total aus&ecirc;ncia de ornamenta&ccedil;&atilde;o da cidade, que absolutamente n&atilde;o cria clima de festa. A salva&ccedil;&atilde;o se deve ao fato de que o juazeirense quer mais &eacute; pinotar na frente e atr&aacute;s dos trios el&eacute;tricos.<\/span><\/span><\/p>\n<p style=\"text-align: justify;\"><span style=\"font-size: medium;\"><span style=\"font-family: arial, helvetica, sans-serif;\">Nesta sexta-feira (3), v&atilde;o passar pela avenida artistas como Tomate, Psirico, Cheiro de Amor e Netinho. No palco alternativo, se apresentam, entre outras atra&ccedil;&otilde;es, os cantores Armadinho, Ger&ocirc;nimo e Maur&iacute;cio Dias.&nbsp;Para fechar a festa no domingo, o circuito oficial tem atra&ccedil;&otilde;es como Margareth Menezes, Tuca Fernandes e Leva N&oacute;iz. A festa no centro da cidade encerra com diversos artistas, entre eles a banda Filhos de Jorge e Raimundinho do Acordeon. Confira a programa&ccedil;&atilde;o completa no site da prefeitura de Juazeiro.<\/span><\/span><\/p>\n<p style=\"text-align: justify;\"><span style=\"font-size: medium;\"><span style=\"font-family: arial, helvetica, sans-serif;\"><strong>Seguran&ccedil;a<br \/><\/strong><\/span><\/span><\/p>\n<p style=\"text-align: justify;\"><span style=\"font-size: medium;\"><span style=\"font-family: arial, helvetica, sans-serif;\">De acordo com informa&ccedil;&otilde;es do 3&ordm; Batalh&atilde;o da Pol&iacute;cia Militar (BPM), respons&aacute;vel pela seguran&ccedil;a na cidade, todo o efetivo do batalh&atilde;o trabalha no carnaval de Juazeiro. Ainda segundo a PM, n&atilde;o h&aacute; ades&atilde;o &agrave; paralisa&ccedil;&atilde;o da categoria por parte dos policiais do munic&iacute;pio. O primeiro dia de festa n&atilde;o registrou ocorr&ecirc;ncias graves, informou a PM.<\/span><\/span><\/p>\n<\/div>\n","protected":false},"excerpt":{"rendered":"<p>O carnaval antecipado de Juazeira viver&aacute; nesta sexta-feira (03), seu segundo dia de folia. &nbsp;Ontem a noite, pelo menos 50 mil pessoas tomaram o corredor da folia, desde o cruzamento da Sote, por toda Adolfo Viana ruas da 28 e Apolo, local do palco alternativo, e por toda orla da cidade. O hor&aacute;rio de sa&iacute;da dos trios eletricos foi obedecido, e apenas uma falha quando da sa&iacute;da do bloco do BATATA, que quebrou a sequ&ecirc;ncia do desfile dos trios e blocos.&nbsp; O p&uacute;blico lotou a avenida para ver as bandas Negra Cor, Timbalada e Harmonia do Samba. A festa &eacute; realizada at&eacute; domingo (5), em dois locais da cidade.&nbsp;O circuito oficial, que come&ccedil;a na Avenida Adolfo Viana e termina na&hellip; <\/p>\n","protected":false},"author":0,"featured_media":0,"comment_status":"open","ping_status":"open","sticky":false,"template":"","format":"standard","meta":{"_acf_changed":false,"footnotes":""},"categories":[9],"tags":[],"class_list":["post-10866","post","type-post","status-publish","format-standard","hentry","category-policia"],"acf":[],"yoast_head":"<!-- This site is optimized with the Yoast SEO plugin v27.4 - https:\/\/yoast.com\/product\/yoast-seo-wordpress\/ -->\n<title>Cad\u00ea a decora\u00e7\u00e3o carnavalesca !!? - Blog do Farn\u00e9sio<\/title>\n<meta name=\"robots\" content=\"index, follow, max-snippet:-1, max-image-preview:large, max-video-preview:-1\" \/>\n<link rel=\"canonical\" href=\"https:\/\/blogdofarnesio.com.br\/?p=10866\" \/>\n<meta property=\"og:locale\" content=\"pt_BR\" \/>\n<meta property=\"og:type\" content=\"article\" \/>\n<meta property=\"og:title\" content=\"Cad\u00ea a decora\u00e7\u00e3o carnavalesca !!? - Blog do Farn\u00e9sio\" \/>\n<meta property=\"og:description\" content=\"O carnaval antecipado de Juazeira viver&aacute; nesta sexta-feira (03), seu segundo dia de folia. &nbsp;Ontem a noite, pelo menos 50 mil pessoas tomaram o corredor da folia, desde o cruzamento da Sote, por toda Adolfo Viana ruas da 28 e Apolo, local do palco alternativo, e por toda orla da cidade. O hor&aacute;rio de sa&iacute;da dos trios eletricos foi obedecido, e apenas uma falha quando da sa&iacute;da do bloco do BATATA, que quebrou a sequ&ecirc;ncia do desfile dos trios e blocos.&nbsp; O p&uacute;blico lotou a avenida para ver as bandas Negra Cor, Timbalada e Harmonia do Samba. A festa &eacute; realizada at&eacute; domingo (5), em dois locais da cidade.&nbsp;O circuito oficial, que come&ccedil;a na Avenida Adolfo Viana e termina na&hellip;\" \/>\n<meta property=\"og:url\" content=\"https:\/\/blogdofarnesio.com.br\/?p=10866\" \/>\n<meta property=\"og:site_name\" content=\"Blog do Farn\u00e9sio\" \/>\n<meta property=\"article:publisher\" content=\"https:\/\/www.facebook.com\/BlogQuerSaberPolitica\/\" \/>\n<meta property=\"article:published_time\" content=\"2012-02-03T18:14:44+00:00\" \/>\n<meta property=\"article:modified_time\" content=\"2012-02-04T00:19:14+00:00\" \/>\n<meta property=\"og:image\" content=\"http:\/\/www.quersaberpolitica.com.br\/2016\/wp-content\/uploads\/2012\/12\/blogqscarnavaljuaharmonia12.jpg\" \/>\n<meta name=\"twitter:card\" content=\"summary_large_image\" \/>\n<meta name=\"twitter:label1\" content=\"Est. tempo de leitura\" \/>\n\t<meta name=\"twitter:data1\" content=\"2 minutos\" \/>\n<script type=\"application\/ld+json\" class=\"yoast-schema-graph\">{\"@context\":\"https:\\\/\\\/schema.org\",\"@graph\":[{\"@type\":\"Article\",\"@id\":\"https:\\\/\\\/blogdofarnesio.com.br\\\/?p=10866#article\",\"isPartOf\":{\"@id\":\"https:\\\/\\\/blogdofarnesio.com.br\\\/?p=10866\"},\"author\":{\"name\":\"\",\"@id\":\"\"},\"headline\":\"Cad\u00ea a decora\u00e7\u00e3o carnavalesca !!?\",\"datePublished\":\"2012-02-03T18:14:44+00:00\",\"dateModified\":\"2012-02-04T00:19:14+00:00\",\"mainEntityOfPage\":{\"@id\":\"https:\\\/\\\/blogdofarnesio.com.br\\\/?p=10866\"},\"wordCount\":414,\"commentCount\":0,\"publisher\":{\"@id\":\"https:\\\/\\\/blogdofarnesio.com.br\\\/#organization\"},\"image\":{\"@id\":\"https:\\\/\\\/blogdofarnesio.com.br\\\/?p=10866#primaryimage\"},\"thumbnailUrl\":\"http:\\\/\\\/www.quersaberpolitica.com.br\\\/2016\\\/wp-content\\\/uploads\\\/2012\\\/12\\\/blogqscarnavaljuaharmonia12.jpg\",\"articleSection\":[\"Pol\u00edcia\"],\"inLanguage\":\"pt-BR\",\"potentialAction\":[{\"@type\":\"CommentAction\",\"name\":\"Comment\",\"target\":[\"https:\\\/\\\/blogdofarnesio.com.br\\\/?p=10866#respond\"]}]},{\"@type\":\"WebPage\",\"@id\":\"https:\\\/\\\/blogdofarnesio.com.br\\\/?p=10866\",\"url\":\"https:\\\/\\\/blogdofarnesio.com.br\\\/?p=10866\",\"name\":\"Cad\u00ea a decora\u00e7\u00e3o carnavalesca !!? - Blog do Farn\u00e9sio\",\"isPartOf\":{\"@id\":\"https:\\\/\\\/blogdofarnesio.com.br\\\/#website\"},\"primaryImageOfPage\":{\"@id\":\"https:\\\/\\\/blogdofarnesio.com.br\\\/?p=10866#primaryimage\"},\"image\":{\"@id\":\"https:\\\/\\\/blogdofarnesio.com.br\\\/?p=10866#primaryimage\"},\"thumbnailUrl\":\"http:\\\/\\\/www.quersaberpolitica.com.br\\\/2016\\\/wp-content\\\/uploads\\\/2012\\\/12\\\/blogqscarnavaljuaharmonia12.jpg\",\"datePublished\":\"2012-02-03T18:14:44+00:00\",\"dateModified\":\"2012-02-04T00:19:14+00:00\",\"breadcrumb\":{\"@id\":\"https:\\\/\\\/blogdofarnesio.com.br\\\/?p=10866#breadcrumb\"},\"inLanguage\":\"pt-BR\",\"potentialAction\":[{\"@type\":\"ReadAction\",\"target\":[\"https:\\\/\\\/blogdofarnesio.com.br\\\/?p=10866\"]}]},{\"@type\":\"ImageObject\",\"inLanguage\":\"pt-BR\",\"@id\":\"https:\\\/\\\/blogdofarnesio.com.br\\\/?p=10866#primaryimage\",\"url\":\"http:\\\/\\\/www.quersaberpolitica.com.br\\\/2016\\\/wp-content\\\/uploads\\\/2012\\\/12\\\/blogqscarnavaljuaharmonia12.jpg\",\"contentUrl\":\"http:\\\/\\\/www.quersaberpolitica.com.br\\\/2016\\\/wp-content\\\/uploads\\\/2012\\\/12\\\/blogqscarnavaljuaharmonia12.jpg\"},{\"@type\":\"BreadcrumbList\",\"@id\":\"https:\\\/\\\/blogdofarnesio.com.br\\\/?p=10866#breadcrumb\",\"itemListElement\":[{\"@type\":\"ListItem\",\"position\":1,\"name\":\"In\u00edcio\",\"item\":\"https:\\\/\\\/blogdofarnesio.com.br\\\/\"},{\"@type\":\"ListItem\",\"position\":2,\"name\":\"Cad\u00ea a decora\u00e7\u00e3o carnavalesca !!?\"}]},{\"@type\":\"WebSite\",\"@id\":\"https:\\\/\\\/blogdofarnesio.com.br\\\/#website\",\"url\":\"https:\\\/\\\/blogdofarnesio.com.br\\\/\",\"name\":\"Blog do Farn\u00e9sio\",\"description\":\"Quer Saber Pol\u00edtica?\",\"publisher\":{\"@id\":\"https:\\\/\\\/blogdofarnesio.com.br\\\/#organization\"},\"potentialAction\":[{\"@type\":\"SearchAction\",\"target\":{\"@type\":\"EntryPoint\",\"urlTemplate\":\"https:\\\/\\\/blogdofarnesio.com.br\\\/?s={search_term_string}\"},\"query-input\":{\"@type\":\"PropertyValueSpecification\",\"valueRequired\":true,\"valueName\":\"search_term_string\"}}],\"inLanguage\":\"pt-BR\"},{\"@type\":\"Organization\",\"@id\":\"https:\\\/\\\/blogdofarnesio.com.br\\\/#organization\",\"name\":\"Blog do Farn\u00e9sio\",\"url\":\"https:\\\/\\\/blogdofarnesio.com.br\\\/\",\"logo\":{\"@type\":\"ImageObject\",\"inLanguage\":\"pt-BR\",\"@id\":\"https:\\\/\\\/blogdofarnesio.com.br\\\/#\\\/schema\\\/logo\\\/image\\\/\",\"url\":\"https:\\\/\\\/blogdofarnesio.com.br\\\/wp-content\\\/uploads\\\/2026\\\/03\\\/cropped-logo_new-1.png\",\"contentUrl\":\"https:\\\/\\\/blogdofarnesio.com.br\\\/wp-content\\\/uploads\\\/2026\\\/03\\\/cropped-logo_new-1.png\",\"width\":881,\"height\":685,\"caption\":\"Blog do Farn\u00e9sio\"},\"image\":{\"@id\":\"https:\\\/\\\/blogdofarnesio.com.br\\\/#\\\/schema\\\/logo\\\/image\\\/\"},\"sameAs\":[\"https:\\\/\\\/www.facebook.com\\\/BlogQuerSaberPolitica\\\/\"]}]}<\/script>\n<!-- \/ Yoast SEO plugin. -->","yoast_head_json":{"title":"Cad\u00ea a decora\u00e7\u00e3o carnavalesca !!? - Blog do Farn\u00e9sio","robots":{"index":"index","follow":"follow","max-snippet":"max-snippet:-1","max-image-preview":"max-image-preview:large","max-video-preview":"max-video-preview:-1"},"canonical":"https:\/\/blogdofarnesio.com.br\/?p=10866","og_locale":"pt_BR","og_type":"article","og_title":"Cad\u00ea a decora\u00e7\u00e3o carnavalesca !!? - Blog do Farn\u00e9sio","og_description":"O carnaval antecipado de Juazeira viver&aacute; nesta sexta-feira (03), seu segundo dia de folia. &nbsp;Ontem a noite, pelo menos 50 mil pessoas tomaram o corredor da folia, desde o cruzamento da Sote, por toda Adolfo Viana ruas da 28 e Apolo, local do palco alternativo, e por toda orla da cidade. O hor&aacute;rio de sa&iacute;da dos trios eletricos foi obedecido, e apenas uma falha quando da sa&iacute;da do bloco do BATATA, que quebrou a sequ&ecirc;ncia do desfile dos trios e blocos.&nbsp; O p&uacute;blico lotou a avenida para ver as bandas Negra Cor, Timbalada e Harmonia do Samba. A festa &eacute; realizada at&eacute; domingo (5), em dois locais da cidade.&nbsp;O circuito oficial, que come&ccedil;a na Avenida Adolfo Viana e termina na&hellip;","og_url":"https:\/\/blogdofarnesio.com.br\/?p=10866","og_site_name":"Blog do Farn\u00e9sio","article_publisher":"https:\/\/www.facebook.com\/BlogQuerSaberPolitica\/","article_published_time":"2012-02-03T18:14:44+00:00","article_modified_time":"2012-02-04T00:19:14+00:00","og_image":[{"url":"http:\/\/www.quersaberpolitica.com.br\/2016\/wp-content\/uploads\/2012\/12\/blogqscarnavaljuaharmonia12.jpg","type":"","width":"","height":""}],"twitter_card":"summary_large_image","twitter_misc":{"Est. tempo de leitura":"2 minutos"},"schema":{"@context":"https:\/\/schema.org","@graph":[{"@type":"Article","@id":"https:\/\/blogdofarnesio.com.br\/?p=10866#article","isPartOf":{"@id":"https:\/\/blogdofarnesio.com.br\/?p=10866"},"author":{"name":"","@id":""},"headline":"Cad\u00ea a decora\u00e7\u00e3o carnavalesca !!?","datePublished":"2012-02-03T18:14:44+00:00","dateModified":"2012-02-04T00:19:14+00:00","mainEntityOfPage":{"@id":"https:\/\/blogdofarnesio.com.br\/?p=10866"},"wordCount":414,"commentCount":0,"publisher":{"@id":"https:\/\/blogdofarnesio.com.br\/#organization"},"image":{"@id":"https:\/\/blogdofarnesio.com.br\/?p=10866#primaryimage"},"thumbnailUrl":"http:\/\/www.quersaberpolitica.com.br\/2016\/wp-content\/uploads\/2012\/12\/blogqscarnavaljuaharmonia12.jpg","articleSection":["Pol\u00edcia"],"inLanguage":"pt-BR","potentialAction":[{"@type":"CommentAction","name":"Comment","target":["https:\/\/blogdofarnesio.com.br\/?p=10866#respond"]}]},{"@type":"WebPage","@id":"https:\/\/blogdofarnesio.com.br\/?p=10866","url":"https:\/\/blogdofarnesio.com.br\/?p=10866","name":"Cad\u00ea a decora\u00e7\u00e3o carnavalesca !!? - Blog do Farn\u00e9sio","isPartOf":{"@id":"https:\/\/blogdofarnesio.com.br\/#website"},"primaryImageOfPage":{"@id":"https:\/\/blogdofarnesio.com.br\/?p=10866#primaryimage"},"image":{"@id":"https:\/\/blogdofarnesio.com.br\/?p=10866#primaryimage"},"thumbnailUrl":"http:\/\/www.quersaberpolitica.com.br\/2016\/wp-content\/uploads\/2012\/12\/blogqscarnavaljuaharmonia12.jpg","datePublished":"2012-02-03T18:14:44+00:00","dateModified":"2012-02-04T00:19:14+00:00","breadcrumb":{"@id":"https:\/\/blogdofarnesio.com.br\/?p=10866#breadcrumb"},"inLanguage":"pt-BR","potentialAction":[{"@type":"ReadAction","target":["https:\/\/blogdofarnesio.com.br\/?p=10866"]}]},{"@type":"ImageObject","inLanguage":"pt-BR","@id":"https:\/\/blogdofarnesio.com.br\/?p=10866#primaryimage","url":"http:\/\/www.quersaberpolitica.com.br\/2016\/wp-content\/uploads\/2012\/12\/blogqscarnavaljuaharmonia12.jpg","contentUrl":"http:\/\/www.quersaberpolitica.com.br\/2016\/wp-content\/uploads\/2012\/12\/blogqscarnavaljuaharmonia12.jpg"},{"@type":"BreadcrumbList","@id":"https:\/\/blogdofarnesio.com.br\/?p=10866#breadcrumb","itemListElement":[{"@type":"ListItem","position":1,"name":"In\u00edcio","item":"https:\/\/blogdofarnesio.com.br\/"},{"@type":"ListItem","position":2,"name":"Cad\u00ea a decora\u00e7\u00e3o carnavalesca !!?"}]},{"@type":"WebSite","@id":"https:\/\/blogdofarnesio.com.br\/#website","url":"https:\/\/blogdofarnesio.com.br\/","name":"Blog do Farn\u00e9sio","description":"Quer Saber Pol\u00edtica?","publisher":{"@id":"https:\/\/blogdofarnesio.com.br\/#organization"},"potentialAction":[{"@type":"SearchAction","target":{"@type":"EntryPoint","urlTemplate":"https:\/\/blogdofarnesio.com.br\/?s={search_term_string}"},"query-input":{"@type":"PropertyValueSpecification","valueRequired":true,"valueName":"search_term_string"}}],"inLanguage":"pt-BR"},{"@type":"Organization","@id":"https:\/\/blogdofarnesio.com.br\/#organization","name":"Blog do Farn\u00e9sio","url":"https:\/\/blogdofarnesio.com.br\/","logo":{"@type":"ImageObject","inLanguage":"pt-BR","@id":"https:\/\/blogdofarnesio.com.br\/#\/schema\/logo\/image\/","url":"https:\/\/blogdofarnesio.com.br\/wp-content\/uploads\/2026\/03\/cropped-logo_new-1.png","contentUrl":"https:\/\/blogdofarnesio.com.br\/wp-content\/uploads\/2026\/03\/cropped-logo_new-1.png","width":881,"height":685,"caption":"Blog do Farn\u00e9sio"},"image":{"@id":"https:\/\/blogdofarnesio.com.br\/#\/schema\/logo\/image\/"},"sameAs":["https:\/\/www.facebook.com\/BlogQuerSaberPolitica\/"]}]}},"_links":{"self":[{"href":"https:\/\/blogdofarnesio.com.br\/index.php?rest_route=\/wp\/v2\/posts\/10866","targetHints":{"allow":["GET"]}}],"collection":[{"href":"https:\/\/blogdofarnesio.com.br\/index.php?rest_route=\/wp\/v2\/posts"}],"about":[{"href":"https:\/\/blogdofarnesio.com.br\/index.php?rest_route=\/wp\/v2\/types\/post"}],"replies":[{"embeddable":true,"href":"https:\/\/blogdofarnesio.com.br\/index.php?rest_route=%2Fwp%2Fv2%2Fcomments&post=10866"}],"version-history":[{"count":0,"href":"https:\/\/blogdofarnesio.com.br\/index.php?rest_route=\/wp\/v2\/posts\/10866\/revisions"}],"wp:attachment":[{"href":"https:\/\/blogdofarnesio.com.br\/index.php?rest_route=%2Fwp%2Fv2%2Fmedia&parent=10866"}],"wp:term":[{"taxonomy":"category","embeddable":true,"href":"https:\/\/blogdofarnesio.com.br\/index.php?rest_route=%2Fwp%2Fv2%2Fcategories&post=10866"},{"taxonomy":"post_tag","embeddable":true,"href":"https:\/\/blogdofarnesio.com.br\/index.php?rest_route=%2Fwp%2Fv2%2Ftags&post=10866"}],"curies":[{"name":"wp","href":"https:\/\/api.w.org\/{rel}","templated":true}]}}