{"id":10721,"date":"2012-01-30T21:00:02","date_gmt":"2012-01-30T21:00:02","guid":{"rendered":"http:\/\/www.quersaberpolitica.com.br?p=10721"},"modified":"2012-01-30T19:47:50","modified_gmt":"2012-01-30T19:47:50","slug":"desorganizacao-em-evento-com-dilma-em-camacari","status":"publish","type":"post","link":"https:\/\/blogdofarnesio.com.br\/2012\/01\/desorganizacao-em-evento-com-dilma-em-camacari\/","title":{"rendered":"Desorganiza\u00e7\u00e3o em evento com Dilma em Cama\u00e7ari"},"content":{"rendered":"<p>&nbsp;<\/p>\n<div style=\"background-image: initial; background-attachment: initial; background-origin: initial; background-clip: initial; margin: 8px;\">\n<p style=\"text-align: justify;\"><img decoding=\"async\" style=\"float: right; margin-top: 5px; margin-bottom: 5px; margin-left: 10px; margin-right: 10px;\" src=\"http:\/\/bahianoticias.com.br\/fotos\/principal_noticias\/110240\/IMAGEM_NOTICIA_5.jpg\" alt=\"Evento com Dilma em Cama&ccedil;ari &eacute; marcado por desorganiza&ccedil;&atilde;o\" width=\"200\" \/><span style=\"font-size: medium;\"><span style=\"font-size: small;\">Mais uma vez, um evento com a presidente Dilma Rousseff na Bahia foi marcado por desorganiza&ccedil;&atilde;o. Nesta segunda-feira (30), na Cidade do Saber, em Cama&ccedil;ari, houve grandes filas e empurra-empurra durante cerim&ocirc;nia na qual foi assinada a ordem de servi&ccedil;o para o in&iacute;cio das obras de revitaliza&ccedil;&atilde;o da Bacia do Rio Cama&ccedil;ari. Com muitas listas, membros do cerimonial da presidente Dilma pareciam n&atilde;o encontrar o nome de ningu&eacute;m. Curiosos de diversos bairros do munic&iacute;pio foram ao local, al&eacute;m de pol&iacute;ticos de v&aacute;rios setores. No final da solenidade, a l&iacute;der nacional cumprimentou os cadeirantes. &#8220;Essa medida deve ter sido para amenizar o sofrimento do povo que ficou desde cedo esperando a presidenta chegar, e ainda temos de esperar ela visitar o Museu de Ci&ecirc;ncia e Tecnologia para irmos embora, j&aacute; que a sa&iacute;da est&aacute; fechada&#8221;, afirmou uma lideran&ccedil;a petista que n&atilde;o quis se identificar.<\/span><\/span><\/p>\n<\/div>\n<p>&nbsp;<\/p>\n","protected":false},"excerpt":{"rendered":"<p>&nbsp; Mais uma vez, um evento com a presidente Dilma Rousseff na Bahia foi marcado por desorganiza&ccedil;&atilde;o. Nesta segunda-feira (30), na Cidade do Saber, em Cama&ccedil;ari, houve grandes filas e empurra-empurra durante cerim&ocirc;nia na qual foi assinada a ordem de servi&ccedil;o para o in&iacute;cio das obras de revitaliza&ccedil;&atilde;o da Bacia do Rio Cama&ccedil;ari. Com muitas listas, membros do cerimonial da presidente Dilma pareciam n&atilde;o encontrar o nome de ningu&eacute;m. Curiosos de diversos bairros do munic&iacute;pio foram ao local, al&eacute;m de pol&iacute;ticos de v&aacute;rios setores. No final da solenidade, a l&iacute;der nacional cumprimentou os cadeirantes. &#8220;Essa medida deve ter sido para amenizar o sofrimento do povo que ficou desde cedo esperando a presidenta chegar, e ainda temos de esperar ela visitar&hellip; <\/p>\n","protected":false},"author":0,"featured_media":0,"comment_status":"open","ping_status":"open","sticky":false,"template":"","format":"standard","meta":{"_acf_changed":false,"footnotes":""},"categories":[1],"tags":[],"class_list":["post-10721","post","type-post","status-publish","format-standard","hentry","category-politica"],"acf":[],"yoast_head":"<!-- This site is optimized with the Yoast SEO plugin v27.5 - https:\/\/yoast.com\/product\/yoast-seo-wordpress\/ -->\n<title>Desorganiza\u00e7\u00e3o em evento com Dilma em Cama\u00e7ari - Blog do Farn\u00e9sio<\/title>\n<meta name=\"robots\" content=\"index, follow, max-snippet:-1, max-image-preview:large, max-video-preview:-1\" \/>\n<link rel=\"canonical\" href=\"https:\/\/blogdofarnesio.com.br\/2012\/01\/desorganizacao-em-evento-com-dilma-em-camacari\/\" \/>\n<meta property=\"og:locale\" content=\"pt_BR\" \/>\n<meta property=\"og:type\" content=\"article\" \/>\n<meta property=\"og:title\" content=\"Desorganiza\u00e7\u00e3o em evento com Dilma em Cama\u00e7ari - Blog do Farn\u00e9sio\" \/>\n<meta property=\"og:description\" content=\"&nbsp; Mais uma vez, um evento com a presidente Dilma Rousseff na Bahia foi marcado por desorganiza&ccedil;&atilde;o. Nesta segunda-feira (30), na Cidade do Saber, em Cama&ccedil;ari, houve grandes filas e empurra-empurra durante cerim&ocirc;nia na qual foi assinada a ordem de servi&ccedil;o para o in&iacute;cio das obras de revitaliza&ccedil;&atilde;o da Bacia do Rio Cama&ccedil;ari. Com muitas listas, membros do cerimonial da presidente Dilma pareciam n&atilde;o encontrar o nome de ningu&eacute;m. Curiosos de diversos bairros do munic&iacute;pio foram ao local, al&eacute;m de pol&iacute;ticos de v&aacute;rios setores. No final da solenidade, a l&iacute;der nacional cumprimentou os cadeirantes. &#8220;Essa medida deve ter sido para amenizar o sofrimento do povo que ficou desde cedo esperando a presidenta chegar, e ainda temos de esperar ela visitar&hellip;\" \/>\n<meta property=\"og:url\" content=\"https:\/\/blogdofarnesio.com.br\/2012\/01\/desorganizacao-em-evento-com-dilma-em-camacari\/\" \/>\n<meta property=\"og:site_name\" content=\"Blog do Farn\u00e9sio\" \/>\n<meta property=\"article:publisher\" content=\"https:\/\/www.facebook.com\/BlogQuerSaberPolitica\/\" \/>\n<meta property=\"article:published_time\" content=\"2012-01-30T21:00:02+00:00\" \/>\n<meta property=\"og:image\" content=\"http:\/\/bahianoticias.com.br\/fotos\/principal_noticias\/110240\/IMAGEM_NOTICIA_5.jpg\" \/>\n<meta name=\"twitter:card\" content=\"summary_large_image\" \/>\n<meta name=\"twitter:label1\" content=\"Est. tempo de leitura\" \/>\n\t<meta name=\"twitter:data1\" content=\"1 minuto\" \/>\n<script type=\"application\/ld+json\" class=\"yoast-schema-graph\">{\"@context\":\"https:\\\/\\\/schema.org\",\"@graph\":[{\"@type\":\"Article\",\"@id\":\"https:\\\/\\\/blogdofarnesio.com.br\\\/2012\\\/01\\\/desorganizacao-em-evento-com-dilma-em-camacari\\\/#article\",\"isPartOf\":{\"@id\":\"https:\\\/\\\/blogdofarnesio.com.br\\\/2012\\\/01\\\/desorganizacao-em-evento-com-dilma-em-camacari\\\/\"},\"author\":{\"name\":\"\",\"@id\":\"\"},\"headline\":\"Desorganiza\u00e7\u00e3o em evento com Dilma em Cama\u00e7ari\",\"datePublished\":\"2012-01-30T21:00:02+00:00\",\"mainEntityOfPage\":{\"@id\":\"https:\\\/\\\/blogdofarnesio.com.br\\\/2012\\\/01\\\/desorganizacao-em-evento-com-dilma-em-camacari\\\/\"},\"wordCount\":193,\"commentCount\":0,\"publisher\":{\"@id\":\"https:\\\/\\\/blogdofarnesio.com.br\\\/#organization\"},\"image\":{\"@id\":\"https:\\\/\\\/blogdofarnesio.com.br\\\/2012\\\/01\\\/desorganizacao-em-evento-com-dilma-em-camacari\\\/#primaryimage\"},\"thumbnailUrl\":\"http:\\\/\\\/bahianoticias.com.br\\\/fotos\\\/principal_noticias\\\/110240\\\/IMAGEM_NOTICIA_5.jpg\",\"articleSection\":[\"Pol\u00edtica\"],\"inLanguage\":\"pt-BR\",\"potentialAction\":[{\"@type\":\"CommentAction\",\"name\":\"Comment\",\"target\":[\"https:\\\/\\\/blogdofarnesio.com.br\\\/2012\\\/01\\\/desorganizacao-em-evento-com-dilma-em-camacari\\\/#respond\"]}]},{\"@type\":\"WebPage\",\"@id\":\"https:\\\/\\\/blogdofarnesio.com.br\\\/2012\\\/01\\\/desorganizacao-em-evento-com-dilma-em-camacari\\\/\",\"url\":\"https:\\\/\\\/blogdofarnesio.com.br\\\/2012\\\/01\\\/desorganizacao-em-evento-com-dilma-em-camacari\\\/\",\"name\":\"Desorganiza\u00e7\u00e3o em evento com Dilma em Cama\u00e7ari - Blog do Farn\u00e9sio\",\"isPartOf\":{\"@id\":\"https:\\\/\\\/blogdofarnesio.com.br\\\/#website\"},\"primaryImageOfPage\":{\"@id\":\"https:\\\/\\\/blogdofarnesio.com.br\\\/2012\\\/01\\\/desorganizacao-em-evento-com-dilma-em-camacari\\\/#primaryimage\"},\"image\":{\"@id\":\"https:\\\/\\\/blogdofarnesio.com.br\\\/2012\\\/01\\\/desorganizacao-em-evento-com-dilma-em-camacari\\\/#primaryimage\"},\"thumbnailUrl\":\"http:\\\/\\\/bahianoticias.com.br\\\/fotos\\\/principal_noticias\\\/110240\\\/IMAGEM_NOTICIA_5.jpg\",\"datePublished\":\"2012-01-30T21:00:02+00:00\",\"breadcrumb\":{\"@id\":\"https:\\\/\\\/blogdofarnesio.com.br\\\/2012\\\/01\\\/desorganizacao-em-evento-com-dilma-em-camacari\\\/#breadcrumb\"},\"inLanguage\":\"pt-BR\",\"potentialAction\":[{\"@type\":\"ReadAction\",\"target\":[\"https:\\\/\\\/blogdofarnesio.com.br\\\/2012\\\/01\\\/desorganizacao-em-evento-com-dilma-em-camacari\\\/\"]}]},{\"@type\":\"ImageObject\",\"inLanguage\":\"pt-BR\",\"@id\":\"https:\\\/\\\/blogdofarnesio.com.br\\\/2012\\\/01\\\/desorganizacao-em-evento-com-dilma-em-camacari\\\/#primaryimage\",\"url\":\"http:\\\/\\\/bahianoticias.com.br\\\/fotos\\\/principal_noticias\\\/110240\\\/IMAGEM_NOTICIA_5.jpg\",\"contentUrl\":\"http:\\\/\\\/bahianoticias.com.br\\\/fotos\\\/principal_noticias\\\/110240\\\/IMAGEM_NOTICIA_5.jpg\"},{\"@type\":\"BreadcrumbList\",\"@id\":\"https:\\\/\\\/blogdofarnesio.com.br\\\/2012\\\/01\\\/desorganizacao-em-evento-com-dilma-em-camacari\\\/#breadcrumb\",\"itemListElement\":[{\"@type\":\"ListItem\",\"position\":1,\"name\":\"In\u00edcio\",\"item\":\"https:\\\/\\\/blogdofarnesio.com.br\\\/\"},{\"@type\":\"ListItem\",\"position\":2,\"name\":\"Desorganiza\u00e7\u00e3o em evento com Dilma em Cama\u00e7ari\"}]},{\"@type\":\"WebSite\",\"@id\":\"https:\\\/\\\/blogdofarnesio.com.br\\\/#website\",\"url\":\"https:\\\/\\\/blogdofarnesio.com.br\\\/\",\"name\":\"Blog do Farn\u00e9sio\",\"description\":\"Quer Saber Pol\u00edtica?\",\"publisher\":{\"@id\":\"https:\\\/\\\/blogdofarnesio.com.br\\\/#organization\"},\"potentialAction\":[{\"@type\":\"SearchAction\",\"target\":{\"@type\":\"EntryPoint\",\"urlTemplate\":\"https:\\\/\\\/blogdofarnesio.com.br\\\/?s={search_term_string}\"},\"query-input\":{\"@type\":\"PropertyValueSpecification\",\"valueRequired\":true,\"valueName\":\"search_term_string\"}}],\"inLanguage\":\"pt-BR\"},{\"@type\":\"Organization\",\"@id\":\"https:\\\/\\\/blogdofarnesio.com.br\\\/#organization\",\"name\":\"Blog do Farn\u00e9sio\",\"url\":\"https:\\\/\\\/blogdofarnesio.com.br\\\/\",\"logo\":{\"@type\":\"ImageObject\",\"inLanguage\":\"pt-BR\",\"@id\":\"https:\\\/\\\/blogdofarnesio.com.br\\\/#\\\/schema\\\/logo\\\/image\\\/\",\"url\":\"https:\\\/\\\/blogdofarnesio.com.br\\\/wp-content\\\/uploads\\\/2026\\\/03\\\/cropped-logo_new-1.png\",\"contentUrl\":\"https:\\\/\\\/blogdofarnesio.com.br\\\/wp-content\\\/uploads\\\/2026\\\/03\\\/cropped-logo_new-1.png\",\"width\":881,\"height\":685,\"caption\":\"Blog do Farn\u00e9sio\"},\"image\":{\"@id\":\"https:\\\/\\\/blogdofarnesio.com.br\\\/#\\\/schema\\\/logo\\\/image\\\/\"},\"sameAs\":[\"https:\\\/\\\/www.facebook.com\\\/BlogQuerSaberPolitica\\\/\"]}]}<\/script>\n<!-- \/ Yoast SEO plugin. -->","yoast_head_json":{"title":"Desorganiza\u00e7\u00e3o em evento com Dilma em Cama\u00e7ari - Blog do Farn\u00e9sio","robots":{"index":"index","follow":"follow","max-snippet":"max-snippet:-1","max-image-preview":"max-image-preview:large","max-video-preview":"max-video-preview:-1"},"canonical":"https:\/\/blogdofarnesio.com.br\/2012\/01\/desorganizacao-em-evento-com-dilma-em-camacari\/","og_locale":"pt_BR","og_type":"article","og_title":"Desorganiza\u00e7\u00e3o em evento com Dilma em Cama\u00e7ari - Blog do Farn\u00e9sio","og_description":"&nbsp; Mais uma vez, um evento com a presidente Dilma Rousseff na Bahia foi marcado por desorganiza&ccedil;&atilde;o. Nesta segunda-feira (30), na Cidade do Saber, em Cama&ccedil;ari, houve grandes filas e empurra-empurra durante cerim&ocirc;nia na qual foi assinada a ordem de servi&ccedil;o para o in&iacute;cio das obras de revitaliza&ccedil;&atilde;o da Bacia do Rio Cama&ccedil;ari. Com muitas listas, membros do cerimonial da presidente Dilma pareciam n&atilde;o encontrar o nome de ningu&eacute;m. Curiosos de diversos bairros do munic&iacute;pio foram ao local, al&eacute;m de pol&iacute;ticos de v&aacute;rios setores. No final da solenidade, a l&iacute;der nacional cumprimentou os cadeirantes. &#8220;Essa medida deve ter sido para amenizar o sofrimento do povo que ficou desde cedo esperando a presidenta chegar, e ainda temos de esperar ela visitar&hellip;","og_url":"https:\/\/blogdofarnesio.com.br\/2012\/01\/desorganizacao-em-evento-com-dilma-em-camacari\/","og_site_name":"Blog do Farn\u00e9sio","article_publisher":"https:\/\/www.facebook.com\/BlogQuerSaberPolitica\/","article_published_time":"2012-01-30T21:00:02+00:00","og_image":[{"url":"http:\/\/bahianoticias.com.br\/fotos\/principal_noticias\/110240\/IMAGEM_NOTICIA_5.jpg","type":"","width":"","height":""}],"twitter_card":"summary_large_image","twitter_misc":{"Est. tempo de leitura":"1 minuto"},"schema":{"@context":"https:\/\/schema.org","@graph":[{"@type":"Article","@id":"https:\/\/blogdofarnesio.com.br\/2012\/01\/desorganizacao-em-evento-com-dilma-em-camacari\/#article","isPartOf":{"@id":"https:\/\/blogdofarnesio.com.br\/2012\/01\/desorganizacao-em-evento-com-dilma-em-camacari\/"},"author":{"name":"","@id":""},"headline":"Desorganiza\u00e7\u00e3o em evento com Dilma em Cama\u00e7ari","datePublished":"2012-01-30T21:00:02+00:00","mainEntityOfPage":{"@id":"https:\/\/blogdofarnesio.com.br\/2012\/01\/desorganizacao-em-evento-com-dilma-em-camacari\/"},"wordCount":193,"commentCount":0,"publisher":{"@id":"https:\/\/blogdofarnesio.com.br\/#organization"},"image":{"@id":"https:\/\/blogdofarnesio.com.br\/2012\/01\/desorganizacao-em-evento-com-dilma-em-camacari\/#primaryimage"},"thumbnailUrl":"http:\/\/bahianoticias.com.br\/fotos\/principal_noticias\/110240\/IMAGEM_NOTICIA_5.jpg","articleSection":["Pol\u00edtica"],"inLanguage":"pt-BR","potentialAction":[{"@type":"CommentAction","name":"Comment","target":["https:\/\/blogdofarnesio.com.br\/2012\/01\/desorganizacao-em-evento-com-dilma-em-camacari\/#respond"]}]},{"@type":"WebPage","@id":"https:\/\/blogdofarnesio.com.br\/2012\/01\/desorganizacao-em-evento-com-dilma-em-camacari\/","url":"https:\/\/blogdofarnesio.com.br\/2012\/01\/desorganizacao-em-evento-com-dilma-em-camacari\/","name":"Desorganiza\u00e7\u00e3o em evento com Dilma em Cama\u00e7ari - Blog do Farn\u00e9sio","isPartOf":{"@id":"https:\/\/blogdofarnesio.com.br\/#website"},"primaryImageOfPage":{"@id":"https:\/\/blogdofarnesio.com.br\/2012\/01\/desorganizacao-em-evento-com-dilma-em-camacari\/#primaryimage"},"image":{"@id":"https:\/\/blogdofarnesio.com.br\/2012\/01\/desorganizacao-em-evento-com-dilma-em-camacari\/#primaryimage"},"thumbnailUrl":"http:\/\/bahianoticias.com.br\/fotos\/principal_noticias\/110240\/IMAGEM_NOTICIA_5.jpg","datePublished":"2012-01-30T21:00:02+00:00","breadcrumb":{"@id":"https:\/\/blogdofarnesio.com.br\/2012\/01\/desorganizacao-em-evento-com-dilma-em-camacari\/#breadcrumb"},"inLanguage":"pt-BR","potentialAction":[{"@type":"ReadAction","target":["https:\/\/blogdofarnesio.com.br\/2012\/01\/desorganizacao-em-evento-com-dilma-em-camacari\/"]}]},{"@type":"ImageObject","inLanguage":"pt-BR","@id":"https:\/\/blogdofarnesio.com.br\/2012\/01\/desorganizacao-em-evento-com-dilma-em-camacari\/#primaryimage","url":"http:\/\/bahianoticias.com.br\/fotos\/principal_noticias\/110240\/IMAGEM_NOTICIA_5.jpg","contentUrl":"http:\/\/bahianoticias.com.br\/fotos\/principal_noticias\/110240\/IMAGEM_NOTICIA_5.jpg"},{"@type":"BreadcrumbList","@id":"https:\/\/blogdofarnesio.com.br\/2012\/01\/desorganizacao-em-evento-com-dilma-em-camacari\/#breadcrumb","itemListElement":[{"@type":"ListItem","position":1,"name":"In\u00edcio","item":"https:\/\/blogdofarnesio.com.br\/"},{"@type":"ListItem","position":2,"name":"Desorganiza\u00e7\u00e3o em evento com Dilma em Cama\u00e7ari"}]},{"@type":"WebSite","@id":"https:\/\/blogdofarnesio.com.br\/#website","url":"https:\/\/blogdofarnesio.com.br\/","name":"Blog do Farn\u00e9sio","description":"Quer Saber Pol\u00edtica?","publisher":{"@id":"https:\/\/blogdofarnesio.com.br\/#organization"},"potentialAction":[{"@type":"SearchAction","target":{"@type":"EntryPoint","urlTemplate":"https:\/\/blogdofarnesio.com.br\/?s={search_term_string}"},"query-input":{"@type":"PropertyValueSpecification","valueRequired":true,"valueName":"search_term_string"}}],"inLanguage":"pt-BR"},{"@type":"Organization","@id":"https:\/\/blogdofarnesio.com.br\/#organization","name":"Blog do Farn\u00e9sio","url":"https:\/\/blogdofarnesio.com.br\/","logo":{"@type":"ImageObject","inLanguage":"pt-BR","@id":"https:\/\/blogdofarnesio.com.br\/#\/schema\/logo\/image\/","url":"https:\/\/blogdofarnesio.com.br\/wp-content\/uploads\/2026\/03\/cropped-logo_new-1.png","contentUrl":"https:\/\/blogdofarnesio.com.br\/wp-content\/uploads\/2026\/03\/cropped-logo_new-1.png","width":881,"height":685,"caption":"Blog do Farn\u00e9sio"},"image":{"@id":"https:\/\/blogdofarnesio.com.br\/#\/schema\/logo\/image\/"},"sameAs":["https:\/\/www.facebook.com\/BlogQuerSaberPolitica\/"]}]}},"_links":{"self":[{"href":"https:\/\/blogdofarnesio.com.br\/wp-json\/wp\/v2\/posts\/10721","targetHints":{"allow":["GET"]}}],"collection":[{"href":"https:\/\/blogdofarnesio.com.br\/wp-json\/wp\/v2\/posts"}],"about":[{"href":"https:\/\/blogdofarnesio.com.br\/wp-json\/wp\/v2\/types\/post"}],"replies":[{"embeddable":true,"href":"https:\/\/blogdofarnesio.com.br\/wp-json\/wp\/v2\/comments?post=10721"}],"version-history":[{"count":0,"href":"https:\/\/blogdofarnesio.com.br\/wp-json\/wp\/v2\/posts\/10721\/revisions"}],"wp:attachment":[{"href":"https:\/\/blogdofarnesio.com.br\/wp-json\/wp\/v2\/media?parent=10721"}],"wp:term":[{"taxonomy":"category","embeddable":true,"href":"https:\/\/blogdofarnesio.com.br\/wp-json\/wp\/v2\/categories?post=10721"},{"taxonomy":"post_tag","embeddable":true,"href":"https:\/\/blogdofarnesio.com.br\/wp-json\/wp\/v2\/tags?post=10721"}],"curies":[{"name":"wp","href":"https:\/\/api.w.org\/{rel}","templated":true}]}}