{"id":10705,"date":"2012-01-30T13:00:02","date_gmt":"2012-01-30T13:00:02","guid":{"rendered":"http:\/\/www.quersaberpolitica.com.br?p=10705"},"modified":"-0001-11-30T00:00:00","modified_gmt":"-0001-11-30T03:00:00","slug":"julio-lossio-consolidando-a-trajetoria","status":"publish","type":"post","link":"https:\/\/blogdofarnesio.com.br\/?p=10705","title":{"rendered":"J\u00daLIO L\u00d3SSIO: CONSOLIDANDO A TRAJET\u00d3RIA"},"content":{"rendered":"<div style=\"background-image: initial; background-attachment: initial; background-origin: initial; background-clip: initial; margin: 8px;\">\n<p style=\"text-align: justify;\"><span style=\"font-size: small;\"><em><span style=\"font-size: xx-small;\">*Geraldo Francisco Junior<\/span><\/em><\/span><\/p>\n<p style=\"text-align: justify;\"><span style=\"font-size: small;\"><em><a rel=\"lightbox\" href=\"http:\/\/www.quersaberpolitica.com.br\/2016\/wp-content\/uploads\/2012\/12\/blogspo_prefeitura_de_petrolina.jpg\"><img loading=\"lazy\" decoding=\"async\" style=\"float: left; margin-top: 5px; margin-bottom: 5px; margin-left: 10px; margin-right: 10px;\" src=\"http:\/\/www.quersaberpolitica.com.br\/2016\/wp-content\/uploads\/2012\/12\/blogspo_prefeitura_de_petrolina.jpg\" alt=\"\" width=\"200\" height=\"133\" \/><\/a>A divulga&ccedil;&atilde;o da pesquisa no &uacute;ltimo dia 27 de janeiro pelo Jornal A&ccedil;&atilde;o Popular trouxe n&uacute;meros bastante interessantes, o que cabe uma avalia&ccedil;&atilde;o mais pormenorizada. Em primeiro lugar a pesquisa retrata uma fotografia do momento, dando sinais claros de uma tend&ecirc;ncia de polariza&ccedil;&atilde;o entre o Prefeito J&uacute;lio L&oacute;ssio e um candidato da oposi&ccedil;&atilde;o que, neste momento &eacute; o Deputado Gonzaga patriota.<\/em><\/span><\/p>\n<p style=\"text-align: justify;\"><span style=\"font-size: small;\"><em>Apesar dos n&uacute;meros para consumo interno apresentar o Prefeito numa situa&ccedil;&atilde;o mais confort&aacute;vel, um pouco mais acima do que foi retratado, a pesquisa divulgada, al&eacute;m de reproduzir quase que o cen&aacute;rio de 2008, ainda evidenciou de forma clara que o potencial da candidatura de reelei&ccedil;&atilde;o do Prefeito J&uacute;lio L&oacute;ssio &eacute; significativa, chegando inclusive, a estar num patamar bastante confort&aacute;vel de 22% de rejei&ccedil;&atilde;o, restando 80% do eleitorado que ainda pode ser conquistado, a depender dos resultados que os pr&oacute;ximos meses e at&eacute; mesmo o debate eleitoral apresentar.<br \/>Vale salientar que o grau de rejei&ccedil;&atilde;o de apenas 22% para um gestor que ao longo do mandato, que muitas vezes &eacute; obrigado a tomar decis&otilde;es com sabor amargo para determinados segmentos ou indiv&iacute;duos, n&atilde;o representa algo significativo, pelo contr&aacute;rio, s&oacute; evidenciou para o Prefeito J&uacute;lio L&oacute;ssio que a sua reelei&ccedil;&atilde;o sinaliza a possibilidade de nadar em &aacute;gua menos revoltas do que muitos imaginavam.<br \/>Sendo esta a primeira pesquisa divulgada na campanha de 2012, os n&uacute;meros, nos pr&oacute;ximos meses tendem a ser alterados pelas consolida&ccedil;&otilde;es de a&ccedil;&otilde;es importantes da gest&atilde;o como a amplia&ccedil;&atilde;o e busca obstinada do Prefeito em cumprir a meta, ainda em 2012, de implantar as 100 unidades do Programa Nova Semente, entregar mais 2.500 casas e apartamentos do Programa Minha Casa, Minha Vida, concluir e\/ou tirar do papel os restantes das 15 AME&acute;s &#8211; Sa&uacute;de da Fam&iacute;lia, urbaniza&ccedil;&atilde;o do Cacheado, entregar os t&iacute;tulos de regulariza&ccedil;&atilde;o de bairros como o Terras do Sul etc.<br \/>O exerc&iacute;cio desse cen&aacute;rio e as a&ccedil;&otilde;es pontuais que a pr&oacute;pria din&acirc;mica da m&aacute;quina administrativa v&atilde;o impondo, levar&atilde;o, sem d&uacute;vida, a uma altera&ccedil;&atilde;o muito mais robusta e significativa desse cen&aacute;rio fotogr&aacute;fico de hoje, mesmo diante da pesquisa divulgada. Al&eacute;m do mais, existe um fato significativo em marketing pol&iacute;tico que &eacute; necess&aacute;rio ser observado: o atual Prefeito J&uacute;lio L&oacute;ssio n&atilde;o vai mais perder parte do seu precioso tempo para se apresentar ao eleitorado, como foi em 2008, pelo contr&aacute;rio, o que ser&aacute; potencializado no percurso da sua campanha ser&atilde;o suas a&ccedil;&otilde;es para o presente e o futuro da cidade e os resultados que foram alcan&ccedil;ados nas mais diversas &aacute;reas..<br \/>Por fim, o resultado da pesquisa, al&eacute;m de outros aspectos, evidenciou o que j&aacute; sab&iacute;amos que temos uma oposi&ccedil;&atilde;o fragmentada pela sua pr&oacute;pria natureza e sua contamina&ccedil;&atilde;o com a trajet&oacute;ria de &#8220;paciente terminal&#8221; a n&iacute;vel estadual nos dias atuais, face &agrave; incapacidade de ter um discurso un&iacute;ssono que possa derrubar a estrat&eacute;gia dominante de quem est&aacute; &agrave; frente da Prefeitura de Petrolina e que possui maiores possibilidades de dar o tom do processo eleitoral que se aproxima.<\/em><\/span><\/p>\n<p style=\"text-align: justify;\"><span style=\"font-size: small;\"><em><br \/><\/em><\/span><\/p>\n<p style=\"text-align: justify;\"><span style=\"font-size: small;\"><em><span style=\"font-size: xx-small;\"><span style=\"font-family: arial, helvetica, sans-serif;\">*GERALDO FRANCISCO DA SILVA JUNIOR<br \/>Diretor-Presidente da AMMA e Ex-Professor de Economia Pol&iacute;tica da FACISA\/PB<\/span><\/span><\/em><\/span><\/p>\n<\/div>\n","protected":false},"excerpt":{"rendered":"<p>*Geraldo Francisco Junior A divulga&ccedil;&atilde;o da pesquisa no &uacute;ltimo dia 27 de janeiro pelo Jornal A&ccedil;&atilde;o Popular trouxe n&uacute;meros bastante interessantes, o que cabe uma avalia&ccedil;&atilde;o mais pormenorizada. Em primeiro lugar a pesquisa retrata uma fotografia do momento, dando sinais claros de uma tend&ecirc;ncia de polariza&ccedil;&atilde;o entre o Prefeito J&uacute;lio L&oacute;ssio e um candidato da oposi&ccedil;&atilde;o que, neste momento &eacute; o Deputado Gonzaga patriota. Apesar dos n&uacute;meros para consumo interno apresentar o Prefeito numa situa&ccedil;&atilde;o mais confort&aacute;vel, um pouco mais acima do que foi retratado, a pesquisa divulgada, al&eacute;m de reproduzir quase que o cen&aacute;rio de 2008, ainda evidenciou de forma clara que o potencial da candidatura de reelei&ccedil;&atilde;o do Prefeito J&uacute;lio L&oacute;ssio &eacute; significativa, chegando inclusive, a estar num&hellip; <\/p>\n","protected":false},"author":0,"featured_media":0,"comment_status":"open","ping_status":"open","sticky":false,"template":"","format":"standard","meta":{"_acf_changed":false,"footnotes":""},"categories":[30],"tags":[],"class_list":["post-10705","post","type-post","status-publish","format-standard","hentry","category-artigo"],"acf":[],"yoast_head":"<!-- This site is optimized with the Yoast SEO plugin v27.4 - https:\/\/yoast.com\/product\/yoast-seo-wordpress\/ -->\n<title>J\u00daLIO L\u00d3SSIO: CONSOLIDANDO A TRAJET\u00d3RIA  - Blog do Farn\u00e9sio<\/title>\n<meta name=\"robots\" content=\"index, follow, max-snippet:-1, max-image-preview:large, max-video-preview:-1\" \/>\n<link rel=\"canonical\" href=\"https:\/\/blogdofarnesio.com.br\/?p=10705\" \/>\n<meta property=\"og:locale\" content=\"pt_BR\" \/>\n<meta property=\"og:type\" content=\"article\" \/>\n<meta property=\"og:title\" content=\"J\u00daLIO L\u00d3SSIO: CONSOLIDANDO A TRAJET\u00d3RIA  - Blog do Farn\u00e9sio\" \/>\n<meta property=\"og:description\" content=\"*Geraldo Francisco Junior A divulga&ccedil;&atilde;o da pesquisa no &uacute;ltimo dia 27 de janeiro pelo Jornal A&ccedil;&atilde;o Popular trouxe n&uacute;meros bastante interessantes, o que cabe uma avalia&ccedil;&atilde;o mais pormenorizada. Em primeiro lugar a pesquisa retrata uma fotografia do momento, dando sinais claros de uma tend&ecirc;ncia de polariza&ccedil;&atilde;o entre o Prefeito J&uacute;lio L&oacute;ssio e um candidato da oposi&ccedil;&atilde;o que, neste momento &eacute; o Deputado Gonzaga patriota. Apesar dos n&uacute;meros para consumo interno apresentar o Prefeito numa situa&ccedil;&atilde;o mais confort&aacute;vel, um pouco mais acima do que foi retratado, a pesquisa divulgada, al&eacute;m de reproduzir quase que o cen&aacute;rio de 2008, ainda evidenciou de forma clara que o potencial da candidatura de reelei&ccedil;&atilde;o do Prefeito J&uacute;lio L&oacute;ssio &eacute; significativa, chegando inclusive, a estar num&hellip;\" \/>\n<meta property=\"og:url\" content=\"https:\/\/blogdofarnesio.com.br\/?p=10705\" \/>\n<meta property=\"og:site_name\" content=\"Blog do Farn\u00e9sio\" \/>\n<meta property=\"article:publisher\" content=\"https:\/\/www.facebook.com\/BlogQuerSaberPolitica\/\" \/>\n<meta property=\"article:published_time\" content=\"2012-01-30T13:00:02+00:00\" \/>\n<meta property=\"og:image\" content=\"http:\/\/www.quersaberpolitica.com.br\/2016\/wp-content\/uploads\/2012\/12\/blogspo_prefeitura_de_petrolina.jpg\" \/>\n<meta name=\"twitter:card\" content=\"summary_large_image\" \/>\n<meta name=\"twitter:label1\" content=\"Est. tempo de leitura\" \/>\n\t<meta name=\"twitter:data1\" content=\"3 minutos\" \/>\n<script type=\"application\/ld+json\" class=\"yoast-schema-graph\">{\"@context\":\"https:\\\/\\\/schema.org\",\"@graph\":[{\"@type\":\"Article\",\"@id\":\"https:\\\/\\\/blogdofarnesio.com.br\\\/?p=10705#article\",\"isPartOf\":{\"@id\":\"https:\\\/\\\/blogdofarnesio.com.br\\\/?p=10705\"},\"author\":{\"name\":\"\",\"@id\":\"\"},\"headline\":\"J\u00daLIO L\u00d3SSIO: CONSOLIDANDO A TRAJET\u00d3RIA\",\"datePublished\":\"2012-01-30T13:00:02+00:00\",\"mainEntityOfPage\":{\"@id\":\"https:\\\/\\\/blogdofarnesio.com.br\\\/?p=10705\"},\"wordCount\":677,\"commentCount\":0,\"publisher\":{\"@id\":\"https:\\\/\\\/blogdofarnesio.com.br\\\/#organization\"},\"image\":{\"@id\":\"https:\\\/\\\/blogdofarnesio.com.br\\\/?p=10705#primaryimage\"},\"thumbnailUrl\":\"http:\\\/\\\/www.quersaberpolitica.com.br\\\/2016\\\/wp-content\\\/uploads\\\/2012\\\/12\\\/blogspo_prefeitura_de_petrolina.jpg\",\"articleSection\":[\"Artigo\"],\"inLanguage\":\"pt-BR\",\"potentialAction\":[{\"@type\":\"CommentAction\",\"name\":\"Comment\",\"target\":[\"https:\\\/\\\/blogdofarnesio.com.br\\\/?p=10705#respond\"]}]},{\"@type\":\"WebPage\",\"@id\":\"https:\\\/\\\/blogdofarnesio.com.br\\\/?p=10705\",\"url\":\"https:\\\/\\\/blogdofarnesio.com.br\\\/?p=10705\",\"name\":\"J\u00daLIO L\u00d3SSIO: CONSOLIDANDO A TRAJET\u00d3RIA - Blog do Farn\u00e9sio\",\"isPartOf\":{\"@id\":\"https:\\\/\\\/blogdofarnesio.com.br\\\/#website\"},\"primaryImageOfPage\":{\"@id\":\"https:\\\/\\\/blogdofarnesio.com.br\\\/?p=10705#primaryimage\"},\"image\":{\"@id\":\"https:\\\/\\\/blogdofarnesio.com.br\\\/?p=10705#primaryimage\"},\"thumbnailUrl\":\"http:\\\/\\\/www.quersaberpolitica.com.br\\\/2016\\\/wp-content\\\/uploads\\\/2012\\\/12\\\/blogspo_prefeitura_de_petrolina.jpg\",\"datePublished\":\"2012-01-30T13:00:02+00:00\",\"breadcrumb\":{\"@id\":\"https:\\\/\\\/blogdofarnesio.com.br\\\/?p=10705#breadcrumb\"},\"inLanguage\":\"pt-BR\",\"potentialAction\":[{\"@type\":\"ReadAction\",\"target\":[\"https:\\\/\\\/blogdofarnesio.com.br\\\/?p=10705\"]}]},{\"@type\":\"ImageObject\",\"inLanguage\":\"pt-BR\",\"@id\":\"https:\\\/\\\/blogdofarnesio.com.br\\\/?p=10705#primaryimage\",\"url\":\"http:\\\/\\\/www.quersaberpolitica.com.br\\\/2016\\\/wp-content\\\/uploads\\\/2012\\\/12\\\/blogspo_prefeitura_de_petrolina.jpg\",\"contentUrl\":\"http:\\\/\\\/www.quersaberpolitica.com.br\\\/2016\\\/wp-content\\\/uploads\\\/2012\\\/12\\\/blogspo_prefeitura_de_petrolina.jpg\"},{\"@type\":\"BreadcrumbList\",\"@id\":\"https:\\\/\\\/blogdofarnesio.com.br\\\/?p=10705#breadcrumb\",\"itemListElement\":[{\"@type\":\"ListItem\",\"position\":1,\"name\":\"In\u00edcio\",\"item\":\"https:\\\/\\\/blogdofarnesio.com.br\\\/\"},{\"@type\":\"ListItem\",\"position\":2,\"name\":\"J\u00daLIO L\u00d3SSIO: CONSOLIDANDO A TRAJET\u00d3RIA\"}]},{\"@type\":\"WebSite\",\"@id\":\"https:\\\/\\\/blogdofarnesio.com.br\\\/#website\",\"url\":\"https:\\\/\\\/blogdofarnesio.com.br\\\/\",\"name\":\"Blog do Farn\u00e9sio\",\"description\":\"Quer Saber Pol\u00edtica?\",\"publisher\":{\"@id\":\"https:\\\/\\\/blogdofarnesio.com.br\\\/#organization\"},\"potentialAction\":[{\"@type\":\"SearchAction\",\"target\":{\"@type\":\"EntryPoint\",\"urlTemplate\":\"https:\\\/\\\/blogdofarnesio.com.br\\\/?s={search_term_string}\"},\"query-input\":{\"@type\":\"PropertyValueSpecification\",\"valueRequired\":true,\"valueName\":\"search_term_string\"}}],\"inLanguage\":\"pt-BR\"},{\"@type\":\"Organization\",\"@id\":\"https:\\\/\\\/blogdofarnesio.com.br\\\/#organization\",\"name\":\"Blog do Farn\u00e9sio\",\"url\":\"https:\\\/\\\/blogdofarnesio.com.br\\\/\",\"logo\":{\"@type\":\"ImageObject\",\"inLanguage\":\"pt-BR\",\"@id\":\"https:\\\/\\\/blogdofarnesio.com.br\\\/#\\\/schema\\\/logo\\\/image\\\/\",\"url\":\"https:\\\/\\\/blogdofarnesio.com.br\\\/wp-content\\\/uploads\\\/2026\\\/03\\\/cropped-logo_new-1.png\",\"contentUrl\":\"https:\\\/\\\/blogdofarnesio.com.br\\\/wp-content\\\/uploads\\\/2026\\\/03\\\/cropped-logo_new-1.png\",\"width\":881,\"height\":685,\"caption\":\"Blog do Farn\u00e9sio\"},\"image\":{\"@id\":\"https:\\\/\\\/blogdofarnesio.com.br\\\/#\\\/schema\\\/logo\\\/image\\\/\"},\"sameAs\":[\"https:\\\/\\\/www.facebook.com\\\/BlogQuerSaberPolitica\\\/\"]}]}<\/script>\n<!-- \/ Yoast SEO plugin. -->","yoast_head_json":{"title":"J\u00daLIO L\u00d3SSIO: CONSOLIDANDO A TRAJET\u00d3RIA  - Blog do Farn\u00e9sio","robots":{"index":"index","follow":"follow","max-snippet":"max-snippet:-1","max-image-preview":"max-image-preview:large","max-video-preview":"max-video-preview:-1"},"canonical":"https:\/\/blogdofarnesio.com.br\/?p=10705","og_locale":"pt_BR","og_type":"article","og_title":"J\u00daLIO L\u00d3SSIO: CONSOLIDANDO A TRAJET\u00d3RIA  - Blog do Farn\u00e9sio","og_description":"*Geraldo Francisco Junior A divulga&ccedil;&atilde;o da pesquisa no &uacute;ltimo dia 27 de janeiro pelo Jornal A&ccedil;&atilde;o Popular trouxe n&uacute;meros bastante interessantes, o que cabe uma avalia&ccedil;&atilde;o mais pormenorizada. Em primeiro lugar a pesquisa retrata uma fotografia do momento, dando sinais claros de uma tend&ecirc;ncia de polariza&ccedil;&atilde;o entre o Prefeito J&uacute;lio L&oacute;ssio e um candidato da oposi&ccedil;&atilde;o que, neste momento &eacute; o Deputado Gonzaga patriota. Apesar dos n&uacute;meros para consumo interno apresentar o Prefeito numa situa&ccedil;&atilde;o mais confort&aacute;vel, um pouco mais acima do que foi retratado, a pesquisa divulgada, al&eacute;m de reproduzir quase que o cen&aacute;rio de 2008, ainda evidenciou de forma clara que o potencial da candidatura de reelei&ccedil;&atilde;o do Prefeito J&uacute;lio L&oacute;ssio &eacute; significativa, chegando inclusive, a estar num&hellip;","og_url":"https:\/\/blogdofarnesio.com.br\/?p=10705","og_site_name":"Blog do Farn\u00e9sio","article_publisher":"https:\/\/www.facebook.com\/BlogQuerSaberPolitica\/","article_published_time":"2012-01-30T13:00:02+00:00","og_image":[{"url":"http:\/\/www.quersaberpolitica.com.br\/2016\/wp-content\/uploads\/2012\/12\/blogspo_prefeitura_de_petrolina.jpg","type":"","width":"","height":""}],"twitter_card":"summary_large_image","twitter_misc":{"Est. tempo de leitura":"3 minutos"},"schema":{"@context":"https:\/\/schema.org","@graph":[{"@type":"Article","@id":"https:\/\/blogdofarnesio.com.br\/?p=10705#article","isPartOf":{"@id":"https:\/\/blogdofarnesio.com.br\/?p=10705"},"author":{"name":"","@id":""},"headline":"J\u00daLIO L\u00d3SSIO: CONSOLIDANDO A TRAJET\u00d3RIA","datePublished":"2012-01-30T13:00:02+00:00","mainEntityOfPage":{"@id":"https:\/\/blogdofarnesio.com.br\/?p=10705"},"wordCount":677,"commentCount":0,"publisher":{"@id":"https:\/\/blogdofarnesio.com.br\/#organization"},"image":{"@id":"https:\/\/blogdofarnesio.com.br\/?p=10705#primaryimage"},"thumbnailUrl":"http:\/\/www.quersaberpolitica.com.br\/2016\/wp-content\/uploads\/2012\/12\/blogspo_prefeitura_de_petrolina.jpg","articleSection":["Artigo"],"inLanguage":"pt-BR","potentialAction":[{"@type":"CommentAction","name":"Comment","target":["https:\/\/blogdofarnesio.com.br\/?p=10705#respond"]}]},{"@type":"WebPage","@id":"https:\/\/blogdofarnesio.com.br\/?p=10705","url":"https:\/\/blogdofarnesio.com.br\/?p=10705","name":"J\u00daLIO L\u00d3SSIO: CONSOLIDANDO A TRAJET\u00d3RIA - Blog do Farn\u00e9sio","isPartOf":{"@id":"https:\/\/blogdofarnesio.com.br\/#website"},"primaryImageOfPage":{"@id":"https:\/\/blogdofarnesio.com.br\/?p=10705#primaryimage"},"image":{"@id":"https:\/\/blogdofarnesio.com.br\/?p=10705#primaryimage"},"thumbnailUrl":"http:\/\/www.quersaberpolitica.com.br\/2016\/wp-content\/uploads\/2012\/12\/blogspo_prefeitura_de_petrolina.jpg","datePublished":"2012-01-30T13:00:02+00:00","breadcrumb":{"@id":"https:\/\/blogdofarnesio.com.br\/?p=10705#breadcrumb"},"inLanguage":"pt-BR","potentialAction":[{"@type":"ReadAction","target":["https:\/\/blogdofarnesio.com.br\/?p=10705"]}]},{"@type":"ImageObject","inLanguage":"pt-BR","@id":"https:\/\/blogdofarnesio.com.br\/?p=10705#primaryimage","url":"http:\/\/www.quersaberpolitica.com.br\/2016\/wp-content\/uploads\/2012\/12\/blogspo_prefeitura_de_petrolina.jpg","contentUrl":"http:\/\/www.quersaberpolitica.com.br\/2016\/wp-content\/uploads\/2012\/12\/blogspo_prefeitura_de_petrolina.jpg"},{"@type":"BreadcrumbList","@id":"https:\/\/blogdofarnesio.com.br\/?p=10705#breadcrumb","itemListElement":[{"@type":"ListItem","position":1,"name":"In\u00edcio","item":"https:\/\/blogdofarnesio.com.br\/"},{"@type":"ListItem","position":2,"name":"J\u00daLIO L\u00d3SSIO: CONSOLIDANDO A TRAJET\u00d3RIA"}]},{"@type":"WebSite","@id":"https:\/\/blogdofarnesio.com.br\/#website","url":"https:\/\/blogdofarnesio.com.br\/","name":"Blog do Farn\u00e9sio","description":"Quer Saber Pol\u00edtica?","publisher":{"@id":"https:\/\/blogdofarnesio.com.br\/#organization"},"potentialAction":[{"@type":"SearchAction","target":{"@type":"EntryPoint","urlTemplate":"https:\/\/blogdofarnesio.com.br\/?s={search_term_string}"},"query-input":{"@type":"PropertyValueSpecification","valueRequired":true,"valueName":"search_term_string"}}],"inLanguage":"pt-BR"},{"@type":"Organization","@id":"https:\/\/blogdofarnesio.com.br\/#organization","name":"Blog do Farn\u00e9sio","url":"https:\/\/blogdofarnesio.com.br\/","logo":{"@type":"ImageObject","inLanguage":"pt-BR","@id":"https:\/\/blogdofarnesio.com.br\/#\/schema\/logo\/image\/","url":"https:\/\/blogdofarnesio.com.br\/wp-content\/uploads\/2026\/03\/cropped-logo_new-1.png","contentUrl":"https:\/\/blogdofarnesio.com.br\/wp-content\/uploads\/2026\/03\/cropped-logo_new-1.png","width":881,"height":685,"caption":"Blog do Farn\u00e9sio"},"image":{"@id":"https:\/\/blogdofarnesio.com.br\/#\/schema\/logo\/image\/"},"sameAs":["https:\/\/www.facebook.com\/BlogQuerSaberPolitica\/"]}]}},"_links":{"self":[{"href":"https:\/\/blogdofarnesio.com.br\/index.php?rest_route=\/wp\/v2\/posts\/10705","targetHints":{"allow":["GET"]}}],"collection":[{"href":"https:\/\/blogdofarnesio.com.br\/index.php?rest_route=\/wp\/v2\/posts"}],"about":[{"href":"https:\/\/blogdofarnesio.com.br\/index.php?rest_route=\/wp\/v2\/types\/post"}],"replies":[{"embeddable":true,"href":"https:\/\/blogdofarnesio.com.br\/index.php?rest_route=%2Fwp%2Fv2%2Fcomments&post=10705"}],"version-history":[{"count":0,"href":"https:\/\/blogdofarnesio.com.br\/index.php?rest_route=\/wp\/v2\/posts\/10705\/revisions"}],"wp:attachment":[{"href":"https:\/\/blogdofarnesio.com.br\/index.php?rest_route=%2Fwp%2Fv2%2Fmedia&parent=10705"}],"wp:term":[{"taxonomy":"category","embeddable":true,"href":"https:\/\/blogdofarnesio.com.br\/index.php?rest_route=%2Fwp%2Fv2%2Fcategories&post=10705"},{"taxonomy":"post_tag","embeddable":true,"href":"https:\/\/blogdofarnesio.com.br\/index.php?rest_route=%2Fwp%2Fv2%2Ftags&post=10705"}],"curies":[{"name":"wp","href":"https:\/\/api.w.org\/{rel}","templated":true}]}}