{"id":10593,"date":"2012-01-26T12:02:17","date_gmt":"2012-01-26T12:02:17","guid":{"rendered":"http:\/\/www.quersaberpolitica.com.br?p=10593"},"modified":"2012-01-26T11:22:26","modified_gmt":"2012-01-26T11:22:26","slug":"questao-de-opiniao","status":"publish","type":"post","link":"https:\/\/blogdofarnesio.com.br\/?p=10593","title":{"rendered":"Quest\u00e3o de Opini\u00e3o"},"content":{"rendered":"<p><span style=\"font-size: small;\"><strong><em><a rel=\"lightbox\" href=\"..\/http:\/\/www.quersaberpolitica.com.br\/2016\/wp-content\/uploads\/2012\/12\/blogqspdirect1.jpg\"><img loading=\"lazy\" decoding=\"async\" style=\"margin-top: 5px; margin-bottom: 5px; margin-left: 10px; margin-right: 10px; float: right; \" title=\"Imagem Divulga&ccedil;&atilde;o\" src=\"..\/http:\/\/www.quersaberpolitica.com.br\/2016\/wp-content\/uploads\/2012\/12\/blogqspdirect1.jpg\" alt=\"\" width=\"200\" height=\"93\" \/><\/a><\/em><\/strong><\/span><\/p>\n<div><span style=\"font-size: small; text-align: justify;\"><span style=\"font-size: small;\"><strong><em>Por Jorge de Oliveira Marins<\/em><\/strong><\/span><\/span><\/div>\n<p style=\"text-align: justify; \"><span style=\"font-size: small;\"><em><\/em>Quando procuramos a direc 15 logo somos impedidos de entrar, pois nos avisam que hor&aacute;rio de atendimento ao publico somente pela tarde; e quando retornamos no hor&aacute;rio previsto nos avisam que o gerente Flamber  n&atilde;o pode nos atender e isso &eacute; constante e nos informam que a sua esposa Josimeire pinheiro se encontra e pode falar por ele.<\/span><\/p>\n<p style=\"text-align: justify; \"><span style=\"font-size: small;\">Pergunto! Quem &eacute; o gerente? Meirinha passa o dia toda na direc qual o vinculo dela com a secret&aacute;ria? Ent&atilde;o ela pode responder por ele?<\/span><\/p>\n<p style=\"text-align: justify; \"><span style=\"font-size: small;\">N&oacute;s professores e comunidade estamos insatisfeitos com essa atitude que vem tomando o gerente da educa&ccedil;&atilde;o da direc 15, at&eacute; porque nunca pode nos atende e sempre vemos a esposa Josimeire atendendo o publico em seu lugar.<\/span><\/p>\n<p style=\"text-align: justify; \"><span style=\"font-size: small;\">A secretaria de educa&ccedil;&atilde;o tornou-se gabinete da presidente do PT, pois reuni&otilde;es e encontro do partido podem ser visto na secretaria sem que nada de errado estivesse praticando a senhora presidente.<\/span><\/p>\n<p style=\"text-align: justify; \"><span style=\"font-size: small;\">Sem contar com o atendimento de p&eacute;ssima qualidade que temos dos demais funcion&aacute;rios lotados na direc 15 como Arilma respons&aacute;vel pela sala do IEL-BA setor de est&aacute;gios para sele&ccedil;&atilde;o de professores.<\/span><\/p>\n<p style=\"text-align: justify; \"><span style=\"font-size: small;\">A senhora Arilma parece ate ter um rei na barriga, pois nos recebe de cara fechada e pouco responde quando perguntamos por algo que pertence ao departamento que ela responde, ficando assim invi&aacute;vel o nosso entra e sair da sala do IEL-BA.<\/span><\/p>\n<p style=\"text-align: justify; \"><span style=\"font-size: small;\">&Eacute; constante tamb&eacute;m a falta de compromisso que tem com o povo a senhora Isabel Cristina que quando a procuramos estar sempre atrasada e correndo nos corredores da direc15 para n&atilde;o falar com quem a procura, sendo inconfort&aacute;vel para todos que v&atilde;o &agrave; busca de informa&ccedil;&atilde;o.<\/span><\/p>\n<p style=\"text-align: justify; \"><span style=\"font-size: small;\">&Eacute; preciso renovar para educar!<\/span><\/p>\n<p style=\"text-align: justify; \"><span style=\"font-size: small;\">Fica aqui, meus apelos ao Professor Flamber para que possa tomar providencias sobre algo que acontece sobre seus olhos e ele n&atilde;o ver.<\/span><\/p>\n","protected":false},"excerpt":{"rendered":"<p>Por Jorge de Oliveira Marins Quando procuramos a direc 15 logo somos impedidos de entrar, pois nos avisam que hor&aacute;rio de atendimento ao publico somente pela tarde; e quando retornamos no hor&aacute;rio previsto nos avisam que o gerente Flamber n&atilde;o pode nos atender e isso &eacute; constante e nos informam que a sua esposa Josimeire pinheiro se encontra e pode falar por ele. Pergunto! Quem &eacute; o gerente? Meirinha passa o dia toda na direc qual o vinculo dela com a secret&aacute;ria? Ent&atilde;o ela pode responder por ele? N&oacute;s professores e comunidade estamos insatisfeitos com essa atitude que vem tomando o gerente da educa&ccedil;&atilde;o da direc 15, at&eacute; porque nunca pode nos atende e sempre vemos a esposa Josimeire atendendo&hellip; <\/p>\n","protected":false},"author":0,"featured_media":0,"comment_status":"open","ping_status":"open","sticky":false,"template":"","format":"standard","meta":{"_acf_changed":false,"footnotes":""},"categories":[30],"tags":[],"class_list":["post-10593","post","type-post","status-publish","format-standard","hentry","category-artigo"],"acf":[],"yoast_head":"<!-- This site is optimized with the Yoast SEO plugin v27.4 - https:\/\/yoast.com\/product\/yoast-seo-wordpress\/ -->\n<title>Quest\u00e3o de Opini\u00e3o - Blog do Farn\u00e9sio<\/title>\n<meta name=\"robots\" content=\"index, follow, max-snippet:-1, max-image-preview:large, max-video-preview:-1\" \/>\n<link rel=\"canonical\" href=\"https:\/\/blogdofarnesio.com.br\/?p=10593\" \/>\n<meta property=\"og:locale\" content=\"pt_BR\" \/>\n<meta property=\"og:type\" content=\"article\" \/>\n<meta property=\"og:title\" content=\"Quest\u00e3o de Opini\u00e3o - Blog do Farn\u00e9sio\" \/>\n<meta property=\"og:description\" content=\"Por Jorge de Oliveira Marins Quando procuramos a direc 15 logo somos impedidos de entrar, pois nos avisam que hor&aacute;rio de atendimento ao publico somente pela tarde; e quando retornamos no hor&aacute;rio previsto nos avisam que o gerente Flamber n&atilde;o pode nos atender e isso &eacute; constante e nos informam que a sua esposa Josimeire pinheiro se encontra e pode falar por ele. Pergunto! Quem &eacute; o gerente? Meirinha passa o dia toda na direc qual o vinculo dela com a secret&aacute;ria? Ent&atilde;o ela pode responder por ele? N&oacute;s professores e comunidade estamos insatisfeitos com essa atitude que vem tomando o gerente da educa&ccedil;&atilde;o da direc 15, at&eacute; porque nunca pode nos atende e sempre vemos a esposa Josimeire atendendo&hellip;\" \/>\n<meta property=\"og:url\" content=\"https:\/\/blogdofarnesio.com.br\/?p=10593\" \/>\n<meta property=\"og:site_name\" content=\"Blog do Farn\u00e9sio\" \/>\n<meta property=\"article:publisher\" content=\"https:\/\/www.facebook.com\/BlogQuerSaberPolitica\/\" \/>\n<meta property=\"article:published_time\" content=\"2012-01-26T12:02:17+00:00\" \/>\n<meta name=\"twitter:card\" content=\"summary_large_image\" \/>\n<meta name=\"twitter:label1\" content=\"Est. tempo de leitura\" \/>\n\t<meta name=\"twitter:data1\" content=\"2 minutos\" \/>\n<script type=\"application\/ld+json\" class=\"yoast-schema-graph\">{\"@context\":\"https:\\\/\\\/schema.org\",\"@graph\":[{\"@type\":\"Article\",\"@id\":\"https:\\\/\\\/blogdofarnesio.com.br\\\/?p=10593#article\",\"isPartOf\":{\"@id\":\"https:\\\/\\\/blogdofarnesio.com.br\\\/?p=10593\"},\"author\":{\"name\":\"\",\"@id\":\"\"},\"headline\":\"Quest\u00e3o de Opini\u00e3o\",\"datePublished\":\"2012-01-26T12:02:17+00:00\",\"mainEntityOfPage\":{\"@id\":\"https:\\\/\\\/blogdofarnesio.com.br\\\/?p=10593\"},\"wordCount\":352,\"commentCount\":0,\"publisher\":{\"@id\":\"https:\\\/\\\/blogdofarnesio.com.br\\\/#organization\"},\"articleSection\":[\"Artigo\"],\"inLanguage\":\"pt-BR\",\"potentialAction\":[{\"@type\":\"CommentAction\",\"name\":\"Comment\",\"target\":[\"https:\\\/\\\/blogdofarnesio.com.br\\\/?p=10593#respond\"]}]},{\"@type\":\"WebPage\",\"@id\":\"https:\\\/\\\/blogdofarnesio.com.br\\\/?p=10593\",\"url\":\"https:\\\/\\\/blogdofarnesio.com.br\\\/?p=10593\",\"name\":\"Quest\u00e3o de Opini\u00e3o - Blog do Farn\u00e9sio\",\"isPartOf\":{\"@id\":\"https:\\\/\\\/blogdofarnesio.com.br\\\/#website\"},\"datePublished\":\"2012-01-26T12:02:17+00:00\",\"breadcrumb\":{\"@id\":\"https:\\\/\\\/blogdofarnesio.com.br\\\/?p=10593#breadcrumb\"},\"inLanguage\":\"pt-BR\",\"potentialAction\":[{\"@type\":\"ReadAction\",\"target\":[\"https:\\\/\\\/blogdofarnesio.com.br\\\/?p=10593\"]}]},{\"@type\":\"BreadcrumbList\",\"@id\":\"https:\\\/\\\/blogdofarnesio.com.br\\\/?p=10593#breadcrumb\",\"itemListElement\":[{\"@type\":\"ListItem\",\"position\":1,\"name\":\"In\u00edcio\",\"item\":\"https:\\\/\\\/blogdofarnesio.com.br\\\/\"},{\"@type\":\"ListItem\",\"position\":2,\"name\":\"Quest\u00e3o de Opini\u00e3o\"}]},{\"@type\":\"WebSite\",\"@id\":\"https:\\\/\\\/blogdofarnesio.com.br\\\/#website\",\"url\":\"https:\\\/\\\/blogdofarnesio.com.br\\\/\",\"name\":\"Blog do Farn\u00e9sio\",\"description\":\"Quer Saber Pol\u00edtica?\",\"publisher\":{\"@id\":\"https:\\\/\\\/blogdofarnesio.com.br\\\/#organization\"},\"potentialAction\":[{\"@type\":\"SearchAction\",\"target\":{\"@type\":\"EntryPoint\",\"urlTemplate\":\"https:\\\/\\\/blogdofarnesio.com.br\\\/?s={search_term_string}\"},\"query-input\":{\"@type\":\"PropertyValueSpecification\",\"valueRequired\":true,\"valueName\":\"search_term_string\"}}],\"inLanguage\":\"pt-BR\"},{\"@type\":\"Organization\",\"@id\":\"https:\\\/\\\/blogdofarnesio.com.br\\\/#organization\",\"name\":\"Blog do Farn\u00e9sio\",\"url\":\"https:\\\/\\\/blogdofarnesio.com.br\\\/\",\"logo\":{\"@type\":\"ImageObject\",\"inLanguage\":\"pt-BR\",\"@id\":\"https:\\\/\\\/blogdofarnesio.com.br\\\/#\\\/schema\\\/logo\\\/image\\\/\",\"url\":\"https:\\\/\\\/blogdofarnesio.com.br\\\/wp-content\\\/uploads\\\/2026\\\/03\\\/cropped-logo_new-1.png\",\"contentUrl\":\"https:\\\/\\\/blogdofarnesio.com.br\\\/wp-content\\\/uploads\\\/2026\\\/03\\\/cropped-logo_new-1.png\",\"width\":881,\"height\":685,\"caption\":\"Blog do Farn\u00e9sio\"},\"image\":{\"@id\":\"https:\\\/\\\/blogdofarnesio.com.br\\\/#\\\/schema\\\/logo\\\/image\\\/\"},\"sameAs\":[\"https:\\\/\\\/www.facebook.com\\\/BlogQuerSaberPolitica\\\/\"]}]}<\/script>\n<!-- \/ Yoast SEO plugin. -->","yoast_head_json":{"title":"Quest\u00e3o de Opini\u00e3o - Blog do Farn\u00e9sio","robots":{"index":"index","follow":"follow","max-snippet":"max-snippet:-1","max-image-preview":"max-image-preview:large","max-video-preview":"max-video-preview:-1"},"canonical":"https:\/\/blogdofarnesio.com.br\/?p=10593","og_locale":"pt_BR","og_type":"article","og_title":"Quest\u00e3o de Opini\u00e3o - Blog do Farn\u00e9sio","og_description":"Por Jorge de Oliveira Marins Quando procuramos a direc 15 logo somos impedidos de entrar, pois nos avisam que hor&aacute;rio de atendimento ao publico somente pela tarde; e quando retornamos no hor&aacute;rio previsto nos avisam que o gerente Flamber n&atilde;o pode nos atender e isso &eacute; constante e nos informam que a sua esposa Josimeire pinheiro se encontra e pode falar por ele. Pergunto! Quem &eacute; o gerente? Meirinha passa o dia toda na direc qual o vinculo dela com a secret&aacute;ria? Ent&atilde;o ela pode responder por ele? N&oacute;s professores e comunidade estamos insatisfeitos com essa atitude que vem tomando o gerente da educa&ccedil;&atilde;o da direc 15, at&eacute; porque nunca pode nos atende e sempre vemos a esposa Josimeire atendendo&hellip;","og_url":"https:\/\/blogdofarnesio.com.br\/?p=10593","og_site_name":"Blog do Farn\u00e9sio","article_publisher":"https:\/\/www.facebook.com\/BlogQuerSaberPolitica\/","article_published_time":"2012-01-26T12:02:17+00:00","twitter_card":"summary_large_image","twitter_misc":{"Est. tempo de leitura":"2 minutos"},"schema":{"@context":"https:\/\/schema.org","@graph":[{"@type":"Article","@id":"https:\/\/blogdofarnesio.com.br\/?p=10593#article","isPartOf":{"@id":"https:\/\/blogdofarnesio.com.br\/?p=10593"},"author":{"name":"","@id":""},"headline":"Quest\u00e3o de Opini\u00e3o","datePublished":"2012-01-26T12:02:17+00:00","mainEntityOfPage":{"@id":"https:\/\/blogdofarnesio.com.br\/?p=10593"},"wordCount":352,"commentCount":0,"publisher":{"@id":"https:\/\/blogdofarnesio.com.br\/#organization"},"articleSection":["Artigo"],"inLanguage":"pt-BR","potentialAction":[{"@type":"CommentAction","name":"Comment","target":["https:\/\/blogdofarnesio.com.br\/?p=10593#respond"]}]},{"@type":"WebPage","@id":"https:\/\/blogdofarnesio.com.br\/?p=10593","url":"https:\/\/blogdofarnesio.com.br\/?p=10593","name":"Quest\u00e3o de Opini\u00e3o - Blog do Farn\u00e9sio","isPartOf":{"@id":"https:\/\/blogdofarnesio.com.br\/#website"},"datePublished":"2012-01-26T12:02:17+00:00","breadcrumb":{"@id":"https:\/\/blogdofarnesio.com.br\/?p=10593#breadcrumb"},"inLanguage":"pt-BR","potentialAction":[{"@type":"ReadAction","target":["https:\/\/blogdofarnesio.com.br\/?p=10593"]}]},{"@type":"BreadcrumbList","@id":"https:\/\/blogdofarnesio.com.br\/?p=10593#breadcrumb","itemListElement":[{"@type":"ListItem","position":1,"name":"In\u00edcio","item":"https:\/\/blogdofarnesio.com.br\/"},{"@type":"ListItem","position":2,"name":"Quest\u00e3o de Opini\u00e3o"}]},{"@type":"WebSite","@id":"https:\/\/blogdofarnesio.com.br\/#website","url":"https:\/\/blogdofarnesio.com.br\/","name":"Blog do Farn\u00e9sio","description":"Quer Saber Pol\u00edtica?","publisher":{"@id":"https:\/\/blogdofarnesio.com.br\/#organization"},"potentialAction":[{"@type":"SearchAction","target":{"@type":"EntryPoint","urlTemplate":"https:\/\/blogdofarnesio.com.br\/?s={search_term_string}"},"query-input":{"@type":"PropertyValueSpecification","valueRequired":true,"valueName":"search_term_string"}}],"inLanguage":"pt-BR"},{"@type":"Organization","@id":"https:\/\/blogdofarnesio.com.br\/#organization","name":"Blog do Farn\u00e9sio","url":"https:\/\/blogdofarnesio.com.br\/","logo":{"@type":"ImageObject","inLanguage":"pt-BR","@id":"https:\/\/blogdofarnesio.com.br\/#\/schema\/logo\/image\/","url":"https:\/\/blogdofarnesio.com.br\/wp-content\/uploads\/2026\/03\/cropped-logo_new-1.png","contentUrl":"https:\/\/blogdofarnesio.com.br\/wp-content\/uploads\/2026\/03\/cropped-logo_new-1.png","width":881,"height":685,"caption":"Blog do Farn\u00e9sio"},"image":{"@id":"https:\/\/blogdofarnesio.com.br\/#\/schema\/logo\/image\/"},"sameAs":["https:\/\/www.facebook.com\/BlogQuerSaberPolitica\/"]}]}},"_links":{"self":[{"href":"https:\/\/blogdofarnesio.com.br\/index.php?rest_route=\/wp\/v2\/posts\/10593","targetHints":{"allow":["GET"]}}],"collection":[{"href":"https:\/\/blogdofarnesio.com.br\/index.php?rest_route=\/wp\/v2\/posts"}],"about":[{"href":"https:\/\/blogdofarnesio.com.br\/index.php?rest_route=\/wp\/v2\/types\/post"}],"replies":[{"embeddable":true,"href":"https:\/\/blogdofarnesio.com.br\/index.php?rest_route=%2Fwp%2Fv2%2Fcomments&post=10593"}],"version-history":[{"count":0,"href":"https:\/\/blogdofarnesio.com.br\/index.php?rest_route=\/wp\/v2\/posts\/10593\/revisions"}],"wp:attachment":[{"href":"https:\/\/blogdofarnesio.com.br\/index.php?rest_route=%2Fwp%2Fv2%2Fmedia&parent=10593"}],"wp:term":[{"taxonomy":"category","embeddable":true,"href":"https:\/\/blogdofarnesio.com.br\/index.php?rest_route=%2Fwp%2Fv2%2Fcategories&post=10593"},{"taxonomy":"post_tag","embeddable":true,"href":"https:\/\/blogdofarnesio.com.br\/index.php?rest_route=%2Fwp%2Fv2%2Ftags&post=10593"}],"curies":[{"name":"wp","href":"https:\/\/api.w.org\/{rel}","templated":true}]}}