{"id":105876,"date":"2014-11-06T15:23:41","date_gmt":"2014-11-06T18:23:41","guid":{"rendered":"http:\/\/www.quersaberpolitica.com.br\/?p=105876"},"modified":"2014-11-06T13:56:09","modified_gmt":"2014-11-06T16:56:09","slug":"indios-pedem-politicas-publicas-para-a-saude","status":"publish","type":"post","link":"https:\/\/blogdofarnesio.com.br\/2014\/11\/indios-pedem-politicas-publicas-para-a-saude\/","title":{"rendered":"\u00cdNDIOS PEDEM POL\u00cdTICAS P\u00daBLICAS PARA A SA\u00daDE"},"content":{"rendered":"<p style=\"text-align: justify\"><a href=\"http:\/\/www.quersaberpolitica.com.br\/2016\/wp-content\/uploads\/2014\/11\/blogqsp-sa\u00fade2.jpg\"><img loading=\"lazy\" decoding=\"async\" class=\"alignleft size-full wp-image-105877\" alt=\"blogqsp-sa\u00fade\" src=\"http:\/\/www.quersaberpolitica.com.br\/2016\/wp-content\/uploads\/2014\/11\/blogqsp-sa\u00fade2.jpg\" width=\"252\" height=\"189\" \/><\/a>De acordo com o censo 2010 do IBGE, o Brasil tem 817 mil \u00edndios. Desse total, 665 mil vivem nas aldeias. A maioria vive na Regi\u00e3o Norte do pa\u00eds.<\/p>\n<p style=\"text-align: justify\">Um dos maiores problemas enfrentados pelos \u00edndios \u00e9 a sa\u00fade. Na III Confer\u00eancia Nacional de Sa\u00fade Ind\u00edgena, em 2011, constatou-se precariedade das condi\u00e7\u00f5es de sa\u00fade, com taxas de morbimortalidade muito superiores \u00e0s da popula\u00e7\u00e3o brasileira em geral.<\/p>\n<p style=\"text-align: justify\">Para tratar deste assunto, nesta quinta-feira (6), a Comiss\u00e3o de Seguridade Social e Fam\u00edlia (CSSF) realizou uma audi\u00eancia p\u00fablica sobre a situa\u00e7\u00e3o da sa\u00fade ind\u00edgena no Brasil. O encontro foi solicitado pelo deputado Geraldo Resende (PMDB-MS). A CSSF \u00e9 presidida pelo deputado Amauri Teixeira (PT-BA).<!--more--><\/p>\n<p style=\"text-align: justify\">Ant\u00f4nio Oliveira Apurin\u00e3, coordenador geral da Coordena\u00e7\u00e3o das Organiza\u00e7\u00f5es Ind\u00edgenas da Amaz\u00f4nia Brasileira, alerta que por causa das monoculturas \u00e9 grande a contamina\u00e7\u00e3o por agrot\u00f3xicos, causando doen\u00e7as em crian\u00e7as e adultos. Para ele, o governo tem dificuldades com a Funasa (Funda\u00e7\u00e3o Nacional da Sa\u00fade) e que faltam pol\u00edticas sociais e principalmente de sa\u00fade.<\/p>\n<p style=\"text-align: justify\">\u201cVamos morrer \u00e0 m\u00edngua. Ficamos doentes sem nem saber que doen\u00e7a temos \u201c, afirma. Ele tamb\u00e9m destaca que as iniciativas voltadas \u00e0 sa\u00fade dos \u00edndios, s\u00e3o decididas em gabinetes e, por causa disso, distantes da realidade.<\/p>\n<p style=\"text-align: justify\">Quase 50% das mortes s\u00e3o registradas entre menores de cinco anos de idade. As causas mais frequentes s\u00e3o doen\u00e7as transmiss\u00edveis, principalmente infec\u00e7\u00e3o respirat\u00f3ria, parasitose intestinal, mal\u00e1ria e desnutri\u00e7\u00e3o.<\/p>\n<p style=\"text-align: justify\">As principais causas dos \u00f3bitos na popula\u00e7\u00e3o ind\u00edgena adulta, em 2003, foram externas, seguidas das doen\u00e7as do aparelho circulat\u00f3rio, respirat\u00f3rio e as doen\u00e7as infecciosas e parasitarias.<\/p>\n<p style=\"text-align: justify\">Rildo Mendes, Coordenador da ARPINSUL( Articula\u00e7\u00e3o dos Povos Ind\u00edgenas da Regi\u00e3o Sul) , apresentou uma carta aberta \u00e0 presidente Dilma Rousseff. No documento, criticam a pol\u00edtica indigenista do governo que, de acordo com eles, desarticulou a Funai. Tamb\u00e9m destacou o racismo e preconceitos enfrentados pelos \u00edndios no sul no pa\u00eds.<\/p>\n<p style=\"text-align: justify\">\u201cO governo d\u00e1 prioridade ao agroneg\u00f3cio e se alia aos pol\u00edticos conservadores como a bancada rural, esquece os \u00edndios e a demarca\u00e7\u00e3o terras, por exemplo. Hoje vivemos em favelas rurais\u201d, destaca Rildo.<\/p>\n<p style=\"text-align: justify\">Antonio Souza, secret\u00e1rio especial de Sa\u00fade Ind\u00edgena do Minist\u00e9rio da Sa\u00fade, ressaltou as a\u00e7\u00f5es do governo junto \u00e0 popula\u00e7\u00e3o ind\u00edgena. O Minist\u00e9rio conta com 19.770 funcion\u00e1rios ligados \u00e0 quest\u00e3o ind\u00edgena.<\/p>\n<p style=\"text-align: justify\">O t\u00e9cnico destacou que o perfil epidemiol\u00f3gico dos povos ind\u00edgenas \u00e9 marcado por altas taxas de incid\u00eancia e letalidade por doen\u00e7as respirat\u00f3rias, diarr\u00e9icas, doen\u00e7as imunopreven\u00edveis, mal\u00e1ria e tuberculose, cardiopatia, doen\u00e7as hemof\u00edlicas, doen\u00e7as renais e c\u00e2ncer.<\/p>\n<p style=\"text-align: justify\">No Acre, por exemplo, o IBGE divulgou um estudo que mostra que o n\u00edvel de mortalidade de crian\u00e7as ind\u00edgenas \u00e9 vinte vezes maior que o indicado pela Organiza\u00e7\u00e3o Mundial de Sa\u00fade (OMS), que \u00e9 de tr\u00eas mortes para cada mil nascidos vivos.<\/p>\n<p style=\"text-align: justify\">\u201cA falta de perspectivas tem levado os \u00edndios ao consumo de \u00e1lcool e drogas. Esta situa\u00e7\u00e3o acaba provocando ainda o suic\u00eddio, principalmente entre os jovens\u201d, alerta.<\/p>\n<p style=\"text-align: justify\">O presidente da CSSF, deputado Amauri Teixeira (PT-BA), lembrou que os problemas de sa\u00fade no pa\u00eds s\u00e3o os mesmos para toda a popula\u00e7\u00e3o.<\/p>\n<p style=\"text-align: justify\">\u201cO sistema de sa\u00fade est\u00e1 sobrecarregado. Temos que buscar formas de ter mais agilidade, estrutura e servi\u00e7os espec\u00edficos para a popula\u00e7\u00e3o ind\u00edgena, por exemplo, no SUS\u201d, ressaltou.<\/p>\n<p style=\"text-align: justify\">O deputado defendeu a cria\u00e7\u00e3o da Universidade dos Povos Ind\u00edgenas para formar m\u00e3o de obra para a \u00e1rea. Al\u00e9m da cria\u00e7\u00e3o de cotas espec\u00edficas nas universidades para os \u00edndios. Amauri Teixeira afirmou ainda que vai entregar a carta lida na audi\u00eancia p\u00fablica, para a presidente Dilma Rousseff.<\/p>\n","protected":false},"excerpt":{"rendered":"<p>De acordo com o censo 2010 do IBGE, o Brasil tem 817 mil \u00edndios. Desse total, 665 mil vivem nas aldeias. A maioria vive na Regi\u00e3o Norte do pa\u00eds. Um dos maiores problemas enfrentados pelos \u00edndios \u00e9 a sa\u00fade. Na III Confer\u00eancia Nacional de Sa\u00fade Ind\u00edgena, em 2011, constatou-se precariedade das condi\u00e7\u00f5es de sa\u00fade, com taxas de morbimortalidade muito superiores \u00e0s da popula\u00e7\u00e3o brasileira em geral. Para tratar deste assunto, nesta quinta-feira (6), a Comiss\u00e3o de Seguridade Social e Fam\u00edlia (CSSF) realizou uma audi\u00eancia p\u00fablica sobre a situa\u00e7\u00e3o da sa\u00fade ind\u00edgena no Brasil. O encontro foi solicitado pelo deputado Geraldo Resende (PMDB-MS). A CSSF \u00e9 presidida pelo deputado Amauri Teixeira (PT-BA).<\/p>\n","protected":false},"author":3,"featured_media":0,"comment_status":"open","ping_status":"open","sticky":false,"template":"","format":"standard","meta":{"_acf_changed":false,"footnotes":""},"categories":[32],"tags":[],"class_list":["post-105876","post","type-post","status-publish","format-standard","hentry","category-costumes"],"acf":[],"yoast_head":"<!-- This site is optimized with the Yoast SEO plugin v27.5 - https:\/\/yoast.com\/product\/yoast-seo-wordpress\/ -->\n<title>\u00cdNDIOS PEDEM POL\u00cdTICAS P\u00daBLICAS PARA A SA\u00daDE - Blog do Farn\u00e9sio<\/title>\n<meta name=\"robots\" content=\"index, follow, max-snippet:-1, max-image-preview:large, max-video-preview:-1\" \/>\n<link rel=\"canonical\" href=\"https:\/\/blogdofarnesio.com.br\/2014\/11\/indios-pedem-politicas-publicas-para-a-saude\/\" \/>\n<meta property=\"og:locale\" content=\"pt_BR\" \/>\n<meta property=\"og:type\" content=\"article\" \/>\n<meta property=\"og:title\" content=\"\u00cdNDIOS PEDEM POL\u00cdTICAS P\u00daBLICAS PARA A SA\u00daDE - Blog do Farn\u00e9sio\" \/>\n<meta property=\"og:description\" content=\"De acordo com o censo 2010 do IBGE, o Brasil tem 817 mil \u00edndios. Desse total, 665 mil vivem nas aldeias. A maioria vive na Regi\u00e3o Norte do pa\u00eds. Um dos maiores problemas enfrentados pelos \u00edndios \u00e9 a sa\u00fade. Na III Confer\u00eancia Nacional de Sa\u00fade Ind\u00edgena, em 2011, constatou-se precariedade das condi\u00e7\u00f5es de sa\u00fade, com taxas de morbimortalidade muito superiores \u00e0s da popula\u00e7\u00e3o brasileira em geral. Para tratar deste assunto, nesta quinta-feira (6), a Comiss\u00e3o de Seguridade Social e Fam\u00edlia (CSSF) realizou uma audi\u00eancia p\u00fablica sobre a situa\u00e7\u00e3o da sa\u00fade ind\u00edgena no Brasil. O encontro foi solicitado pelo deputado Geraldo Resende (PMDB-MS). A CSSF \u00e9 presidida pelo deputado Amauri Teixeira (PT-BA).\" \/>\n<meta property=\"og:url\" content=\"https:\/\/blogdofarnesio.com.br\/2014\/11\/indios-pedem-politicas-publicas-para-a-saude\/\" \/>\n<meta property=\"og:site_name\" content=\"Blog do Farn\u00e9sio\" \/>\n<meta property=\"article:publisher\" content=\"https:\/\/www.facebook.com\/BlogQuerSaberPolitica\/\" \/>\n<meta property=\"article:published_time\" content=\"2014-11-06T18:23:41+00:00\" \/>\n<meta name=\"author\" content=\"teste\" \/>\n<meta name=\"twitter:card\" content=\"summary_large_image\" \/>\n<meta name=\"twitter:label1\" content=\"Escrito por\" \/>\n\t<meta name=\"twitter:data1\" content=\"teste\" \/>\n\t<meta name=\"twitter:label2\" content=\"Est. tempo de leitura\" \/>\n\t<meta name=\"twitter:data2\" content=\"3 minutos\" \/>\n<script type=\"application\/ld+json\" class=\"yoast-schema-graph\">{\"@context\":\"https:\\\/\\\/schema.org\",\"@graph\":[{\"@type\":\"Article\",\"@id\":\"https:\\\/\\\/blogdofarnesio.com.br\\\/2014\\\/11\\\/indios-pedem-politicas-publicas-para-a-saude\\\/#article\",\"isPartOf\":{\"@id\":\"https:\\\/\\\/blogdofarnesio.com.br\\\/2014\\\/11\\\/indios-pedem-politicas-publicas-para-a-saude\\\/\"},\"author\":{\"name\":\"teste\",\"@id\":\"https:\\\/\\\/blogdofarnesio.com.br\\\/#\\\/schema\\\/person\\\/dd1bf5eba40b687199ba45ca6b97dff9\"},\"headline\":\"\u00cdNDIOS PEDEM POL\u00cdTICAS P\u00daBLICAS PARA A SA\u00daDE\",\"datePublished\":\"2014-11-06T18:23:41+00:00\",\"mainEntityOfPage\":{\"@id\":\"https:\\\/\\\/blogdofarnesio.com.br\\\/2014\\\/11\\\/indios-pedem-politicas-publicas-para-a-saude\\\/\"},\"wordCount\":663,\"commentCount\":0,\"publisher\":{\"@id\":\"https:\\\/\\\/blogdofarnesio.com.br\\\/#organization\"},\"articleSection\":[\"Costumes\"],\"inLanguage\":\"pt-BR\",\"potentialAction\":[{\"@type\":\"CommentAction\",\"name\":\"Comment\",\"target\":[\"https:\\\/\\\/blogdofarnesio.com.br\\\/2014\\\/11\\\/indios-pedem-politicas-publicas-para-a-saude\\\/#respond\"]}]},{\"@type\":\"WebPage\",\"@id\":\"https:\\\/\\\/blogdofarnesio.com.br\\\/2014\\\/11\\\/indios-pedem-politicas-publicas-para-a-saude\\\/\",\"url\":\"https:\\\/\\\/blogdofarnesio.com.br\\\/2014\\\/11\\\/indios-pedem-politicas-publicas-para-a-saude\\\/\",\"name\":\"\u00cdNDIOS PEDEM POL\u00cdTICAS P\u00daBLICAS PARA A SA\u00daDE - Blog do Farn\u00e9sio\",\"isPartOf\":{\"@id\":\"https:\\\/\\\/blogdofarnesio.com.br\\\/#website\"},\"datePublished\":\"2014-11-06T18:23:41+00:00\",\"breadcrumb\":{\"@id\":\"https:\\\/\\\/blogdofarnesio.com.br\\\/2014\\\/11\\\/indios-pedem-politicas-publicas-para-a-saude\\\/#breadcrumb\"},\"inLanguage\":\"pt-BR\",\"potentialAction\":[{\"@type\":\"ReadAction\",\"target\":[\"https:\\\/\\\/blogdofarnesio.com.br\\\/2014\\\/11\\\/indios-pedem-politicas-publicas-para-a-saude\\\/\"]}]},{\"@type\":\"BreadcrumbList\",\"@id\":\"https:\\\/\\\/blogdofarnesio.com.br\\\/2014\\\/11\\\/indios-pedem-politicas-publicas-para-a-saude\\\/#breadcrumb\",\"itemListElement\":[{\"@type\":\"ListItem\",\"position\":1,\"name\":\"In\u00edcio\",\"item\":\"https:\\\/\\\/blogdofarnesio.com.br\\\/\"},{\"@type\":\"ListItem\",\"position\":2,\"name\":\"\u00cdNDIOS PEDEM POL\u00cdTICAS P\u00daBLICAS PARA A SA\u00daDE\"}]},{\"@type\":\"WebSite\",\"@id\":\"https:\\\/\\\/blogdofarnesio.com.br\\\/#website\",\"url\":\"https:\\\/\\\/blogdofarnesio.com.br\\\/\",\"name\":\"Blog do Farn\u00e9sio\",\"description\":\"Quer Saber Pol\u00edtica?\",\"publisher\":{\"@id\":\"https:\\\/\\\/blogdofarnesio.com.br\\\/#organization\"},\"potentialAction\":[{\"@type\":\"SearchAction\",\"target\":{\"@type\":\"EntryPoint\",\"urlTemplate\":\"https:\\\/\\\/blogdofarnesio.com.br\\\/?s={search_term_string}\"},\"query-input\":{\"@type\":\"PropertyValueSpecification\",\"valueRequired\":true,\"valueName\":\"search_term_string\"}}],\"inLanguage\":\"pt-BR\"},{\"@type\":\"Organization\",\"@id\":\"https:\\\/\\\/blogdofarnesio.com.br\\\/#organization\",\"name\":\"Blog do Farn\u00e9sio\",\"url\":\"https:\\\/\\\/blogdofarnesio.com.br\\\/\",\"logo\":{\"@type\":\"ImageObject\",\"inLanguage\":\"pt-BR\",\"@id\":\"https:\\\/\\\/blogdofarnesio.com.br\\\/#\\\/schema\\\/logo\\\/image\\\/\",\"url\":\"https:\\\/\\\/blogdofarnesio.com.br\\\/wp-content\\\/uploads\\\/2026\\\/03\\\/cropped-logo_new-1.png\",\"contentUrl\":\"https:\\\/\\\/blogdofarnesio.com.br\\\/wp-content\\\/uploads\\\/2026\\\/03\\\/cropped-logo_new-1.png\",\"width\":881,\"height\":685,\"caption\":\"Blog do Farn\u00e9sio\"},\"image\":{\"@id\":\"https:\\\/\\\/blogdofarnesio.com.br\\\/#\\\/schema\\\/logo\\\/image\\\/\"},\"sameAs\":[\"https:\\\/\\\/www.facebook.com\\\/BlogQuerSaberPolitica\\\/\"]},{\"@type\":\"Person\",\"@id\":\"https:\\\/\\\/blogdofarnesio.com.br\\\/#\\\/schema\\\/person\\\/dd1bf5eba40b687199ba45ca6b97dff9\",\"name\":\"teste\",\"image\":{\"@type\":\"ImageObject\",\"inLanguage\":\"pt-BR\",\"@id\":\"https:\\\/\\\/secure.gravatar.com\\\/avatar\\\/2172498d4914b51e1d89a0f97957b035ac4938723a5cac208135d389b6972a6d?s=96&d=mm&r=g\",\"url\":\"https:\\\/\\\/secure.gravatar.com\\\/avatar\\\/2172498d4914b51e1d89a0f97957b035ac4938723a5cac208135d389b6972a6d?s=96&d=mm&r=g\",\"contentUrl\":\"https:\\\/\\\/secure.gravatar.com\\\/avatar\\\/2172498d4914b51e1d89a0f97957b035ac4938723a5cac208135d389b6972a6d?s=96&d=mm&r=g\",\"caption\":\"teste\"},\"url\":\"https:\\\/\\\/blogdofarnesio.com.br\\\/author\\\/teste\\\/\"}]}<\/script>\n<!-- \/ Yoast SEO plugin. -->","yoast_head_json":{"title":"\u00cdNDIOS PEDEM POL\u00cdTICAS P\u00daBLICAS PARA A SA\u00daDE - Blog do Farn\u00e9sio","robots":{"index":"index","follow":"follow","max-snippet":"max-snippet:-1","max-image-preview":"max-image-preview:large","max-video-preview":"max-video-preview:-1"},"canonical":"https:\/\/blogdofarnesio.com.br\/2014\/11\/indios-pedem-politicas-publicas-para-a-saude\/","og_locale":"pt_BR","og_type":"article","og_title":"\u00cdNDIOS PEDEM POL\u00cdTICAS P\u00daBLICAS PARA A SA\u00daDE - Blog do Farn\u00e9sio","og_description":"De acordo com o censo 2010 do IBGE, o Brasil tem 817 mil \u00edndios. Desse total, 665 mil vivem nas aldeias. A maioria vive na Regi\u00e3o Norte do pa\u00eds. Um dos maiores problemas enfrentados pelos \u00edndios \u00e9 a sa\u00fade. Na III Confer\u00eancia Nacional de Sa\u00fade Ind\u00edgena, em 2011, constatou-se precariedade das condi\u00e7\u00f5es de sa\u00fade, com taxas de morbimortalidade muito superiores \u00e0s da popula\u00e7\u00e3o brasileira em geral. Para tratar deste assunto, nesta quinta-feira (6), a Comiss\u00e3o de Seguridade Social e Fam\u00edlia (CSSF) realizou uma audi\u00eancia p\u00fablica sobre a situa\u00e7\u00e3o da sa\u00fade ind\u00edgena no Brasil. O encontro foi solicitado pelo deputado Geraldo Resende (PMDB-MS). A CSSF \u00e9 presidida pelo deputado Amauri Teixeira (PT-BA).","og_url":"https:\/\/blogdofarnesio.com.br\/2014\/11\/indios-pedem-politicas-publicas-para-a-saude\/","og_site_name":"Blog do Farn\u00e9sio","article_publisher":"https:\/\/www.facebook.com\/BlogQuerSaberPolitica\/","article_published_time":"2014-11-06T18:23:41+00:00","author":"teste","twitter_card":"summary_large_image","twitter_misc":{"Escrito por":"teste","Est. tempo de leitura":"3 minutos"},"schema":{"@context":"https:\/\/schema.org","@graph":[{"@type":"Article","@id":"https:\/\/blogdofarnesio.com.br\/2014\/11\/indios-pedem-politicas-publicas-para-a-saude\/#article","isPartOf":{"@id":"https:\/\/blogdofarnesio.com.br\/2014\/11\/indios-pedem-politicas-publicas-para-a-saude\/"},"author":{"name":"teste","@id":"https:\/\/blogdofarnesio.com.br\/#\/schema\/person\/dd1bf5eba40b687199ba45ca6b97dff9"},"headline":"\u00cdNDIOS PEDEM POL\u00cdTICAS P\u00daBLICAS PARA A SA\u00daDE","datePublished":"2014-11-06T18:23:41+00:00","mainEntityOfPage":{"@id":"https:\/\/blogdofarnesio.com.br\/2014\/11\/indios-pedem-politicas-publicas-para-a-saude\/"},"wordCount":663,"commentCount":0,"publisher":{"@id":"https:\/\/blogdofarnesio.com.br\/#organization"},"articleSection":["Costumes"],"inLanguage":"pt-BR","potentialAction":[{"@type":"CommentAction","name":"Comment","target":["https:\/\/blogdofarnesio.com.br\/2014\/11\/indios-pedem-politicas-publicas-para-a-saude\/#respond"]}]},{"@type":"WebPage","@id":"https:\/\/blogdofarnesio.com.br\/2014\/11\/indios-pedem-politicas-publicas-para-a-saude\/","url":"https:\/\/blogdofarnesio.com.br\/2014\/11\/indios-pedem-politicas-publicas-para-a-saude\/","name":"\u00cdNDIOS PEDEM POL\u00cdTICAS P\u00daBLICAS PARA A SA\u00daDE - Blog do Farn\u00e9sio","isPartOf":{"@id":"https:\/\/blogdofarnesio.com.br\/#website"},"datePublished":"2014-11-06T18:23:41+00:00","breadcrumb":{"@id":"https:\/\/blogdofarnesio.com.br\/2014\/11\/indios-pedem-politicas-publicas-para-a-saude\/#breadcrumb"},"inLanguage":"pt-BR","potentialAction":[{"@type":"ReadAction","target":["https:\/\/blogdofarnesio.com.br\/2014\/11\/indios-pedem-politicas-publicas-para-a-saude\/"]}]},{"@type":"BreadcrumbList","@id":"https:\/\/blogdofarnesio.com.br\/2014\/11\/indios-pedem-politicas-publicas-para-a-saude\/#breadcrumb","itemListElement":[{"@type":"ListItem","position":1,"name":"In\u00edcio","item":"https:\/\/blogdofarnesio.com.br\/"},{"@type":"ListItem","position":2,"name":"\u00cdNDIOS PEDEM POL\u00cdTICAS P\u00daBLICAS PARA A SA\u00daDE"}]},{"@type":"WebSite","@id":"https:\/\/blogdofarnesio.com.br\/#website","url":"https:\/\/blogdofarnesio.com.br\/","name":"Blog do Farn\u00e9sio","description":"Quer Saber Pol\u00edtica?","publisher":{"@id":"https:\/\/blogdofarnesio.com.br\/#organization"},"potentialAction":[{"@type":"SearchAction","target":{"@type":"EntryPoint","urlTemplate":"https:\/\/blogdofarnesio.com.br\/?s={search_term_string}"},"query-input":{"@type":"PropertyValueSpecification","valueRequired":true,"valueName":"search_term_string"}}],"inLanguage":"pt-BR"},{"@type":"Organization","@id":"https:\/\/blogdofarnesio.com.br\/#organization","name":"Blog do Farn\u00e9sio","url":"https:\/\/blogdofarnesio.com.br\/","logo":{"@type":"ImageObject","inLanguage":"pt-BR","@id":"https:\/\/blogdofarnesio.com.br\/#\/schema\/logo\/image\/","url":"https:\/\/blogdofarnesio.com.br\/wp-content\/uploads\/2026\/03\/cropped-logo_new-1.png","contentUrl":"https:\/\/blogdofarnesio.com.br\/wp-content\/uploads\/2026\/03\/cropped-logo_new-1.png","width":881,"height":685,"caption":"Blog do Farn\u00e9sio"},"image":{"@id":"https:\/\/blogdofarnesio.com.br\/#\/schema\/logo\/image\/"},"sameAs":["https:\/\/www.facebook.com\/BlogQuerSaberPolitica\/"]},{"@type":"Person","@id":"https:\/\/blogdofarnesio.com.br\/#\/schema\/person\/dd1bf5eba40b687199ba45ca6b97dff9","name":"teste","image":{"@type":"ImageObject","inLanguage":"pt-BR","@id":"https:\/\/secure.gravatar.com\/avatar\/2172498d4914b51e1d89a0f97957b035ac4938723a5cac208135d389b6972a6d?s=96&d=mm&r=g","url":"https:\/\/secure.gravatar.com\/avatar\/2172498d4914b51e1d89a0f97957b035ac4938723a5cac208135d389b6972a6d?s=96&d=mm&r=g","contentUrl":"https:\/\/secure.gravatar.com\/avatar\/2172498d4914b51e1d89a0f97957b035ac4938723a5cac208135d389b6972a6d?s=96&d=mm&r=g","caption":"teste"},"url":"https:\/\/blogdofarnesio.com.br\/author\/teste\/"}]}},"_links":{"self":[{"href":"https:\/\/blogdofarnesio.com.br\/wp-json\/wp\/v2\/posts\/105876","targetHints":{"allow":["GET"]}}],"collection":[{"href":"https:\/\/blogdofarnesio.com.br\/wp-json\/wp\/v2\/posts"}],"about":[{"href":"https:\/\/blogdofarnesio.com.br\/wp-json\/wp\/v2\/types\/post"}],"author":[{"embeddable":true,"href":"https:\/\/blogdofarnesio.com.br\/wp-json\/wp\/v2\/users\/3"}],"replies":[{"embeddable":true,"href":"https:\/\/blogdofarnesio.com.br\/wp-json\/wp\/v2\/comments?post=105876"}],"version-history":[{"count":0,"href":"https:\/\/blogdofarnesio.com.br\/wp-json\/wp\/v2\/posts\/105876\/revisions"}],"wp:attachment":[{"href":"https:\/\/blogdofarnesio.com.br\/wp-json\/wp\/v2\/media?parent=105876"}],"wp:term":[{"taxonomy":"category","embeddable":true,"href":"https:\/\/blogdofarnesio.com.br\/wp-json\/wp\/v2\/categories?post=105876"},{"taxonomy":"post_tag","embeddable":true,"href":"https:\/\/blogdofarnesio.com.br\/wp-json\/wp\/v2\/tags?post=105876"}],"curies":[{"name":"wp","href":"https:\/\/api.w.org\/{rel}","templated":true}]}}