{"id":105771,"date":"2014-11-06T10:00:30","date_gmt":"2014-11-06T13:00:30","guid":{"rendered":"http:\/\/www.quersaberpolitica.com.br\/?p=105771"},"modified":"2014-11-06T09:09:20","modified_gmt":"2014-11-06T12:09:20","slug":"zo-envia-nota-de-pesar-pela-morte-do-empresario-carlos-gilberto-farias","status":"publish","type":"post","link":"https:\/\/blogdofarnesio.com.br\/2014\/11\/zo-envia-nota-de-pesar-pela-morte-do-empresario-carlos-gilberto-farias\/","title":{"rendered":"Z\u00d3 ENVIA NOTA DE PESAR PELA MORTE DO EMPRES\u00c1RIO CARLOS GILBERTO FARIAS"},"content":{"rendered":"<figure id=\"attachment_35790\" aria-describedby=\"caption-attachment-35790\" style=\"width: 300px\" class=\"wp-caption aligncenter\"><a href=\"http:\/\/www.quersaberpolitica.com.br\/2016\/wp-content\/uploads\/2013\/04\/blogqspverzo.jpg\"><img loading=\"lazy\" decoding=\"async\" class=\"size-medium wp-image-35790\" alt=\"Z\u00f3 Deputado eleito pelo PCdoB\/Juazeiro\" src=\"http:\/\/www.quersaberpolitica.com.br\/2016\/wp-content\/uploads\/2013\/04\/blogqspverzo-300x168.jpg\" width=\"300\" height=\"168\" srcset=\"https:\/\/blogdofarnesio.com.br\/wp-content\/uploads\/2013\/04\/blogqspverzo-300x168.jpg 300w, https:\/\/blogdofarnesio.com.br\/wp-content\/uploads\/2013\/04\/blogqspverzo.jpg 448w\" sizes=\"auto, (max-width: 300px) 100vw, 300px\" \/><\/a><figcaption id=\"caption-attachment-35790\" class=\"wp-caption-text\">Z\u00f3 Deputado eleito pelo PCdoB\/Juazeiro<\/figcaption><\/figure>\n<p style=\"text-align: justify\">Foi com muita tristeza que recebi a not\u00edcia da morte do Senhor Carlos Gilberto Farias, empres\u00e1rio, propriet\u00e1rio do Grupo Agrovale e presidente da Fieb.\u00a0Reconhe\u00e7o a sua import\u00e2ncia e o seu trabalho, em especial aqui na regi\u00e3o do Vale do S\u00e3o Francisco, onde durante anos, estimulou o desenvolvimento gerando emprego para muitas pessoas.<\/p>\n<p style=\"text-align: justify\">Minhas condol\u00eancias \u00e0 fam\u00edlia, amigos e funcion\u00e1rios.<\/p>\n<p style=\"text-align: justify\">Vereador\/Deputado Z\u00f3<\/p>\n","protected":false},"excerpt":{"rendered":"<p>Foi com muita tristeza que recebi a not\u00edcia da morte do Senhor Carlos Gilberto Farias, empres\u00e1rio, propriet\u00e1rio do Grupo Agrovale e presidente da Fieb.\u00a0Reconhe\u00e7o a sua import\u00e2ncia e o seu trabalho, em especial aqui na regi\u00e3o do Vale do S\u00e3o Francisco, onde durante anos, estimulou o desenvolvimento gerando emprego para muitas pessoas. Minhas condol\u00eancias \u00e0 fam\u00edlia, amigos e funcion\u00e1rios. Vereador\/Deputado Z\u00f3<\/p>\n","protected":false},"author":3,"featured_media":0,"comment_status":"open","ping_status":"open","sticky":false,"template":"","format":"standard","meta":{"_acf_changed":false,"footnotes":""},"categories":[32],"tags":[],"class_list":["post-105771","post","type-post","status-publish","format-standard","hentry","category-costumes"],"acf":[],"yoast_head":"<!-- This site is optimized with the Yoast SEO plugin v27.5 - https:\/\/yoast.com\/product\/yoast-seo-wordpress\/ -->\n<title>Z\u00d3 ENVIA NOTA DE PESAR PELA MORTE DO EMPRES\u00c1RIO CARLOS GILBERTO FARIAS - Blog do Farn\u00e9sio<\/title>\n<meta name=\"robots\" content=\"index, follow, max-snippet:-1, max-image-preview:large, max-video-preview:-1\" \/>\n<link rel=\"canonical\" href=\"https:\/\/blogdofarnesio.com.br\/2014\/11\/zo-envia-nota-de-pesar-pela-morte-do-empresario-carlos-gilberto-farias\/\" \/>\n<meta property=\"og:locale\" content=\"pt_BR\" \/>\n<meta property=\"og:type\" content=\"article\" \/>\n<meta property=\"og:title\" content=\"Z\u00d3 ENVIA NOTA DE PESAR PELA MORTE DO EMPRES\u00c1RIO CARLOS GILBERTO FARIAS - Blog do Farn\u00e9sio\" \/>\n<meta property=\"og:description\" content=\"Foi com muita tristeza que recebi a not\u00edcia da morte do Senhor Carlos Gilberto Farias, empres\u00e1rio, propriet\u00e1rio do Grupo Agrovale e presidente da Fieb.\u00a0Reconhe\u00e7o a sua import\u00e2ncia e o seu trabalho, em especial aqui na regi\u00e3o do Vale do S\u00e3o Francisco, onde durante anos, estimulou o desenvolvimento gerando emprego para muitas pessoas. Minhas condol\u00eancias \u00e0 fam\u00edlia, amigos e funcion\u00e1rios. Vereador\/Deputado Z\u00f3\" \/>\n<meta property=\"og:url\" content=\"https:\/\/blogdofarnesio.com.br\/2014\/11\/zo-envia-nota-de-pesar-pela-morte-do-empresario-carlos-gilberto-farias\/\" \/>\n<meta property=\"og:site_name\" content=\"Blog do Farn\u00e9sio\" \/>\n<meta property=\"article:publisher\" content=\"https:\/\/www.facebook.com\/BlogQuerSaberPolitica\/\" \/>\n<meta property=\"article:published_time\" content=\"2014-11-06T13:00:30+00:00\" \/>\n<meta property=\"og:image\" content=\"http:\/\/www.quersaberpolitica.com.br\/2016\/wp-content\/uploads\/2013\/04\/blogqspverzo-300x168.jpg\" \/>\n<meta name=\"author\" content=\"teste\" \/>\n<meta name=\"twitter:card\" content=\"summary_large_image\" \/>\n<meta name=\"twitter:label1\" content=\"Escrito por\" \/>\n\t<meta name=\"twitter:data1\" content=\"teste\" \/>\n<script type=\"application\/ld+json\" class=\"yoast-schema-graph\">{\"@context\":\"https:\\\/\\\/schema.org\",\"@graph\":[{\"@type\":\"Article\",\"@id\":\"https:\\\/\\\/blogdofarnesio.com.br\\\/2014\\\/11\\\/zo-envia-nota-de-pesar-pela-morte-do-empresario-carlos-gilberto-farias\\\/#article\",\"isPartOf\":{\"@id\":\"https:\\\/\\\/blogdofarnesio.com.br\\\/2014\\\/11\\\/zo-envia-nota-de-pesar-pela-morte-do-empresario-carlos-gilberto-farias\\\/\"},\"author\":{\"name\":\"teste\",\"@id\":\"https:\\\/\\\/blogdofarnesio.com.br\\\/#\\\/schema\\\/person\\\/dd1bf5eba40b687199ba45ca6b97dff9\"},\"headline\":\"Z\u00d3 ENVIA NOTA DE PESAR PELA MORTE DO EMPRES\u00c1RIO CARLOS GILBERTO FARIAS\",\"datePublished\":\"2014-11-06T13:00:30+00:00\",\"mainEntityOfPage\":{\"@id\":\"https:\\\/\\\/blogdofarnesio.com.br\\\/2014\\\/11\\\/zo-envia-nota-de-pesar-pela-morte-do-empresario-carlos-gilberto-farias\\\/\"},\"wordCount\":98,\"commentCount\":0,\"publisher\":{\"@id\":\"https:\\\/\\\/blogdofarnesio.com.br\\\/#organization\"},\"image\":{\"@id\":\"https:\\\/\\\/blogdofarnesio.com.br\\\/2014\\\/11\\\/zo-envia-nota-de-pesar-pela-morte-do-empresario-carlos-gilberto-farias\\\/#primaryimage\"},\"thumbnailUrl\":\"http:\\\/\\\/www.quersaberpolitica.com.br\\\/2016\\\/wp-content\\\/uploads\\\/2013\\\/04\\\/blogqspverzo-300x168.jpg\",\"articleSection\":[\"Costumes\"],\"inLanguage\":\"pt-BR\",\"potentialAction\":[{\"@type\":\"CommentAction\",\"name\":\"Comment\",\"target\":[\"https:\\\/\\\/blogdofarnesio.com.br\\\/2014\\\/11\\\/zo-envia-nota-de-pesar-pela-morte-do-empresario-carlos-gilberto-farias\\\/#respond\"]}]},{\"@type\":\"WebPage\",\"@id\":\"https:\\\/\\\/blogdofarnesio.com.br\\\/2014\\\/11\\\/zo-envia-nota-de-pesar-pela-morte-do-empresario-carlos-gilberto-farias\\\/\",\"url\":\"https:\\\/\\\/blogdofarnesio.com.br\\\/2014\\\/11\\\/zo-envia-nota-de-pesar-pela-morte-do-empresario-carlos-gilberto-farias\\\/\",\"name\":\"Z\u00d3 ENVIA NOTA DE PESAR PELA MORTE DO EMPRES\u00c1RIO CARLOS GILBERTO FARIAS - Blog do Farn\u00e9sio\",\"isPartOf\":{\"@id\":\"https:\\\/\\\/blogdofarnesio.com.br\\\/#website\"},\"primaryImageOfPage\":{\"@id\":\"https:\\\/\\\/blogdofarnesio.com.br\\\/2014\\\/11\\\/zo-envia-nota-de-pesar-pela-morte-do-empresario-carlos-gilberto-farias\\\/#primaryimage\"},\"image\":{\"@id\":\"https:\\\/\\\/blogdofarnesio.com.br\\\/2014\\\/11\\\/zo-envia-nota-de-pesar-pela-morte-do-empresario-carlos-gilberto-farias\\\/#primaryimage\"},\"thumbnailUrl\":\"http:\\\/\\\/www.quersaberpolitica.com.br\\\/2016\\\/wp-content\\\/uploads\\\/2013\\\/04\\\/blogqspverzo-300x168.jpg\",\"datePublished\":\"2014-11-06T13:00:30+00:00\",\"breadcrumb\":{\"@id\":\"https:\\\/\\\/blogdofarnesio.com.br\\\/2014\\\/11\\\/zo-envia-nota-de-pesar-pela-morte-do-empresario-carlos-gilberto-farias\\\/#breadcrumb\"},\"inLanguage\":\"pt-BR\",\"potentialAction\":[{\"@type\":\"ReadAction\",\"target\":[\"https:\\\/\\\/blogdofarnesio.com.br\\\/2014\\\/11\\\/zo-envia-nota-de-pesar-pela-morte-do-empresario-carlos-gilberto-farias\\\/\"]}]},{\"@type\":\"ImageObject\",\"inLanguage\":\"pt-BR\",\"@id\":\"https:\\\/\\\/blogdofarnesio.com.br\\\/2014\\\/11\\\/zo-envia-nota-de-pesar-pela-morte-do-empresario-carlos-gilberto-farias\\\/#primaryimage\",\"url\":\"http:\\\/\\\/www.quersaberpolitica.com.br\\\/2016\\\/wp-content\\\/uploads\\\/2013\\\/04\\\/blogqspverzo-300x168.jpg\",\"contentUrl\":\"http:\\\/\\\/www.quersaberpolitica.com.br\\\/2016\\\/wp-content\\\/uploads\\\/2013\\\/04\\\/blogqspverzo-300x168.jpg\"},{\"@type\":\"BreadcrumbList\",\"@id\":\"https:\\\/\\\/blogdofarnesio.com.br\\\/2014\\\/11\\\/zo-envia-nota-de-pesar-pela-morte-do-empresario-carlos-gilberto-farias\\\/#breadcrumb\",\"itemListElement\":[{\"@type\":\"ListItem\",\"position\":1,\"name\":\"In\u00edcio\",\"item\":\"https:\\\/\\\/blogdofarnesio.com.br\\\/\"},{\"@type\":\"ListItem\",\"position\":2,\"name\":\"Z\u00d3 ENVIA NOTA DE PESAR PELA MORTE DO EMPRES\u00c1RIO CARLOS GILBERTO FARIAS\"}]},{\"@type\":\"WebSite\",\"@id\":\"https:\\\/\\\/blogdofarnesio.com.br\\\/#website\",\"url\":\"https:\\\/\\\/blogdofarnesio.com.br\\\/\",\"name\":\"Blog do Farn\u00e9sio\",\"description\":\"Quer Saber Pol\u00edtica?\",\"publisher\":{\"@id\":\"https:\\\/\\\/blogdofarnesio.com.br\\\/#organization\"},\"potentialAction\":[{\"@type\":\"SearchAction\",\"target\":{\"@type\":\"EntryPoint\",\"urlTemplate\":\"https:\\\/\\\/blogdofarnesio.com.br\\\/?s={search_term_string}\"},\"query-input\":{\"@type\":\"PropertyValueSpecification\",\"valueRequired\":true,\"valueName\":\"search_term_string\"}}],\"inLanguage\":\"pt-BR\"},{\"@type\":\"Organization\",\"@id\":\"https:\\\/\\\/blogdofarnesio.com.br\\\/#organization\",\"name\":\"Blog do Farn\u00e9sio\",\"url\":\"https:\\\/\\\/blogdofarnesio.com.br\\\/\",\"logo\":{\"@type\":\"ImageObject\",\"inLanguage\":\"pt-BR\",\"@id\":\"https:\\\/\\\/blogdofarnesio.com.br\\\/#\\\/schema\\\/logo\\\/image\\\/\",\"url\":\"https:\\\/\\\/blogdofarnesio.com.br\\\/wp-content\\\/uploads\\\/2026\\\/03\\\/cropped-logo_new-1.png\",\"contentUrl\":\"https:\\\/\\\/blogdofarnesio.com.br\\\/wp-content\\\/uploads\\\/2026\\\/03\\\/cropped-logo_new-1.png\",\"width\":881,\"height\":685,\"caption\":\"Blog do Farn\u00e9sio\"},\"image\":{\"@id\":\"https:\\\/\\\/blogdofarnesio.com.br\\\/#\\\/schema\\\/logo\\\/image\\\/\"},\"sameAs\":[\"https:\\\/\\\/www.facebook.com\\\/BlogQuerSaberPolitica\\\/\"]},{\"@type\":\"Person\",\"@id\":\"https:\\\/\\\/blogdofarnesio.com.br\\\/#\\\/schema\\\/person\\\/dd1bf5eba40b687199ba45ca6b97dff9\",\"name\":\"teste\",\"image\":{\"@type\":\"ImageObject\",\"inLanguage\":\"pt-BR\",\"@id\":\"https:\\\/\\\/secure.gravatar.com\\\/avatar\\\/2172498d4914b51e1d89a0f97957b035ac4938723a5cac208135d389b6972a6d?s=96&d=mm&r=g\",\"url\":\"https:\\\/\\\/secure.gravatar.com\\\/avatar\\\/2172498d4914b51e1d89a0f97957b035ac4938723a5cac208135d389b6972a6d?s=96&d=mm&r=g\",\"contentUrl\":\"https:\\\/\\\/secure.gravatar.com\\\/avatar\\\/2172498d4914b51e1d89a0f97957b035ac4938723a5cac208135d389b6972a6d?s=96&d=mm&r=g\",\"caption\":\"teste\"},\"url\":\"https:\\\/\\\/blogdofarnesio.com.br\\\/author\\\/teste\\\/\"}]}<\/script>\n<!-- \/ Yoast SEO plugin. -->","yoast_head_json":{"title":"Z\u00d3 ENVIA NOTA DE PESAR PELA MORTE DO EMPRES\u00c1RIO CARLOS GILBERTO FARIAS - Blog do Farn\u00e9sio","robots":{"index":"index","follow":"follow","max-snippet":"max-snippet:-1","max-image-preview":"max-image-preview:large","max-video-preview":"max-video-preview:-1"},"canonical":"https:\/\/blogdofarnesio.com.br\/2014\/11\/zo-envia-nota-de-pesar-pela-morte-do-empresario-carlos-gilberto-farias\/","og_locale":"pt_BR","og_type":"article","og_title":"Z\u00d3 ENVIA NOTA DE PESAR PELA MORTE DO EMPRES\u00c1RIO CARLOS GILBERTO FARIAS - Blog do Farn\u00e9sio","og_description":"Foi com muita tristeza que recebi a not\u00edcia da morte do Senhor Carlos Gilberto Farias, empres\u00e1rio, propriet\u00e1rio do Grupo Agrovale e presidente da Fieb.\u00a0Reconhe\u00e7o a sua import\u00e2ncia e o seu trabalho, em especial aqui na regi\u00e3o do Vale do S\u00e3o Francisco, onde durante anos, estimulou o desenvolvimento gerando emprego para muitas pessoas. Minhas condol\u00eancias \u00e0 fam\u00edlia, amigos e funcion\u00e1rios. Vereador\/Deputado Z\u00f3","og_url":"https:\/\/blogdofarnesio.com.br\/2014\/11\/zo-envia-nota-de-pesar-pela-morte-do-empresario-carlos-gilberto-farias\/","og_site_name":"Blog do Farn\u00e9sio","article_publisher":"https:\/\/www.facebook.com\/BlogQuerSaberPolitica\/","article_published_time":"2014-11-06T13:00:30+00:00","og_image":[{"url":"http:\/\/www.quersaberpolitica.com.br\/2016\/wp-content\/uploads\/2013\/04\/blogqspverzo-300x168.jpg","type":"","width":"","height":""}],"author":"teste","twitter_card":"summary_large_image","twitter_misc":{"Escrito por":"teste"},"schema":{"@context":"https:\/\/schema.org","@graph":[{"@type":"Article","@id":"https:\/\/blogdofarnesio.com.br\/2014\/11\/zo-envia-nota-de-pesar-pela-morte-do-empresario-carlos-gilberto-farias\/#article","isPartOf":{"@id":"https:\/\/blogdofarnesio.com.br\/2014\/11\/zo-envia-nota-de-pesar-pela-morte-do-empresario-carlos-gilberto-farias\/"},"author":{"name":"teste","@id":"https:\/\/blogdofarnesio.com.br\/#\/schema\/person\/dd1bf5eba40b687199ba45ca6b97dff9"},"headline":"Z\u00d3 ENVIA NOTA DE PESAR PELA MORTE DO EMPRES\u00c1RIO CARLOS GILBERTO FARIAS","datePublished":"2014-11-06T13:00:30+00:00","mainEntityOfPage":{"@id":"https:\/\/blogdofarnesio.com.br\/2014\/11\/zo-envia-nota-de-pesar-pela-morte-do-empresario-carlos-gilberto-farias\/"},"wordCount":98,"commentCount":0,"publisher":{"@id":"https:\/\/blogdofarnesio.com.br\/#organization"},"image":{"@id":"https:\/\/blogdofarnesio.com.br\/2014\/11\/zo-envia-nota-de-pesar-pela-morte-do-empresario-carlos-gilberto-farias\/#primaryimage"},"thumbnailUrl":"http:\/\/www.quersaberpolitica.com.br\/2016\/wp-content\/uploads\/2013\/04\/blogqspverzo-300x168.jpg","articleSection":["Costumes"],"inLanguage":"pt-BR","potentialAction":[{"@type":"CommentAction","name":"Comment","target":["https:\/\/blogdofarnesio.com.br\/2014\/11\/zo-envia-nota-de-pesar-pela-morte-do-empresario-carlos-gilberto-farias\/#respond"]}]},{"@type":"WebPage","@id":"https:\/\/blogdofarnesio.com.br\/2014\/11\/zo-envia-nota-de-pesar-pela-morte-do-empresario-carlos-gilberto-farias\/","url":"https:\/\/blogdofarnesio.com.br\/2014\/11\/zo-envia-nota-de-pesar-pela-morte-do-empresario-carlos-gilberto-farias\/","name":"Z\u00d3 ENVIA NOTA DE PESAR PELA MORTE DO EMPRES\u00c1RIO CARLOS GILBERTO FARIAS - Blog do Farn\u00e9sio","isPartOf":{"@id":"https:\/\/blogdofarnesio.com.br\/#website"},"primaryImageOfPage":{"@id":"https:\/\/blogdofarnesio.com.br\/2014\/11\/zo-envia-nota-de-pesar-pela-morte-do-empresario-carlos-gilberto-farias\/#primaryimage"},"image":{"@id":"https:\/\/blogdofarnesio.com.br\/2014\/11\/zo-envia-nota-de-pesar-pela-morte-do-empresario-carlos-gilberto-farias\/#primaryimage"},"thumbnailUrl":"http:\/\/www.quersaberpolitica.com.br\/2016\/wp-content\/uploads\/2013\/04\/blogqspverzo-300x168.jpg","datePublished":"2014-11-06T13:00:30+00:00","breadcrumb":{"@id":"https:\/\/blogdofarnesio.com.br\/2014\/11\/zo-envia-nota-de-pesar-pela-morte-do-empresario-carlos-gilberto-farias\/#breadcrumb"},"inLanguage":"pt-BR","potentialAction":[{"@type":"ReadAction","target":["https:\/\/blogdofarnesio.com.br\/2014\/11\/zo-envia-nota-de-pesar-pela-morte-do-empresario-carlos-gilberto-farias\/"]}]},{"@type":"ImageObject","inLanguage":"pt-BR","@id":"https:\/\/blogdofarnesio.com.br\/2014\/11\/zo-envia-nota-de-pesar-pela-morte-do-empresario-carlos-gilberto-farias\/#primaryimage","url":"http:\/\/www.quersaberpolitica.com.br\/2016\/wp-content\/uploads\/2013\/04\/blogqspverzo-300x168.jpg","contentUrl":"http:\/\/www.quersaberpolitica.com.br\/2016\/wp-content\/uploads\/2013\/04\/blogqspverzo-300x168.jpg"},{"@type":"BreadcrumbList","@id":"https:\/\/blogdofarnesio.com.br\/2014\/11\/zo-envia-nota-de-pesar-pela-morte-do-empresario-carlos-gilberto-farias\/#breadcrumb","itemListElement":[{"@type":"ListItem","position":1,"name":"In\u00edcio","item":"https:\/\/blogdofarnesio.com.br\/"},{"@type":"ListItem","position":2,"name":"Z\u00d3 ENVIA NOTA DE PESAR PELA MORTE DO EMPRES\u00c1RIO CARLOS GILBERTO FARIAS"}]},{"@type":"WebSite","@id":"https:\/\/blogdofarnesio.com.br\/#website","url":"https:\/\/blogdofarnesio.com.br\/","name":"Blog do Farn\u00e9sio","description":"Quer Saber Pol\u00edtica?","publisher":{"@id":"https:\/\/blogdofarnesio.com.br\/#organization"},"potentialAction":[{"@type":"SearchAction","target":{"@type":"EntryPoint","urlTemplate":"https:\/\/blogdofarnesio.com.br\/?s={search_term_string}"},"query-input":{"@type":"PropertyValueSpecification","valueRequired":true,"valueName":"search_term_string"}}],"inLanguage":"pt-BR"},{"@type":"Organization","@id":"https:\/\/blogdofarnesio.com.br\/#organization","name":"Blog do Farn\u00e9sio","url":"https:\/\/blogdofarnesio.com.br\/","logo":{"@type":"ImageObject","inLanguage":"pt-BR","@id":"https:\/\/blogdofarnesio.com.br\/#\/schema\/logo\/image\/","url":"https:\/\/blogdofarnesio.com.br\/wp-content\/uploads\/2026\/03\/cropped-logo_new-1.png","contentUrl":"https:\/\/blogdofarnesio.com.br\/wp-content\/uploads\/2026\/03\/cropped-logo_new-1.png","width":881,"height":685,"caption":"Blog do Farn\u00e9sio"},"image":{"@id":"https:\/\/blogdofarnesio.com.br\/#\/schema\/logo\/image\/"},"sameAs":["https:\/\/www.facebook.com\/BlogQuerSaberPolitica\/"]},{"@type":"Person","@id":"https:\/\/blogdofarnesio.com.br\/#\/schema\/person\/dd1bf5eba40b687199ba45ca6b97dff9","name":"teste","image":{"@type":"ImageObject","inLanguage":"pt-BR","@id":"https:\/\/secure.gravatar.com\/avatar\/2172498d4914b51e1d89a0f97957b035ac4938723a5cac208135d389b6972a6d?s=96&d=mm&r=g","url":"https:\/\/secure.gravatar.com\/avatar\/2172498d4914b51e1d89a0f97957b035ac4938723a5cac208135d389b6972a6d?s=96&d=mm&r=g","contentUrl":"https:\/\/secure.gravatar.com\/avatar\/2172498d4914b51e1d89a0f97957b035ac4938723a5cac208135d389b6972a6d?s=96&d=mm&r=g","caption":"teste"},"url":"https:\/\/blogdofarnesio.com.br\/author\/teste\/"}]}},"_links":{"self":[{"href":"https:\/\/blogdofarnesio.com.br\/wp-json\/wp\/v2\/posts\/105771","targetHints":{"allow":["GET"]}}],"collection":[{"href":"https:\/\/blogdofarnesio.com.br\/wp-json\/wp\/v2\/posts"}],"about":[{"href":"https:\/\/blogdofarnesio.com.br\/wp-json\/wp\/v2\/types\/post"}],"author":[{"embeddable":true,"href":"https:\/\/blogdofarnesio.com.br\/wp-json\/wp\/v2\/users\/3"}],"replies":[{"embeddable":true,"href":"https:\/\/blogdofarnesio.com.br\/wp-json\/wp\/v2\/comments?post=105771"}],"version-history":[{"count":0,"href":"https:\/\/blogdofarnesio.com.br\/wp-json\/wp\/v2\/posts\/105771\/revisions"}],"wp:attachment":[{"href":"https:\/\/blogdofarnesio.com.br\/wp-json\/wp\/v2\/media?parent=105771"}],"wp:term":[{"taxonomy":"category","embeddable":true,"href":"https:\/\/blogdofarnesio.com.br\/wp-json\/wp\/v2\/categories?post=105771"},{"taxonomy":"post_tag","embeddable":true,"href":"https:\/\/blogdofarnesio.com.br\/wp-json\/wp\/v2\/tags?post=105771"}],"curies":[{"name":"wp","href":"https:\/\/api.w.org\/{rel}","templated":true}]}}