{"id":105646,"date":"2014-11-05T08:34:30","date_gmt":"2014-11-05T11:34:30","guid":{"rendered":"http:\/\/www.quersaberpolitica.com.br\/?p=105646"},"modified":"2014-11-04T20:48:48","modified_gmt":"2014-11-04T23:48:48","slug":"pt-convoca-sua-militancia-as-armas-contra-sandices","status":"publish","type":"post","link":"https:\/\/blogdofarnesio.com.br\/2014\/11\/pt-convoca-sua-militancia-as-armas-contra-sandices\/","title":{"rendered":"PT CONVOCA SUA MILIT\u00c2NCIA \u201c\u00c0S ARMAS CONTRA SANDICES&#8221;"},"content":{"rendered":"<div style=\"text-align: justify\"><img loading=\"lazy\" decoding=\"async\" class=\"aligncenter\" alt=\": \" src=\"http:\/\/www.brasil247.com\/images\/cache\/1000x357\/crop\/images%7Ccms-image-000402751.jpg\" width=\"480\" height=\"171\" \/><\/div>\n<div style=\"text-align: justify\">\n<section>\n<div>\n<p><strong>Por Rodrigo Tolotti Umpieres<\/strong><\/p>\n<p>S\u00c3O PAULO &#8211; Ap\u00f3s as recentes e crescentes manifesta\u00e7\u00f5es pedindo o impeachment da presidente reeleita Dilma Rousseff, o Partido dos Trabalhadores come\u00e7ou a convocar seus militantes para irem &#8220;\u00e0s armas&#8221; ajudar a combater esses protestos. Em uma imagem divulgada no Facebook, o PT pede que seus aliados compartilhem informa\u00e7\u00f5es nas redes sociais usando como &#8220;armas&#8221; o computador e aparelhos m\u00f3veis.<\/p>\n<p>Segundo o texto publicado na rede social do partido, &#8220;a vit\u00f3ria de Dilma Rousseff revelou o desespero de setores que insistem em ignorar a vontade da popula\u00e7\u00e3o demonstrada nas urnas&#8221;. &#8220;Representantes do atraso, verdadeiros fantasmas do passado, eles tentam criar um terceiro turno da disputa eleitoral ao suscitarem sandices como interven\u00e7\u00e3o militar e at\u00e9 o impeachment da presidenta&#8221;, continua a nota.<\/p>\n<p>&#8220;Esqueceram que o povo n\u00e3o \u00e9 bobo! Mantenha-se informado em nossos canais e arme-se com argumentos para rebater a ignor\u00e2ncia nas redes e nas ruas&#8221;, termina o texto, que ainda colocou o link para 5 p\u00e1ginas relacionadas \u00e0 Dilma e que podem ser usadas para compartilhar conte\u00fado de apoio \u00e0 presidente.<\/p>\n<p>Na \u00faltima segunda-feira (3), uma reuni\u00e3o da dire\u00e7\u00e3o da Executiva Nacional do PT, realizada em Bras\u00edlia, definiu que uma das prioridades neste momento \u00e9 a convoca\u00e7\u00e3o da milit\u00e2ncia nas redes para defender o partido. &#8220;Inconformada com a derrota, a oposi\u00e7\u00e3o cai no rid\u00edculo ao questionar o resultado eleitoral no TSE. Ainda ressentida, insiste na divis\u00e3o do Pa\u00eds e investe contra a normalidade institucional&#8221;, disse o texto do partido.<\/p>\n<p>Segundo a nota do PT, o objetivo agora \u00e9 &#8220;conclamar a milit\u00e2ncia a participar dos atos em defesa da democracia e da reforma pol\u00edtica, previstos para a semana de 9 a 15 de novembro&#8221; e &#8220;priorizar a\u00e7\u00f5es de comunica\u00e7\u00e3o, fortalecendo nossa ag\u00eancia de not\u00edcias, articulando-a com m\u00eddias digitais, com a\u00e7\u00e3o permanente nas redes sociais. Integrar nossas a\u00e7\u00f5es de comunica\u00e7\u00e3o com o rico movimento cultural em curso no Pa\u00eds amplamente divulgados no site do partido, at\u00e9 a pr\u00f3xima reuni\u00e3o do Diret\u00f3rio Nacional&#8221;.<\/p>\n<\/div>\n<\/section>\n<\/div>\n","protected":false},"excerpt":{"rendered":"<p>Por Rodrigo Tolotti Umpieres S\u00c3O PAULO &#8211; Ap\u00f3s as recentes e crescentes manifesta\u00e7\u00f5es pedindo o impeachment da presidente reeleita Dilma Rousseff, o Partido dos Trabalhadores come\u00e7ou a convocar seus militantes para irem &#8220;\u00e0s armas&#8221; ajudar a combater esses protestos. Em uma imagem divulgada no Facebook, o PT pede que seus aliados compartilhem informa\u00e7\u00f5es nas redes sociais usando como &#8220;armas&#8221; o computador e aparelhos m\u00f3veis. Segundo o texto publicado na rede social do partido, &#8220;a vit\u00f3ria de Dilma Rousseff revelou o desespero de setores que insistem em ignorar a vontade da popula\u00e7\u00e3o demonstrada nas urnas&#8221;. &#8220;Representantes do atraso, verdadeiros fantasmas do passado, eles tentam criar um terceiro turno da disputa eleitoral ao suscitarem sandices como interven\u00e7\u00e3o militar e at\u00e9 o impeachment&hellip; <\/p>\n","protected":false},"author":3,"featured_media":0,"comment_status":"open","ping_status":"open","sticky":false,"template":"","format":"standard","meta":{"_acf_changed":false,"footnotes":""},"categories":[1],"tags":[],"class_list":["post-105646","post","type-post","status-publish","format-standard","hentry","category-politica"],"acf":[],"yoast_head":"<!-- This site is optimized with the Yoast SEO plugin v27.5 - https:\/\/yoast.com\/product\/yoast-seo-wordpress\/ -->\n<title>PT CONVOCA SUA MILIT\u00c2NCIA \u201c\u00c0S ARMAS CONTRA SANDICES&quot; - Blog do Farn\u00e9sio<\/title>\n<meta name=\"robots\" content=\"index, follow, max-snippet:-1, max-image-preview:large, max-video-preview:-1\" \/>\n<link rel=\"canonical\" href=\"https:\/\/blogdofarnesio.com.br\/2014\/11\/pt-convoca-sua-militancia-as-armas-contra-sandices\/\" \/>\n<meta property=\"og:locale\" content=\"pt_BR\" \/>\n<meta property=\"og:type\" content=\"article\" \/>\n<meta property=\"og:title\" content=\"PT CONVOCA SUA MILIT\u00c2NCIA \u201c\u00c0S ARMAS CONTRA SANDICES&quot; - Blog do Farn\u00e9sio\" \/>\n<meta property=\"og:description\" content=\"Por Rodrigo Tolotti Umpieres S\u00c3O PAULO &#8211; Ap\u00f3s as recentes e crescentes manifesta\u00e7\u00f5es pedindo o impeachment da presidente reeleita Dilma Rousseff, o Partido dos Trabalhadores come\u00e7ou a convocar seus militantes para irem &#8220;\u00e0s armas&#8221; ajudar a combater esses protestos. Em uma imagem divulgada no Facebook, o PT pede que seus aliados compartilhem informa\u00e7\u00f5es nas redes sociais usando como &#8220;armas&#8221; o computador e aparelhos m\u00f3veis. Segundo o texto publicado na rede social do partido, &#8220;a vit\u00f3ria de Dilma Rousseff revelou o desespero de setores que insistem em ignorar a vontade da popula\u00e7\u00e3o demonstrada nas urnas&#8221;. &#8220;Representantes do atraso, verdadeiros fantasmas do passado, eles tentam criar um terceiro turno da disputa eleitoral ao suscitarem sandices como interven\u00e7\u00e3o militar e at\u00e9 o impeachment&hellip;\" \/>\n<meta property=\"og:url\" content=\"https:\/\/blogdofarnesio.com.br\/2014\/11\/pt-convoca-sua-militancia-as-armas-contra-sandices\/\" \/>\n<meta property=\"og:site_name\" content=\"Blog do Farn\u00e9sio\" \/>\n<meta property=\"article:publisher\" content=\"https:\/\/www.facebook.com\/BlogQuerSaberPolitica\/\" \/>\n<meta property=\"article:published_time\" content=\"2014-11-05T11:34:30+00:00\" \/>\n<meta property=\"og:image\" content=\"http:\/\/www.brasil247.com\/images\/cache\/1000x357\/crop\/images%7Ccms-image-000402751.jpg\" \/>\n<meta name=\"author\" content=\"teste\" \/>\n<meta name=\"twitter:card\" content=\"summary_large_image\" \/>\n<meta name=\"twitter:label1\" content=\"Escrito por\" \/>\n\t<meta name=\"twitter:data1\" content=\"teste\" \/>\n\t<meta name=\"twitter:label2\" content=\"Est. tempo de leitura\" \/>\n\t<meta name=\"twitter:data2\" content=\"2 minutos\" \/>\n<script type=\"application\/ld+json\" class=\"yoast-schema-graph\">{\"@context\":\"https:\\\/\\\/schema.org\",\"@graph\":[{\"@type\":\"Article\",\"@id\":\"https:\\\/\\\/blogdofarnesio.com.br\\\/2014\\\/11\\\/pt-convoca-sua-militancia-as-armas-contra-sandices\\\/#article\",\"isPartOf\":{\"@id\":\"https:\\\/\\\/blogdofarnesio.com.br\\\/2014\\\/11\\\/pt-convoca-sua-militancia-as-armas-contra-sandices\\\/\"},\"author\":{\"name\":\"teste\",\"@id\":\"https:\\\/\\\/blogdofarnesio.com.br\\\/#\\\/schema\\\/person\\\/dd1bf5eba40b687199ba45ca6b97dff9\"},\"headline\":\"PT CONVOCA SUA MILIT\u00c2NCIA \u201c\u00c0S ARMAS CONTRA SANDICES&#8221;\",\"datePublished\":\"2014-11-05T11:34:30+00:00\",\"mainEntityOfPage\":{\"@id\":\"https:\\\/\\\/blogdofarnesio.com.br\\\/2014\\\/11\\\/pt-convoca-sua-militancia-as-armas-contra-sandices\\\/\"},\"wordCount\":361,\"commentCount\":0,\"publisher\":{\"@id\":\"https:\\\/\\\/blogdofarnesio.com.br\\\/#organization\"},\"image\":{\"@id\":\"https:\\\/\\\/blogdofarnesio.com.br\\\/2014\\\/11\\\/pt-convoca-sua-militancia-as-armas-contra-sandices\\\/#primaryimage\"},\"thumbnailUrl\":\"http:\\\/\\\/www.brasil247.com\\\/images\\\/cache\\\/1000x357\\\/crop\\\/images%7Ccms-image-000402751.jpg\",\"articleSection\":[\"Pol\u00edtica\"],\"inLanguage\":\"pt-BR\",\"potentialAction\":[{\"@type\":\"CommentAction\",\"name\":\"Comment\",\"target\":[\"https:\\\/\\\/blogdofarnesio.com.br\\\/2014\\\/11\\\/pt-convoca-sua-militancia-as-armas-contra-sandices\\\/#respond\"]}]},{\"@type\":\"WebPage\",\"@id\":\"https:\\\/\\\/blogdofarnesio.com.br\\\/2014\\\/11\\\/pt-convoca-sua-militancia-as-armas-contra-sandices\\\/\",\"url\":\"https:\\\/\\\/blogdofarnesio.com.br\\\/2014\\\/11\\\/pt-convoca-sua-militancia-as-armas-contra-sandices\\\/\",\"name\":\"PT CONVOCA SUA MILIT\u00c2NCIA \u201c\u00c0S ARMAS CONTRA SANDICES\\\" - Blog do Farn\u00e9sio\",\"isPartOf\":{\"@id\":\"https:\\\/\\\/blogdofarnesio.com.br\\\/#website\"},\"primaryImageOfPage\":{\"@id\":\"https:\\\/\\\/blogdofarnesio.com.br\\\/2014\\\/11\\\/pt-convoca-sua-militancia-as-armas-contra-sandices\\\/#primaryimage\"},\"image\":{\"@id\":\"https:\\\/\\\/blogdofarnesio.com.br\\\/2014\\\/11\\\/pt-convoca-sua-militancia-as-armas-contra-sandices\\\/#primaryimage\"},\"thumbnailUrl\":\"http:\\\/\\\/www.brasil247.com\\\/images\\\/cache\\\/1000x357\\\/crop\\\/images%7Ccms-image-000402751.jpg\",\"datePublished\":\"2014-11-05T11:34:30+00:00\",\"breadcrumb\":{\"@id\":\"https:\\\/\\\/blogdofarnesio.com.br\\\/2014\\\/11\\\/pt-convoca-sua-militancia-as-armas-contra-sandices\\\/#breadcrumb\"},\"inLanguage\":\"pt-BR\",\"potentialAction\":[{\"@type\":\"ReadAction\",\"target\":[\"https:\\\/\\\/blogdofarnesio.com.br\\\/2014\\\/11\\\/pt-convoca-sua-militancia-as-armas-contra-sandices\\\/\"]}]},{\"@type\":\"ImageObject\",\"inLanguage\":\"pt-BR\",\"@id\":\"https:\\\/\\\/blogdofarnesio.com.br\\\/2014\\\/11\\\/pt-convoca-sua-militancia-as-armas-contra-sandices\\\/#primaryimage\",\"url\":\"http:\\\/\\\/www.brasil247.com\\\/images\\\/cache\\\/1000x357\\\/crop\\\/images%7Ccms-image-000402751.jpg\",\"contentUrl\":\"http:\\\/\\\/www.brasil247.com\\\/images\\\/cache\\\/1000x357\\\/crop\\\/images%7Ccms-image-000402751.jpg\"},{\"@type\":\"BreadcrumbList\",\"@id\":\"https:\\\/\\\/blogdofarnesio.com.br\\\/2014\\\/11\\\/pt-convoca-sua-militancia-as-armas-contra-sandices\\\/#breadcrumb\",\"itemListElement\":[{\"@type\":\"ListItem\",\"position\":1,\"name\":\"In\u00edcio\",\"item\":\"https:\\\/\\\/blogdofarnesio.com.br\\\/\"},{\"@type\":\"ListItem\",\"position\":2,\"name\":\"PT CONVOCA SUA MILIT\u00c2NCIA \u201c\u00c0S ARMAS CONTRA SANDICES&#8221;\"}]},{\"@type\":\"WebSite\",\"@id\":\"https:\\\/\\\/blogdofarnesio.com.br\\\/#website\",\"url\":\"https:\\\/\\\/blogdofarnesio.com.br\\\/\",\"name\":\"Blog do Farn\u00e9sio\",\"description\":\"Quer Saber Pol\u00edtica?\",\"publisher\":{\"@id\":\"https:\\\/\\\/blogdofarnesio.com.br\\\/#organization\"},\"potentialAction\":[{\"@type\":\"SearchAction\",\"target\":{\"@type\":\"EntryPoint\",\"urlTemplate\":\"https:\\\/\\\/blogdofarnesio.com.br\\\/?s={search_term_string}\"},\"query-input\":{\"@type\":\"PropertyValueSpecification\",\"valueRequired\":true,\"valueName\":\"search_term_string\"}}],\"inLanguage\":\"pt-BR\"},{\"@type\":\"Organization\",\"@id\":\"https:\\\/\\\/blogdofarnesio.com.br\\\/#organization\",\"name\":\"Blog do Farn\u00e9sio\",\"url\":\"https:\\\/\\\/blogdofarnesio.com.br\\\/\",\"logo\":{\"@type\":\"ImageObject\",\"inLanguage\":\"pt-BR\",\"@id\":\"https:\\\/\\\/blogdofarnesio.com.br\\\/#\\\/schema\\\/logo\\\/image\\\/\",\"url\":\"https:\\\/\\\/blogdofarnesio.com.br\\\/wp-content\\\/uploads\\\/2026\\\/03\\\/cropped-logo_new-1.png\",\"contentUrl\":\"https:\\\/\\\/blogdofarnesio.com.br\\\/wp-content\\\/uploads\\\/2026\\\/03\\\/cropped-logo_new-1.png\",\"width\":881,\"height\":685,\"caption\":\"Blog do Farn\u00e9sio\"},\"image\":{\"@id\":\"https:\\\/\\\/blogdofarnesio.com.br\\\/#\\\/schema\\\/logo\\\/image\\\/\"},\"sameAs\":[\"https:\\\/\\\/www.facebook.com\\\/BlogQuerSaberPolitica\\\/\"]},{\"@type\":\"Person\",\"@id\":\"https:\\\/\\\/blogdofarnesio.com.br\\\/#\\\/schema\\\/person\\\/dd1bf5eba40b687199ba45ca6b97dff9\",\"name\":\"teste\",\"image\":{\"@type\":\"ImageObject\",\"inLanguage\":\"pt-BR\",\"@id\":\"https:\\\/\\\/secure.gravatar.com\\\/avatar\\\/2172498d4914b51e1d89a0f97957b035ac4938723a5cac208135d389b6972a6d?s=96&d=mm&r=g\",\"url\":\"https:\\\/\\\/secure.gravatar.com\\\/avatar\\\/2172498d4914b51e1d89a0f97957b035ac4938723a5cac208135d389b6972a6d?s=96&d=mm&r=g\",\"contentUrl\":\"https:\\\/\\\/secure.gravatar.com\\\/avatar\\\/2172498d4914b51e1d89a0f97957b035ac4938723a5cac208135d389b6972a6d?s=96&d=mm&r=g\",\"caption\":\"teste\"},\"url\":\"https:\\\/\\\/blogdofarnesio.com.br\\\/author\\\/teste\\\/\"}]}<\/script>\n<!-- \/ Yoast SEO plugin. -->","yoast_head_json":{"title":"PT CONVOCA SUA MILIT\u00c2NCIA \u201c\u00c0S ARMAS CONTRA SANDICES\" - Blog do Farn\u00e9sio","robots":{"index":"index","follow":"follow","max-snippet":"max-snippet:-1","max-image-preview":"max-image-preview:large","max-video-preview":"max-video-preview:-1"},"canonical":"https:\/\/blogdofarnesio.com.br\/2014\/11\/pt-convoca-sua-militancia-as-armas-contra-sandices\/","og_locale":"pt_BR","og_type":"article","og_title":"PT CONVOCA SUA MILIT\u00c2NCIA \u201c\u00c0S ARMAS CONTRA SANDICES\" - Blog do Farn\u00e9sio","og_description":"Por Rodrigo Tolotti Umpieres S\u00c3O PAULO &#8211; Ap\u00f3s as recentes e crescentes manifesta\u00e7\u00f5es pedindo o impeachment da presidente reeleita Dilma Rousseff, o Partido dos Trabalhadores come\u00e7ou a convocar seus militantes para irem &#8220;\u00e0s armas&#8221; ajudar a combater esses protestos. Em uma imagem divulgada no Facebook, o PT pede que seus aliados compartilhem informa\u00e7\u00f5es nas redes sociais usando como &#8220;armas&#8221; o computador e aparelhos m\u00f3veis. Segundo o texto publicado na rede social do partido, &#8220;a vit\u00f3ria de Dilma Rousseff revelou o desespero de setores que insistem em ignorar a vontade da popula\u00e7\u00e3o demonstrada nas urnas&#8221;. &#8220;Representantes do atraso, verdadeiros fantasmas do passado, eles tentam criar um terceiro turno da disputa eleitoral ao suscitarem sandices como interven\u00e7\u00e3o militar e at\u00e9 o impeachment&hellip;","og_url":"https:\/\/blogdofarnesio.com.br\/2014\/11\/pt-convoca-sua-militancia-as-armas-contra-sandices\/","og_site_name":"Blog do Farn\u00e9sio","article_publisher":"https:\/\/www.facebook.com\/BlogQuerSaberPolitica\/","article_published_time":"2014-11-05T11:34:30+00:00","og_image":[{"url":"http:\/\/www.brasil247.com\/images\/cache\/1000x357\/crop\/images%7Ccms-image-000402751.jpg","type":"","width":"","height":""}],"author":"teste","twitter_card":"summary_large_image","twitter_misc":{"Escrito por":"teste","Est. tempo de leitura":"2 minutos"},"schema":{"@context":"https:\/\/schema.org","@graph":[{"@type":"Article","@id":"https:\/\/blogdofarnesio.com.br\/2014\/11\/pt-convoca-sua-militancia-as-armas-contra-sandices\/#article","isPartOf":{"@id":"https:\/\/blogdofarnesio.com.br\/2014\/11\/pt-convoca-sua-militancia-as-armas-contra-sandices\/"},"author":{"name":"teste","@id":"https:\/\/blogdofarnesio.com.br\/#\/schema\/person\/dd1bf5eba40b687199ba45ca6b97dff9"},"headline":"PT CONVOCA SUA MILIT\u00c2NCIA \u201c\u00c0S ARMAS CONTRA SANDICES&#8221;","datePublished":"2014-11-05T11:34:30+00:00","mainEntityOfPage":{"@id":"https:\/\/blogdofarnesio.com.br\/2014\/11\/pt-convoca-sua-militancia-as-armas-contra-sandices\/"},"wordCount":361,"commentCount":0,"publisher":{"@id":"https:\/\/blogdofarnesio.com.br\/#organization"},"image":{"@id":"https:\/\/blogdofarnesio.com.br\/2014\/11\/pt-convoca-sua-militancia-as-armas-contra-sandices\/#primaryimage"},"thumbnailUrl":"http:\/\/www.brasil247.com\/images\/cache\/1000x357\/crop\/images%7Ccms-image-000402751.jpg","articleSection":["Pol\u00edtica"],"inLanguage":"pt-BR","potentialAction":[{"@type":"CommentAction","name":"Comment","target":["https:\/\/blogdofarnesio.com.br\/2014\/11\/pt-convoca-sua-militancia-as-armas-contra-sandices\/#respond"]}]},{"@type":"WebPage","@id":"https:\/\/blogdofarnesio.com.br\/2014\/11\/pt-convoca-sua-militancia-as-armas-contra-sandices\/","url":"https:\/\/blogdofarnesio.com.br\/2014\/11\/pt-convoca-sua-militancia-as-armas-contra-sandices\/","name":"PT CONVOCA SUA MILIT\u00c2NCIA \u201c\u00c0S ARMAS CONTRA SANDICES\" - Blog do Farn\u00e9sio","isPartOf":{"@id":"https:\/\/blogdofarnesio.com.br\/#website"},"primaryImageOfPage":{"@id":"https:\/\/blogdofarnesio.com.br\/2014\/11\/pt-convoca-sua-militancia-as-armas-contra-sandices\/#primaryimage"},"image":{"@id":"https:\/\/blogdofarnesio.com.br\/2014\/11\/pt-convoca-sua-militancia-as-armas-contra-sandices\/#primaryimage"},"thumbnailUrl":"http:\/\/www.brasil247.com\/images\/cache\/1000x357\/crop\/images%7Ccms-image-000402751.jpg","datePublished":"2014-11-05T11:34:30+00:00","breadcrumb":{"@id":"https:\/\/blogdofarnesio.com.br\/2014\/11\/pt-convoca-sua-militancia-as-armas-contra-sandices\/#breadcrumb"},"inLanguage":"pt-BR","potentialAction":[{"@type":"ReadAction","target":["https:\/\/blogdofarnesio.com.br\/2014\/11\/pt-convoca-sua-militancia-as-armas-contra-sandices\/"]}]},{"@type":"ImageObject","inLanguage":"pt-BR","@id":"https:\/\/blogdofarnesio.com.br\/2014\/11\/pt-convoca-sua-militancia-as-armas-contra-sandices\/#primaryimage","url":"http:\/\/www.brasil247.com\/images\/cache\/1000x357\/crop\/images%7Ccms-image-000402751.jpg","contentUrl":"http:\/\/www.brasil247.com\/images\/cache\/1000x357\/crop\/images%7Ccms-image-000402751.jpg"},{"@type":"BreadcrumbList","@id":"https:\/\/blogdofarnesio.com.br\/2014\/11\/pt-convoca-sua-militancia-as-armas-contra-sandices\/#breadcrumb","itemListElement":[{"@type":"ListItem","position":1,"name":"In\u00edcio","item":"https:\/\/blogdofarnesio.com.br\/"},{"@type":"ListItem","position":2,"name":"PT CONVOCA SUA MILIT\u00c2NCIA \u201c\u00c0S ARMAS CONTRA SANDICES&#8221;"}]},{"@type":"WebSite","@id":"https:\/\/blogdofarnesio.com.br\/#website","url":"https:\/\/blogdofarnesio.com.br\/","name":"Blog do Farn\u00e9sio","description":"Quer Saber Pol\u00edtica?","publisher":{"@id":"https:\/\/blogdofarnesio.com.br\/#organization"},"potentialAction":[{"@type":"SearchAction","target":{"@type":"EntryPoint","urlTemplate":"https:\/\/blogdofarnesio.com.br\/?s={search_term_string}"},"query-input":{"@type":"PropertyValueSpecification","valueRequired":true,"valueName":"search_term_string"}}],"inLanguage":"pt-BR"},{"@type":"Organization","@id":"https:\/\/blogdofarnesio.com.br\/#organization","name":"Blog do Farn\u00e9sio","url":"https:\/\/blogdofarnesio.com.br\/","logo":{"@type":"ImageObject","inLanguage":"pt-BR","@id":"https:\/\/blogdofarnesio.com.br\/#\/schema\/logo\/image\/","url":"https:\/\/blogdofarnesio.com.br\/wp-content\/uploads\/2026\/03\/cropped-logo_new-1.png","contentUrl":"https:\/\/blogdofarnesio.com.br\/wp-content\/uploads\/2026\/03\/cropped-logo_new-1.png","width":881,"height":685,"caption":"Blog do Farn\u00e9sio"},"image":{"@id":"https:\/\/blogdofarnesio.com.br\/#\/schema\/logo\/image\/"},"sameAs":["https:\/\/www.facebook.com\/BlogQuerSaberPolitica\/"]},{"@type":"Person","@id":"https:\/\/blogdofarnesio.com.br\/#\/schema\/person\/dd1bf5eba40b687199ba45ca6b97dff9","name":"teste","image":{"@type":"ImageObject","inLanguage":"pt-BR","@id":"https:\/\/secure.gravatar.com\/avatar\/2172498d4914b51e1d89a0f97957b035ac4938723a5cac208135d389b6972a6d?s=96&d=mm&r=g","url":"https:\/\/secure.gravatar.com\/avatar\/2172498d4914b51e1d89a0f97957b035ac4938723a5cac208135d389b6972a6d?s=96&d=mm&r=g","contentUrl":"https:\/\/secure.gravatar.com\/avatar\/2172498d4914b51e1d89a0f97957b035ac4938723a5cac208135d389b6972a6d?s=96&d=mm&r=g","caption":"teste"},"url":"https:\/\/blogdofarnesio.com.br\/author\/teste\/"}]}},"_links":{"self":[{"href":"https:\/\/blogdofarnesio.com.br\/wp-json\/wp\/v2\/posts\/105646","targetHints":{"allow":["GET"]}}],"collection":[{"href":"https:\/\/blogdofarnesio.com.br\/wp-json\/wp\/v2\/posts"}],"about":[{"href":"https:\/\/blogdofarnesio.com.br\/wp-json\/wp\/v2\/types\/post"}],"author":[{"embeddable":true,"href":"https:\/\/blogdofarnesio.com.br\/wp-json\/wp\/v2\/users\/3"}],"replies":[{"embeddable":true,"href":"https:\/\/blogdofarnesio.com.br\/wp-json\/wp\/v2\/comments?post=105646"}],"version-history":[{"count":0,"href":"https:\/\/blogdofarnesio.com.br\/wp-json\/wp\/v2\/posts\/105646\/revisions"}],"wp:attachment":[{"href":"https:\/\/blogdofarnesio.com.br\/wp-json\/wp\/v2\/media?parent=105646"}],"wp:term":[{"taxonomy":"category","embeddable":true,"href":"https:\/\/blogdofarnesio.com.br\/wp-json\/wp\/v2\/categories?post=105646"},{"taxonomy":"post_tag","embeddable":true,"href":"https:\/\/blogdofarnesio.com.br\/wp-json\/wp\/v2\/tags?post=105646"}],"curies":[{"name":"wp","href":"https:\/\/api.w.org\/{rel}","templated":true}]}}