{"id":105177,"date":"2014-10-31T09:22:12","date_gmt":"2014-10-31T12:22:12","guid":{"rendered":"http:\/\/www.quersaberpolitica.com.br\/?p=105177"},"modified":"2014-10-30T20:27:51","modified_gmt":"2014-10-30T23:27:51","slug":"cidadao-denuncia-carro-de-sindicato-estacionado-em-local-proibido","status":"publish","type":"post","link":"https:\/\/blogdofarnesio.com.br\/?p=105177","title":{"rendered":"CIDAD\u00c3O DENUNCIA CARRO DE SINDICATO ESTACIONADO EM LOCAL PROIBIDO"},"content":{"rendered":"<p style=\"text-align: justify\"><a href=\"http:\/\/www.quersaberpolitica.com.br\/2016\/wp-content\/uploads\/2014\/10\/blogqsp-carro.jpg\"><img loading=\"lazy\" decoding=\"async\" class=\"aligncenter size-medium wp-image-105178\" alt=\"blogqsp-carro\" src=\"http:\/\/www.quersaberpolitica.com.br\/2016\/wp-content\/uploads\/2014\/10\/blogqsp-carro-300x224.jpg\" width=\"300\" height=\"224\" srcset=\"https:\/\/blogdofarnesio.com.br\/wp-content\/uploads\/2014\/10\/blogqsp-carro-300x224.jpg 300w, https:\/\/blogdofarnesio.com.br\/wp-content\/uploads\/2014\/10\/blogqsp-carro-400x300.jpg 400w, https:\/\/blogdofarnesio.com.br\/wp-content\/uploads\/2014\/10\/blogqsp-carro.jpg 448w\" sizes=\"auto, (max-width: 300px) 100vw, 300px\" \/><\/a>Segundo o senhor Inaldo Martins, morador do bairro Santo Antonio, afirma que ficou constrangido quando flagrou o carro oficial do Sindicato \u00a0dos Trabalhadores da Sa\u00fade de Juazeiro (Sintrab\/Sa\u00fade) estacionado na vaga reservada para deficientes. \u201cFico decepcionado quando ou\u00e7o no radio uma senhora que se diz representante de uma categoria achincalhar o prefeito, o secret\u00e1rio de sa\u00fade, os representantes de outros sindicatos,e agora o carro da sua pr\u00f3pria categoria foi flagrado estacionado no local proibido, que s\u00f3 poderia ser usado por pessoas deficientes.<\/p>\n<p style=\"text-align: justify\">At\u00e9 que eu tinha admira\u00e7\u00e3o e respeito pela luta que esse sindicato estava fazendo, mas depois que vi essa cena fiquei decepcionado. Se esse povo n\u00e3o respeita quem \u00e9 portador de defici\u00eancia, necessidade especial, vai respeitar quem\u201d, lamentou.<\/p>\n<div>Segundo ele, o carro do sindicato estava estacionado ao lado do pr\u00e9dio da prefeitura no antigo Correios. \u201cIsso mesmo. Quem viu a cena ficou triste, inclusive quem \u00e9 deficiente e sofre para encontrar uma vaga no centro de Juazeiro com esse transito complicado.\u201d<!--more--><\/div>\n<div><\/div>\n<div>\u201cO carro usou m\u00e3o dupla, fazendo dire\u00e7\u00e3o perigosa na contram\u00e3o \u00a0quando ocupou o local reservado. Outra coisa, fomos informados que esse carro sempre \u00e9 visto em porta de supermercado, em estacionamento do Atacad\u00e3o e que me parece ele ainda dorme na porta da casa da presidente do Sindicato\u201d, concluiu.<\/div>\n<div>Fica aqui o espa\u00e7o para que a dire\u00e7\u00e3o do SINTRAB possa se manifestar. Obs. J\u00e1 esta no A\u00e7\u00e3o Popular!<\/div>\n<div><strong>Enviado por C\u00cdCERO JOS\u00c9 C\u00cdCERO JOSE<\/strong><\/div>\n","protected":false},"excerpt":{"rendered":"<p>Segundo o senhor Inaldo Martins, morador do bairro Santo Antonio, afirma que ficou constrangido quando flagrou o carro oficial do Sindicato \u00a0dos Trabalhadores da Sa\u00fade de Juazeiro (Sintrab\/Sa\u00fade) estacionado na vaga reservada para deficientes. \u201cFico decepcionado quando ou\u00e7o no radio uma senhora que se diz representante de uma categoria achincalhar o prefeito, o secret\u00e1rio de sa\u00fade, os representantes de outros sindicatos,e agora o carro da sua pr\u00f3pria categoria foi flagrado estacionado no local proibido, que s\u00f3 poderia ser usado por pessoas deficientes. At\u00e9 que eu tinha admira\u00e7\u00e3o e respeito pela luta que esse sindicato estava fazendo, mas depois que vi essa cena fiquei decepcionado. Se esse povo n\u00e3o respeita quem \u00e9 portador de defici\u00eancia, necessidade especial, vai respeitar quem\u201d, lamentou.&hellip; <\/p>\n","protected":false},"author":3,"featured_media":0,"comment_status":"open","ping_status":"open","sticky":false,"template":"","format":"standard","meta":{"_acf_changed":false,"footnotes":""},"categories":[21],"tags":[],"class_list":["post-105177","post","type-post","status-publish","format-standard","hentry","category-transito"],"acf":[],"yoast_head":"<!-- This site is optimized with the Yoast SEO plugin v27.4 - https:\/\/yoast.com\/product\/yoast-seo-wordpress\/ -->\n<title>CIDAD\u00c3O DENUNCIA CARRO DE SINDICATO ESTACIONADO EM LOCAL PROIBIDO - Blog do Farn\u00e9sio<\/title>\n<meta name=\"robots\" content=\"index, follow, max-snippet:-1, max-image-preview:large, max-video-preview:-1\" \/>\n<link rel=\"canonical\" href=\"https:\/\/blogdofarnesio.com.br\/?p=105177\" \/>\n<meta property=\"og:locale\" content=\"pt_BR\" \/>\n<meta property=\"og:type\" content=\"article\" \/>\n<meta property=\"og:title\" content=\"CIDAD\u00c3O DENUNCIA CARRO DE SINDICATO ESTACIONADO EM LOCAL PROIBIDO - Blog do Farn\u00e9sio\" \/>\n<meta property=\"og:description\" content=\"Segundo o senhor Inaldo Martins, morador do bairro Santo Antonio, afirma que ficou constrangido quando flagrou o carro oficial do Sindicato \u00a0dos Trabalhadores da Sa\u00fade de Juazeiro (Sintrab\/Sa\u00fade) estacionado na vaga reservada para deficientes. \u201cFico decepcionado quando ou\u00e7o no radio uma senhora que se diz representante de uma categoria achincalhar o prefeito, o secret\u00e1rio de sa\u00fade, os representantes de outros sindicatos,e agora o carro da sua pr\u00f3pria categoria foi flagrado estacionado no local proibido, que s\u00f3 poderia ser usado por pessoas deficientes. At\u00e9 que eu tinha admira\u00e7\u00e3o e respeito pela luta que esse sindicato estava fazendo, mas depois que vi essa cena fiquei decepcionado. Se esse povo n\u00e3o respeita quem \u00e9 portador de defici\u00eancia, necessidade especial, vai respeitar quem\u201d, lamentou.&hellip;\" \/>\n<meta property=\"og:url\" content=\"https:\/\/blogdofarnesio.com.br\/?p=105177\" \/>\n<meta property=\"og:site_name\" content=\"Blog do Farn\u00e9sio\" \/>\n<meta property=\"article:publisher\" content=\"https:\/\/www.facebook.com\/BlogQuerSaberPolitica\/\" \/>\n<meta property=\"article:published_time\" content=\"2014-10-31T12:22:12+00:00\" \/>\n<meta property=\"og:image\" content=\"http:\/\/www.quersaberpolitica.com.br\/2016\/wp-content\/uploads\/2014\/10\/blogqsp-carro-300x224.jpg\" \/>\n<meta name=\"author\" content=\"teste\" \/>\n<meta name=\"twitter:card\" content=\"summary_large_image\" \/>\n<meta name=\"twitter:label1\" content=\"Escrito por\" \/>\n\t<meta name=\"twitter:data1\" content=\"teste\" \/>\n\t<meta name=\"twitter:label2\" content=\"Est. tempo de leitura\" \/>\n\t<meta name=\"twitter:data2\" content=\"1 minuto\" \/>\n<script type=\"application\/ld+json\" class=\"yoast-schema-graph\">{\"@context\":\"https:\\\/\\\/schema.org\",\"@graph\":[{\"@type\":\"Article\",\"@id\":\"https:\\\/\\\/blogdofarnesio.com.br\\\/?p=105177#article\",\"isPartOf\":{\"@id\":\"https:\\\/\\\/blogdofarnesio.com.br\\\/?p=105177\"},\"author\":{\"name\":\"teste\",\"@id\":\"https:\\\/\\\/blogdofarnesio.com.br\\\/#\\\/schema\\\/person\\\/dd1bf5eba40b687199ba45ca6b97dff9\"},\"headline\":\"CIDAD\u00c3O DENUNCIA CARRO DE SINDICATO ESTACIONADO EM LOCAL PROIBIDO\",\"datePublished\":\"2014-10-31T12:22:12+00:00\",\"mainEntityOfPage\":{\"@id\":\"https:\\\/\\\/blogdofarnesio.com.br\\\/?p=105177\"},\"wordCount\":265,\"commentCount\":2,\"publisher\":{\"@id\":\"https:\\\/\\\/blogdofarnesio.com.br\\\/#organization\"},\"image\":{\"@id\":\"https:\\\/\\\/blogdofarnesio.com.br\\\/?p=105177#primaryimage\"},\"thumbnailUrl\":\"http:\\\/\\\/www.quersaberpolitica.com.br\\\/2016\\\/wp-content\\\/uploads\\\/2014\\\/10\\\/blogqsp-carro-300x224.jpg\",\"articleSection\":[\"Tr\u00e2nsito\"],\"inLanguage\":\"pt-BR\",\"potentialAction\":[{\"@type\":\"CommentAction\",\"name\":\"Comment\",\"target\":[\"https:\\\/\\\/blogdofarnesio.com.br\\\/?p=105177#respond\"]}]},{\"@type\":\"WebPage\",\"@id\":\"https:\\\/\\\/blogdofarnesio.com.br\\\/?p=105177\",\"url\":\"https:\\\/\\\/blogdofarnesio.com.br\\\/?p=105177\",\"name\":\"CIDAD\u00c3O DENUNCIA CARRO DE SINDICATO ESTACIONADO EM LOCAL PROIBIDO - Blog do Farn\u00e9sio\",\"isPartOf\":{\"@id\":\"https:\\\/\\\/blogdofarnesio.com.br\\\/#website\"},\"primaryImageOfPage\":{\"@id\":\"https:\\\/\\\/blogdofarnesio.com.br\\\/?p=105177#primaryimage\"},\"image\":{\"@id\":\"https:\\\/\\\/blogdofarnesio.com.br\\\/?p=105177#primaryimage\"},\"thumbnailUrl\":\"http:\\\/\\\/www.quersaberpolitica.com.br\\\/2016\\\/wp-content\\\/uploads\\\/2014\\\/10\\\/blogqsp-carro-300x224.jpg\",\"datePublished\":\"2014-10-31T12:22:12+00:00\",\"breadcrumb\":{\"@id\":\"https:\\\/\\\/blogdofarnesio.com.br\\\/?p=105177#breadcrumb\"},\"inLanguage\":\"pt-BR\",\"potentialAction\":[{\"@type\":\"ReadAction\",\"target\":[\"https:\\\/\\\/blogdofarnesio.com.br\\\/?p=105177\"]}]},{\"@type\":\"ImageObject\",\"inLanguage\":\"pt-BR\",\"@id\":\"https:\\\/\\\/blogdofarnesio.com.br\\\/?p=105177#primaryimage\",\"url\":\"http:\\\/\\\/www.quersaberpolitica.com.br\\\/2016\\\/wp-content\\\/uploads\\\/2014\\\/10\\\/blogqsp-carro-300x224.jpg\",\"contentUrl\":\"http:\\\/\\\/www.quersaberpolitica.com.br\\\/2016\\\/wp-content\\\/uploads\\\/2014\\\/10\\\/blogqsp-carro-300x224.jpg\"},{\"@type\":\"BreadcrumbList\",\"@id\":\"https:\\\/\\\/blogdofarnesio.com.br\\\/?p=105177#breadcrumb\",\"itemListElement\":[{\"@type\":\"ListItem\",\"position\":1,\"name\":\"In\u00edcio\",\"item\":\"https:\\\/\\\/blogdofarnesio.com.br\\\/\"},{\"@type\":\"ListItem\",\"position\":2,\"name\":\"CIDAD\u00c3O DENUNCIA CARRO DE SINDICATO ESTACIONADO EM LOCAL PROIBIDO\"}]},{\"@type\":\"WebSite\",\"@id\":\"https:\\\/\\\/blogdofarnesio.com.br\\\/#website\",\"url\":\"https:\\\/\\\/blogdofarnesio.com.br\\\/\",\"name\":\"Blog do Farn\u00e9sio\",\"description\":\"Quer Saber Pol\u00edtica?\",\"publisher\":{\"@id\":\"https:\\\/\\\/blogdofarnesio.com.br\\\/#organization\"},\"potentialAction\":[{\"@type\":\"SearchAction\",\"target\":{\"@type\":\"EntryPoint\",\"urlTemplate\":\"https:\\\/\\\/blogdofarnesio.com.br\\\/?s={search_term_string}\"},\"query-input\":{\"@type\":\"PropertyValueSpecification\",\"valueRequired\":true,\"valueName\":\"search_term_string\"}}],\"inLanguage\":\"pt-BR\"},{\"@type\":\"Organization\",\"@id\":\"https:\\\/\\\/blogdofarnesio.com.br\\\/#organization\",\"name\":\"Blog do Farn\u00e9sio\",\"url\":\"https:\\\/\\\/blogdofarnesio.com.br\\\/\",\"logo\":{\"@type\":\"ImageObject\",\"inLanguage\":\"pt-BR\",\"@id\":\"https:\\\/\\\/blogdofarnesio.com.br\\\/#\\\/schema\\\/logo\\\/image\\\/\",\"url\":\"https:\\\/\\\/blogdofarnesio.com.br\\\/wp-content\\\/uploads\\\/2026\\\/03\\\/cropped-logo_new-1.png\",\"contentUrl\":\"https:\\\/\\\/blogdofarnesio.com.br\\\/wp-content\\\/uploads\\\/2026\\\/03\\\/cropped-logo_new-1.png\",\"width\":881,\"height\":685,\"caption\":\"Blog do Farn\u00e9sio\"},\"image\":{\"@id\":\"https:\\\/\\\/blogdofarnesio.com.br\\\/#\\\/schema\\\/logo\\\/image\\\/\"},\"sameAs\":[\"https:\\\/\\\/www.facebook.com\\\/BlogQuerSaberPolitica\\\/\"]},{\"@type\":\"Person\",\"@id\":\"https:\\\/\\\/blogdofarnesio.com.br\\\/#\\\/schema\\\/person\\\/dd1bf5eba40b687199ba45ca6b97dff9\",\"name\":\"teste\",\"image\":{\"@type\":\"ImageObject\",\"inLanguage\":\"pt-BR\",\"@id\":\"https:\\\/\\\/secure.gravatar.com\\\/avatar\\\/2172498d4914b51e1d89a0f97957b035ac4938723a5cac208135d389b6972a6d?s=96&d=mm&r=g\",\"url\":\"https:\\\/\\\/secure.gravatar.com\\\/avatar\\\/2172498d4914b51e1d89a0f97957b035ac4938723a5cac208135d389b6972a6d?s=96&d=mm&r=g\",\"contentUrl\":\"https:\\\/\\\/secure.gravatar.com\\\/avatar\\\/2172498d4914b51e1d89a0f97957b035ac4938723a5cac208135d389b6972a6d?s=96&d=mm&r=g\",\"caption\":\"teste\"},\"url\":\"https:\\\/\\\/blogdofarnesio.com.br\\\/?author=3\"}]}<\/script>\n<!-- \/ Yoast SEO plugin. -->","yoast_head_json":{"title":"CIDAD\u00c3O DENUNCIA CARRO DE SINDICATO ESTACIONADO EM LOCAL PROIBIDO - Blog do Farn\u00e9sio","robots":{"index":"index","follow":"follow","max-snippet":"max-snippet:-1","max-image-preview":"max-image-preview:large","max-video-preview":"max-video-preview:-1"},"canonical":"https:\/\/blogdofarnesio.com.br\/?p=105177","og_locale":"pt_BR","og_type":"article","og_title":"CIDAD\u00c3O DENUNCIA CARRO DE SINDICATO ESTACIONADO EM LOCAL PROIBIDO - Blog do Farn\u00e9sio","og_description":"Segundo o senhor Inaldo Martins, morador do bairro Santo Antonio, afirma que ficou constrangido quando flagrou o carro oficial do Sindicato \u00a0dos Trabalhadores da Sa\u00fade de Juazeiro (Sintrab\/Sa\u00fade) estacionado na vaga reservada para deficientes. \u201cFico decepcionado quando ou\u00e7o no radio uma senhora que se diz representante de uma categoria achincalhar o prefeito, o secret\u00e1rio de sa\u00fade, os representantes de outros sindicatos,e agora o carro da sua pr\u00f3pria categoria foi flagrado estacionado no local proibido, que s\u00f3 poderia ser usado por pessoas deficientes. At\u00e9 que eu tinha admira\u00e7\u00e3o e respeito pela luta que esse sindicato estava fazendo, mas depois que vi essa cena fiquei decepcionado. Se esse povo n\u00e3o respeita quem \u00e9 portador de defici\u00eancia, necessidade especial, vai respeitar quem\u201d, lamentou.&hellip;","og_url":"https:\/\/blogdofarnesio.com.br\/?p=105177","og_site_name":"Blog do Farn\u00e9sio","article_publisher":"https:\/\/www.facebook.com\/BlogQuerSaberPolitica\/","article_published_time":"2014-10-31T12:22:12+00:00","og_image":[{"url":"http:\/\/www.quersaberpolitica.com.br\/2016\/wp-content\/uploads\/2014\/10\/blogqsp-carro-300x224.jpg","type":"","width":"","height":""}],"author":"teste","twitter_card":"summary_large_image","twitter_misc":{"Escrito por":"teste","Est. tempo de leitura":"1 minuto"},"schema":{"@context":"https:\/\/schema.org","@graph":[{"@type":"Article","@id":"https:\/\/blogdofarnesio.com.br\/?p=105177#article","isPartOf":{"@id":"https:\/\/blogdofarnesio.com.br\/?p=105177"},"author":{"name":"teste","@id":"https:\/\/blogdofarnesio.com.br\/#\/schema\/person\/dd1bf5eba40b687199ba45ca6b97dff9"},"headline":"CIDAD\u00c3O DENUNCIA CARRO DE SINDICATO ESTACIONADO EM LOCAL PROIBIDO","datePublished":"2014-10-31T12:22:12+00:00","mainEntityOfPage":{"@id":"https:\/\/blogdofarnesio.com.br\/?p=105177"},"wordCount":265,"commentCount":2,"publisher":{"@id":"https:\/\/blogdofarnesio.com.br\/#organization"},"image":{"@id":"https:\/\/blogdofarnesio.com.br\/?p=105177#primaryimage"},"thumbnailUrl":"http:\/\/www.quersaberpolitica.com.br\/2016\/wp-content\/uploads\/2014\/10\/blogqsp-carro-300x224.jpg","articleSection":["Tr\u00e2nsito"],"inLanguage":"pt-BR","potentialAction":[{"@type":"CommentAction","name":"Comment","target":["https:\/\/blogdofarnesio.com.br\/?p=105177#respond"]}]},{"@type":"WebPage","@id":"https:\/\/blogdofarnesio.com.br\/?p=105177","url":"https:\/\/blogdofarnesio.com.br\/?p=105177","name":"CIDAD\u00c3O DENUNCIA CARRO DE SINDICATO ESTACIONADO EM LOCAL PROIBIDO - Blog do Farn\u00e9sio","isPartOf":{"@id":"https:\/\/blogdofarnesio.com.br\/#website"},"primaryImageOfPage":{"@id":"https:\/\/blogdofarnesio.com.br\/?p=105177#primaryimage"},"image":{"@id":"https:\/\/blogdofarnesio.com.br\/?p=105177#primaryimage"},"thumbnailUrl":"http:\/\/www.quersaberpolitica.com.br\/2016\/wp-content\/uploads\/2014\/10\/blogqsp-carro-300x224.jpg","datePublished":"2014-10-31T12:22:12+00:00","breadcrumb":{"@id":"https:\/\/blogdofarnesio.com.br\/?p=105177#breadcrumb"},"inLanguage":"pt-BR","potentialAction":[{"@type":"ReadAction","target":["https:\/\/blogdofarnesio.com.br\/?p=105177"]}]},{"@type":"ImageObject","inLanguage":"pt-BR","@id":"https:\/\/blogdofarnesio.com.br\/?p=105177#primaryimage","url":"http:\/\/www.quersaberpolitica.com.br\/2016\/wp-content\/uploads\/2014\/10\/blogqsp-carro-300x224.jpg","contentUrl":"http:\/\/www.quersaberpolitica.com.br\/2016\/wp-content\/uploads\/2014\/10\/blogqsp-carro-300x224.jpg"},{"@type":"BreadcrumbList","@id":"https:\/\/blogdofarnesio.com.br\/?p=105177#breadcrumb","itemListElement":[{"@type":"ListItem","position":1,"name":"In\u00edcio","item":"https:\/\/blogdofarnesio.com.br\/"},{"@type":"ListItem","position":2,"name":"CIDAD\u00c3O DENUNCIA CARRO DE SINDICATO ESTACIONADO EM LOCAL PROIBIDO"}]},{"@type":"WebSite","@id":"https:\/\/blogdofarnesio.com.br\/#website","url":"https:\/\/blogdofarnesio.com.br\/","name":"Blog do Farn\u00e9sio","description":"Quer Saber Pol\u00edtica?","publisher":{"@id":"https:\/\/blogdofarnesio.com.br\/#organization"},"potentialAction":[{"@type":"SearchAction","target":{"@type":"EntryPoint","urlTemplate":"https:\/\/blogdofarnesio.com.br\/?s={search_term_string}"},"query-input":{"@type":"PropertyValueSpecification","valueRequired":true,"valueName":"search_term_string"}}],"inLanguage":"pt-BR"},{"@type":"Organization","@id":"https:\/\/blogdofarnesio.com.br\/#organization","name":"Blog do Farn\u00e9sio","url":"https:\/\/blogdofarnesio.com.br\/","logo":{"@type":"ImageObject","inLanguage":"pt-BR","@id":"https:\/\/blogdofarnesio.com.br\/#\/schema\/logo\/image\/","url":"https:\/\/blogdofarnesio.com.br\/wp-content\/uploads\/2026\/03\/cropped-logo_new-1.png","contentUrl":"https:\/\/blogdofarnesio.com.br\/wp-content\/uploads\/2026\/03\/cropped-logo_new-1.png","width":881,"height":685,"caption":"Blog do Farn\u00e9sio"},"image":{"@id":"https:\/\/blogdofarnesio.com.br\/#\/schema\/logo\/image\/"},"sameAs":["https:\/\/www.facebook.com\/BlogQuerSaberPolitica\/"]},{"@type":"Person","@id":"https:\/\/blogdofarnesio.com.br\/#\/schema\/person\/dd1bf5eba40b687199ba45ca6b97dff9","name":"teste","image":{"@type":"ImageObject","inLanguage":"pt-BR","@id":"https:\/\/secure.gravatar.com\/avatar\/2172498d4914b51e1d89a0f97957b035ac4938723a5cac208135d389b6972a6d?s=96&d=mm&r=g","url":"https:\/\/secure.gravatar.com\/avatar\/2172498d4914b51e1d89a0f97957b035ac4938723a5cac208135d389b6972a6d?s=96&d=mm&r=g","contentUrl":"https:\/\/secure.gravatar.com\/avatar\/2172498d4914b51e1d89a0f97957b035ac4938723a5cac208135d389b6972a6d?s=96&d=mm&r=g","caption":"teste"},"url":"https:\/\/blogdofarnesio.com.br\/?author=3"}]}},"_links":{"self":[{"href":"https:\/\/blogdofarnesio.com.br\/index.php?rest_route=\/wp\/v2\/posts\/105177","targetHints":{"allow":["GET"]}}],"collection":[{"href":"https:\/\/blogdofarnesio.com.br\/index.php?rest_route=\/wp\/v2\/posts"}],"about":[{"href":"https:\/\/blogdofarnesio.com.br\/index.php?rest_route=\/wp\/v2\/types\/post"}],"author":[{"embeddable":true,"href":"https:\/\/blogdofarnesio.com.br\/index.php?rest_route=\/wp\/v2\/users\/3"}],"replies":[{"embeddable":true,"href":"https:\/\/blogdofarnesio.com.br\/index.php?rest_route=%2Fwp%2Fv2%2Fcomments&post=105177"}],"version-history":[{"count":0,"href":"https:\/\/blogdofarnesio.com.br\/index.php?rest_route=\/wp\/v2\/posts\/105177\/revisions"}],"wp:attachment":[{"href":"https:\/\/blogdofarnesio.com.br\/index.php?rest_route=%2Fwp%2Fv2%2Fmedia&parent=105177"}],"wp:term":[{"taxonomy":"category","embeddable":true,"href":"https:\/\/blogdofarnesio.com.br\/index.php?rest_route=%2Fwp%2Fv2%2Fcategories&post=105177"},{"taxonomy":"post_tag","embeddable":true,"href":"https:\/\/blogdofarnesio.com.br\/index.php?rest_route=%2Fwp%2Fv2%2Ftags&post=105177"}],"curies":[{"name":"wp","href":"https:\/\/api.w.org\/{rel}","templated":true}]}}