{"id":105174,"date":"2014-10-31T09:00:51","date_gmt":"2014-10-31T12:00:51","guid":{"rendered":"http:\/\/www.quersaberpolitica.com.br\/?p=105174"},"modified":"2014-10-30T20:35:02","modified_gmt":"2014-10-30T23:35:02","slug":"amanha-01-tem-ocupacao-social-no-sao-goncalo","status":"publish","type":"post","link":"https:\/\/blogdofarnesio.com.br\/?p=105174","title":{"rendered":"AMANH\u00c3 (01) TEM OCUPA\u00c7\u00c3O SOCIAL NO S\u00c3O GON\u00c7ALO"},"content":{"rendered":"<p style=\"text-align: justify\"><a href=\"http:\/\/www.quersaberpolitica.com.br\/2016\/wp-content\/uploads\/2014\/10\/blogqsp-ocupa\u00e3o.jpg\"><img loading=\"lazy\" decoding=\"async\" class=\"aligncenter size-medium wp-image-105175\" alt=\"blogqsp-ocupa\u00e3o\" src=\"http:\/\/www.quersaberpolitica.com.br\/2016\/wp-content\/uploads\/2014\/10\/blogqsp-ocupa\u00e3o-300x200.jpg\" width=\"300\" height=\"200\" srcset=\"https:\/\/blogdofarnesio.com.br\/wp-content\/uploads\/2014\/10\/blogqsp-ocupa\u00e3o-300x200.jpg 300w, https:\/\/blogdofarnesio.com.br\/wp-content\/uploads\/2014\/10\/blogqsp-ocupa\u00e3o.jpg 448w\" sizes=\"auto, (max-width: 300px) 100vw, 300px\" \/><\/a>Emiss\u00e3o de documenta\u00e7\u00e3o cidad\u00e3, cuidados com a sa\u00fade e orienta\u00e7\u00e3o jur\u00eddica s\u00e3o alguns dos servi\u00e7os que estar\u00e3o dispon\u00edveis para as comunidades de S\u00e3o Gon\u00e7alo e do entorno, em Petrolina, no pr\u00f3ximo s\u00e1bado, 1\u00ba de novembro, durante a Ocupa\u00e7\u00e3o Social de Impacto.<\/p>\n<p style=\"text-align: justify\">Coordenada pelo Programa Governo Presente, a a\u00e7\u00e3o envolve as secretariais estaduais, a Prefeitura de Petrolina e institui\u00e7\u00f5es parceiras. Durante toda a manh\u00e3, na Escola Estadual Jo\u00e3o Batista dos Santos (Rua 26, s\/N\u00ba, S\u00e3o Gon\u00e7alo), em S\u00e3o Gon\u00e7alo, as pessoas poder\u00e3o acessar os servi\u00e7os e tirar d\u00favidas sobre direitos e viola\u00e7\u00f5es.<\/p>\n<p style=\"text-align: justify\">Quem for \u00e0 Ocupa\u00e7\u00e3o Social poder\u00e1 solicitar a emiss\u00e3o da carteira de Identidade, do C.P.F, do Cart\u00e3o SUS e a segunda via das certid\u00f5es de Nascimento, Casamento e Div\u00f3rcio. O Detran far\u00e1 inscri\u00e7\u00e3o para a carteira de motorista popular (CNH Popular), renova\u00e7\u00e3o, mudan\u00e7a e adi\u00e7\u00e3o de categoria.<\/p>\n<p style=\"text-align: justify\">O CRAS e o CREAS far\u00e3o atendimento psicossocial, cadastro para o Bolsa Fam\u00edlia e o CAD\u00daNICO. O Conselho Tutelar far\u00e1 orienta\u00e7\u00e3o sobre os direitos das crian\u00e7as e adolescentes e o INSS vai tirar d\u00favidas sobre as quest\u00f5es previdenci\u00e1rias.<!--more--><\/p>\n<p>Para os cuidados com a sa\u00fade haver\u00e1 atendimento m\u00e9dico, testes anti-HIV, de glicemia, s\u00edfilis e hepatite, al\u00e9m de distribui\u00e7\u00e3o de preservativos e aferi\u00e7\u00e3o de press\u00e3o arterial.<\/p>\n<p>A Defensoria P\u00fablica estar\u00e1 presente orientando e encaminhando as pessoas na garantia de direitos, em especial para as pessoas v\u00edtimas de viol\u00eancia. O Procon, a Facape e a Ag\u00eancia de Regulariza\u00e7\u00e3o de Pernambuco (Arpe) orientar\u00e3o os cidad\u00e3os sobre direito do consumidor. A Celpe estar\u00e1 com a Unidade M\u00f3vel para fazer novas liga\u00e7\u00f5es, emiss\u00e3o de 2\u00aa via e parcelamento de contas, troca de titularidade e demais servi\u00e7os.<\/p>\n<p>Participar\u00e3o da atividade as secretarias estaduais de Educa\u00e7\u00e3o, Cidades\/Detran e Defesa Social, a Prefeitura de Petrolina, a Defensoria P\u00fablica e a Celpe sob a coordena\u00e7\u00e3o da Executiva de Articula\u00e7\u00e3o Social da Secretaria Estadual de Desenvolvimento Social e Direitos Humanos.<\/p>\n","protected":false},"excerpt":{"rendered":"<p>Emiss\u00e3o de documenta\u00e7\u00e3o cidad\u00e3, cuidados com a sa\u00fade e orienta\u00e7\u00e3o jur\u00eddica s\u00e3o alguns dos servi\u00e7os que estar\u00e3o dispon\u00edveis para as comunidades de S\u00e3o Gon\u00e7alo e do entorno, em Petrolina, no pr\u00f3ximo s\u00e1bado, 1\u00ba de novembro, durante a Ocupa\u00e7\u00e3o Social de Impacto. Coordenada pelo Programa Governo Presente, a a\u00e7\u00e3o envolve as secretariais estaduais, a Prefeitura de Petrolina e institui\u00e7\u00f5es parceiras. Durante toda a manh\u00e3, na Escola Estadual Jo\u00e3o Batista dos Santos (Rua 26, s\/N\u00ba, S\u00e3o Gon\u00e7alo), em S\u00e3o Gon\u00e7alo, as pessoas poder\u00e3o acessar os servi\u00e7os e tirar d\u00favidas sobre direitos e viola\u00e7\u00f5es. Quem for \u00e0 Ocupa\u00e7\u00e3o Social poder\u00e1 solicitar a emiss\u00e3o da carteira de Identidade, do C.P.F, do Cart\u00e3o SUS e a segunda via das certid\u00f5es de Nascimento, Casamento e Div\u00f3rcio.&hellip; <\/p>\n","protected":false},"author":3,"featured_media":0,"comment_status":"open","ping_status":"open","sticky":false,"template":"","format":"standard","meta":{"_acf_changed":false,"footnotes":""},"categories":[1],"tags":[],"class_list":["post-105174","post","type-post","status-publish","format-standard","hentry","category-politica"],"acf":[],"yoast_head":"<!-- This site is optimized with the Yoast SEO plugin v27.4 - https:\/\/yoast.com\/product\/yoast-seo-wordpress\/ -->\n<title>AMANH\u00c3 (01) TEM OCUPA\u00c7\u00c3O SOCIAL NO S\u00c3O GON\u00c7ALO - Blog do Farn\u00e9sio<\/title>\n<meta name=\"robots\" content=\"index, follow, max-snippet:-1, max-image-preview:large, max-video-preview:-1\" \/>\n<link rel=\"canonical\" href=\"https:\/\/blogdofarnesio.com.br\/?p=105174\" \/>\n<meta property=\"og:locale\" content=\"pt_BR\" \/>\n<meta property=\"og:type\" content=\"article\" \/>\n<meta property=\"og:title\" content=\"AMANH\u00c3 (01) TEM OCUPA\u00c7\u00c3O SOCIAL NO S\u00c3O GON\u00c7ALO - Blog do Farn\u00e9sio\" \/>\n<meta property=\"og:description\" content=\"Emiss\u00e3o de documenta\u00e7\u00e3o cidad\u00e3, cuidados com a sa\u00fade e orienta\u00e7\u00e3o jur\u00eddica s\u00e3o alguns dos servi\u00e7os que estar\u00e3o dispon\u00edveis para as comunidades de S\u00e3o Gon\u00e7alo e do entorno, em Petrolina, no pr\u00f3ximo s\u00e1bado, 1\u00ba de novembro, durante a Ocupa\u00e7\u00e3o Social de Impacto. Coordenada pelo Programa Governo Presente, a a\u00e7\u00e3o envolve as secretariais estaduais, a Prefeitura de Petrolina e institui\u00e7\u00f5es parceiras. Durante toda a manh\u00e3, na Escola Estadual Jo\u00e3o Batista dos Santos (Rua 26, s\/N\u00ba, S\u00e3o Gon\u00e7alo), em S\u00e3o Gon\u00e7alo, as pessoas poder\u00e3o acessar os servi\u00e7os e tirar d\u00favidas sobre direitos e viola\u00e7\u00f5es. Quem for \u00e0 Ocupa\u00e7\u00e3o Social poder\u00e1 solicitar a emiss\u00e3o da carteira de Identidade, do C.P.F, do Cart\u00e3o SUS e a segunda via das certid\u00f5es de Nascimento, Casamento e Div\u00f3rcio.&hellip;\" \/>\n<meta property=\"og:url\" content=\"https:\/\/blogdofarnesio.com.br\/?p=105174\" \/>\n<meta property=\"og:site_name\" content=\"Blog do Farn\u00e9sio\" \/>\n<meta property=\"article:publisher\" content=\"https:\/\/www.facebook.com\/BlogQuerSaberPolitica\/\" \/>\n<meta property=\"article:published_time\" content=\"2014-10-31T12:00:51+00:00\" \/>\n<meta name=\"author\" content=\"teste\" \/>\n<meta name=\"twitter:card\" content=\"summary_large_image\" \/>\n<meta name=\"twitter:label1\" content=\"Escrito por\" \/>\n\t<meta name=\"twitter:data1\" content=\"teste\" \/>\n\t<meta name=\"twitter:label2\" content=\"Est. tempo de leitura\" \/>\n\t<meta name=\"twitter:data2\" content=\"2 minutos\" \/>\n<script type=\"application\/ld+json\" class=\"yoast-schema-graph\">{\"@context\":\"https:\\\/\\\/schema.org\",\"@graph\":[{\"@type\":\"Article\",\"@id\":\"https:\\\/\\\/blogdofarnesio.com.br\\\/?p=105174#article\",\"isPartOf\":{\"@id\":\"https:\\\/\\\/blogdofarnesio.com.br\\\/?p=105174\"},\"author\":{\"name\":\"teste\",\"@id\":\"https:\\\/\\\/blogdofarnesio.com.br\\\/#\\\/schema\\\/person\\\/dd1bf5eba40b687199ba45ca6b97dff9\"},\"headline\":\"AMANH\u00c3 (01) TEM OCUPA\u00c7\u00c3O SOCIAL NO S\u00c3O GON\u00c7ALO\",\"datePublished\":\"2014-10-31T12:00:51+00:00\",\"mainEntityOfPage\":{\"@id\":\"https:\\\/\\\/blogdofarnesio.com.br\\\/?p=105174\"},\"wordCount\":382,\"commentCount\":0,\"publisher\":{\"@id\":\"https:\\\/\\\/blogdofarnesio.com.br\\\/#organization\"},\"articleSection\":[\"Pol\u00edtica\"],\"inLanguage\":\"pt-BR\",\"potentialAction\":[{\"@type\":\"CommentAction\",\"name\":\"Comment\",\"target\":[\"https:\\\/\\\/blogdofarnesio.com.br\\\/?p=105174#respond\"]}]},{\"@type\":\"WebPage\",\"@id\":\"https:\\\/\\\/blogdofarnesio.com.br\\\/?p=105174\",\"url\":\"https:\\\/\\\/blogdofarnesio.com.br\\\/?p=105174\",\"name\":\"AMANH\u00c3 (01) TEM OCUPA\u00c7\u00c3O SOCIAL NO S\u00c3O GON\u00c7ALO - Blog do Farn\u00e9sio\",\"isPartOf\":{\"@id\":\"https:\\\/\\\/blogdofarnesio.com.br\\\/#website\"},\"datePublished\":\"2014-10-31T12:00:51+00:00\",\"breadcrumb\":{\"@id\":\"https:\\\/\\\/blogdofarnesio.com.br\\\/?p=105174#breadcrumb\"},\"inLanguage\":\"pt-BR\",\"potentialAction\":[{\"@type\":\"ReadAction\",\"target\":[\"https:\\\/\\\/blogdofarnesio.com.br\\\/?p=105174\"]}]},{\"@type\":\"BreadcrumbList\",\"@id\":\"https:\\\/\\\/blogdofarnesio.com.br\\\/?p=105174#breadcrumb\",\"itemListElement\":[{\"@type\":\"ListItem\",\"position\":1,\"name\":\"In\u00edcio\",\"item\":\"https:\\\/\\\/blogdofarnesio.com.br\\\/\"},{\"@type\":\"ListItem\",\"position\":2,\"name\":\"AMANH\u00c3 (01) TEM OCUPA\u00c7\u00c3O SOCIAL NO S\u00c3O GON\u00c7ALO\"}]},{\"@type\":\"WebSite\",\"@id\":\"https:\\\/\\\/blogdofarnesio.com.br\\\/#website\",\"url\":\"https:\\\/\\\/blogdofarnesio.com.br\\\/\",\"name\":\"Blog do Farn\u00e9sio\",\"description\":\"Quer Saber Pol\u00edtica?\",\"publisher\":{\"@id\":\"https:\\\/\\\/blogdofarnesio.com.br\\\/#organization\"},\"potentialAction\":[{\"@type\":\"SearchAction\",\"target\":{\"@type\":\"EntryPoint\",\"urlTemplate\":\"https:\\\/\\\/blogdofarnesio.com.br\\\/?s={search_term_string}\"},\"query-input\":{\"@type\":\"PropertyValueSpecification\",\"valueRequired\":true,\"valueName\":\"search_term_string\"}}],\"inLanguage\":\"pt-BR\"},{\"@type\":\"Organization\",\"@id\":\"https:\\\/\\\/blogdofarnesio.com.br\\\/#organization\",\"name\":\"Blog do Farn\u00e9sio\",\"url\":\"https:\\\/\\\/blogdofarnesio.com.br\\\/\",\"logo\":{\"@type\":\"ImageObject\",\"inLanguage\":\"pt-BR\",\"@id\":\"https:\\\/\\\/blogdofarnesio.com.br\\\/#\\\/schema\\\/logo\\\/image\\\/\",\"url\":\"https:\\\/\\\/blogdofarnesio.com.br\\\/wp-content\\\/uploads\\\/2026\\\/03\\\/cropped-logo_new-1.png\",\"contentUrl\":\"https:\\\/\\\/blogdofarnesio.com.br\\\/wp-content\\\/uploads\\\/2026\\\/03\\\/cropped-logo_new-1.png\",\"width\":881,\"height\":685,\"caption\":\"Blog do Farn\u00e9sio\"},\"image\":{\"@id\":\"https:\\\/\\\/blogdofarnesio.com.br\\\/#\\\/schema\\\/logo\\\/image\\\/\"},\"sameAs\":[\"https:\\\/\\\/www.facebook.com\\\/BlogQuerSaberPolitica\\\/\"]},{\"@type\":\"Person\",\"@id\":\"https:\\\/\\\/blogdofarnesio.com.br\\\/#\\\/schema\\\/person\\\/dd1bf5eba40b687199ba45ca6b97dff9\",\"name\":\"teste\",\"image\":{\"@type\":\"ImageObject\",\"inLanguage\":\"pt-BR\",\"@id\":\"https:\\\/\\\/secure.gravatar.com\\\/avatar\\\/2172498d4914b51e1d89a0f97957b035ac4938723a5cac208135d389b6972a6d?s=96&d=mm&r=g\",\"url\":\"https:\\\/\\\/secure.gravatar.com\\\/avatar\\\/2172498d4914b51e1d89a0f97957b035ac4938723a5cac208135d389b6972a6d?s=96&d=mm&r=g\",\"contentUrl\":\"https:\\\/\\\/secure.gravatar.com\\\/avatar\\\/2172498d4914b51e1d89a0f97957b035ac4938723a5cac208135d389b6972a6d?s=96&d=mm&r=g\",\"caption\":\"teste\"},\"url\":\"https:\\\/\\\/blogdofarnesio.com.br\\\/?author=3\"}]}<\/script>\n<!-- \/ Yoast SEO plugin. -->","yoast_head_json":{"title":"AMANH\u00c3 (01) TEM OCUPA\u00c7\u00c3O SOCIAL NO S\u00c3O GON\u00c7ALO - Blog do Farn\u00e9sio","robots":{"index":"index","follow":"follow","max-snippet":"max-snippet:-1","max-image-preview":"max-image-preview:large","max-video-preview":"max-video-preview:-1"},"canonical":"https:\/\/blogdofarnesio.com.br\/?p=105174","og_locale":"pt_BR","og_type":"article","og_title":"AMANH\u00c3 (01) TEM OCUPA\u00c7\u00c3O SOCIAL NO S\u00c3O GON\u00c7ALO - Blog do Farn\u00e9sio","og_description":"Emiss\u00e3o de documenta\u00e7\u00e3o cidad\u00e3, cuidados com a sa\u00fade e orienta\u00e7\u00e3o jur\u00eddica s\u00e3o alguns dos servi\u00e7os que estar\u00e3o dispon\u00edveis para as comunidades de S\u00e3o Gon\u00e7alo e do entorno, em Petrolina, no pr\u00f3ximo s\u00e1bado, 1\u00ba de novembro, durante a Ocupa\u00e7\u00e3o Social de Impacto. Coordenada pelo Programa Governo Presente, a a\u00e7\u00e3o envolve as secretariais estaduais, a Prefeitura de Petrolina e institui\u00e7\u00f5es parceiras. Durante toda a manh\u00e3, na Escola Estadual Jo\u00e3o Batista dos Santos (Rua 26, s\/N\u00ba, S\u00e3o Gon\u00e7alo), em S\u00e3o Gon\u00e7alo, as pessoas poder\u00e3o acessar os servi\u00e7os e tirar d\u00favidas sobre direitos e viola\u00e7\u00f5es. Quem for \u00e0 Ocupa\u00e7\u00e3o Social poder\u00e1 solicitar a emiss\u00e3o da carteira de Identidade, do C.P.F, do Cart\u00e3o SUS e a segunda via das certid\u00f5es de Nascimento, Casamento e Div\u00f3rcio.&hellip;","og_url":"https:\/\/blogdofarnesio.com.br\/?p=105174","og_site_name":"Blog do Farn\u00e9sio","article_publisher":"https:\/\/www.facebook.com\/BlogQuerSaberPolitica\/","article_published_time":"2014-10-31T12:00:51+00:00","author":"teste","twitter_card":"summary_large_image","twitter_misc":{"Escrito por":"teste","Est. tempo de leitura":"2 minutos"},"schema":{"@context":"https:\/\/schema.org","@graph":[{"@type":"Article","@id":"https:\/\/blogdofarnesio.com.br\/?p=105174#article","isPartOf":{"@id":"https:\/\/blogdofarnesio.com.br\/?p=105174"},"author":{"name":"teste","@id":"https:\/\/blogdofarnesio.com.br\/#\/schema\/person\/dd1bf5eba40b687199ba45ca6b97dff9"},"headline":"AMANH\u00c3 (01) TEM OCUPA\u00c7\u00c3O SOCIAL NO S\u00c3O GON\u00c7ALO","datePublished":"2014-10-31T12:00:51+00:00","mainEntityOfPage":{"@id":"https:\/\/blogdofarnesio.com.br\/?p=105174"},"wordCount":382,"commentCount":0,"publisher":{"@id":"https:\/\/blogdofarnesio.com.br\/#organization"},"articleSection":["Pol\u00edtica"],"inLanguage":"pt-BR","potentialAction":[{"@type":"CommentAction","name":"Comment","target":["https:\/\/blogdofarnesio.com.br\/?p=105174#respond"]}]},{"@type":"WebPage","@id":"https:\/\/blogdofarnesio.com.br\/?p=105174","url":"https:\/\/blogdofarnesio.com.br\/?p=105174","name":"AMANH\u00c3 (01) TEM OCUPA\u00c7\u00c3O SOCIAL NO S\u00c3O GON\u00c7ALO - Blog do Farn\u00e9sio","isPartOf":{"@id":"https:\/\/blogdofarnesio.com.br\/#website"},"datePublished":"2014-10-31T12:00:51+00:00","breadcrumb":{"@id":"https:\/\/blogdofarnesio.com.br\/?p=105174#breadcrumb"},"inLanguage":"pt-BR","potentialAction":[{"@type":"ReadAction","target":["https:\/\/blogdofarnesio.com.br\/?p=105174"]}]},{"@type":"BreadcrumbList","@id":"https:\/\/blogdofarnesio.com.br\/?p=105174#breadcrumb","itemListElement":[{"@type":"ListItem","position":1,"name":"In\u00edcio","item":"https:\/\/blogdofarnesio.com.br\/"},{"@type":"ListItem","position":2,"name":"AMANH\u00c3 (01) TEM OCUPA\u00c7\u00c3O SOCIAL NO S\u00c3O GON\u00c7ALO"}]},{"@type":"WebSite","@id":"https:\/\/blogdofarnesio.com.br\/#website","url":"https:\/\/blogdofarnesio.com.br\/","name":"Blog do Farn\u00e9sio","description":"Quer Saber Pol\u00edtica?","publisher":{"@id":"https:\/\/blogdofarnesio.com.br\/#organization"},"potentialAction":[{"@type":"SearchAction","target":{"@type":"EntryPoint","urlTemplate":"https:\/\/blogdofarnesio.com.br\/?s={search_term_string}"},"query-input":{"@type":"PropertyValueSpecification","valueRequired":true,"valueName":"search_term_string"}}],"inLanguage":"pt-BR"},{"@type":"Organization","@id":"https:\/\/blogdofarnesio.com.br\/#organization","name":"Blog do Farn\u00e9sio","url":"https:\/\/blogdofarnesio.com.br\/","logo":{"@type":"ImageObject","inLanguage":"pt-BR","@id":"https:\/\/blogdofarnesio.com.br\/#\/schema\/logo\/image\/","url":"https:\/\/blogdofarnesio.com.br\/wp-content\/uploads\/2026\/03\/cropped-logo_new-1.png","contentUrl":"https:\/\/blogdofarnesio.com.br\/wp-content\/uploads\/2026\/03\/cropped-logo_new-1.png","width":881,"height":685,"caption":"Blog do Farn\u00e9sio"},"image":{"@id":"https:\/\/blogdofarnesio.com.br\/#\/schema\/logo\/image\/"},"sameAs":["https:\/\/www.facebook.com\/BlogQuerSaberPolitica\/"]},{"@type":"Person","@id":"https:\/\/blogdofarnesio.com.br\/#\/schema\/person\/dd1bf5eba40b687199ba45ca6b97dff9","name":"teste","image":{"@type":"ImageObject","inLanguage":"pt-BR","@id":"https:\/\/secure.gravatar.com\/avatar\/2172498d4914b51e1d89a0f97957b035ac4938723a5cac208135d389b6972a6d?s=96&d=mm&r=g","url":"https:\/\/secure.gravatar.com\/avatar\/2172498d4914b51e1d89a0f97957b035ac4938723a5cac208135d389b6972a6d?s=96&d=mm&r=g","contentUrl":"https:\/\/secure.gravatar.com\/avatar\/2172498d4914b51e1d89a0f97957b035ac4938723a5cac208135d389b6972a6d?s=96&d=mm&r=g","caption":"teste"},"url":"https:\/\/blogdofarnesio.com.br\/?author=3"}]}},"_links":{"self":[{"href":"https:\/\/blogdofarnesio.com.br\/index.php?rest_route=\/wp\/v2\/posts\/105174","targetHints":{"allow":["GET"]}}],"collection":[{"href":"https:\/\/blogdofarnesio.com.br\/index.php?rest_route=\/wp\/v2\/posts"}],"about":[{"href":"https:\/\/blogdofarnesio.com.br\/index.php?rest_route=\/wp\/v2\/types\/post"}],"author":[{"embeddable":true,"href":"https:\/\/blogdofarnesio.com.br\/index.php?rest_route=\/wp\/v2\/users\/3"}],"replies":[{"embeddable":true,"href":"https:\/\/blogdofarnesio.com.br\/index.php?rest_route=%2Fwp%2Fv2%2Fcomments&post=105174"}],"version-history":[{"count":0,"href":"https:\/\/blogdofarnesio.com.br\/index.php?rest_route=\/wp\/v2\/posts\/105174\/revisions"}],"wp:attachment":[{"href":"https:\/\/blogdofarnesio.com.br\/index.php?rest_route=%2Fwp%2Fv2%2Fmedia&parent=105174"}],"wp:term":[{"taxonomy":"category","embeddable":true,"href":"https:\/\/blogdofarnesio.com.br\/index.php?rest_route=%2Fwp%2Fv2%2Fcategories&post=105174"},{"taxonomy":"post_tag","embeddable":true,"href":"https:\/\/blogdofarnesio.com.br\/index.php?rest_route=%2Fwp%2Fv2%2Ftags&post=105174"}],"curies":[{"name":"wp","href":"https:\/\/api.w.org\/{rel}","templated":true}]}}