{"id":104695,"date":"2014-10-27T16:30:01","date_gmt":"2014-10-27T19:30:01","guid":{"rendered":"http:\/\/www.quersaberpolitica.com.br\/?p=104695"},"modified":"2014-10-27T16:42:44","modified_gmt":"2014-10-27T19:42:44","slug":"marcio-jandir-retira-de-sua-fanpage-comentario-de-que-sente-vergonha-de-ser-nordestino","status":"publish","type":"post","link":"https:\/\/blogdofarnesio.com.br\/?p=104695","title":{"rendered":"M\u00c1RCIO JANDIR RETIRA DE SUA FANPAGE, COMENT\u00c1RIO DE QUE &#8216;SENTIA VERGONHA DE SER  NORDESTINO&#8217;"},"content":{"rendered":"<p style=\"text-align: justify\">Depois de causar um frisson de indigna\u00e7\u00e3o em boa parte de juazeirenses e petrolinenses, o Advogado e ex-candidato \u00e0 prefeitura de Juazeiro nas \u00faltimas elei\u00e7\u00f5es retirou de sua p\u00e1gina no facebook, o coment\u00e1rio que para muitos foi no minimo de intoler\u00e2ncia com seus patr\u00edcios nordestinos.<\/p>\n<p style=\"text-align: justify\">Ele escreveu textualmente \u00e0s 19:34 de ontem (26), ainda no calor do anuncio da reelei\u00e7\u00e3o de Dilma que: &#8221; <strong><em>Nesse momento me sinto envergonhado de ser nordestino, viramos ref\u00e9m da mis\u00e9ria. Eu n\u00e3o vou desistir do Brasil. \u00a0Viva A\u00e9cio, Guerreiro do Povo Brasileiro&#8221;.<\/em><\/strong><\/p>\n<p>Na manh\u00e3 de hoje, procurando minimizar o estrago feito, preferiu contestar as cr\u00edticas, ao inv\u00e9s de abordar a quest\u00e3o de frente. Leia abaixo sua tr\u00e9plica:<\/p>\n<p style=\"color: #333333;font-style: normal;line-height: 24.375px\"><a id=\"js_2\" href=\"https:\/\/www.facebook.com\/marcio.jandir?fref=nf\"><img decoding=\"async\" alt=\"\" src=\"https:\/\/fbcdn-profile-a.akamaihd.net\/hprofile-ak-xap1\/v\/t1.0-1\/c8.0.50.50\/p50x50\/10255551_10203166790195033_5008879063411330962_n.jpg?oh=1760a21d296033b87fbf90816261fda1&amp;oe=54F57224&amp;__gda__=1424113448_7100d3275cf5cec0969b8c6b3488be92\" \/><\/a><\/p>\n<div style=\"color: #333333;font-style: normal;line-height: 24.375px\">\n<div><a style=\"text-decoration: underline\" href=\"https:\/\/www.facebook.com\/marcio.jandir?fref=nf\">M\u00e1rcio Jandir<\/a><\/div>\n<\/div>\n<p style=\"text-align: justify\"><a href=\"https:\/\/www.facebook.com\/marcio.jandir\/posts\/10203166817035704\">4 h<\/a>\u00a0\u00b7\u00a0<em><strong>Boa tarde, tomei conhecimento que algumas pessoas hj tentaram tirar proveito de uma publica\u00e7\u00e3o contida na minha fanpage administrada, reitero que sempre me orgulhei de ser juazeirense, baiano, nordestino e brasileiro, n\u00e3o sou contra o povo, os meus advers\u00e1rios est\u00e3o no poder, contra eles seguirei lutando, sobretudo para ver a minha cidade muito melhor que hoje.<\/strong><\/em><\/p>\n","protected":false},"excerpt":{"rendered":"<p>Depois de causar um frisson de indigna\u00e7\u00e3o em boa parte de juazeirenses e petrolinenses, o Advogado e ex-candidato \u00e0 prefeitura de Juazeiro nas \u00faltimas elei\u00e7\u00f5es retirou de sua p\u00e1gina no facebook, o coment\u00e1rio que para muitos foi no minimo de intoler\u00e2ncia com seus patr\u00edcios nordestinos. Ele escreveu textualmente \u00e0s 19:34 de ontem (26), ainda no calor do anuncio da reelei\u00e7\u00e3o de Dilma que: &#8221; Nesse momento me sinto envergonhado de ser nordestino, viramos ref\u00e9m da mis\u00e9ria. Eu n\u00e3o vou desistir do Brasil. \u00a0Viva A\u00e9cio, Guerreiro do Povo Brasileiro&#8221;. Na manh\u00e3 de hoje, procurando minimizar o estrago feito, preferiu contestar as cr\u00edticas, ao inv\u00e9s de abordar a quest\u00e3o de frente. Leia abaixo sua tr\u00e9plica: M\u00e1rcio Jandir 4 h\u00a0\u00b7\u00a0Boa tarde, tomei conhecimento&hellip; <\/p>\n","protected":false},"author":3,"featured_media":0,"comment_status":"open","ping_status":"open","sticky":false,"template":"","format":"standard","meta":{"_acf_changed":false,"footnotes":""},"categories":[1],"tags":[],"class_list":["post-104695","post","type-post","status-publish","format-standard","hentry","category-politica"],"acf":[],"yoast_head":"<!-- This site is optimized with the Yoast SEO plugin v27.4 - https:\/\/yoast.com\/product\/yoast-seo-wordpress\/ -->\n<title>M\u00c1RCIO JANDIR RETIRA DE SUA FANPAGE, COMENT\u00c1RIO DE QUE &#039;SENTIA VERGONHA DE SER NORDESTINO&#039; - Blog do Farn\u00e9sio<\/title>\n<meta name=\"robots\" content=\"index, follow, max-snippet:-1, max-image-preview:large, max-video-preview:-1\" \/>\n<link rel=\"canonical\" href=\"https:\/\/blogdofarnesio.com.br\/?p=104695\" \/>\n<meta property=\"og:locale\" content=\"pt_BR\" \/>\n<meta property=\"og:type\" content=\"article\" \/>\n<meta property=\"og:title\" content=\"M\u00c1RCIO JANDIR RETIRA DE SUA FANPAGE, COMENT\u00c1RIO DE QUE &#039;SENTIA VERGONHA DE SER NORDESTINO&#039; - Blog do Farn\u00e9sio\" \/>\n<meta property=\"og:description\" content=\"Depois de causar um frisson de indigna\u00e7\u00e3o em boa parte de juazeirenses e petrolinenses, o Advogado e ex-candidato \u00e0 prefeitura de Juazeiro nas \u00faltimas elei\u00e7\u00f5es retirou de sua p\u00e1gina no facebook, o coment\u00e1rio que para muitos foi no minimo de intoler\u00e2ncia com seus patr\u00edcios nordestinos. Ele escreveu textualmente \u00e0s 19:34 de ontem (26), ainda no calor do anuncio da reelei\u00e7\u00e3o de Dilma que: &#8221; Nesse momento me sinto envergonhado de ser nordestino, viramos ref\u00e9m da mis\u00e9ria. Eu n\u00e3o vou desistir do Brasil. \u00a0Viva A\u00e9cio, Guerreiro do Povo Brasileiro&#8221;. Na manh\u00e3 de hoje, procurando minimizar o estrago feito, preferiu contestar as cr\u00edticas, ao inv\u00e9s de abordar a quest\u00e3o de frente. Leia abaixo sua tr\u00e9plica: M\u00e1rcio Jandir 4 h\u00a0\u00b7\u00a0Boa tarde, tomei conhecimento&hellip;\" \/>\n<meta property=\"og:url\" content=\"https:\/\/blogdofarnesio.com.br\/?p=104695\" \/>\n<meta property=\"og:site_name\" content=\"Blog do Farn\u00e9sio\" \/>\n<meta property=\"article:publisher\" content=\"https:\/\/www.facebook.com\/BlogQuerSaberPolitica\/\" \/>\n<meta property=\"article:published_time\" content=\"2014-10-27T19:30:01+00:00\" \/>\n<meta property=\"article:modified_time\" content=\"2014-10-27T19:42:44+00:00\" \/>\n<meta property=\"og:image\" content=\"https:\/\/fbcdn-profile-a.akamaihd.net\/hprofile-ak-xap1\/v\/t1.0-1\/c8.0.50.50\/p50x50\/10255551_10203166790195033_5008879063411330962_n.jpg?oh=1760a21d296033b87fbf90816261fda1&amp;oe=54F57224&amp;__gda__=1424113448_7100d3275cf5cec0969b8c6b3488be92\" \/>\n<meta name=\"author\" content=\"teste\" \/>\n<meta name=\"twitter:card\" content=\"summary_large_image\" \/>\n<meta name=\"twitter:label1\" content=\"Escrito por\" \/>\n\t<meta name=\"twitter:data1\" content=\"teste\" \/>\n\t<meta name=\"twitter:label2\" content=\"Est. tempo de leitura\" \/>\n\t<meta name=\"twitter:data2\" content=\"1 minuto\" \/>\n<script type=\"application\/ld+json\" class=\"yoast-schema-graph\">{\"@context\":\"https:\\\/\\\/schema.org\",\"@graph\":[{\"@type\":\"Article\",\"@id\":\"https:\\\/\\\/blogdofarnesio.com.br\\\/?p=104695#article\",\"isPartOf\":{\"@id\":\"https:\\\/\\\/blogdofarnesio.com.br\\\/?p=104695\"},\"author\":{\"name\":\"teste\",\"@id\":\"https:\\\/\\\/blogdofarnesio.com.br\\\/#\\\/schema\\\/person\\\/dd1bf5eba40b687199ba45ca6b97dff9\"},\"headline\":\"M\u00c1RCIO JANDIR RETIRA DE SUA FANPAGE, COMENT\u00c1RIO DE QUE &#8216;SENTIA VERGONHA DE SER NORDESTINO&#8217;\",\"datePublished\":\"2014-10-27T19:30:01+00:00\",\"dateModified\":\"2014-10-27T19:42:44+00:00\",\"mainEntityOfPage\":{\"@id\":\"https:\\\/\\\/blogdofarnesio.com.br\\\/?p=104695\"},\"wordCount\":204,\"commentCount\":6,\"publisher\":{\"@id\":\"https:\\\/\\\/blogdofarnesio.com.br\\\/#organization\"},\"image\":{\"@id\":\"https:\\\/\\\/blogdofarnesio.com.br\\\/?p=104695#primaryimage\"},\"thumbnailUrl\":\"https:\\\/\\\/fbcdn-profile-a.akamaihd.net\\\/hprofile-ak-xap1\\\/v\\\/t1.0-1\\\/c8.0.50.50\\\/p50x50\\\/10255551_10203166790195033_5008879063411330962_n.jpg?oh=1760a21d296033b87fbf90816261fda1&amp;oe=54F57224&amp;__gda__=1424113448_7100d3275cf5cec0969b8c6b3488be92\",\"articleSection\":[\"Pol\u00edtica\"],\"inLanguage\":\"pt-BR\",\"potentialAction\":[{\"@type\":\"CommentAction\",\"name\":\"Comment\",\"target\":[\"https:\\\/\\\/blogdofarnesio.com.br\\\/?p=104695#respond\"]}]},{\"@type\":\"WebPage\",\"@id\":\"https:\\\/\\\/blogdofarnesio.com.br\\\/?p=104695\",\"url\":\"https:\\\/\\\/blogdofarnesio.com.br\\\/?p=104695\",\"name\":\"M\u00c1RCIO JANDIR RETIRA DE SUA FANPAGE, COMENT\u00c1RIO DE QUE 'SENTIA VERGONHA DE SER NORDESTINO' - Blog do Farn\u00e9sio\",\"isPartOf\":{\"@id\":\"https:\\\/\\\/blogdofarnesio.com.br\\\/#website\"},\"primaryImageOfPage\":{\"@id\":\"https:\\\/\\\/blogdofarnesio.com.br\\\/?p=104695#primaryimage\"},\"image\":{\"@id\":\"https:\\\/\\\/blogdofarnesio.com.br\\\/?p=104695#primaryimage\"},\"thumbnailUrl\":\"https:\\\/\\\/fbcdn-profile-a.akamaihd.net\\\/hprofile-ak-xap1\\\/v\\\/t1.0-1\\\/c8.0.50.50\\\/p50x50\\\/10255551_10203166790195033_5008879063411330962_n.jpg?oh=1760a21d296033b87fbf90816261fda1&amp;oe=54F57224&amp;__gda__=1424113448_7100d3275cf5cec0969b8c6b3488be92\",\"datePublished\":\"2014-10-27T19:30:01+00:00\",\"dateModified\":\"2014-10-27T19:42:44+00:00\",\"breadcrumb\":{\"@id\":\"https:\\\/\\\/blogdofarnesio.com.br\\\/?p=104695#breadcrumb\"},\"inLanguage\":\"pt-BR\",\"potentialAction\":[{\"@type\":\"ReadAction\",\"target\":[\"https:\\\/\\\/blogdofarnesio.com.br\\\/?p=104695\"]}]},{\"@type\":\"ImageObject\",\"inLanguage\":\"pt-BR\",\"@id\":\"https:\\\/\\\/blogdofarnesio.com.br\\\/?p=104695#primaryimage\",\"url\":\"https:\\\/\\\/fbcdn-profile-a.akamaihd.net\\\/hprofile-ak-xap1\\\/v\\\/t1.0-1\\\/c8.0.50.50\\\/p50x50\\\/10255551_10203166790195033_5008879063411330962_n.jpg?oh=1760a21d296033b87fbf90816261fda1&amp;oe=54F57224&amp;__gda__=1424113448_7100d3275cf5cec0969b8c6b3488be92\",\"contentUrl\":\"https:\\\/\\\/fbcdn-profile-a.akamaihd.net\\\/hprofile-ak-xap1\\\/v\\\/t1.0-1\\\/c8.0.50.50\\\/p50x50\\\/10255551_10203166790195033_5008879063411330962_n.jpg?oh=1760a21d296033b87fbf90816261fda1&amp;oe=54F57224&amp;__gda__=1424113448_7100d3275cf5cec0969b8c6b3488be92\"},{\"@type\":\"BreadcrumbList\",\"@id\":\"https:\\\/\\\/blogdofarnesio.com.br\\\/?p=104695#breadcrumb\",\"itemListElement\":[{\"@type\":\"ListItem\",\"position\":1,\"name\":\"In\u00edcio\",\"item\":\"https:\\\/\\\/blogdofarnesio.com.br\\\/\"},{\"@type\":\"ListItem\",\"position\":2,\"name\":\"M\u00c1RCIO JANDIR RETIRA DE SUA FANPAGE, COMENT\u00c1RIO DE QUE &#8216;SENTIA VERGONHA DE SER NORDESTINO&#8217;\"}]},{\"@type\":\"WebSite\",\"@id\":\"https:\\\/\\\/blogdofarnesio.com.br\\\/#website\",\"url\":\"https:\\\/\\\/blogdofarnesio.com.br\\\/\",\"name\":\"Blog do Farn\u00e9sio\",\"description\":\"Quer Saber Pol\u00edtica?\",\"publisher\":{\"@id\":\"https:\\\/\\\/blogdofarnesio.com.br\\\/#organization\"},\"potentialAction\":[{\"@type\":\"SearchAction\",\"target\":{\"@type\":\"EntryPoint\",\"urlTemplate\":\"https:\\\/\\\/blogdofarnesio.com.br\\\/?s={search_term_string}\"},\"query-input\":{\"@type\":\"PropertyValueSpecification\",\"valueRequired\":true,\"valueName\":\"search_term_string\"}}],\"inLanguage\":\"pt-BR\"},{\"@type\":\"Organization\",\"@id\":\"https:\\\/\\\/blogdofarnesio.com.br\\\/#organization\",\"name\":\"Blog do Farn\u00e9sio\",\"url\":\"https:\\\/\\\/blogdofarnesio.com.br\\\/\",\"logo\":{\"@type\":\"ImageObject\",\"inLanguage\":\"pt-BR\",\"@id\":\"https:\\\/\\\/blogdofarnesio.com.br\\\/#\\\/schema\\\/logo\\\/image\\\/\",\"url\":\"https:\\\/\\\/blogdofarnesio.com.br\\\/wp-content\\\/uploads\\\/2026\\\/03\\\/cropped-logo_new-1.png\",\"contentUrl\":\"https:\\\/\\\/blogdofarnesio.com.br\\\/wp-content\\\/uploads\\\/2026\\\/03\\\/cropped-logo_new-1.png\",\"width\":881,\"height\":685,\"caption\":\"Blog do Farn\u00e9sio\"},\"image\":{\"@id\":\"https:\\\/\\\/blogdofarnesio.com.br\\\/#\\\/schema\\\/logo\\\/image\\\/\"},\"sameAs\":[\"https:\\\/\\\/www.facebook.com\\\/BlogQuerSaberPolitica\\\/\"]},{\"@type\":\"Person\",\"@id\":\"https:\\\/\\\/blogdofarnesio.com.br\\\/#\\\/schema\\\/person\\\/dd1bf5eba40b687199ba45ca6b97dff9\",\"name\":\"teste\",\"image\":{\"@type\":\"ImageObject\",\"inLanguage\":\"pt-BR\",\"@id\":\"https:\\\/\\\/secure.gravatar.com\\\/avatar\\\/2172498d4914b51e1d89a0f97957b035ac4938723a5cac208135d389b6972a6d?s=96&d=mm&r=g\",\"url\":\"https:\\\/\\\/secure.gravatar.com\\\/avatar\\\/2172498d4914b51e1d89a0f97957b035ac4938723a5cac208135d389b6972a6d?s=96&d=mm&r=g\",\"contentUrl\":\"https:\\\/\\\/secure.gravatar.com\\\/avatar\\\/2172498d4914b51e1d89a0f97957b035ac4938723a5cac208135d389b6972a6d?s=96&d=mm&r=g\",\"caption\":\"teste\"},\"url\":\"https:\\\/\\\/blogdofarnesio.com.br\\\/?author=3\"}]}<\/script>\n<!-- \/ Yoast SEO plugin. -->","yoast_head_json":{"title":"M\u00c1RCIO JANDIR RETIRA DE SUA FANPAGE, COMENT\u00c1RIO DE QUE 'SENTIA VERGONHA DE SER NORDESTINO' - Blog do Farn\u00e9sio","robots":{"index":"index","follow":"follow","max-snippet":"max-snippet:-1","max-image-preview":"max-image-preview:large","max-video-preview":"max-video-preview:-1"},"canonical":"https:\/\/blogdofarnesio.com.br\/?p=104695","og_locale":"pt_BR","og_type":"article","og_title":"M\u00c1RCIO JANDIR RETIRA DE SUA FANPAGE, COMENT\u00c1RIO DE QUE 'SENTIA VERGONHA DE SER NORDESTINO' - Blog do Farn\u00e9sio","og_description":"Depois de causar um frisson de indigna\u00e7\u00e3o em boa parte de juazeirenses e petrolinenses, o Advogado e ex-candidato \u00e0 prefeitura de Juazeiro nas \u00faltimas elei\u00e7\u00f5es retirou de sua p\u00e1gina no facebook, o coment\u00e1rio que para muitos foi no minimo de intoler\u00e2ncia com seus patr\u00edcios nordestinos. Ele escreveu textualmente \u00e0s 19:34 de ontem (26), ainda no calor do anuncio da reelei\u00e7\u00e3o de Dilma que: &#8221; Nesse momento me sinto envergonhado de ser nordestino, viramos ref\u00e9m da mis\u00e9ria. Eu n\u00e3o vou desistir do Brasil. \u00a0Viva A\u00e9cio, Guerreiro do Povo Brasileiro&#8221;. Na manh\u00e3 de hoje, procurando minimizar o estrago feito, preferiu contestar as cr\u00edticas, ao inv\u00e9s de abordar a quest\u00e3o de frente. Leia abaixo sua tr\u00e9plica: M\u00e1rcio Jandir 4 h\u00a0\u00b7\u00a0Boa tarde, tomei conhecimento&hellip;","og_url":"https:\/\/blogdofarnesio.com.br\/?p=104695","og_site_name":"Blog do Farn\u00e9sio","article_publisher":"https:\/\/www.facebook.com\/BlogQuerSaberPolitica\/","article_published_time":"2014-10-27T19:30:01+00:00","article_modified_time":"2014-10-27T19:42:44+00:00","og_image":[{"url":"https:\/\/fbcdn-profile-a.akamaihd.net\/hprofile-ak-xap1\/v\/t1.0-1\/c8.0.50.50\/p50x50\/10255551_10203166790195033_5008879063411330962_n.jpg?oh=1760a21d296033b87fbf90816261fda1&amp;oe=54F57224&amp;__gda__=1424113448_7100d3275cf5cec0969b8c6b3488be92","type":"","width":"","height":""}],"author":"teste","twitter_card":"summary_large_image","twitter_misc":{"Escrito por":"teste","Est. tempo de leitura":"1 minuto"},"schema":{"@context":"https:\/\/schema.org","@graph":[{"@type":"Article","@id":"https:\/\/blogdofarnesio.com.br\/?p=104695#article","isPartOf":{"@id":"https:\/\/blogdofarnesio.com.br\/?p=104695"},"author":{"name":"teste","@id":"https:\/\/blogdofarnesio.com.br\/#\/schema\/person\/dd1bf5eba40b687199ba45ca6b97dff9"},"headline":"M\u00c1RCIO JANDIR RETIRA DE SUA FANPAGE, COMENT\u00c1RIO DE QUE &#8216;SENTIA VERGONHA DE SER NORDESTINO&#8217;","datePublished":"2014-10-27T19:30:01+00:00","dateModified":"2014-10-27T19:42:44+00:00","mainEntityOfPage":{"@id":"https:\/\/blogdofarnesio.com.br\/?p=104695"},"wordCount":204,"commentCount":6,"publisher":{"@id":"https:\/\/blogdofarnesio.com.br\/#organization"},"image":{"@id":"https:\/\/blogdofarnesio.com.br\/?p=104695#primaryimage"},"thumbnailUrl":"https:\/\/fbcdn-profile-a.akamaihd.net\/hprofile-ak-xap1\/v\/t1.0-1\/c8.0.50.50\/p50x50\/10255551_10203166790195033_5008879063411330962_n.jpg?oh=1760a21d296033b87fbf90816261fda1&amp;oe=54F57224&amp;__gda__=1424113448_7100d3275cf5cec0969b8c6b3488be92","articleSection":["Pol\u00edtica"],"inLanguage":"pt-BR","potentialAction":[{"@type":"CommentAction","name":"Comment","target":["https:\/\/blogdofarnesio.com.br\/?p=104695#respond"]}]},{"@type":"WebPage","@id":"https:\/\/blogdofarnesio.com.br\/?p=104695","url":"https:\/\/blogdofarnesio.com.br\/?p=104695","name":"M\u00c1RCIO JANDIR RETIRA DE SUA FANPAGE, COMENT\u00c1RIO DE QUE 'SENTIA VERGONHA DE SER NORDESTINO' - Blog do Farn\u00e9sio","isPartOf":{"@id":"https:\/\/blogdofarnesio.com.br\/#website"},"primaryImageOfPage":{"@id":"https:\/\/blogdofarnesio.com.br\/?p=104695#primaryimage"},"image":{"@id":"https:\/\/blogdofarnesio.com.br\/?p=104695#primaryimage"},"thumbnailUrl":"https:\/\/fbcdn-profile-a.akamaihd.net\/hprofile-ak-xap1\/v\/t1.0-1\/c8.0.50.50\/p50x50\/10255551_10203166790195033_5008879063411330962_n.jpg?oh=1760a21d296033b87fbf90816261fda1&amp;oe=54F57224&amp;__gda__=1424113448_7100d3275cf5cec0969b8c6b3488be92","datePublished":"2014-10-27T19:30:01+00:00","dateModified":"2014-10-27T19:42:44+00:00","breadcrumb":{"@id":"https:\/\/blogdofarnesio.com.br\/?p=104695#breadcrumb"},"inLanguage":"pt-BR","potentialAction":[{"@type":"ReadAction","target":["https:\/\/blogdofarnesio.com.br\/?p=104695"]}]},{"@type":"ImageObject","inLanguage":"pt-BR","@id":"https:\/\/blogdofarnesio.com.br\/?p=104695#primaryimage","url":"https:\/\/fbcdn-profile-a.akamaihd.net\/hprofile-ak-xap1\/v\/t1.0-1\/c8.0.50.50\/p50x50\/10255551_10203166790195033_5008879063411330962_n.jpg?oh=1760a21d296033b87fbf90816261fda1&amp;oe=54F57224&amp;__gda__=1424113448_7100d3275cf5cec0969b8c6b3488be92","contentUrl":"https:\/\/fbcdn-profile-a.akamaihd.net\/hprofile-ak-xap1\/v\/t1.0-1\/c8.0.50.50\/p50x50\/10255551_10203166790195033_5008879063411330962_n.jpg?oh=1760a21d296033b87fbf90816261fda1&amp;oe=54F57224&amp;__gda__=1424113448_7100d3275cf5cec0969b8c6b3488be92"},{"@type":"BreadcrumbList","@id":"https:\/\/blogdofarnesio.com.br\/?p=104695#breadcrumb","itemListElement":[{"@type":"ListItem","position":1,"name":"In\u00edcio","item":"https:\/\/blogdofarnesio.com.br\/"},{"@type":"ListItem","position":2,"name":"M\u00c1RCIO JANDIR RETIRA DE SUA FANPAGE, COMENT\u00c1RIO DE QUE &#8216;SENTIA VERGONHA DE SER NORDESTINO&#8217;"}]},{"@type":"WebSite","@id":"https:\/\/blogdofarnesio.com.br\/#website","url":"https:\/\/blogdofarnesio.com.br\/","name":"Blog do Farn\u00e9sio","description":"Quer Saber Pol\u00edtica?","publisher":{"@id":"https:\/\/blogdofarnesio.com.br\/#organization"},"potentialAction":[{"@type":"SearchAction","target":{"@type":"EntryPoint","urlTemplate":"https:\/\/blogdofarnesio.com.br\/?s={search_term_string}"},"query-input":{"@type":"PropertyValueSpecification","valueRequired":true,"valueName":"search_term_string"}}],"inLanguage":"pt-BR"},{"@type":"Organization","@id":"https:\/\/blogdofarnesio.com.br\/#organization","name":"Blog do Farn\u00e9sio","url":"https:\/\/blogdofarnesio.com.br\/","logo":{"@type":"ImageObject","inLanguage":"pt-BR","@id":"https:\/\/blogdofarnesio.com.br\/#\/schema\/logo\/image\/","url":"https:\/\/blogdofarnesio.com.br\/wp-content\/uploads\/2026\/03\/cropped-logo_new-1.png","contentUrl":"https:\/\/blogdofarnesio.com.br\/wp-content\/uploads\/2026\/03\/cropped-logo_new-1.png","width":881,"height":685,"caption":"Blog do Farn\u00e9sio"},"image":{"@id":"https:\/\/blogdofarnesio.com.br\/#\/schema\/logo\/image\/"},"sameAs":["https:\/\/www.facebook.com\/BlogQuerSaberPolitica\/"]},{"@type":"Person","@id":"https:\/\/blogdofarnesio.com.br\/#\/schema\/person\/dd1bf5eba40b687199ba45ca6b97dff9","name":"teste","image":{"@type":"ImageObject","inLanguage":"pt-BR","@id":"https:\/\/secure.gravatar.com\/avatar\/2172498d4914b51e1d89a0f97957b035ac4938723a5cac208135d389b6972a6d?s=96&d=mm&r=g","url":"https:\/\/secure.gravatar.com\/avatar\/2172498d4914b51e1d89a0f97957b035ac4938723a5cac208135d389b6972a6d?s=96&d=mm&r=g","contentUrl":"https:\/\/secure.gravatar.com\/avatar\/2172498d4914b51e1d89a0f97957b035ac4938723a5cac208135d389b6972a6d?s=96&d=mm&r=g","caption":"teste"},"url":"https:\/\/blogdofarnesio.com.br\/?author=3"}]}},"_links":{"self":[{"href":"https:\/\/blogdofarnesio.com.br\/index.php?rest_route=\/wp\/v2\/posts\/104695","targetHints":{"allow":["GET"]}}],"collection":[{"href":"https:\/\/blogdofarnesio.com.br\/index.php?rest_route=\/wp\/v2\/posts"}],"about":[{"href":"https:\/\/blogdofarnesio.com.br\/index.php?rest_route=\/wp\/v2\/types\/post"}],"author":[{"embeddable":true,"href":"https:\/\/blogdofarnesio.com.br\/index.php?rest_route=\/wp\/v2\/users\/3"}],"replies":[{"embeddable":true,"href":"https:\/\/blogdofarnesio.com.br\/index.php?rest_route=%2Fwp%2Fv2%2Fcomments&post=104695"}],"version-history":[{"count":0,"href":"https:\/\/blogdofarnesio.com.br\/index.php?rest_route=\/wp\/v2\/posts\/104695\/revisions"}],"wp:attachment":[{"href":"https:\/\/blogdofarnesio.com.br\/index.php?rest_route=%2Fwp%2Fv2%2Fmedia&parent=104695"}],"wp:term":[{"taxonomy":"category","embeddable":true,"href":"https:\/\/blogdofarnesio.com.br\/index.php?rest_route=%2Fwp%2Fv2%2Fcategories&post=104695"},{"taxonomy":"post_tag","embeddable":true,"href":"https:\/\/blogdofarnesio.com.br\/index.php?rest_route=%2Fwp%2Fv2%2Ftags&post=104695"}],"curies":[{"name":"wp","href":"https:\/\/api.w.org\/{rel}","templated":true}]}}