{"id":104646,"date":"2014-10-27T11:30:52","date_gmt":"2014-10-27T14:30:52","guid":{"rendered":"http:\/\/www.quersaberpolitica.com.br\/?p=104646"},"modified":"2014-10-27T13:31:21","modified_gmt":"2014-10-27T16:31:21","slug":"e-dada-com-certa-convocxacao-de-jaques-wagner-para-o-novo-ministerio-de-dilma","status":"publish","type":"post","link":"https:\/\/blogdofarnesio.com.br\/?p=104646","title":{"rendered":"\u00c9 DADA COM CERTA CONVOCA\u00c7\u00c3O DE JAQUES WAGNER PARA O NOVO MINIST\u00c9RIO DE DILMA"},"content":{"rendered":"<div><img loading=\"lazy\" decoding=\"async\" class=\"aligncenter\" alt=\"\" src=\"http:\/\/www.politicalivre.com.br\/wp-content\/thumbgen_cache\/ff591f3821224e0f290d7ba32cd55a82.jpg\" width=\"472\" height=\"256\" \/><\/p>\n<p style=\"text-align: justify\">Conforme antecipou o\u00a0<strong>Pol\u00edtica Livre<\/strong>\u00a0no dia 14 de outubro (<a href=\"http:\/\/www.politicalivre.com.br\/2014\/10\/lula-quer-wagner-ministro-em-eventual-2o-governo-de-dilma\/\" target=\"_blank\">ver aqui<\/a>), o governador Jaques Wagner \u00e9 nome certo para integrar o segundo governo da presidente Dilma Rousseff, segundo a imprensa nacional.<\/p>\n<p style=\"text-align: justify\">De acordo com a Folha de S. Paulo, ele deve integrar um n\u00facleo pol\u00edtico forte para atuar na linha de frente da rela\u00e7\u00e3o do Pal\u00e1cio do Planalto com o Congresso, cujas pontes foram praticamente rompidas por Dilma Rousseff em seu primeiro mandato, o que foi motivo de diversas crises com os parlamentares, especialmente em vota\u00e7\u00f5es em plen\u00e1rio.<\/p>\n<p style=\"text-align: justify\">Wagner comp\u00f4s a coordena\u00e7\u00e3o de campanha com os ministros Alo\u00edzio Mercadante e Miguel Rosseto. A avalia\u00e7\u00e3o \u00e9 de que o governo enfrentar\u00e1 uma crise pol\u00edtica j\u00e1 em decorr\u00eancia dos desdobramentos da Opera\u00e7\u00e3o Lava Jato, da Pol\u00edcia Federal.<\/p>\n<p style=\"text-align: justify\">Favorecem imensamente o governador, al\u00e9m do perfil de pol\u00edtico habilidoso, mais do que nunca necess\u00e1rio \u00e0 presidente, a expressiva vota\u00e7\u00e3o que deu \u00e0 candidata no Estado e em Salvador neste segundo turno eleitoral.<\/p>\n<\/div>\n","protected":false},"excerpt":{"rendered":"<p>Conforme antecipou o\u00a0Pol\u00edtica Livre\u00a0no dia 14 de outubro (ver aqui), o governador Jaques Wagner \u00e9 nome certo para integrar o segundo governo da presidente Dilma Rousseff, segundo a imprensa nacional. De acordo com a Folha de S. Paulo, ele deve integrar um n\u00facleo pol\u00edtico forte para atuar na linha de frente da rela\u00e7\u00e3o do Pal\u00e1cio do Planalto com o Congresso, cujas pontes foram praticamente rompidas por Dilma Rousseff em seu primeiro mandato, o que foi motivo de diversas crises com os parlamentares, especialmente em vota\u00e7\u00f5es em plen\u00e1rio. Wagner comp\u00f4s a coordena\u00e7\u00e3o de campanha com os ministros Alo\u00edzio Mercadante e Miguel Rosseto. A avalia\u00e7\u00e3o \u00e9 de que o governo enfrentar\u00e1 uma crise pol\u00edtica j\u00e1 em decorr\u00eancia dos desdobramentos da Opera\u00e7\u00e3o Lava&hellip; <\/p>\n","protected":false},"author":3,"featured_media":0,"comment_status":"open","ping_status":"open","sticky":false,"template":"","format":"standard","meta":{"_acf_changed":false,"footnotes":""},"categories":[1],"tags":[],"class_list":["post-104646","post","type-post","status-publish","format-standard","hentry","category-politica"],"acf":[],"yoast_head":"<!-- This site is optimized with the Yoast SEO plugin v27.4 - https:\/\/yoast.com\/product\/yoast-seo-wordpress\/ -->\n<title>\u00c9 DADA COM CERTA CONVOCA\u00c7\u00c3O DE JAQUES WAGNER PARA O NOVO MINIST\u00c9RIO DE DILMA - Blog do Farn\u00e9sio<\/title>\n<meta name=\"robots\" content=\"index, follow, max-snippet:-1, max-image-preview:large, max-video-preview:-1\" \/>\n<link rel=\"canonical\" href=\"https:\/\/blogdofarnesio.com.br\/?p=104646\" \/>\n<meta property=\"og:locale\" content=\"pt_BR\" \/>\n<meta property=\"og:type\" content=\"article\" \/>\n<meta property=\"og:title\" content=\"\u00c9 DADA COM CERTA CONVOCA\u00c7\u00c3O DE JAQUES WAGNER PARA O NOVO MINIST\u00c9RIO DE DILMA - Blog do Farn\u00e9sio\" \/>\n<meta property=\"og:description\" content=\"Conforme antecipou o\u00a0Pol\u00edtica Livre\u00a0no dia 14 de outubro (ver aqui), o governador Jaques Wagner \u00e9 nome certo para integrar o segundo governo da presidente Dilma Rousseff, segundo a imprensa nacional. De acordo com a Folha de S. Paulo, ele deve integrar um n\u00facleo pol\u00edtico forte para atuar na linha de frente da rela\u00e7\u00e3o do Pal\u00e1cio do Planalto com o Congresso, cujas pontes foram praticamente rompidas por Dilma Rousseff em seu primeiro mandato, o que foi motivo de diversas crises com os parlamentares, especialmente em vota\u00e7\u00f5es em plen\u00e1rio. Wagner comp\u00f4s a coordena\u00e7\u00e3o de campanha com os ministros Alo\u00edzio Mercadante e Miguel Rosseto. A avalia\u00e7\u00e3o \u00e9 de que o governo enfrentar\u00e1 uma crise pol\u00edtica j\u00e1 em decorr\u00eancia dos desdobramentos da Opera\u00e7\u00e3o Lava&hellip;\" \/>\n<meta property=\"og:url\" content=\"https:\/\/blogdofarnesio.com.br\/?p=104646\" \/>\n<meta property=\"og:site_name\" content=\"Blog do Farn\u00e9sio\" \/>\n<meta property=\"article:publisher\" content=\"https:\/\/www.facebook.com\/BlogQuerSaberPolitica\/\" \/>\n<meta property=\"article:published_time\" content=\"2014-10-27T14:30:52+00:00\" \/>\n<meta property=\"article:modified_time\" content=\"2014-10-27T16:31:21+00:00\" \/>\n<meta property=\"og:image\" content=\"http:\/\/www.politicalivre.com.br\/wp-content\/thumbgen_cache\/ff591f3821224e0f290d7ba32cd55a82.jpg\" \/>\n<meta name=\"author\" content=\"teste\" \/>\n<meta name=\"twitter:card\" content=\"summary_large_image\" \/>\n<meta name=\"twitter:label1\" content=\"Escrito por\" \/>\n\t<meta name=\"twitter:data1\" content=\"teste\" \/>\n\t<meta name=\"twitter:label2\" content=\"Est. tempo de leitura\" \/>\n\t<meta name=\"twitter:data2\" content=\"1 minuto\" \/>\n<script type=\"application\/ld+json\" class=\"yoast-schema-graph\">{\"@context\":\"https:\\\/\\\/schema.org\",\"@graph\":[{\"@type\":\"Article\",\"@id\":\"https:\\\/\\\/blogdofarnesio.com.br\\\/?p=104646#article\",\"isPartOf\":{\"@id\":\"https:\\\/\\\/blogdofarnesio.com.br\\\/?p=104646\"},\"author\":{\"name\":\"teste\",\"@id\":\"https:\\\/\\\/blogdofarnesio.com.br\\\/#\\\/schema\\\/person\\\/dd1bf5eba40b687199ba45ca6b97dff9\"},\"headline\":\"\u00c9 DADA COM CERTA CONVOCA\u00c7\u00c3O DE JAQUES WAGNER PARA O NOVO MINIST\u00c9RIO DE DILMA\",\"datePublished\":\"2014-10-27T14:30:52+00:00\",\"dateModified\":\"2014-10-27T16:31:21+00:00\",\"mainEntityOfPage\":{\"@id\":\"https:\\\/\\\/blogdofarnesio.com.br\\\/?p=104646\"},\"wordCount\":188,\"commentCount\":0,\"publisher\":{\"@id\":\"https:\\\/\\\/blogdofarnesio.com.br\\\/#organization\"},\"image\":{\"@id\":\"https:\\\/\\\/blogdofarnesio.com.br\\\/?p=104646#primaryimage\"},\"thumbnailUrl\":\"http:\\\/\\\/www.politicalivre.com.br\\\/wp-content\\\/thumbgen_cache\\\/ff591f3821224e0f290d7ba32cd55a82.jpg\",\"articleSection\":[\"Pol\u00edtica\"],\"inLanguage\":\"pt-BR\",\"potentialAction\":[{\"@type\":\"CommentAction\",\"name\":\"Comment\",\"target\":[\"https:\\\/\\\/blogdofarnesio.com.br\\\/?p=104646#respond\"]}]},{\"@type\":\"WebPage\",\"@id\":\"https:\\\/\\\/blogdofarnesio.com.br\\\/?p=104646\",\"url\":\"https:\\\/\\\/blogdofarnesio.com.br\\\/?p=104646\",\"name\":\"\u00c9 DADA COM CERTA CONVOCA\u00c7\u00c3O DE JAQUES WAGNER PARA O NOVO MINIST\u00c9RIO DE DILMA - Blog do Farn\u00e9sio\",\"isPartOf\":{\"@id\":\"https:\\\/\\\/blogdofarnesio.com.br\\\/#website\"},\"primaryImageOfPage\":{\"@id\":\"https:\\\/\\\/blogdofarnesio.com.br\\\/?p=104646#primaryimage\"},\"image\":{\"@id\":\"https:\\\/\\\/blogdofarnesio.com.br\\\/?p=104646#primaryimage\"},\"thumbnailUrl\":\"http:\\\/\\\/www.politicalivre.com.br\\\/wp-content\\\/thumbgen_cache\\\/ff591f3821224e0f290d7ba32cd55a82.jpg\",\"datePublished\":\"2014-10-27T14:30:52+00:00\",\"dateModified\":\"2014-10-27T16:31:21+00:00\",\"breadcrumb\":{\"@id\":\"https:\\\/\\\/blogdofarnesio.com.br\\\/?p=104646#breadcrumb\"},\"inLanguage\":\"pt-BR\",\"potentialAction\":[{\"@type\":\"ReadAction\",\"target\":[\"https:\\\/\\\/blogdofarnesio.com.br\\\/?p=104646\"]}]},{\"@type\":\"ImageObject\",\"inLanguage\":\"pt-BR\",\"@id\":\"https:\\\/\\\/blogdofarnesio.com.br\\\/?p=104646#primaryimage\",\"url\":\"http:\\\/\\\/www.politicalivre.com.br\\\/wp-content\\\/thumbgen_cache\\\/ff591f3821224e0f290d7ba32cd55a82.jpg\",\"contentUrl\":\"http:\\\/\\\/www.politicalivre.com.br\\\/wp-content\\\/thumbgen_cache\\\/ff591f3821224e0f290d7ba32cd55a82.jpg\"},{\"@type\":\"BreadcrumbList\",\"@id\":\"https:\\\/\\\/blogdofarnesio.com.br\\\/?p=104646#breadcrumb\",\"itemListElement\":[{\"@type\":\"ListItem\",\"position\":1,\"name\":\"In\u00edcio\",\"item\":\"https:\\\/\\\/blogdofarnesio.com.br\\\/\"},{\"@type\":\"ListItem\",\"position\":2,\"name\":\"\u00c9 DADA COM CERTA CONVOCA\u00c7\u00c3O DE JAQUES WAGNER PARA O NOVO MINIST\u00c9RIO DE DILMA\"}]},{\"@type\":\"WebSite\",\"@id\":\"https:\\\/\\\/blogdofarnesio.com.br\\\/#website\",\"url\":\"https:\\\/\\\/blogdofarnesio.com.br\\\/\",\"name\":\"Blog do Farn\u00e9sio\",\"description\":\"Quer Saber Pol\u00edtica?\",\"publisher\":{\"@id\":\"https:\\\/\\\/blogdofarnesio.com.br\\\/#organization\"},\"potentialAction\":[{\"@type\":\"SearchAction\",\"target\":{\"@type\":\"EntryPoint\",\"urlTemplate\":\"https:\\\/\\\/blogdofarnesio.com.br\\\/?s={search_term_string}\"},\"query-input\":{\"@type\":\"PropertyValueSpecification\",\"valueRequired\":true,\"valueName\":\"search_term_string\"}}],\"inLanguage\":\"pt-BR\"},{\"@type\":\"Organization\",\"@id\":\"https:\\\/\\\/blogdofarnesio.com.br\\\/#organization\",\"name\":\"Blog do Farn\u00e9sio\",\"url\":\"https:\\\/\\\/blogdofarnesio.com.br\\\/\",\"logo\":{\"@type\":\"ImageObject\",\"inLanguage\":\"pt-BR\",\"@id\":\"https:\\\/\\\/blogdofarnesio.com.br\\\/#\\\/schema\\\/logo\\\/image\\\/\",\"url\":\"https:\\\/\\\/blogdofarnesio.com.br\\\/wp-content\\\/uploads\\\/2026\\\/03\\\/cropped-logo_new-1.png\",\"contentUrl\":\"https:\\\/\\\/blogdofarnesio.com.br\\\/wp-content\\\/uploads\\\/2026\\\/03\\\/cropped-logo_new-1.png\",\"width\":881,\"height\":685,\"caption\":\"Blog do Farn\u00e9sio\"},\"image\":{\"@id\":\"https:\\\/\\\/blogdofarnesio.com.br\\\/#\\\/schema\\\/logo\\\/image\\\/\"},\"sameAs\":[\"https:\\\/\\\/www.facebook.com\\\/BlogQuerSaberPolitica\\\/\"]},{\"@type\":\"Person\",\"@id\":\"https:\\\/\\\/blogdofarnesio.com.br\\\/#\\\/schema\\\/person\\\/dd1bf5eba40b687199ba45ca6b97dff9\",\"name\":\"teste\",\"image\":{\"@type\":\"ImageObject\",\"inLanguage\":\"pt-BR\",\"@id\":\"https:\\\/\\\/secure.gravatar.com\\\/avatar\\\/2172498d4914b51e1d89a0f97957b035ac4938723a5cac208135d389b6972a6d?s=96&d=mm&r=g\",\"url\":\"https:\\\/\\\/secure.gravatar.com\\\/avatar\\\/2172498d4914b51e1d89a0f97957b035ac4938723a5cac208135d389b6972a6d?s=96&d=mm&r=g\",\"contentUrl\":\"https:\\\/\\\/secure.gravatar.com\\\/avatar\\\/2172498d4914b51e1d89a0f97957b035ac4938723a5cac208135d389b6972a6d?s=96&d=mm&r=g\",\"caption\":\"teste\"},\"url\":\"https:\\\/\\\/blogdofarnesio.com.br\\\/?author=3\"}]}<\/script>\n<!-- \/ Yoast SEO plugin. -->","yoast_head_json":{"title":"\u00c9 DADA COM CERTA CONVOCA\u00c7\u00c3O DE JAQUES WAGNER PARA O NOVO MINIST\u00c9RIO DE DILMA - Blog do Farn\u00e9sio","robots":{"index":"index","follow":"follow","max-snippet":"max-snippet:-1","max-image-preview":"max-image-preview:large","max-video-preview":"max-video-preview:-1"},"canonical":"https:\/\/blogdofarnesio.com.br\/?p=104646","og_locale":"pt_BR","og_type":"article","og_title":"\u00c9 DADA COM CERTA CONVOCA\u00c7\u00c3O DE JAQUES WAGNER PARA O NOVO MINIST\u00c9RIO DE DILMA - Blog do Farn\u00e9sio","og_description":"Conforme antecipou o\u00a0Pol\u00edtica Livre\u00a0no dia 14 de outubro (ver aqui), o governador Jaques Wagner \u00e9 nome certo para integrar o segundo governo da presidente Dilma Rousseff, segundo a imprensa nacional. De acordo com a Folha de S. Paulo, ele deve integrar um n\u00facleo pol\u00edtico forte para atuar na linha de frente da rela\u00e7\u00e3o do Pal\u00e1cio do Planalto com o Congresso, cujas pontes foram praticamente rompidas por Dilma Rousseff em seu primeiro mandato, o que foi motivo de diversas crises com os parlamentares, especialmente em vota\u00e7\u00f5es em plen\u00e1rio. Wagner comp\u00f4s a coordena\u00e7\u00e3o de campanha com os ministros Alo\u00edzio Mercadante e Miguel Rosseto. A avalia\u00e7\u00e3o \u00e9 de que o governo enfrentar\u00e1 uma crise pol\u00edtica j\u00e1 em decorr\u00eancia dos desdobramentos da Opera\u00e7\u00e3o Lava&hellip;","og_url":"https:\/\/blogdofarnesio.com.br\/?p=104646","og_site_name":"Blog do Farn\u00e9sio","article_publisher":"https:\/\/www.facebook.com\/BlogQuerSaberPolitica\/","article_published_time":"2014-10-27T14:30:52+00:00","article_modified_time":"2014-10-27T16:31:21+00:00","og_image":[{"url":"http:\/\/www.politicalivre.com.br\/wp-content\/thumbgen_cache\/ff591f3821224e0f290d7ba32cd55a82.jpg","type":"","width":"","height":""}],"author":"teste","twitter_card":"summary_large_image","twitter_misc":{"Escrito por":"teste","Est. tempo de leitura":"1 minuto"},"schema":{"@context":"https:\/\/schema.org","@graph":[{"@type":"Article","@id":"https:\/\/blogdofarnesio.com.br\/?p=104646#article","isPartOf":{"@id":"https:\/\/blogdofarnesio.com.br\/?p=104646"},"author":{"name":"teste","@id":"https:\/\/blogdofarnesio.com.br\/#\/schema\/person\/dd1bf5eba40b687199ba45ca6b97dff9"},"headline":"\u00c9 DADA COM CERTA CONVOCA\u00c7\u00c3O DE JAQUES WAGNER PARA O NOVO MINIST\u00c9RIO DE DILMA","datePublished":"2014-10-27T14:30:52+00:00","dateModified":"2014-10-27T16:31:21+00:00","mainEntityOfPage":{"@id":"https:\/\/blogdofarnesio.com.br\/?p=104646"},"wordCount":188,"commentCount":0,"publisher":{"@id":"https:\/\/blogdofarnesio.com.br\/#organization"},"image":{"@id":"https:\/\/blogdofarnesio.com.br\/?p=104646#primaryimage"},"thumbnailUrl":"http:\/\/www.politicalivre.com.br\/wp-content\/thumbgen_cache\/ff591f3821224e0f290d7ba32cd55a82.jpg","articleSection":["Pol\u00edtica"],"inLanguage":"pt-BR","potentialAction":[{"@type":"CommentAction","name":"Comment","target":["https:\/\/blogdofarnesio.com.br\/?p=104646#respond"]}]},{"@type":"WebPage","@id":"https:\/\/blogdofarnesio.com.br\/?p=104646","url":"https:\/\/blogdofarnesio.com.br\/?p=104646","name":"\u00c9 DADA COM CERTA CONVOCA\u00c7\u00c3O DE JAQUES WAGNER PARA O NOVO MINIST\u00c9RIO DE DILMA - Blog do Farn\u00e9sio","isPartOf":{"@id":"https:\/\/blogdofarnesio.com.br\/#website"},"primaryImageOfPage":{"@id":"https:\/\/blogdofarnesio.com.br\/?p=104646#primaryimage"},"image":{"@id":"https:\/\/blogdofarnesio.com.br\/?p=104646#primaryimage"},"thumbnailUrl":"http:\/\/www.politicalivre.com.br\/wp-content\/thumbgen_cache\/ff591f3821224e0f290d7ba32cd55a82.jpg","datePublished":"2014-10-27T14:30:52+00:00","dateModified":"2014-10-27T16:31:21+00:00","breadcrumb":{"@id":"https:\/\/blogdofarnesio.com.br\/?p=104646#breadcrumb"},"inLanguage":"pt-BR","potentialAction":[{"@type":"ReadAction","target":["https:\/\/blogdofarnesio.com.br\/?p=104646"]}]},{"@type":"ImageObject","inLanguage":"pt-BR","@id":"https:\/\/blogdofarnesio.com.br\/?p=104646#primaryimage","url":"http:\/\/www.politicalivre.com.br\/wp-content\/thumbgen_cache\/ff591f3821224e0f290d7ba32cd55a82.jpg","contentUrl":"http:\/\/www.politicalivre.com.br\/wp-content\/thumbgen_cache\/ff591f3821224e0f290d7ba32cd55a82.jpg"},{"@type":"BreadcrumbList","@id":"https:\/\/blogdofarnesio.com.br\/?p=104646#breadcrumb","itemListElement":[{"@type":"ListItem","position":1,"name":"In\u00edcio","item":"https:\/\/blogdofarnesio.com.br\/"},{"@type":"ListItem","position":2,"name":"\u00c9 DADA COM CERTA CONVOCA\u00c7\u00c3O DE JAQUES WAGNER PARA O NOVO MINIST\u00c9RIO DE DILMA"}]},{"@type":"WebSite","@id":"https:\/\/blogdofarnesio.com.br\/#website","url":"https:\/\/blogdofarnesio.com.br\/","name":"Blog do Farn\u00e9sio","description":"Quer Saber Pol\u00edtica?","publisher":{"@id":"https:\/\/blogdofarnesio.com.br\/#organization"},"potentialAction":[{"@type":"SearchAction","target":{"@type":"EntryPoint","urlTemplate":"https:\/\/blogdofarnesio.com.br\/?s={search_term_string}"},"query-input":{"@type":"PropertyValueSpecification","valueRequired":true,"valueName":"search_term_string"}}],"inLanguage":"pt-BR"},{"@type":"Organization","@id":"https:\/\/blogdofarnesio.com.br\/#organization","name":"Blog do Farn\u00e9sio","url":"https:\/\/blogdofarnesio.com.br\/","logo":{"@type":"ImageObject","inLanguage":"pt-BR","@id":"https:\/\/blogdofarnesio.com.br\/#\/schema\/logo\/image\/","url":"https:\/\/blogdofarnesio.com.br\/wp-content\/uploads\/2026\/03\/cropped-logo_new-1.png","contentUrl":"https:\/\/blogdofarnesio.com.br\/wp-content\/uploads\/2026\/03\/cropped-logo_new-1.png","width":881,"height":685,"caption":"Blog do Farn\u00e9sio"},"image":{"@id":"https:\/\/blogdofarnesio.com.br\/#\/schema\/logo\/image\/"},"sameAs":["https:\/\/www.facebook.com\/BlogQuerSaberPolitica\/"]},{"@type":"Person","@id":"https:\/\/blogdofarnesio.com.br\/#\/schema\/person\/dd1bf5eba40b687199ba45ca6b97dff9","name":"teste","image":{"@type":"ImageObject","inLanguage":"pt-BR","@id":"https:\/\/secure.gravatar.com\/avatar\/2172498d4914b51e1d89a0f97957b035ac4938723a5cac208135d389b6972a6d?s=96&d=mm&r=g","url":"https:\/\/secure.gravatar.com\/avatar\/2172498d4914b51e1d89a0f97957b035ac4938723a5cac208135d389b6972a6d?s=96&d=mm&r=g","contentUrl":"https:\/\/secure.gravatar.com\/avatar\/2172498d4914b51e1d89a0f97957b035ac4938723a5cac208135d389b6972a6d?s=96&d=mm&r=g","caption":"teste"},"url":"https:\/\/blogdofarnesio.com.br\/?author=3"}]}},"_links":{"self":[{"href":"https:\/\/blogdofarnesio.com.br\/index.php?rest_route=\/wp\/v2\/posts\/104646","targetHints":{"allow":["GET"]}}],"collection":[{"href":"https:\/\/blogdofarnesio.com.br\/index.php?rest_route=\/wp\/v2\/posts"}],"about":[{"href":"https:\/\/blogdofarnesio.com.br\/index.php?rest_route=\/wp\/v2\/types\/post"}],"author":[{"embeddable":true,"href":"https:\/\/blogdofarnesio.com.br\/index.php?rest_route=\/wp\/v2\/users\/3"}],"replies":[{"embeddable":true,"href":"https:\/\/blogdofarnesio.com.br\/index.php?rest_route=%2Fwp%2Fv2%2Fcomments&post=104646"}],"version-history":[{"count":0,"href":"https:\/\/blogdofarnesio.com.br\/index.php?rest_route=\/wp\/v2\/posts\/104646\/revisions"}],"wp:attachment":[{"href":"https:\/\/blogdofarnesio.com.br\/index.php?rest_route=%2Fwp%2Fv2%2Fmedia&parent=104646"}],"wp:term":[{"taxonomy":"category","embeddable":true,"href":"https:\/\/blogdofarnesio.com.br\/index.php?rest_route=%2Fwp%2Fv2%2Fcategories&post=104646"},{"taxonomy":"post_tag","embeddable":true,"href":"https:\/\/blogdofarnesio.com.br\/index.php?rest_route=%2Fwp%2Fv2%2Ftags&post=104646"}],"curies":[{"name":"wp","href":"https:\/\/api.w.org\/{rel}","templated":true}]}}