{"id":10421,"date":"2012-01-25T12:36:11","date_gmt":"2012-01-25T12:36:11","guid":{"rendered":"http:\/\/www.quersaberpolitica.com.br?p=10421"},"modified":"2012-01-23T17:56:48","modified_gmt":"2012-01-23T17:56:48","slug":"prefeitura-de-petrolina-implantara-fabrica-de-doces-na-comunidade-de-ponta-da-serra","status":"publish","type":"post","link":"https:\/\/blogdofarnesio.com.br\/?p=10421","title":{"rendered":"Prefeitura de Petrolina implantar\u00e1 f\u00e1brica de Doces na comunidade de Ponta da Serra"},"content":{"rendered":"<p style=\"text-align: justify;\"><span style=\"font-size: small;\"><a rel=\"lightbox\" href=\"..\/http:\/\/www.quersaberpolitica.com.br\/2016\/wp-content\/uploads\/2012\/12\/blogqspdosanjosfabricadocepontadaserra.jpg\"><img loading=\"lazy\" decoding=\"async\" style=\"margin-top: 5px; margin-bottom: 5px; margin-left: 10px; margin-right: 10px; float: left;\" title=\"Imagem Divulga&ccedil;&atilde;o\" src=\"..\/http:\/\/www.quersaberpolitica.com.br\/2016\/wp-content\/uploads\/2012\/12\/blogqspdosanjosfabricadocepontadaserra.jpg\" alt=\"\" width=\"200\" height=\"150\" \/><\/a>Para viabilizar a gera&ccedil;&atilde;o de empregos e renda de mulheres agricultoras da comunidade de Ponta da Serra, a Prefeitura Municipal de Petrolina vai investir mais de 200 mil reais na instala&ccedil;&atilde;o de uma unidade produtiva de fabrica&ccedil;&atilde;o de doces em pasta, barras e geleias no local. Distante aproximadamente 40 km da sede do munic&iacute;pio, a Ponta da Serra &eacute; composta por 90 fam&iacute;lias de assentados em pequenos lotes irrigados de tr&ecirc;s hectares cada. Atualmente, a &uacute;nica renda daquela popula&ccedil;&atilde;o vem da comercializa&ccedil;&atilde;o de frutas e legumes, nas feiras livres de Petrolina, al&eacute;m de aux&iacute;lios como o Bolsa Fam&iacute;lia.<\/span><\/p>\n<p style=\"text-align: justify;\"><span style=\"font-size: small;\">O principal objetivo da f&aacute;brica de doces &eacute; fazer com que as mulheres agricultoras possam se beneficiar das frutas e verduras que n&atilde;o s&atilde;o comercializadas, agregando valor aos produtos e garantindo um pre&ccedil;o justo a comercializa&ccedil;&atilde;o. &#8220;O objetivo &eacute; que as pessoas possam gerir o seu neg&oacute;cio e tenham uma renda digna para sustentar suas fam&iacute;lias&#8221;, afirmou a secret&aacute;ria de Planejamento e Urbanismo, Marlize Mainardes, que na &uacute;ltima ter&ccedil;a-feira (17) participou de uma reuni&atilde;o com a comunidade.<\/span><\/p>\n<p style=\"text-align: justify;\"><span style=\"font-size: small;\">A secret&aacute;ria afirmou que a popula&ccedil;&atilde;o local tem demonstrado bastante interesse em montar uma pequena f&aacute;brica de doces onde possam produzir e comercializar o excedente da produ&ccedil;&atilde;o ou o que n&atilde;o &eacute; vendido in natura. Os produtos fabricados pela unidade produtiva ser&atilde;o comercializados inicialmente no munic&iacute;pio de Petrolina e cidades vizinhas e os recursos angariados ser&atilde;o utilizados para pagamento de pessoal e manuten&ccedil;&atilde;o da f&aacute;brica.<\/span><\/p>\n<p style=\"text-align: justify;\"><span style=\"font-size: small;\">A Prefeitura viabilizar&aacute; toda constru&ccedil;&atilde;o da f&aacute;brica, inclusive cedendo um ve&iacute;culo para que a produ&ccedil;&atilde;o seja levada at&eacute; a sede do munic&iacute;pio. Para qualificar a m&atilde;o-de-obra, ser&atilde;o oferecidos diversos cursos, como Empreendedorismo, Higiene e Manipula&ccedil;&atilde;o dos Alimentos, Associativismo e Cooperativismo, P&oacute;s Colheita, Contabilidade B&aacute;sica e Embalagem.<\/span><\/p>\n<p style=\"text-align: justify;\"><span style=\"font-size: small;\">Inicialmente, o projeto de inclus&atilde;o social beneficiar&aacute; 40 pessoas, entre jovens e senhoras que vivem na comunidade e que hoje est&atilde;o desempregadas. Para garantir a sustentabilidade do programa, a Prefeitura ser&aacute; respons&aacute;vel pela qualifica&ccedil;&atilde;o no acompanhamento &agrave; produ&ccedil;&atilde;o e acompanhamento &agrave; comercializa&ccedil;&atilde;o, sendo que, a partir do segundo ano, a unidade produtiva dever&aacute; ser auto-sustent&aacute;vel e gerar lucro para a comunidade envolvida.<\/span><\/p>\n<p style=\"text-align: justify;\"><strong><span style=\"font-size: small;\">Intera&ccedil;&atilde;o<\/span><\/strong><\/p>\n<p style=\"text-align: justify;\"><span style=\"font-size: small;\">Al&eacute;m da gera&ccedil;&atilde;o de renda, a f&aacute;brica de doces pode contribuir em diversos pontos no cotidiano da comunidade de Ponta da Serra, como incentivar a integra&ccedil;&atilde;o entre eles, atrav&eacute;s do associativismo e cooperativismo, al&eacute;m da possibilidade de despertar o esp&iacute;rito empreendedor naquelas pessoas.<\/span><\/p>\n<p style=\"text-align: justify;\"><span style=\"font-size: small;\">A nova f&aacute;brica proporcionar&aacute; uma melhoria na qualidade de vida da comunidade e um aumento na auto-estima das pessoas envolvidas.<\/span><\/p>\n<p style=\"text-align: justify;\"><span style=\"font-size: small;\">(Emerson Rocha &#8211; Ascom Petrolina)<\/span><\/p>\n","protected":false},"excerpt":{"rendered":"<p>Para viabilizar a gera&ccedil;&atilde;o de empregos e renda de mulheres agricultoras da comunidade de Ponta da Serra, a Prefeitura Municipal de Petrolina vai investir mais de 200 mil reais na instala&ccedil;&atilde;o de uma unidade produtiva de fabrica&ccedil;&atilde;o de doces em pasta, barras e geleias no local. Distante aproximadamente 40 km da sede do munic&iacute;pio, a Ponta da Serra &eacute; composta por 90 fam&iacute;lias de assentados em pequenos lotes irrigados de tr&ecirc;s hectares cada. Atualmente, a &uacute;nica renda daquela popula&ccedil;&atilde;o vem da comercializa&ccedil;&atilde;o de frutas e legumes, nas feiras livres de Petrolina, al&eacute;m de aux&iacute;lios como o Bolsa Fam&iacute;lia. O principal objetivo da f&aacute;brica de doces &eacute; fazer com que as mulheres agricultoras possam se beneficiar das frutas e verduras que&hellip; <\/p>\n","protected":false},"author":0,"featured_media":0,"comment_status":"open","ping_status":"open","sticky":false,"template":"","format":"standard","meta":{"_acf_changed":false,"footnotes":""},"categories":[22],"tags":[],"class_list":["post-10421","post","type-post","status-publish","format-standard","hentry","category-acao-social"],"acf":[],"yoast_head":"<!-- This site is optimized with the Yoast SEO plugin v27.4 - https:\/\/yoast.com\/product\/yoast-seo-wordpress\/ -->\n<title>Prefeitura de Petrolina implantar\u00e1 f\u00e1brica de Doces na comunidade de Ponta da Serra - Blog do Farn\u00e9sio<\/title>\n<meta name=\"robots\" content=\"index, follow, max-snippet:-1, max-image-preview:large, max-video-preview:-1\" \/>\n<link rel=\"canonical\" href=\"https:\/\/blogdofarnesio.com.br\/?p=10421\" \/>\n<meta property=\"og:locale\" content=\"pt_BR\" \/>\n<meta property=\"og:type\" content=\"article\" \/>\n<meta property=\"og:title\" content=\"Prefeitura de Petrolina implantar\u00e1 f\u00e1brica de Doces na comunidade de Ponta da Serra - Blog do Farn\u00e9sio\" \/>\n<meta property=\"og:description\" content=\"Para viabilizar a gera&ccedil;&atilde;o de empregos e renda de mulheres agricultoras da comunidade de Ponta da Serra, a Prefeitura Municipal de Petrolina vai investir mais de 200 mil reais na instala&ccedil;&atilde;o de uma unidade produtiva de fabrica&ccedil;&atilde;o de doces em pasta, barras e geleias no local. Distante aproximadamente 40 km da sede do munic&iacute;pio, a Ponta da Serra &eacute; composta por 90 fam&iacute;lias de assentados em pequenos lotes irrigados de tr&ecirc;s hectares cada. Atualmente, a &uacute;nica renda daquela popula&ccedil;&atilde;o vem da comercializa&ccedil;&atilde;o de frutas e legumes, nas feiras livres de Petrolina, al&eacute;m de aux&iacute;lios como o Bolsa Fam&iacute;lia. O principal objetivo da f&aacute;brica de doces &eacute; fazer com que as mulheres agricultoras possam se beneficiar das frutas e verduras que&hellip;\" \/>\n<meta property=\"og:url\" content=\"https:\/\/blogdofarnesio.com.br\/?p=10421\" \/>\n<meta property=\"og:site_name\" content=\"Blog do Farn\u00e9sio\" \/>\n<meta property=\"article:publisher\" content=\"https:\/\/www.facebook.com\/BlogQuerSaberPolitica\/\" \/>\n<meta property=\"article:published_time\" content=\"2012-01-25T12:36:11+00:00\" \/>\n<meta name=\"twitter:card\" content=\"summary_large_image\" \/>\n<meta name=\"twitter:label1\" content=\"Est. tempo de leitura\" \/>\n\t<meta name=\"twitter:data1\" content=\"3 minutos\" \/>\n<script type=\"application\/ld+json\" class=\"yoast-schema-graph\">{\"@context\":\"https:\\\/\\\/schema.org\",\"@graph\":[{\"@type\":\"Article\",\"@id\":\"https:\\\/\\\/blogdofarnesio.com.br\\\/?p=10421#article\",\"isPartOf\":{\"@id\":\"https:\\\/\\\/blogdofarnesio.com.br\\\/?p=10421\"},\"author\":{\"name\":\"\",\"@id\":\"\"},\"headline\":\"Prefeitura de Petrolina implantar\u00e1 f\u00e1brica de Doces na comunidade de Ponta da Serra\",\"datePublished\":\"2012-01-25T12:36:11+00:00\",\"mainEntityOfPage\":{\"@id\":\"https:\\\/\\\/blogdofarnesio.com.br\\\/?p=10421\"},\"wordCount\":566,\"commentCount\":0,\"publisher\":{\"@id\":\"https:\\\/\\\/blogdofarnesio.com.br\\\/#organization\"},\"articleSection\":[\"A\u00e7\u00e3o Social\"],\"inLanguage\":\"pt-BR\",\"potentialAction\":[{\"@type\":\"CommentAction\",\"name\":\"Comment\",\"target\":[\"https:\\\/\\\/blogdofarnesio.com.br\\\/?p=10421#respond\"]}]},{\"@type\":\"WebPage\",\"@id\":\"https:\\\/\\\/blogdofarnesio.com.br\\\/?p=10421\",\"url\":\"https:\\\/\\\/blogdofarnesio.com.br\\\/?p=10421\",\"name\":\"Prefeitura de Petrolina implantar\u00e1 f\u00e1brica de Doces na comunidade de Ponta da Serra - Blog do Farn\u00e9sio\",\"isPartOf\":{\"@id\":\"https:\\\/\\\/blogdofarnesio.com.br\\\/#website\"},\"datePublished\":\"2012-01-25T12:36:11+00:00\",\"breadcrumb\":{\"@id\":\"https:\\\/\\\/blogdofarnesio.com.br\\\/?p=10421#breadcrumb\"},\"inLanguage\":\"pt-BR\",\"potentialAction\":[{\"@type\":\"ReadAction\",\"target\":[\"https:\\\/\\\/blogdofarnesio.com.br\\\/?p=10421\"]}]},{\"@type\":\"BreadcrumbList\",\"@id\":\"https:\\\/\\\/blogdofarnesio.com.br\\\/?p=10421#breadcrumb\",\"itemListElement\":[{\"@type\":\"ListItem\",\"position\":1,\"name\":\"In\u00edcio\",\"item\":\"https:\\\/\\\/blogdofarnesio.com.br\\\/\"},{\"@type\":\"ListItem\",\"position\":2,\"name\":\"Prefeitura de Petrolina implantar\u00e1 f\u00e1brica de Doces na comunidade de Ponta da Serra\"}]},{\"@type\":\"WebSite\",\"@id\":\"https:\\\/\\\/blogdofarnesio.com.br\\\/#website\",\"url\":\"https:\\\/\\\/blogdofarnesio.com.br\\\/\",\"name\":\"Blog do Farn\u00e9sio\",\"description\":\"Quer Saber Pol\u00edtica?\",\"publisher\":{\"@id\":\"https:\\\/\\\/blogdofarnesio.com.br\\\/#organization\"},\"potentialAction\":[{\"@type\":\"SearchAction\",\"target\":{\"@type\":\"EntryPoint\",\"urlTemplate\":\"https:\\\/\\\/blogdofarnesio.com.br\\\/?s={search_term_string}\"},\"query-input\":{\"@type\":\"PropertyValueSpecification\",\"valueRequired\":true,\"valueName\":\"search_term_string\"}}],\"inLanguage\":\"pt-BR\"},{\"@type\":\"Organization\",\"@id\":\"https:\\\/\\\/blogdofarnesio.com.br\\\/#organization\",\"name\":\"Blog do Farn\u00e9sio\",\"url\":\"https:\\\/\\\/blogdofarnesio.com.br\\\/\",\"logo\":{\"@type\":\"ImageObject\",\"inLanguage\":\"pt-BR\",\"@id\":\"https:\\\/\\\/blogdofarnesio.com.br\\\/#\\\/schema\\\/logo\\\/image\\\/\",\"url\":\"https:\\\/\\\/blogdofarnesio.com.br\\\/wp-content\\\/uploads\\\/2026\\\/03\\\/cropped-logo_new-1.png\",\"contentUrl\":\"https:\\\/\\\/blogdofarnesio.com.br\\\/wp-content\\\/uploads\\\/2026\\\/03\\\/cropped-logo_new-1.png\",\"width\":881,\"height\":685,\"caption\":\"Blog do Farn\u00e9sio\"},\"image\":{\"@id\":\"https:\\\/\\\/blogdofarnesio.com.br\\\/#\\\/schema\\\/logo\\\/image\\\/\"},\"sameAs\":[\"https:\\\/\\\/www.facebook.com\\\/BlogQuerSaberPolitica\\\/\"]}]}<\/script>\n<!-- \/ Yoast SEO plugin. -->","yoast_head_json":{"title":"Prefeitura de Petrolina implantar\u00e1 f\u00e1brica de Doces na comunidade de Ponta da Serra - Blog do Farn\u00e9sio","robots":{"index":"index","follow":"follow","max-snippet":"max-snippet:-1","max-image-preview":"max-image-preview:large","max-video-preview":"max-video-preview:-1"},"canonical":"https:\/\/blogdofarnesio.com.br\/?p=10421","og_locale":"pt_BR","og_type":"article","og_title":"Prefeitura de Petrolina implantar\u00e1 f\u00e1brica de Doces na comunidade de Ponta da Serra - Blog do Farn\u00e9sio","og_description":"Para viabilizar a gera&ccedil;&atilde;o de empregos e renda de mulheres agricultoras da comunidade de Ponta da Serra, a Prefeitura Municipal de Petrolina vai investir mais de 200 mil reais na instala&ccedil;&atilde;o de uma unidade produtiva de fabrica&ccedil;&atilde;o de doces em pasta, barras e geleias no local. Distante aproximadamente 40 km da sede do munic&iacute;pio, a Ponta da Serra &eacute; composta por 90 fam&iacute;lias de assentados em pequenos lotes irrigados de tr&ecirc;s hectares cada. Atualmente, a &uacute;nica renda daquela popula&ccedil;&atilde;o vem da comercializa&ccedil;&atilde;o de frutas e legumes, nas feiras livres de Petrolina, al&eacute;m de aux&iacute;lios como o Bolsa Fam&iacute;lia. O principal objetivo da f&aacute;brica de doces &eacute; fazer com que as mulheres agricultoras possam se beneficiar das frutas e verduras que&hellip;","og_url":"https:\/\/blogdofarnesio.com.br\/?p=10421","og_site_name":"Blog do Farn\u00e9sio","article_publisher":"https:\/\/www.facebook.com\/BlogQuerSaberPolitica\/","article_published_time":"2012-01-25T12:36:11+00:00","twitter_card":"summary_large_image","twitter_misc":{"Est. tempo de leitura":"3 minutos"},"schema":{"@context":"https:\/\/schema.org","@graph":[{"@type":"Article","@id":"https:\/\/blogdofarnesio.com.br\/?p=10421#article","isPartOf":{"@id":"https:\/\/blogdofarnesio.com.br\/?p=10421"},"author":{"name":"","@id":""},"headline":"Prefeitura de Petrolina implantar\u00e1 f\u00e1brica de Doces na comunidade de Ponta da Serra","datePublished":"2012-01-25T12:36:11+00:00","mainEntityOfPage":{"@id":"https:\/\/blogdofarnesio.com.br\/?p=10421"},"wordCount":566,"commentCount":0,"publisher":{"@id":"https:\/\/blogdofarnesio.com.br\/#organization"},"articleSection":["A\u00e7\u00e3o Social"],"inLanguage":"pt-BR","potentialAction":[{"@type":"CommentAction","name":"Comment","target":["https:\/\/blogdofarnesio.com.br\/?p=10421#respond"]}]},{"@type":"WebPage","@id":"https:\/\/blogdofarnesio.com.br\/?p=10421","url":"https:\/\/blogdofarnesio.com.br\/?p=10421","name":"Prefeitura de Petrolina implantar\u00e1 f\u00e1brica de Doces na comunidade de Ponta da Serra - Blog do Farn\u00e9sio","isPartOf":{"@id":"https:\/\/blogdofarnesio.com.br\/#website"},"datePublished":"2012-01-25T12:36:11+00:00","breadcrumb":{"@id":"https:\/\/blogdofarnesio.com.br\/?p=10421#breadcrumb"},"inLanguage":"pt-BR","potentialAction":[{"@type":"ReadAction","target":["https:\/\/blogdofarnesio.com.br\/?p=10421"]}]},{"@type":"BreadcrumbList","@id":"https:\/\/blogdofarnesio.com.br\/?p=10421#breadcrumb","itemListElement":[{"@type":"ListItem","position":1,"name":"In\u00edcio","item":"https:\/\/blogdofarnesio.com.br\/"},{"@type":"ListItem","position":2,"name":"Prefeitura de Petrolina implantar\u00e1 f\u00e1brica de Doces na comunidade de Ponta da Serra"}]},{"@type":"WebSite","@id":"https:\/\/blogdofarnesio.com.br\/#website","url":"https:\/\/blogdofarnesio.com.br\/","name":"Blog do Farn\u00e9sio","description":"Quer Saber Pol\u00edtica?","publisher":{"@id":"https:\/\/blogdofarnesio.com.br\/#organization"},"potentialAction":[{"@type":"SearchAction","target":{"@type":"EntryPoint","urlTemplate":"https:\/\/blogdofarnesio.com.br\/?s={search_term_string}"},"query-input":{"@type":"PropertyValueSpecification","valueRequired":true,"valueName":"search_term_string"}}],"inLanguage":"pt-BR"},{"@type":"Organization","@id":"https:\/\/blogdofarnesio.com.br\/#organization","name":"Blog do Farn\u00e9sio","url":"https:\/\/blogdofarnesio.com.br\/","logo":{"@type":"ImageObject","inLanguage":"pt-BR","@id":"https:\/\/blogdofarnesio.com.br\/#\/schema\/logo\/image\/","url":"https:\/\/blogdofarnesio.com.br\/wp-content\/uploads\/2026\/03\/cropped-logo_new-1.png","contentUrl":"https:\/\/blogdofarnesio.com.br\/wp-content\/uploads\/2026\/03\/cropped-logo_new-1.png","width":881,"height":685,"caption":"Blog do Farn\u00e9sio"},"image":{"@id":"https:\/\/blogdofarnesio.com.br\/#\/schema\/logo\/image\/"},"sameAs":["https:\/\/www.facebook.com\/BlogQuerSaberPolitica\/"]}]}},"_links":{"self":[{"href":"https:\/\/blogdofarnesio.com.br\/index.php?rest_route=\/wp\/v2\/posts\/10421","targetHints":{"allow":["GET"]}}],"collection":[{"href":"https:\/\/blogdofarnesio.com.br\/index.php?rest_route=\/wp\/v2\/posts"}],"about":[{"href":"https:\/\/blogdofarnesio.com.br\/index.php?rest_route=\/wp\/v2\/types\/post"}],"replies":[{"embeddable":true,"href":"https:\/\/blogdofarnesio.com.br\/index.php?rest_route=%2Fwp%2Fv2%2Fcomments&post=10421"}],"version-history":[{"count":0,"href":"https:\/\/blogdofarnesio.com.br\/index.php?rest_route=\/wp\/v2\/posts\/10421\/revisions"}],"wp:attachment":[{"href":"https:\/\/blogdofarnesio.com.br\/index.php?rest_route=%2Fwp%2Fv2%2Fmedia&parent=10421"}],"wp:term":[{"taxonomy":"category","embeddable":true,"href":"https:\/\/blogdofarnesio.com.br\/index.php?rest_route=%2Fwp%2Fv2%2Fcategories&post=10421"},{"taxonomy":"post_tag","embeddable":true,"href":"https:\/\/blogdofarnesio.com.br\/index.php?rest_route=%2Fwp%2Fv2%2Ftags&post=10421"}],"curies":[{"name":"wp","href":"https:\/\/api.w.org\/{rel}","templated":true}]}}