{"id":10391,"date":"2012-01-19T12:00:11","date_gmt":"2012-01-19T12:00:11","guid":{"rendered":"http:\/\/www.quersaberpolitica.com.br?p=10391"},"modified":"-0001-11-30T00:00:00","modified_gmt":"-0001-11-30T03:00:00","slug":"transposicao-do-sao-francisco-tem-10-investigacoes-do-mpf-em-curso","status":"publish","type":"post","link":"https:\/\/blogdofarnesio.com.br\/?p=10391","title":{"rendered":"Transposi\u00e7\u00e3o do S\u00e3o Francisco tem 10 investiga\u00e7\u00f5es do MPF em curso"},"content":{"rendered":"<p style=\"text-align: justify;\"><span style=\"font-size: small;\"><a rel=\"lightbox\" href=\"http:\/\/www.quersaberpolitica.com.br\/2016\/wp-content\/uploads\/2012\/12\/blogqsptransposicao_(8).jpg\"><img loading=\"lazy\" decoding=\"async\" style=\"margin-top: 5px; margin-bottom: 5px; margin-left: 10px; margin-right: 10px; float: right;\" title=\"Imagem Ilustrativa\" src=\"http:\/\/www.quersaberpolitica.com.br\/2016\/wp-content\/uploads\/2012\/12\/blogqsptransposicao_(8).jpg\" alt=\"\" width=\"200\" height=\"150\" \/><\/a>A obra de transposi&ccedil;&atilde;o do Rio S&atilde;o Francisco, principal projeto tocado pelo Minist&eacute;rio da Integra&ccedil;&atilde;o Nacional, &eacute; alvo de pelo menos dez investiga&ccedil;&otilde;es do Minist&eacute;rio P&uacute;blico Federal (MPF). A maior parte dos inqu&eacute;ritos concentra-se em Pernambuco, Estado do ministro Fernando Bezerra Coelho. Tr&ecirc;s investiga&ccedil;&otilde;es foram abertas na gest&atilde;o do ministro.<\/span><\/p>\n<p style=\"text-align: justify;\"><span style=\"font-size: small;\">A Procuradoria da Rep&uacute;blica em Pernambuco apura ind&iacute;cios de superfaturamento no Eixo Leste e de descontrole no pagamento de aditivos na gest&atilde;o de Bezerra. Entre os contratos suspeitos est&atilde;o o 34\/2008, que ser&aacute; retomado na primeira quinzena de fevereiro, e o 29\/2008. O primeiro teve reajuste de 14,6% do valor inicial, que passou de R$ 235,5 milh&otilde;es para R$ 269,9 milh&otilde;es. O aumento contratual do segundo foi de 21% (de R$ 250,9 milh&otilde;es para R$ 303,6 milh&otilde;es).<\/span><\/p>\n<p style=\"text-align: justify;\"><span style=\"font-size: small;\">Outro fato que est&aacute; sendo apurado &eacute; que as medi&ccedil;&otilde;es dos servi&ccedil;os executados estavam sendo feitas pelas empresas construtoras e n&atilde;o pelas supervisoras. Os problemas foram apontados por uma auditoria do Tribunal de Contas da Uni&atilde;o (TCU), realizada entre 7 de abril e 27 de maio do ano passado, e remetida ao MPF.<\/span><\/p>\n<p style=\"text-align: justify;\"><span style=\"font-size: small;\">A procuradoria solicitou ainda informa&ccedil;&otilde;es sobre uma den&uacute;ncia formulada pelo Sindicato Nacional da Ind&uacute;stria da Constru&ccedil;&atilde;o Pesada (Sinicon). O sindicato aponta a omiss&atilde;o da comiss&atilde;o de licita&ccedil;&atilde;o do minist&eacute;rio na concorr&ecirc;ncia 2\/2007.<\/span><\/p>\n<p style=\"text-align: justify;\"><span style=\"font-size: small;\">A investiga&ccedil;&atilde;o est&aacute; em fase de instru&ccedil;&atilde;o e a procuradoria aguarda a manifesta&ccedil;&atilde;o final da Corte de Contas para tomar as provid&ecirc;ncias judiciais, caso as irregularidades sejam confirmadas.<\/span><\/p>\n<p style=\"text-align: justify;\"><span style=\"font-size: small;\">Os processos sobre a transposi&ccedil;&atilde;o do S&atilde;o Francisco est&atilde;o nas m&atilde;os da ministra Ana Arraes, m&atilde;e do governador de Pernambuco, Eduardo Campos. O governador &eacute; presidente do PSB, partido do ministro da Integra&ccedil;&atilde;o. Bezerra est&aacute; no centro de uma crise pol&iacute;tica desde que o Estado revelou que quase 90% da verba antienchente do minist&eacute;rio foi destinada para Pernambuco.<\/span><\/p>\n<p style=\"text-align: justify;\"><span style=\"font-size: small;\">H&aacute; investiga&ccedil;&otilde;es em outros Estados. No Cear&aacute;, dois procedimentos foram abertos no ano passado pelo Procurador da Rep&uacute;blica Marcelo Mesquita. O primeiro apura, com base em relat&oacute;rio de fiscaliza&ccedil;&atilde;o do TCU, aditivos feitos pelo minist&eacute;rio em contratos do Eixo Norte. O segundo apura a instala&ccedil;&atilde;o de trechos do Eix&atilde;o das &Aacute;guas, projeto do governo estadual que ir&aacute; escoar na transposi&ccedil;&atilde;o em &aacute;reas ind&iacute;genas. De acordo com a Procuradoria, o estudo de impacto ambiental n&atilde;o considerou a exist&ecirc;ncia da terra ind&iacute;gena Tapeba.<\/span><\/p>\n<p style=\"text-align: justify;\"><span style=\"font-size: small;\">As primeiras a&ccedil;&otilde;es sobre a transposi&ccedil;&atilde;o foram propostas em 2005. Os inqu&eacute;ritos apuram desde fraudes em licita&ccedil;&otilde;es at&eacute; a remo&ccedil;&atilde;o de &iacute;ndios de locais por onde passam as obras. Segundo o procurador da Rep&uacute;blica de Pernambuco, Rodrigo Gomes Teixeira, autor de dois inqu&eacute;ritos, os processos est&atilde;o em fase de instru&ccedil;&atilde;o.<\/span><\/p>\n<p style=\"text-align: justify;\"><span style=\"font-size: small;\">Uma das investiga&ccedil;&otilde;es apura ind&iacute;cios de fraude nas obras das bacias hidrogr&aacute;ficas do Nordeste Setentrional. &#8220;As irregularidades repercutem no &acirc;mbito da improbidade administrativa e no plano ambiental. A improbidade &eacute; consistente na concess&atilde;o irregular de licen&ccedil;a pr&eacute;via &agrave; execu&ccedil;&atilde;o do projeto de integra&ccedil;&atilde;o do Rio S&atilde;o Francisco e j&aacute; existe processo judicial na Justi&ccedil;a Federal do Distrito Federal&#8221;, informou o procurador. J&aacute; a quest&atilde;o ambiental trata da aus&ecirc;ncia do dimensionamento dos impactos ambientais da obra.<\/span><\/p>\n<p style=\"text-align: justify;\"><span style=\"font-size: small;\">Em Minas, a &uacute;nica a&ccedil;&atilde;o da Procuradoria da Rep&uacute;blica foi remetida h&aacute; quase seis anos ao Supremo Tribunal Federal (STF). Na &eacute;poca, o STF entendeu que a compet&ecirc;ncia para analisar as a&ccedil;&otilde;es seria daquela Corte porque os atos eram praticados por autoridades que tinham foro.<\/span><\/p>\n<p style=\"text-align: justify;\"><span style=\"font-size: small;\">Segundo o Minist&eacute;rio da Integra&ccedil;&atilde;o Nacional, o ministro determinou a implementa&ccedil;&atilde;o de todas as recomenda&ccedil;&otilde;es dos &oacute;rg&atilde;os de controle &#8211; TCU e CGU. As medidas administrativas e jur&iacute;dicas decorrentes do ac&oacute;rd&atilde;o do TCU 2628\/2011, que trata da auditoria analisada pelo Minist&eacute;rio P&uacute;blico em Pernambuco, est&atilde;o sendo adotadas tanto no &acirc;mbito da fiscaliza&ccedil;&atilde;o da obra quanto nos processos relativos aos lotes de obras auditados. O minist&eacute;rio afirma que os aditivos n&atilde;o ultrapassaram o limite de 25%, como previsto em lei.<\/span><\/p>\n<p style=\"text-align: justify;\"><span style=\"font-size: small;\">A pasta afirma ainda que as obras da transposi&ccedil;&atilde;o conciliam o desenvolvimento econ&ocirc;mico com o sustent&aacute;vel e o projeto ambiental elaborado pelo minist&eacute;rio tamb&eacute;m trata do desenvolvimento das comunidades ind&iacute;genas.<\/span><\/p>\n<p style=\"text-align: justify;\"><span style=\"font-size: small;\">(O Estado de S. Paulo)<\/span><\/p>\n","protected":false},"excerpt":{"rendered":"<p>A obra de transposi&ccedil;&atilde;o do Rio S&atilde;o Francisco, principal projeto tocado pelo Minist&eacute;rio da Integra&ccedil;&atilde;o Nacional, &eacute; alvo de pelo menos dez investiga&ccedil;&otilde;es do Minist&eacute;rio P&uacute;blico Federal (MPF). A maior parte dos inqu&eacute;ritos concentra-se em Pernambuco, Estado do ministro Fernando Bezerra Coelho. Tr&ecirc;s investiga&ccedil;&otilde;es foram abertas na gest&atilde;o do ministro. A Procuradoria da Rep&uacute;blica em Pernambuco apura ind&iacute;cios de superfaturamento no Eixo Leste e de descontrole no pagamento de aditivos na gest&atilde;o de Bezerra. Entre os contratos suspeitos est&atilde;o o 34\/2008, que ser&aacute; retomado na primeira quinzena de fevereiro, e o 29\/2008. O primeiro teve reajuste de 14,6% do valor inicial, que passou de R$ 235,5 milh&otilde;es para R$ 269,9 milh&otilde;es. O aumento contratual do segundo foi de 21% (de&hellip; <\/p>\n","protected":false},"author":0,"featured_media":0,"comment_status":"open","ping_status":"open","sticky":false,"template":"","format":"standard","meta":{"_acf_changed":false,"footnotes":""},"categories":[43],"tags":[],"class_list":["post-10391","post","type-post","status-publish","format-standard","hentry","category-sem-categoria"],"acf":[],"yoast_head":"<!-- This site is optimized with the Yoast SEO plugin v27.4 - https:\/\/yoast.com\/product\/yoast-seo-wordpress\/ -->\n<title>Transposi\u00e7\u00e3o do S\u00e3o Francisco tem 10 investiga\u00e7\u00f5es do MPF em curso - Blog do Farn\u00e9sio<\/title>\n<meta name=\"robots\" content=\"index, follow, max-snippet:-1, max-image-preview:large, max-video-preview:-1\" \/>\n<link rel=\"canonical\" href=\"https:\/\/blogdofarnesio.com.br\/?p=10391\" \/>\n<meta property=\"og:locale\" content=\"pt_BR\" \/>\n<meta property=\"og:type\" content=\"article\" \/>\n<meta property=\"og:title\" content=\"Transposi\u00e7\u00e3o do S\u00e3o Francisco tem 10 investiga\u00e7\u00f5es do MPF em curso - Blog do Farn\u00e9sio\" \/>\n<meta property=\"og:description\" content=\"A obra de transposi&ccedil;&atilde;o do Rio S&atilde;o Francisco, principal projeto tocado pelo Minist&eacute;rio da Integra&ccedil;&atilde;o Nacional, &eacute; alvo de pelo menos dez investiga&ccedil;&otilde;es do Minist&eacute;rio P&uacute;blico Federal (MPF). A maior parte dos inqu&eacute;ritos concentra-se em Pernambuco, Estado do ministro Fernando Bezerra Coelho. Tr&ecirc;s investiga&ccedil;&otilde;es foram abertas na gest&atilde;o do ministro. A Procuradoria da Rep&uacute;blica em Pernambuco apura ind&iacute;cios de superfaturamento no Eixo Leste e de descontrole no pagamento de aditivos na gest&atilde;o de Bezerra. Entre os contratos suspeitos est&atilde;o o 34\/2008, que ser&aacute; retomado na primeira quinzena de fevereiro, e o 29\/2008. O primeiro teve reajuste de 14,6% do valor inicial, que passou de R$ 235,5 milh&otilde;es para R$ 269,9 milh&otilde;es. O aumento contratual do segundo foi de 21% (de&hellip;\" \/>\n<meta property=\"og:url\" content=\"https:\/\/blogdofarnesio.com.br\/?p=10391\" \/>\n<meta property=\"og:site_name\" content=\"Blog do Farn\u00e9sio\" \/>\n<meta property=\"article:publisher\" content=\"https:\/\/www.facebook.com\/BlogQuerSaberPolitica\/\" \/>\n<meta property=\"article:published_time\" content=\"2012-01-19T12:00:11+00:00\" \/>\n<meta property=\"og:image\" content=\"http:\/\/www.quersaberpolitica.com.br\/2016\/wp-content\/uploads\/2012\/12\/blogqsptransposicao_(8).jpg\" \/>\n<meta name=\"twitter:card\" content=\"summary_large_image\" \/>\n<meta name=\"twitter:label1\" content=\"Est. tempo de leitura\" \/>\n\t<meta name=\"twitter:data1\" content=\"5 minutos\" \/>\n<script type=\"application\/ld+json\" class=\"yoast-schema-graph\">{\"@context\":\"https:\\\/\\\/schema.org\",\"@graph\":[{\"@type\":\"Article\",\"@id\":\"https:\\\/\\\/blogdofarnesio.com.br\\\/?p=10391#article\",\"isPartOf\":{\"@id\":\"https:\\\/\\\/blogdofarnesio.com.br\\\/?p=10391\"},\"author\":{\"name\":\"\",\"@id\":\"\"},\"headline\":\"Transposi\u00e7\u00e3o do S\u00e3o Francisco tem 10 investiga\u00e7\u00f5es do MPF em curso\",\"datePublished\":\"2012-01-19T12:00:11+00:00\",\"mainEntityOfPage\":{\"@id\":\"https:\\\/\\\/blogdofarnesio.com.br\\\/?p=10391\"},\"wordCount\":914,\"commentCount\":0,\"publisher\":{\"@id\":\"https:\\\/\\\/blogdofarnesio.com.br\\\/#organization\"},\"image\":{\"@id\":\"https:\\\/\\\/blogdofarnesio.com.br\\\/?p=10391#primaryimage\"},\"thumbnailUrl\":\"http:\\\/\\\/www.quersaberpolitica.com.br\\\/2016\\\/wp-content\\\/uploads\\\/2012\\\/12\\\/blogqsptransposicao_(8).jpg\",\"inLanguage\":\"pt-BR\",\"potentialAction\":[{\"@type\":\"CommentAction\",\"name\":\"Comment\",\"target\":[\"https:\\\/\\\/blogdofarnesio.com.br\\\/?p=10391#respond\"]}]},{\"@type\":\"WebPage\",\"@id\":\"https:\\\/\\\/blogdofarnesio.com.br\\\/?p=10391\",\"url\":\"https:\\\/\\\/blogdofarnesio.com.br\\\/?p=10391\",\"name\":\"Transposi\u00e7\u00e3o do S\u00e3o Francisco tem 10 investiga\u00e7\u00f5es do MPF em curso - Blog do Farn\u00e9sio\",\"isPartOf\":{\"@id\":\"https:\\\/\\\/blogdofarnesio.com.br\\\/#website\"},\"primaryImageOfPage\":{\"@id\":\"https:\\\/\\\/blogdofarnesio.com.br\\\/?p=10391#primaryimage\"},\"image\":{\"@id\":\"https:\\\/\\\/blogdofarnesio.com.br\\\/?p=10391#primaryimage\"},\"thumbnailUrl\":\"http:\\\/\\\/www.quersaberpolitica.com.br\\\/2016\\\/wp-content\\\/uploads\\\/2012\\\/12\\\/blogqsptransposicao_(8).jpg\",\"datePublished\":\"2012-01-19T12:00:11+00:00\",\"breadcrumb\":{\"@id\":\"https:\\\/\\\/blogdofarnesio.com.br\\\/?p=10391#breadcrumb\"},\"inLanguage\":\"pt-BR\",\"potentialAction\":[{\"@type\":\"ReadAction\",\"target\":[\"https:\\\/\\\/blogdofarnesio.com.br\\\/?p=10391\"]}]},{\"@type\":\"ImageObject\",\"inLanguage\":\"pt-BR\",\"@id\":\"https:\\\/\\\/blogdofarnesio.com.br\\\/?p=10391#primaryimage\",\"url\":\"http:\\\/\\\/www.quersaberpolitica.com.br\\\/2016\\\/wp-content\\\/uploads\\\/2012\\\/12\\\/blogqsptransposicao_(8).jpg\",\"contentUrl\":\"http:\\\/\\\/www.quersaberpolitica.com.br\\\/2016\\\/wp-content\\\/uploads\\\/2012\\\/12\\\/blogqsptransposicao_(8).jpg\"},{\"@type\":\"BreadcrumbList\",\"@id\":\"https:\\\/\\\/blogdofarnesio.com.br\\\/?p=10391#breadcrumb\",\"itemListElement\":[{\"@type\":\"ListItem\",\"position\":1,\"name\":\"In\u00edcio\",\"item\":\"https:\\\/\\\/blogdofarnesio.com.br\\\/\"},{\"@type\":\"ListItem\",\"position\":2,\"name\":\"Transposi\u00e7\u00e3o do S\u00e3o Francisco tem 10 investiga\u00e7\u00f5es do MPF em curso\"}]},{\"@type\":\"WebSite\",\"@id\":\"https:\\\/\\\/blogdofarnesio.com.br\\\/#website\",\"url\":\"https:\\\/\\\/blogdofarnesio.com.br\\\/\",\"name\":\"Blog do Farn\u00e9sio\",\"description\":\"Quer Saber Pol\u00edtica?\",\"publisher\":{\"@id\":\"https:\\\/\\\/blogdofarnesio.com.br\\\/#organization\"},\"potentialAction\":[{\"@type\":\"SearchAction\",\"target\":{\"@type\":\"EntryPoint\",\"urlTemplate\":\"https:\\\/\\\/blogdofarnesio.com.br\\\/?s={search_term_string}\"},\"query-input\":{\"@type\":\"PropertyValueSpecification\",\"valueRequired\":true,\"valueName\":\"search_term_string\"}}],\"inLanguage\":\"pt-BR\"},{\"@type\":\"Organization\",\"@id\":\"https:\\\/\\\/blogdofarnesio.com.br\\\/#organization\",\"name\":\"Blog do Farn\u00e9sio\",\"url\":\"https:\\\/\\\/blogdofarnesio.com.br\\\/\",\"logo\":{\"@type\":\"ImageObject\",\"inLanguage\":\"pt-BR\",\"@id\":\"https:\\\/\\\/blogdofarnesio.com.br\\\/#\\\/schema\\\/logo\\\/image\\\/\",\"url\":\"https:\\\/\\\/blogdofarnesio.com.br\\\/wp-content\\\/uploads\\\/2026\\\/03\\\/cropped-logo_new-1.png\",\"contentUrl\":\"https:\\\/\\\/blogdofarnesio.com.br\\\/wp-content\\\/uploads\\\/2026\\\/03\\\/cropped-logo_new-1.png\",\"width\":881,\"height\":685,\"caption\":\"Blog do Farn\u00e9sio\"},\"image\":{\"@id\":\"https:\\\/\\\/blogdofarnesio.com.br\\\/#\\\/schema\\\/logo\\\/image\\\/\"},\"sameAs\":[\"https:\\\/\\\/www.facebook.com\\\/BlogQuerSaberPolitica\\\/\"]}]}<\/script>\n<!-- \/ Yoast SEO plugin. -->","yoast_head_json":{"title":"Transposi\u00e7\u00e3o do S\u00e3o Francisco tem 10 investiga\u00e7\u00f5es do MPF em curso - Blog do Farn\u00e9sio","robots":{"index":"index","follow":"follow","max-snippet":"max-snippet:-1","max-image-preview":"max-image-preview:large","max-video-preview":"max-video-preview:-1"},"canonical":"https:\/\/blogdofarnesio.com.br\/?p=10391","og_locale":"pt_BR","og_type":"article","og_title":"Transposi\u00e7\u00e3o do S\u00e3o Francisco tem 10 investiga\u00e7\u00f5es do MPF em curso - Blog do Farn\u00e9sio","og_description":"A obra de transposi&ccedil;&atilde;o do Rio S&atilde;o Francisco, principal projeto tocado pelo Minist&eacute;rio da Integra&ccedil;&atilde;o Nacional, &eacute; alvo de pelo menos dez investiga&ccedil;&otilde;es do Minist&eacute;rio P&uacute;blico Federal (MPF). A maior parte dos inqu&eacute;ritos concentra-se em Pernambuco, Estado do ministro Fernando Bezerra Coelho. Tr&ecirc;s investiga&ccedil;&otilde;es foram abertas na gest&atilde;o do ministro. A Procuradoria da Rep&uacute;blica em Pernambuco apura ind&iacute;cios de superfaturamento no Eixo Leste e de descontrole no pagamento de aditivos na gest&atilde;o de Bezerra. Entre os contratos suspeitos est&atilde;o o 34\/2008, que ser&aacute; retomado na primeira quinzena de fevereiro, e o 29\/2008. O primeiro teve reajuste de 14,6% do valor inicial, que passou de R$ 235,5 milh&otilde;es para R$ 269,9 milh&otilde;es. O aumento contratual do segundo foi de 21% (de&hellip;","og_url":"https:\/\/blogdofarnesio.com.br\/?p=10391","og_site_name":"Blog do Farn\u00e9sio","article_publisher":"https:\/\/www.facebook.com\/BlogQuerSaberPolitica\/","article_published_time":"2012-01-19T12:00:11+00:00","og_image":[{"url":"http:\/\/www.quersaberpolitica.com.br\/2016\/wp-content\/uploads\/2012\/12\/blogqsptransposicao_(8).jpg","type":"","width":"","height":""}],"twitter_card":"summary_large_image","twitter_misc":{"Est. tempo de leitura":"5 minutos"},"schema":{"@context":"https:\/\/schema.org","@graph":[{"@type":"Article","@id":"https:\/\/blogdofarnesio.com.br\/?p=10391#article","isPartOf":{"@id":"https:\/\/blogdofarnesio.com.br\/?p=10391"},"author":{"name":"","@id":""},"headline":"Transposi\u00e7\u00e3o do S\u00e3o Francisco tem 10 investiga\u00e7\u00f5es do MPF em curso","datePublished":"2012-01-19T12:00:11+00:00","mainEntityOfPage":{"@id":"https:\/\/blogdofarnesio.com.br\/?p=10391"},"wordCount":914,"commentCount":0,"publisher":{"@id":"https:\/\/blogdofarnesio.com.br\/#organization"},"image":{"@id":"https:\/\/blogdofarnesio.com.br\/?p=10391#primaryimage"},"thumbnailUrl":"http:\/\/www.quersaberpolitica.com.br\/2016\/wp-content\/uploads\/2012\/12\/blogqsptransposicao_(8).jpg","inLanguage":"pt-BR","potentialAction":[{"@type":"CommentAction","name":"Comment","target":["https:\/\/blogdofarnesio.com.br\/?p=10391#respond"]}]},{"@type":"WebPage","@id":"https:\/\/blogdofarnesio.com.br\/?p=10391","url":"https:\/\/blogdofarnesio.com.br\/?p=10391","name":"Transposi\u00e7\u00e3o do S\u00e3o Francisco tem 10 investiga\u00e7\u00f5es do MPF em curso - Blog do Farn\u00e9sio","isPartOf":{"@id":"https:\/\/blogdofarnesio.com.br\/#website"},"primaryImageOfPage":{"@id":"https:\/\/blogdofarnesio.com.br\/?p=10391#primaryimage"},"image":{"@id":"https:\/\/blogdofarnesio.com.br\/?p=10391#primaryimage"},"thumbnailUrl":"http:\/\/www.quersaberpolitica.com.br\/2016\/wp-content\/uploads\/2012\/12\/blogqsptransposicao_(8).jpg","datePublished":"2012-01-19T12:00:11+00:00","breadcrumb":{"@id":"https:\/\/blogdofarnesio.com.br\/?p=10391#breadcrumb"},"inLanguage":"pt-BR","potentialAction":[{"@type":"ReadAction","target":["https:\/\/blogdofarnesio.com.br\/?p=10391"]}]},{"@type":"ImageObject","inLanguage":"pt-BR","@id":"https:\/\/blogdofarnesio.com.br\/?p=10391#primaryimage","url":"http:\/\/www.quersaberpolitica.com.br\/2016\/wp-content\/uploads\/2012\/12\/blogqsptransposicao_(8).jpg","contentUrl":"http:\/\/www.quersaberpolitica.com.br\/2016\/wp-content\/uploads\/2012\/12\/blogqsptransposicao_(8).jpg"},{"@type":"BreadcrumbList","@id":"https:\/\/blogdofarnesio.com.br\/?p=10391#breadcrumb","itemListElement":[{"@type":"ListItem","position":1,"name":"In\u00edcio","item":"https:\/\/blogdofarnesio.com.br\/"},{"@type":"ListItem","position":2,"name":"Transposi\u00e7\u00e3o do S\u00e3o Francisco tem 10 investiga\u00e7\u00f5es do MPF em curso"}]},{"@type":"WebSite","@id":"https:\/\/blogdofarnesio.com.br\/#website","url":"https:\/\/blogdofarnesio.com.br\/","name":"Blog do Farn\u00e9sio","description":"Quer Saber Pol\u00edtica?","publisher":{"@id":"https:\/\/blogdofarnesio.com.br\/#organization"},"potentialAction":[{"@type":"SearchAction","target":{"@type":"EntryPoint","urlTemplate":"https:\/\/blogdofarnesio.com.br\/?s={search_term_string}"},"query-input":{"@type":"PropertyValueSpecification","valueRequired":true,"valueName":"search_term_string"}}],"inLanguage":"pt-BR"},{"@type":"Organization","@id":"https:\/\/blogdofarnesio.com.br\/#organization","name":"Blog do Farn\u00e9sio","url":"https:\/\/blogdofarnesio.com.br\/","logo":{"@type":"ImageObject","inLanguage":"pt-BR","@id":"https:\/\/blogdofarnesio.com.br\/#\/schema\/logo\/image\/","url":"https:\/\/blogdofarnesio.com.br\/wp-content\/uploads\/2026\/03\/cropped-logo_new-1.png","contentUrl":"https:\/\/blogdofarnesio.com.br\/wp-content\/uploads\/2026\/03\/cropped-logo_new-1.png","width":881,"height":685,"caption":"Blog do Farn\u00e9sio"},"image":{"@id":"https:\/\/blogdofarnesio.com.br\/#\/schema\/logo\/image\/"},"sameAs":["https:\/\/www.facebook.com\/BlogQuerSaberPolitica\/"]}]}},"_links":{"self":[{"href":"https:\/\/blogdofarnesio.com.br\/index.php?rest_route=\/wp\/v2\/posts\/10391","targetHints":{"allow":["GET"]}}],"collection":[{"href":"https:\/\/blogdofarnesio.com.br\/index.php?rest_route=\/wp\/v2\/posts"}],"about":[{"href":"https:\/\/blogdofarnesio.com.br\/index.php?rest_route=\/wp\/v2\/types\/post"}],"replies":[{"embeddable":true,"href":"https:\/\/blogdofarnesio.com.br\/index.php?rest_route=%2Fwp%2Fv2%2Fcomments&post=10391"}],"version-history":[{"count":0,"href":"https:\/\/blogdofarnesio.com.br\/index.php?rest_route=\/wp\/v2\/posts\/10391\/revisions"}],"wp:attachment":[{"href":"https:\/\/blogdofarnesio.com.br\/index.php?rest_route=%2Fwp%2Fv2%2Fmedia&parent=10391"}],"wp:term":[{"taxonomy":"category","embeddable":true,"href":"https:\/\/blogdofarnesio.com.br\/index.php?rest_route=%2Fwp%2Fv2%2Fcategories&post=10391"},{"taxonomy":"post_tag","embeddable":true,"href":"https:\/\/blogdofarnesio.com.br\/index.php?rest_route=%2Fwp%2Fv2%2Ftags&post=10391"}],"curies":[{"name":"wp","href":"https:\/\/api.w.org\/{rel}","templated":true}]}}