{"id":103794,"date":"2014-10-20T16:00:09","date_gmt":"2014-10-20T19:00:09","guid":{"rendered":"http:\/\/www.quersaberpolitica.com.br\/?p=103794"},"modified":"2014-10-20T15:33:46","modified_gmt":"2014-10-20T18:33:46","slug":"policiais-federais-entrarao-em-greve-de-72-horas-a-partir-do-dia-23","status":"publish","type":"post","link":"https:\/\/blogdofarnesio.com.br\/?p=103794","title":{"rendered":"POLICIAIS FEDERAIS ENTRAR\u00c3O EM GREVE DE 72 HORAS A PARTIR DO DIA 23"},"content":{"rendered":"<header>\n<h1><a style=\"text-align: justify\" href=\"http:\/\/www.quersaberpolitica.com.br\/2016\/wp-content\/uploads\/2013\/05\/blogqsp.policiafederal.jpg\"><img loading=\"lazy\" decoding=\"async\" class=\"alignleft size-full wp-image-40267\" alt=\"blogqsp.policiafederal\" src=\"http:\/\/www.quersaberpolitica.com.br\/2016\/wp-content\/uploads\/2013\/05\/blogqsp.policiafederal.jpg\" width=\"160\" height=\"160\" srcset=\"https:\/\/blogdofarnesio.com.br\/wp-content\/uploads\/2013\/05\/blogqsp.policiafederal.jpg 160w, https:\/\/blogdofarnesio.com.br\/wp-content\/uploads\/2013\/05\/blogqsp.policiafederal-150x150.jpg 150w\" sizes=\"auto, (max-width: 160px) 100vw, 160px\" \/><\/a><\/h1>\n<\/header>\n<div>\n<p style=\"text-align: justify\">Policiais federais em todo o Pa\u00eds far\u00e3o uma greve de 72 horas, com paralisa\u00e7\u00e3o de suas atividades, entre os dias 23 e 25, informa a Federa\u00e7\u00e3o Nacional dos Policiais Federais (Fenapef) em nota distribu\u00edda \u00e0 imprensa.<\/p>\n<p style=\"text-align: justify\">O movimento ser\u00e1 iniciado no final desta ter\u00e7a-feira, dia 22, com atos p\u00fablicos de protesto em frente \u00e0s unidades da PF.<\/p>\n<p style=\"text-align: justify\">Os policiais federais reclamam que o governo federal n\u00e3o cumpriu o acordo assinado no final da greve de 2012, que inclui a moderniza\u00e7\u00e3o da carreira na PF e o reconhecimento das atividades realizadas por todos servidores, ainda regidos por leis da \u00e9poca da ditadura militar.<\/p>\n<p style=\"text-align: justify\">\u201cO estopim da greve \u00e9 a recente Medida Provis\u00f3ria 657, que atropelou o longo per\u00edodo de negocia\u00e7\u00f5es entre a Fenapef e o governo, ignorou as dezenas de propostas de moderniza\u00e7\u00e3o e beneficiou somente o cargo de delegado, criando uma esp\u00e9cie de concurso para chefe no servi\u00e7o p\u00fablico federal\u201d, diz a nota. \u201cNos corredores da PF, a Medida Provis\u00f3ria \u00e9 chamada de \u2018MP da Chantagem\u2019.<!--more--><\/p>\n<p style=\"text-align: justify\">O motivo \u00e9 a sua publica\u00e7\u00e3o na semana em que ocorreram os vazamentos do esc\u00e2ndalo da Petrobras. A MP n\u00e3o reconhece os demais policiais, investigadores ou peritos, como autoridades competentes\u201d, acrescenta. Conforme o presidente da Fenapef, Jones Borges Leal, afirma na nota, a MP 657, em vez de reconhecer os avan\u00e7os da PF dos \u00faltimos anos, volta no tempo para criar um cargo pol\u00edtico dentro da pol\u00edcia, tornando o \u00f3rg\u00e3o mais dividido e burocr\u00e1tico. \u201cEst\u00e3o recriando a pol\u00edcia fascista da ditadura militar, que n\u00e3o funciona, mas \u00e9 f\u00e1cil de controlar pelas indica\u00e7\u00f5es dos cargos de chefia\u201d, diz.<\/p>\n<p>Estadao Conte\u00fado<\/p>\n<\/div>\n","protected":false},"excerpt":{"rendered":"<p>Policiais federais em todo o Pa\u00eds far\u00e3o uma greve de 72 horas, com paralisa\u00e7\u00e3o de suas atividades, entre os dias 23 e 25, informa a Federa\u00e7\u00e3o Nacional dos Policiais Federais (Fenapef) em nota distribu\u00edda \u00e0 imprensa. O movimento ser\u00e1 iniciado no final desta ter\u00e7a-feira, dia 22, com atos p\u00fablicos de protesto em frente \u00e0s unidades da PF. Os policiais federais reclamam que o governo federal n\u00e3o cumpriu o acordo assinado no final da greve de 2012, que inclui a moderniza\u00e7\u00e3o da carreira na PF e o reconhecimento das atividades realizadas por todos servidores, ainda regidos por leis da \u00e9poca da ditadura militar. \u201cO estopim da greve \u00e9 a recente Medida Provis\u00f3ria 657, que atropelou o longo per\u00edodo de negocia\u00e7\u00f5es entre&hellip; <\/p>\n","protected":false},"author":3,"featured_media":0,"comment_status":"open","ping_status":"open","sticky":false,"template":"","format":"standard","meta":{"_acf_changed":false,"footnotes":""},"categories":[5,19],"tags":[],"class_list":["post-103794","post","type-post","status-publish","format-standard","hentry","category-seguranca","category-servidores"],"acf":[],"yoast_head":"<!-- This site is optimized with the Yoast SEO plugin v27.4 - https:\/\/yoast.com\/product\/yoast-seo-wordpress\/ -->\n<title>POLICIAIS FEDERAIS ENTRAR\u00c3O EM GREVE DE 72 HORAS A PARTIR DO DIA 23 - Blog do Farn\u00e9sio<\/title>\n<meta name=\"robots\" content=\"index, follow, max-snippet:-1, max-image-preview:large, max-video-preview:-1\" \/>\n<link rel=\"canonical\" href=\"https:\/\/blogdofarnesio.com.br\/?p=103794\" \/>\n<meta property=\"og:locale\" content=\"pt_BR\" \/>\n<meta property=\"og:type\" content=\"article\" \/>\n<meta property=\"og:title\" content=\"POLICIAIS FEDERAIS ENTRAR\u00c3O EM GREVE DE 72 HORAS A PARTIR DO DIA 23 - Blog do Farn\u00e9sio\" \/>\n<meta property=\"og:description\" content=\"Policiais federais em todo o Pa\u00eds far\u00e3o uma greve de 72 horas, com paralisa\u00e7\u00e3o de suas atividades, entre os dias 23 e 25, informa a Federa\u00e7\u00e3o Nacional dos Policiais Federais (Fenapef) em nota distribu\u00edda \u00e0 imprensa. O movimento ser\u00e1 iniciado no final desta ter\u00e7a-feira, dia 22, com atos p\u00fablicos de protesto em frente \u00e0s unidades da PF. Os policiais federais reclamam que o governo federal n\u00e3o cumpriu o acordo assinado no final da greve de 2012, que inclui a moderniza\u00e7\u00e3o da carreira na PF e o reconhecimento das atividades realizadas por todos servidores, ainda regidos por leis da \u00e9poca da ditadura militar. \u201cO estopim da greve \u00e9 a recente Medida Provis\u00f3ria 657, que atropelou o longo per\u00edodo de negocia\u00e7\u00f5es entre&hellip;\" \/>\n<meta property=\"og:url\" content=\"https:\/\/blogdofarnesio.com.br\/?p=103794\" \/>\n<meta property=\"og:site_name\" content=\"Blog do Farn\u00e9sio\" \/>\n<meta property=\"article:publisher\" content=\"https:\/\/www.facebook.com\/BlogQuerSaberPolitica\/\" \/>\n<meta property=\"article:published_time\" content=\"2014-10-20T19:00:09+00:00\" \/>\n<meta property=\"og:image\" content=\"http:\/\/www.quersaberpolitica.com.br\/2016\/wp-content\/uploads\/2013\/05\/blogqsp.policiafederal.jpg\" \/>\n<meta name=\"author\" content=\"teste\" \/>\n<meta name=\"twitter:card\" content=\"summary_large_image\" \/>\n<meta name=\"twitter:label1\" content=\"Escrito por\" \/>\n\t<meta name=\"twitter:data1\" content=\"teste\" \/>\n\t<meta name=\"twitter:label2\" content=\"Est. tempo de leitura\" \/>\n\t<meta name=\"twitter:data2\" content=\"1 minuto\" \/>\n<script type=\"application\/ld+json\" class=\"yoast-schema-graph\">{\"@context\":\"https:\\\/\\\/schema.org\",\"@graph\":[{\"@type\":\"Article\",\"@id\":\"https:\\\/\\\/blogdofarnesio.com.br\\\/?p=103794#article\",\"isPartOf\":{\"@id\":\"https:\\\/\\\/blogdofarnesio.com.br\\\/?p=103794\"},\"author\":{\"name\":\"teste\",\"@id\":\"https:\\\/\\\/blogdofarnesio.com.br\\\/#\\\/schema\\\/person\\\/dd1bf5eba40b687199ba45ca6b97dff9\"},\"headline\":\"POLICIAIS FEDERAIS ENTRAR\u00c3O EM GREVE DE 72 HORAS A PARTIR DO DIA 23\",\"datePublished\":\"2014-10-20T19:00:09+00:00\",\"mainEntityOfPage\":{\"@id\":\"https:\\\/\\\/blogdofarnesio.com.br\\\/?p=103794\"},\"wordCount\":296,\"commentCount\":0,\"publisher\":{\"@id\":\"https:\\\/\\\/blogdofarnesio.com.br\\\/#organization\"},\"image\":{\"@id\":\"https:\\\/\\\/blogdofarnesio.com.br\\\/?p=103794#primaryimage\"},\"thumbnailUrl\":\"http:\\\/\\\/www.quersaberpolitica.com.br\\\/2016\\\/wp-content\\\/uploads\\\/2013\\\/05\\\/blogqsp.policiafederal.jpg\",\"articleSection\":[\"Seguran\u00e7a\",\"Servidores\"],\"inLanguage\":\"pt-BR\",\"potentialAction\":[{\"@type\":\"CommentAction\",\"name\":\"Comment\",\"target\":[\"https:\\\/\\\/blogdofarnesio.com.br\\\/?p=103794#respond\"]}]},{\"@type\":\"WebPage\",\"@id\":\"https:\\\/\\\/blogdofarnesio.com.br\\\/?p=103794\",\"url\":\"https:\\\/\\\/blogdofarnesio.com.br\\\/?p=103794\",\"name\":\"POLICIAIS FEDERAIS ENTRAR\u00c3O EM GREVE DE 72 HORAS A PARTIR DO DIA 23 - Blog do Farn\u00e9sio\",\"isPartOf\":{\"@id\":\"https:\\\/\\\/blogdofarnesio.com.br\\\/#website\"},\"primaryImageOfPage\":{\"@id\":\"https:\\\/\\\/blogdofarnesio.com.br\\\/?p=103794#primaryimage\"},\"image\":{\"@id\":\"https:\\\/\\\/blogdofarnesio.com.br\\\/?p=103794#primaryimage\"},\"thumbnailUrl\":\"http:\\\/\\\/www.quersaberpolitica.com.br\\\/2016\\\/wp-content\\\/uploads\\\/2013\\\/05\\\/blogqsp.policiafederal.jpg\",\"datePublished\":\"2014-10-20T19:00:09+00:00\",\"breadcrumb\":{\"@id\":\"https:\\\/\\\/blogdofarnesio.com.br\\\/?p=103794#breadcrumb\"},\"inLanguage\":\"pt-BR\",\"potentialAction\":[{\"@type\":\"ReadAction\",\"target\":[\"https:\\\/\\\/blogdofarnesio.com.br\\\/?p=103794\"]}]},{\"@type\":\"ImageObject\",\"inLanguage\":\"pt-BR\",\"@id\":\"https:\\\/\\\/blogdofarnesio.com.br\\\/?p=103794#primaryimage\",\"url\":\"http:\\\/\\\/www.quersaberpolitica.com.br\\\/2016\\\/wp-content\\\/uploads\\\/2013\\\/05\\\/blogqsp.policiafederal.jpg\",\"contentUrl\":\"http:\\\/\\\/www.quersaberpolitica.com.br\\\/2016\\\/wp-content\\\/uploads\\\/2013\\\/05\\\/blogqsp.policiafederal.jpg\"},{\"@type\":\"BreadcrumbList\",\"@id\":\"https:\\\/\\\/blogdofarnesio.com.br\\\/?p=103794#breadcrumb\",\"itemListElement\":[{\"@type\":\"ListItem\",\"position\":1,\"name\":\"In\u00edcio\",\"item\":\"https:\\\/\\\/blogdofarnesio.com.br\\\/\"},{\"@type\":\"ListItem\",\"position\":2,\"name\":\"POLICIAIS FEDERAIS ENTRAR\u00c3O EM GREVE DE 72 HORAS A PARTIR DO DIA 23\"}]},{\"@type\":\"WebSite\",\"@id\":\"https:\\\/\\\/blogdofarnesio.com.br\\\/#website\",\"url\":\"https:\\\/\\\/blogdofarnesio.com.br\\\/\",\"name\":\"Blog do Farn\u00e9sio\",\"description\":\"Quer Saber Pol\u00edtica?\",\"publisher\":{\"@id\":\"https:\\\/\\\/blogdofarnesio.com.br\\\/#organization\"},\"potentialAction\":[{\"@type\":\"SearchAction\",\"target\":{\"@type\":\"EntryPoint\",\"urlTemplate\":\"https:\\\/\\\/blogdofarnesio.com.br\\\/?s={search_term_string}\"},\"query-input\":{\"@type\":\"PropertyValueSpecification\",\"valueRequired\":true,\"valueName\":\"search_term_string\"}}],\"inLanguage\":\"pt-BR\"},{\"@type\":\"Organization\",\"@id\":\"https:\\\/\\\/blogdofarnesio.com.br\\\/#organization\",\"name\":\"Blog do Farn\u00e9sio\",\"url\":\"https:\\\/\\\/blogdofarnesio.com.br\\\/\",\"logo\":{\"@type\":\"ImageObject\",\"inLanguage\":\"pt-BR\",\"@id\":\"https:\\\/\\\/blogdofarnesio.com.br\\\/#\\\/schema\\\/logo\\\/image\\\/\",\"url\":\"https:\\\/\\\/blogdofarnesio.com.br\\\/wp-content\\\/uploads\\\/2026\\\/03\\\/cropped-logo_new-1.png\",\"contentUrl\":\"https:\\\/\\\/blogdofarnesio.com.br\\\/wp-content\\\/uploads\\\/2026\\\/03\\\/cropped-logo_new-1.png\",\"width\":881,\"height\":685,\"caption\":\"Blog do Farn\u00e9sio\"},\"image\":{\"@id\":\"https:\\\/\\\/blogdofarnesio.com.br\\\/#\\\/schema\\\/logo\\\/image\\\/\"},\"sameAs\":[\"https:\\\/\\\/www.facebook.com\\\/BlogQuerSaberPolitica\\\/\"]},{\"@type\":\"Person\",\"@id\":\"https:\\\/\\\/blogdofarnesio.com.br\\\/#\\\/schema\\\/person\\\/dd1bf5eba40b687199ba45ca6b97dff9\",\"name\":\"teste\",\"image\":{\"@type\":\"ImageObject\",\"inLanguage\":\"pt-BR\",\"@id\":\"https:\\\/\\\/secure.gravatar.com\\\/avatar\\\/2172498d4914b51e1d89a0f97957b035ac4938723a5cac208135d389b6972a6d?s=96&d=mm&r=g\",\"url\":\"https:\\\/\\\/secure.gravatar.com\\\/avatar\\\/2172498d4914b51e1d89a0f97957b035ac4938723a5cac208135d389b6972a6d?s=96&d=mm&r=g\",\"contentUrl\":\"https:\\\/\\\/secure.gravatar.com\\\/avatar\\\/2172498d4914b51e1d89a0f97957b035ac4938723a5cac208135d389b6972a6d?s=96&d=mm&r=g\",\"caption\":\"teste\"},\"url\":\"https:\\\/\\\/blogdofarnesio.com.br\\\/?author=3\"}]}<\/script>\n<!-- \/ Yoast SEO plugin. -->","yoast_head_json":{"title":"POLICIAIS FEDERAIS ENTRAR\u00c3O EM GREVE DE 72 HORAS A PARTIR DO DIA 23 - Blog do Farn\u00e9sio","robots":{"index":"index","follow":"follow","max-snippet":"max-snippet:-1","max-image-preview":"max-image-preview:large","max-video-preview":"max-video-preview:-1"},"canonical":"https:\/\/blogdofarnesio.com.br\/?p=103794","og_locale":"pt_BR","og_type":"article","og_title":"POLICIAIS FEDERAIS ENTRAR\u00c3O EM GREVE DE 72 HORAS A PARTIR DO DIA 23 - Blog do Farn\u00e9sio","og_description":"Policiais federais em todo o Pa\u00eds far\u00e3o uma greve de 72 horas, com paralisa\u00e7\u00e3o de suas atividades, entre os dias 23 e 25, informa a Federa\u00e7\u00e3o Nacional dos Policiais Federais (Fenapef) em nota distribu\u00edda \u00e0 imprensa. O movimento ser\u00e1 iniciado no final desta ter\u00e7a-feira, dia 22, com atos p\u00fablicos de protesto em frente \u00e0s unidades da PF. Os policiais federais reclamam que o governo federal n\u00e3o cumpriu o acordo assinado no final da greve de 2012, que inclui a moderniza\u00e7\u00e3o da carreira na PF e o reconhecimento das atividades realizadas por todos servidores, ainda regidos por leis da \u00e9poca da ditadura militar. \u201cO estopim da greve \u00e9 a recente Medida Provis\u00f3ria 657, que atropelou o longo per\u00edodo de negocia\u00e7\u00f5es entre&hellip;","og_url":"https:\/\/blogdofarnesio.com.br\/?p=103794","og_site_name":"Blog do Farn\u00e9sio","article_publisher":"https:\/\/www.facebook.com\/BlogQuerSaberPolitica\/","article_published_time":"2014-10-20T19:00:09+00:00","og_image":[{"url":"http:\/\/www.quersaberpolitica.com.br\/2016\/wp-content\/uploads\/2013\/05\/blogqsp.policiafederal.jpg","type":"","width":"","height":""}],"author":"teste","twitter_card":"summary_large_image","twitter_misc":{"Escrito por":"teste","Est. tempo de leitura":"1 minuto"},"schema":{"@context":"https:\/\/schema.org","@graph":[{"@type":"Article","@id":"https:\/\/blogdofarnesio.com.br\/?p=103794#article","isPartOf":{"@id":"https:\/\/blogdofarnesio.com.br\/?p=103794"},"author":{"name":"teste","@id":"https:\/\/blogdofarnesio.com.br\/#\/schema\/person\/dd1bf5eba40b687199ba45ca6b97dff9"},"headline":"POLICIAIS FEDERAIS ENTRAR\u00c3O EM GREVE DE 72 HORAS A PARTIR DO DIA 23","datePublished":"2014-10-20T19:00:09+00:00","mainEntityOfPage":{"@id":"https:\/\/blogdofarnesio.com.br\/?p=103794"},"wordCount":296,"commentCount":0,"publisher":{"@id":"https:\/\/blogdofarnesio.com.br\/#organization"},"image":{"@id":"https:\/\/blogdofarnesio.com.br\/?p=103794#primaryimage"},"thumbnailUrl":"http:\/\/www.quersaberpolitica.com.br\/2016\/wp-content\/uploads\/2013\/05\/blogqsp.policiafederal.jpg","articleSection":["Seguran\u00e7a","Servidores"],"inLanguage":"pt-BR","potentialAction":[{"@type":"CommentAction","name":"Comment","target":["https:\/\/blogdofarnesio.com.br\/?p=103794#respond"]}]},{"@type":"WebPage","@id":"https:\/\/blogdofarnesio.com.br\/?p=103794","url":"https:\/\/blogdofarnesio.com.br\/?p=103794","name":"POLICIAIS FEDERAIS ENTRAR\u00c3O EM GREVE DE 72 HORAS A PARTIR DO DIA 23 - Blog do Farn\u00e9sio","isPartOf":{"@id":"https:\/\/blogdofarnesio.com.br\/#website"},"primaryImageOfPage":{"@id":"https:\/\/blogdofarnesio.com.br\/?p=103794#primaryimage"},"image":{"@id":"https:\/\/blogdofarnesio.com.br\/?p=103794#primaryimage"},"thumbnailUrl":"http:\/\/www.quersaberpolitica.com.br\/2016\/wp-content\/uploads\/2013\/05\/blogqsp.policiafederal.jpg","datePublished":"2014-10-20T19:00:09+00:00","breadcrumb":{"@id":"https:\/\/blogdofarnesio.com.br\/?p=103794#breadcrumb"},"inLanguage":"pt-BR","potentialAction":[{"@type":"ReadAction","target":["https:\/\/blogdofarnesio.com.br\/?p=103794"]}]},{"@type":"ImageObject","inLanguage":"pt-BR","@id":"https:\/\/blogdofarnesio.com.br\/?p=103794#primaryimage","url":"http:\/\/www.quersaberpolitica.com.br\/2016\/wp-content\/uploads\/2013\/05\/blogqsp.policiafederal.jpg","contentUrl":"http:\/\/www.quersaberpolitica.com.br\/2016\/wp-content\/uploads\/2013\/05\/blogqsp.policiafederal.jpg"},{"@type":"BreadcrumbList","@id":"https:\/\/blogdofarnesio.com.br\/?p=103794#breadcrumb","itemListElement":[{"@type":"ListItem","position":1,"name":"In\u00edcio","item":"https:\/\/blogdofarnesio.com.br\/"},{"@type":"ListItem","position":2,"name":"POLICIAIS FEDERAIS ENTRAR\u00c3O EM GREVE DE 72 HORAS A PARTIR DO DIA 23"}]},{"@type":"WebSite","@id":"https:\/\/blogdofarnesio.com.br\/#website","url":"https:\/\/blogdofarnesio.com.br\/","name":"Blog do Farn\u00e9sio","description":"Quer Saber Pol\u00edtica?","publisher":{"@id":"https:\/\/blogdofarnesio.com.br\/#organization"},"potentialAction":[{"@type":"SearchAction","target":{"@type":"EntryPoint","urlTemplate":"https:\/\/blogdofarnesio.com.br\/?s={search_term_string}"},"query-input":{"@type":"PropertyValueSpecification","valueRequired":true,"valueName":"search_term_string"}}],"inLanguage":"pt-BR"},{"@type":"Organization","@id":"https:\/\/blogdofarnesio.com.br\/#organization","name":"Blog do Farn\u00e9sio","url":"https:\/\/blogdofarnesio.com.br\/","logo":{"@type":"ImageObject","inLanguage":"pt-BR","@id":"https:\/\/blogdofarnesio.com.br\/#\/schema\/logo\/image\/","url":"https:\/\/blogdofarnesio.com.br\/wp-content\/uploads\/2026\/03\/cropped-logo_new-1.png","contentUrl":"https:\/\/blogdofarnesio.com.br\/wp-content\/uploads\/2026\/03\/cropped-logo_new-1.png","width":881,"height":685,"caption":"Blog do Farn\u00e9sio"},"image":{"@id":"https:\/\/blogdofarnesio.com.br\/#\/schema\/logo\/image\/"},"sameAs":["https:\/\/www.facebook.com\/BlogQuerSaberPolitica\/"]},{"@type":"Person","@id":"https:\/\/blogdofarnesio.com.br\/#\/schema\/person\/dd1bf5eba40b687199ba45ca6b97dff9","name":"teste","image":{"@type":"ImageObject","inLanguage":"pt-BR","@id":"https:\/\/secure.gravatar.com\/avatar\/2172498d4914b51e1d89a0f97957b035ac4938723a5cac208135d389b6972a6d?s=96&d=mm&r=g","url":"https:\/\/secure.gravatar.com\/avatar\/2172498d4914b51e1d89a0f97957b035ac4938723a5cac208135d389b6972a6d?s=96&d=mm&r=g","contentUrl":"https:\/\/secure.gravatar.com\/avatar\/2172498d4914b51e1d89a0f97957b035ac4938723a5cac208135d389b6972a6d?s=96&d=mm&r=g","caption":"teste"},"url":"https:\/\/blogdofarnesio.com.br\/?author=3"}]}},"_links":{"self":[{"href":"https:\/\/blogdofarnesio.com.br\/index.php?rest_route=\/wp\/v2\/posts\/103794","targetHints":{"allow":["GET"]}}],"collection":[{"href":"https:\/\/blogdofarnesio.com.br\/index.php?rest_route=\/wp\/v2\/posts"}],"about":[{"href":"https:\/\/blogdofarnesio.com.br\/index.php?rest_route=\/wp\/v2\/types\/post"}],"author":[{"embeddable":true,"href":"https:\/\/blogdofarnesio.com.br\/index.php?rest_route=\/wp\/v2\/users\/3"}],"replies":[{"embeddable":true,"href":"https:\/\/blogdofarnesio.com.br\/index.php?rest_route=%2Fwp%2Fv2%2Fcomments&post=103794"}],"version-history":[{"count":0,"href":"https:\/\/blogdofarnesio.com.br\/index.php?rest_route=\/wp\/v2\/posts\/103794\/revisions"}],"wp:attachment":[{"href":"https:\/\/blogdofarnesio.com.br\/index.php?rest_route=%2Fwp%2Fv2%2Fmedia&parent=103794"}],"wp:term":[{"taxonomy":"category","embeddable":true,"href":"https:\/\/blogdofarnesio.com.br\/index.php?rest_route=%2Fwp%2Fv2%2Fcategories&post=103794"},{"taxonomy":"post_tag","embeddable":true,"href":"https:\/\/blogdofarnesio.com.br\/index.php?rest_route=%2Fwp%2Fv2%2Ftags&post=103794"}],"curies":[{"name":"wp","href":"https:\/\/api.w.org\/{rel}","templated":true}]}}